{"id":22757,"date":"2021-03-08T16:55:10","date_gmt":"2021-03-08T19:55:10","guid":{"rendered":"https:\/\/www.amazoniasocioambiental.org\/?p=22757"},"modified":"2021-03-22T16:57:57","modified_gmt":"2021-03-22T19:57:57","slug":"brasil-colombia-y-peru-trabajan-agenda-comun-para-el-cacao-sostenible-de-la-amazonia","status":"publish","type":"post","link":"https:\/\/www.raisg.org\/es\/radar\/brasil-colombia-y-peru-trabajan-agenda-comun-para-el-cacao-sostenible-de-la-amazonia\/","title":{"rendered":"Brasil, Colombia y Per\u00fa trabajan agenda com\u00fan para el cacao sostenible de la Amazon\u00eda"},"content":{"rendered":"<p style=\"text-align: right;\">Andina. Agencia Peruana de Noticias<\/p>\n<p style=\"text-align: right;\">8 de marzo de 2021<\/p>\n<p>&nbsp;<\/p>\n<p>El Tropical Forest Alliance busca un acuerdo en la cadena de producci\u00f3n del cacao en pa\u00edses como Brasil, Colombia y Per\u00fa que, en conjunto, preparan adem\u00e1s un plan de desarrollo para la marca \u00abCacao Sostenible de Amazon\u00bb; cuyo objetivo es atraer a compradores e inversionistas con un nuevo posicionamiento de la fruta en los mercados globales.<\/p>\n<div><\/div>\n<div><\/div>\n<div>As\u00ed existe un consenso en atraer compradores e inversionistas interesados en combatir la deforestaci\u00f3n a trav\u00e9s de una cadena de suministro que promueve la inclusi\u00f3n social y se gu\u00eda por la bioeconom\u00eda.<\/div>\n<div><\/div>\n<div>\u201cEl cacao cultivado en la Amazon\u00eda contribuye con la restauraci\u00f3n de tierras degradadas y la reducci\u00f3n de la deforestaci\u00f3n\u201d, dice Fabiola Zerbini, directora de TFA para Am\u00e9rica Latina.<\/div>\n<div><\/div>\n<div>\u00abEsta narrativa positiva, que incluye el potencial que representa el cultivo sostenible para mejorar la vida de las comunidades locales y los agricultores, tiene todo para convertirse en un diferencial atractivo para los mercados globales y una nueva forma de proteger la Amazon\u00eda\u00bb.<\/div>\n<div><\/div>\n<div>Desde principios de 2020, TFA Latin America ha impulsado una serie de Di\u00e1logos del Cacao que re\u00fanen a diversos actores del sector p\u00fablico y privado, involucrados en las cadenas de valor de la soya, la carne y el cacao.<\/div>\n<div><\/div>\n<div>El objetivo es buscar puntos de inter\u00e9s com\u00fan que permitan la colaboraci\u00f3n vertical entre todos y la generaci\u00f3n de convenios para acciones colectivas que resulten en la reducci\u00f3n de la deforestaci\u00f3n relacionada con la producci\u00f3n de estos commodities.<\/div>\n<div><\/div>\n<div>En relaci\u00f3n con el cacao, los participantes de los Di\u00e1logos del Cacao identificaron como punto cr\u00edtico la necesidad de movilizar inversiones para la fruta cuyo cultivo tiene el potencial de tener un gran impacto positivo en la restauraci\u00f3n de \u00e1reas degradadas y en la reducci\u00f3n de la deforestaci\u00f3n.<\/div>\n<div><\/div>\n<div>\u201cLos pa\u00edses amaz\u00f3nicos tienen el gran desaf\u00edo de posicionarse globalmente con una producci\u00f3n diferenciada de cacao que sea rentable para las familias productoras y contribuya a una relaci\u00f3n positiva con los bosques y su ecosistema, donde la agricultura es intensiva en productividad pero no en extensi\u00f3n de tierras. El desaf\u00edo de construir un mercado de cacao sustentable debe ser respondido de manera articulada entre nuestros pa\u00edses, considerando la din\u00e1mica del mercado y sus tendencias a nivel global\u201d, comenta Jos\u00e9 Yturrios, de Alian\u00e7a Cacau Per\u00fa.<\/div>\n<div><\/div>\n<div>La regi\u00f3n amaz\u00f3nica re\u00fane el cacao m\u00e1s diverso del mundo en t\u00e9rminos de gen\u00e9tica, sabor y diferentes especies. Originaria de la regi\u00f3n, la fruta ha sido parte de la cultura amaz\u00f3nica por m\u00e1s de 14 mil a\u00f1os, siendo cultivada y adorada por varias comunidades ind\u00edgenas a lo largo del tiempo.<\/div>\n<div><\/div>\n<div>La combinaci\u00f3n de ubicaci\u00f3n, gen\u00e9tica, pr\u00e1cticas agr\u00edcolas y beneficios puede significar la obtenci\u00f3n de cacao de alta calidad, bajo pr\u00e1cticas de sustentabilidad, conectividad paisaj\u00edstica y de acuerdo con comportamientos culturales acordes con la zona. Esto puede llevar a la producci\u00f3n de cacao a precios m\u00e1s altos y darle mayor valor agregado.<\/div>\n<div><\/div>\n<div>\u201cEste proyecto es innovador en el sentido de que busca el desarrollo de un nuevo producto y un nuevo mercado\u201d, destaca Fab\u00edola Zerbini.<\/div>\n<p>Tomado de: <a href=\"https:\/\/andina.pe\/agencia\/noticia-brasil-colombia-y-peru-trabajan-agenda-comun-para-cacao-sostenible-de-amazonia-836512.aspx\">https:\/\/andina.pe\/agencia\/noticia-brasil-colombia-y-peru-trabajan-agenda-comun-para-cacao-sostenible-de-amazonia-836512.aspx<\/a><\/p>\n","protected":false},"excerpt":{"rendered":"<p>Andina. Agencia Peruana de Noticias 8 de marzo de 2021 &nbsp; El Tropical Forest Alliance busca un acuerdo en la cadena de producci\u00f3n del cacao en pa\u00edses como Brasil, Colombia y Per\u00fa que, en conjunto, preparan adem\u00e1s un plan de desarrollo para la marca \u00abCacao Sostenible de Amazon\u00bb; cuyo objetivo es atraer a compradores e&hellip;<\/p>\n","protected":false},"author":324,"featured_media":22758,"comment_status":"open","ping_status":"open","sticky":false,"template":"","format":"standard","meta":{"_acf_changed":false,"footnotes":""},"categories":[1],"tags":[],"class_list":["post-22757","post","type-post","status-publish","format-standard","has-post-thumbnail","hentry","category-radar","category-1","description-off"],"acf":[],"_links":{"self":[{"href":"https:\/\/www.raisg.org\/es\/wp-json\/wp\/v2\/posts\/22757","targetHints":{"allow":["GET"]}}],"collection":[{"href":"https:\/\/www.raisg.org\/es\/wp-json\/wp\/v2\/posts"}],"about":[{"href":"https:\/\/www.raisg.org\/es\/wp-json\/wp\/v2\/types\/post"}],"author":[{"embeddable":true,"href":"https:\/\/www.raisg.org\/es\/wp-json\/wp\/v2\/users\/324"}],"replies":[{"embeddable":true,"href":"https:\/\/www.raisg.org\/es\/wp-json\/wp\/v2\/comments?post=22757"}],"version-history":[{"count":1,"href":"https:\/\/www.raisg.org\/es\/wp-json\/wp\/v2\/posts\/22757\/revisions"}],"predecessor-version":[{"id":22761,"href":"https:\/\/www.raisg.org\/es\/wp-json\/wp\/v2\/posts\/22757\/revisions\/22761"}],"wp:featuredmedia":[{"embeddable":true,"href":"https:\/\/www.raisg.org\/es\/wp-json\/wp\/v2\/media\/22758"}],"wp:attachment":[{"href":"https:\/\/www.raisg.org\/es\/wp-json\/wp\/v2\/media?parent=22757"}],"wp:term":[{"taxonomy":"category","embeddable":true,"href":"https:\/\/www.raisg.org\/es\/wp-json\/wp\/v2\/categories?post=22757"},{"taxonomy":"post_tag","embeddable":true,"href":"https:\/\/www.raisg.org\/es\/wp-json\/wp\/v2\/tags?post=22757"}],"curies":[{"name":"wp","href":"https:\/\/api.w.org\/{rel}","templated":true}]}}