{"id":23025,"date":"2021-03-17T16:44:12","date_gmt":"2021-03-17T19:44:12","guid":{"rendered":"https:\/\/www.amazoniasocioambiental.org\/?p=23025"},"modified":"2021-03-29T17:20:01","modified_gmt":"2021-03-29T20:20:01","slug":"rios-voladores-sin-bosques-no-hay-lluvias","status":"publish","type":"post","link":"https:\/\/www.raisg.org\/es\/radar\/rios-voladores-sin-bosques-no-hay-lluvias\/","title":{"rendered":"R\u00edos Voladores: sin bosques, no hay lluvias"},"content":{"rendered":"<p style=\"text-align: right;\">Mongabay Latam<\/p>\n<p style=\"text-align: right;\">17 de marzo de 2021<\/p>\n<p>&nbsp;<\/p>\n<p>La lluvia que hace caudaloso al R\u00edo Paran\u00e1 \u2014que corre a trav\u00e9s de Brasil, Paraguay y Argentina, a lo largo de unos 4880 kil\u00f3metros\u2014 o exuberante a la selva misionera (en la provincia de Misiones, Argentina) es producto de un fen\u00f3meno \u00fanico:\u00a0<strong>los r\u00edos voladores de la Amazon\u00eda.<\/strong><\/p>\n<p>Este empieza cuando los \u00e1rboles en la cuenca amaz\u00f3nica, a trav\u00e9s de la evaporaci\u00f3n, liberan a la atm\u00f3sfera alrededor de 20 millones de toneladas de agua al d\u00eda en estado gaseoso, es decir, como vapor de agua. Al llegar a una cierta altitud, el vapor se enfr\u00eda y se condensa formando nubes que son arrastradas por los vientos hacia el interior del continente.<\/p>\n<p>&nbsp;<\/p>\n<p><iframe class=\"iframe-class\" src=\"https:\/\/albumizr.com\/a\/UPqd\" width=\"700\" height=\"500\" frameborder=\"0\" scrolling=\"no\" data-mce-fragment=\"1\"><\/iframe><\/p>\n<p>&nbsp;<\/p>\n<p>Estas nubes, al chocar con la cordillera de los Andes, liberan el agua en forma de lluvia regando buena parte de\u00a0<strong>Am\u00e9rica del Sur<\/strong>. La Amazon\u00eda, por lo tanto, es esencial para el ciclo hidrol\u00f3gico de la regi\u00f3n.<\/p>\n<p>Pero, cuando deforestan la Amazon\u00eda, cuando reducen a cenizas \u00e1reas de este ecosistema, cuando avanzan con topadoras para reconvertir sus suelos a actividades agr\u00edcola-ganaderas, no solo desaparece una diversidad biol\u00f3gica \u00fanica, sino tambi\u00e9n las lluvias.<\/p>\n<p><strong>El fen\u00f3meno de los r\u00edos voladores<\/strong>\u00a0no se produce en las sabanas. Necesita de toda la flora y de toda la fauna para existir. Por eso, lo que sucede en la Amazon\u00eda nos afecta a toda Am\u00e9rica del Sur, viva uno cerca o no tan cerca de ella.<\/p>\n<p>En resumen, estos con los cuatro pasos: el\u00a0calor ecuatorial evapora el oc\u00e9ano, las\u00a0nubes avanzan intercambiando humedad con la selva, las\u00a0lluvias chocan con los Andes y los vientos alisios forman los r\u00edos voladores.<\/p>\n<p>&nbsp;<\/p>\n<p><img fetchpriority=\"high\" decoding=\"async\" class=\"alignnone wp-image-223715\" src=\"https:\/\/imgs.mongabay.com\/wp-content\/uploads\/sites\/25\/2021\/03\/17025538\/Rios-voladores-_-mapa-ES.jpg\" sizes=\"(max-width: 710px) 100vw, 710px\" srcset=\"https:\/\/imgs.mongabay.com\/wp-content\/uploads\/sites\/25\/2021\/03\/17025538\/Rios-voladores-_-mapa-ES.jpg 844w, https:\/\/imgs.mongabay.com\/wp-content\/uploads\/sites\/25\/2021\/03\/17025538\/Rios-voladores-_-mapa-ES-768x817.jpg 768w, https:\/\/imgs.mongabay.com\/wp-content\/uploads\/sites\/25\/2021\/03\/17025538\/Rios-voladores-_-mapa-ES-610x649.jpg 610w\" alt=\"\" width=\"710\" height=\"755\" \/><\/p>\n<p><em><strong>Ilustraciones:<\/strong>\u00a0Fernando Calvi (dibujo) y\u00a0Francisco de Z\u00e1rate (textos).<\/em><\/p>\n<p><em><strong>Mapa:<\/strong>\u00a0Pablo Omar Iglesias.<\/em><\/p>\n<p>&nbsp;<\/p>\n<p>Tomado de: <a href=\"https:\/\/es.mongabay.com\/2021\/03\/rios-voladores-bosques-lluvias-amazonia-deforestacion-historia-grafica\/\">https:\/\/es.mongabay.com\/2021\/03\/rios-voladores-bosques-lluvias-amazonia-deforestacion-historia-grafica\/<\/a><\/p>\n","protected":false},"excerpt":{"rendered":"<p>Mongabay Latam 17 de marzo de 2021 &nbsp; La lluvia que hace caudaloso al R\u00edo Paran\u00e1 \u2014que corre a trav\u00e9s de Brasil, Paraguay y Argentina, a lo largo de unos 4880 kil\u00f3metros\u2014 o exuberante a la selva misionera (en la provincia de Misiones, Argentina) es producto de un fen\u00f3meno \u00fanico:\u00a0los r\u00edos voladores de la Amazon\u00eda.&hellip;<\/p>\n","protected":false},"author":324,"featured_media":23027,"comment_status":"open","ping_status":"open","sticky":false,"template":"","format":"standard","meta":{"_acf_changed":false,"footnotes":""},"categories":[1],"tags":[],"class_list":["post-23025","post","type-post","status-publish","format-standard","has-post-thumbnail","hentry","category-radar","category-1","description-off"],"acf":[],"_links":{"self":[{"href":"https:\/\/www.raisg.org\/es\/wp-json\/wp\/v2\/posts\/23025","targetHints":{"allow":["GET"]}}],"collection":[{"href":"https:\/\/www.raisg.org\/es\/wp-json\/wp\/v2\/posts"}],"about":[{"href":"https:\/\/www.raisg.org\/es\/wp-json\/wp\/v2\/types\/post"}],"author":[{"embeddable":true,"href":"https:\/\/www.raisg.org\/es\/wp-json\/wp\/v2\/users\/324"}],"replies":[{"embeddable":true,"href":"https:\/\/www.raisg.org\/es\/wp-json\/wp\/v2\/comments?post=23025"}],"version-history":[{"count":1,"href":"https:\/\/www.raisg.org\/es\/wp-json\/wp\/v2\/posts\/23025\/revisions"}],"predecessor-version":[{"id":23026,"href":"https:\/\/www.raisg.org\/es\/wp-json\/wp\/v2\/posts\/23025\/revisions\/23026"}],"wp:featuredmedia":[{"embeddable":true,"href":"https:\/\/www.raisg.org\/es\/wp-json\/wp\/v2\/media\/23027"}],"wp:attachment":[{"href":"https:\/\/www.raisg.org\/es\/wp-json\/wp\/v2\/media?parent=23025"}],"wp:term":[{"taxonomy":"category","embeddable":true,"href":"https:\/\/www.raisg.org\/es\/wp-json\/wp\/v2\/categories?post=23025"},{"taxonomy":"post_tag","embeddable":true,"href":"https:\/\/www.raisg.org\/es\/wp-json\/wp\/v2\/tags?post=23025"}],"curies":[{"name":"wp","href":"https:\/\/api.w.org\/{rel}","templated":true}]}}