{"id":23131,"date":"2021-04-04T16:04:42","date_gmt":"2021-04-04T19:04:42","guid":{"rendered":"https:\/\/www.amazoniasocioambiental.org\/?p=23131"},"modified":"2021-04-05T12:26:47","modified_gmt":"2021-04-05T15:26:47","slug":"comunidades-yekwana-del-caura-alertan-sobre-un-posible-nuevo-brote-de-sarampion-que-afecta-a-poblacion-infantil","status":"publish","type":"post","link":"https:\/\/www.raisg.org\/es\/radar\/comunidades-yekwana-del-caura-alertan-sobre-un-posible-nuevo-brote-de-sarampion-que-afecta-a-poblacion-infantil\/","title":{"rendered":"COMUNIDADES YE\u2019KWANA DEL CAURA ALERTAN SOBRE UN POSIBLE NUEVO BROTE DE SARAMPI\u00d3N QUE AFECTA A POBLACI\u00d3N INFANTIL"},"content":{"rendered":"<p style=\"text-align: right;\"><img decoding=\"async\" class=\"aligncenter\" src=\"https:\/\/watanibasocioambiental.org\/wp-content\/uploads\/2021\/04\/1617635536332.jpg\" alt=\"COMUNIDADES YE\u2019KWANA DEL CAURA ALERTAN SOBRE UN POSIBLE NUEVO BROTE DE SARAMPI\u00d3N QUE AFECTA A POBLACI\u00d3N INFANTIL\" \/><\/p>\n<p style=\"text-align: right;\">Amazon\u00eda Venezolana<\/p>\n<p style=\"text-align: right;\">Wataniba<\/p>\n<p>Posible brote de sarampi\u00f3n afecta aproximadamente a 100 ni\u00f1os en las comunidades de Anadeke\u00f1a y Santa Mar\u00eda de Erebato del Alto Caura, estado Bol\u00edvar. Comunidades y organizaciones ind\u00edgenas hacen un llamado a las autoridades a corroborar la informaci\u00f3n y tomar acciones.<\/p>\n<p>Comunidades Ye\u2019kwana de Anadeke\u00f1a y Santa Mar\u00eda de Erebato del Caura alertan sobre un posible nuevo brote de sarampi\u00f3n que afecta a ni\u00f1os entre uno y seis a\u00f1os de sus comunidades, siendo los m\u00e1s afectados aquellos entre cuatro y cinco a\u00f1os. Lo comunicado viene a partir del reporte presentado en radio comunitaria por el doctor Nixon Contreras y el doctor Rom\u00e1n Castro el 31 de marzo. En la transmisi\u00f3n, el doctor Contreras \u2014 que atiende a la poblaci\u00f3n de Santa Mar\u00eda de Erebato y Anadeke\u00f1a \u2014 afirm\u00f3 haber atendido en los \u00faltimos dos meses a aproximadamente 100 ni\u00f1os entre las dos comunidades con sintomatolog\u00eda asociadas al sarampi\u00f3n. En la transmisi\u00f3n, el doctor Rom\u00e1n Castro, m\u00e9dico encargado de la unidad de atenci\u00f3n a poblaci\u00f3n ind\u00edgena Majadakawe ubicada en Maripa corrobor\u00f3 junto con el doctor Contreras que los s\u00edntomas que presentan los ni\u00f1os est\u00e1n asociados al sarampi\u00f3n. Para entonces ninguno de los ni\u00f1os hab\u00eda muerto, pero el 3 de abril, en un nuevo reporte por radio se inform\u00f3 que un bebe de cinco meses falleci\u00f3 luego de presentar s\u00edntomas asociados a la enfermedad.<\/p>\n<p>Un miembro de una organizaci\u00f3n ind\u00edgena Ye\u00b4kwana corrobor\u00f3 la informaci\u00f3n dada por los doctores del Caura con el Grupo de Trabajo Socioambiental de la Amazonia Wataniba y comparte su preocupaci\u00f3n ante la r\u00e1pida propagaci\u00f3n de lo que parece ser sarampi\u00f3n entre poblaci\u00f3n que no ha sido vacunada. Nuestra fuente hizo \u00e9nfasis en que la atenci\u00f3n y control del brote se dificulta en las dos comunidades ya que ambas est\u00e1n ubicadas en zonas remotas a las que s\u00f3lo se accede a trav\u00e9s de curiara. En comunidades con una poblaci\u00f3n estimada en 800 y 500 habitantes, que 100 ni\u00f1os hayan sido afectados es motivo de alarma y requiere de la r\u00e1pida implementaci\u00f3n de un plan de respuesta que involucre al sistema de salud del pa\u00eds en todos sus niveles.<\/p>\n<p>Tras la informaci\u00f3n recibida en radio, el representante de la organizaci\u00f3n ind\u00edgena nos inform\u00f3 que el doctor Rom\u00e1n Castro report\u00f3 la situaci\u00f3n al jefe del Instituto de Salud Ind\u00edgena del estado Bol\u00edvar y que las autoridades competentes verificar\u00e1n lo que est\u00e1 sucediendo. Paralelamente, luego de que la noticia circulara en redes sociales de diferentes organizaciones de desarrollo social, como Clima 21, la m\u00e9dico coordinadora de salud del municipio Sucre y del \u00e1rea de salud integral Guarataro del estado Bol\u00edvar, Yamilet Flores, emiti\u00f3 otra lectura de lo ocurrido. El mismo 31 de marzo, a trav\u00e9s de radiocomunicaci\u00f3n, explic\u00f3 que el doctor Nix\u00f3n Rodr\u00edguez y Ram\u00f3n Castro conversaron con el doctor epidemi\u00f3logo Carlos Villegas, quien, luego de discutir con ellos la sintomatolog\u00eda de los ni\u00f1os, determin\u00f3 que presentan exantema s\u00fabito y no sarampi\u00f3n. El exantema s\u00fabito es una enfermedad benigna, con pocas complicaciones, debida a un virus que afecta a los ni\u00f1os peque\u00f1os. Se caracteriza por fiebre alta seguida de una erupci\u00f3n en la piel.<\/p>\n<p>La doctora Flores aclar\u00f3 que, para evitar confusiones, los m\u00e9dicos que atienden las comunidades de Anadeke\u00f1a y Santa Mar\u00eda de Erebato debieron haber consultado con un epidemi\u00f3logo y la coordinaci\u00f3n municipal sobre los casos antes de reportarlos por radio. As\u00ed mismo, inform\u00f3 que a pesar de que las comunidades son de dif\u00edcil acceso, \u00e9stas fueron vacunadas en el 2019 y que no han vuelto desde entonces debido a las dificultades asociadas con la pandemia y a la falta de combustible. La doctora concluye su audio diciendo: \u201cMe atrevo a decir que con la conversaci\u00f3n con el doctor Villegas, epidemi\u00f3logo, y otros colegas de la zona que eso no es sarampi\u00f3n. Nosotros siempre hemos estado pendientes de esa patolog\u00eda\u201d.<\/p>\n<p>Aunque no existe claridad en torno a la situaci\u00f3n que viven las comunidades del Caura en este respecto \u2014 si estos enfrentan o no un nuevo brote de sarampi\u00f3n\u2013, el reporte realizado por el doctor de Anadeke\u00f1a y Santa Mar\u00eda de Erebato pone en evidencia el vac\u00edo de informaci\u00f3n que existe e impide la planificaci\u00f3n, evaluaci\u00f3n y monitoreo de enfermedades como el sarampi\u00f3n en la zona. Por ello, hacemos un llamado urgente a los organismos de salud nacionales y regionales para que tomen medidas inmediatamente. Urge corroborar la sintomatolog\u00eda de los ni\u00f1os a trav\u00e9s de visitas, atender a las comunidades afectadas con un plan de vacunaci\u00f3n inclusivo y que eduque a la poblaci\u00f3n acerca de los s\u00edntomas del sarampi\u00f3n. Recordemos que, entre el 2017 y 2019, Venezuela sufri\u00f3 un brote importante de sarampi\u00f3n y la mayor proporci\u00f3n de los casos sospechosos se presentaron en el estado Bol\u00edvar y el Distrito Capital, aunque la mayor mortalidad fue registrada en el estado Delta Amacuro. Los pueblos Warao y Yanomami fueron especialmente afectados en aquella ocasi\u00f3n.<\/p>\n<p class=\"has-text-align-center\" style=\"text-align: center;\"><strong>Facebook:\u00a0\u00a0<\/strong>Grupo de Trabajo Socioambiental de la Amazon\u00eda Wataniba<br \/>\n<strong>Instagram<\/strong>:\u00a0\u00a0@wataniba<br \/>\n<strong>Twitter<\/strong>:\u00a0\u00a0@Wataniba_ve<\/p>\n<p>&nbsp;<\/p>\n","protected":false},"excerpt":{"rendered":"<p>Amazon\u00eda Venezolana Wataniba Posible brote de sarampi\u00f3n afecta aproximadamente a 100 ni\u00f1os en las comunidades de Anadeke\u00f1a y Santa Mar\u00eda de Erebato del Alto Caura, estado Bol\u00edvar. Comunidades y organizaciones ind\u00edgenas hacen un llamado a las autoridades a corroborar la informaci\u00f3n y tomar acciones. Comunidades Ye\u2019kwana de Anadeke\u00f1a y Santa Mar\u00eda de Erebato del Caura&hellip;<\/p>\n","protected":false},"author":305,"featured_media":0,"comment_status":"open","ping_status":"open","sticky":false,"template":"","format":"standard","meta":{"_acf_changed":false,"footnotes":""},"categories":[1],"tags":[233,129,434,305,435,240,139,121],"class_list":["post-23131","post","type-post","status-publish","format-standard","hentry","category-radar","tag-amazonia-venezolana-pt-br","tag-brote-pt-br","tag-epidemia-pt-br","tag-estado-bolivar-pt-br","tag-ninos-indigenas-pt-br","tag-pueblos-indigenas-pt-br","tag-sarampion-pt-br","tag-yekwana-pt-br","category-1","description-off"],"acf":[],"_links":{"self":[{"href":"https:\/\/www.raisg.org\/es\/wp-json\/wp\/v2\/posts\/23131","targetHints":{"allow":["GET"]}}],"collection":[{"href":"https:\/\/www.raisg.org\/es\/wp-json\/wp\/v2\/posts"}],"about":[{"href":"https:\/\/www.raisg.org\/es\/wp-json\/wp\/v2\/types\/post"}],"author":[{"embeddable":true,"href":"https:\/\/www.raisg.org\/es\/wp-json\/wp\/v2\/users\/305"}],"replies":[{"embeddable":true,"href":"https:\/\/www.raisg.org\/es\/wp-json\/wp\/v2\/comments?post=23131"}],"version-history":[{"count":3,"href":"https:\/\/www.raisg.org\/es\/wp-json\/wp\/v2\/posts\/23131\/revisions"}],"predecessor-version":[{"id":23153,"href":"https:\/\/www.raisg.org\/es\/wp-json\/wp\/v2\/posts\/23131\/revisions\/23153"}],"wp:attachment":[{"href":"https:\/\/www.raisg.org\/es\/wp-json\/wp\/v2\/media?parent=23131"}],"wp:term":[{"taxonomy":"category","embeddable":true,"href":"https:\/\/www.raisg.org\/es\/wp-json\/wp\/v2\/categories?post=23131"},{"taxonomy":"post_tag","embeddable":true,"href":"https:\/\/www.raisg.org\/es\/wp-json\/wp\/v2\/tags?post=23131"}],"curies":[{"name":"wp","href":"https:\/\/api.w.org\/{rel}","templated":true}]}}