{"id":23732,"date":"2021-04-05T19:24:22","date_gmt":"2021-04-05T22:24:22","guid":{"rendered":"https:\/\/www.amazoniasocioambiental.org\/?p=23732"},"modified":"2021-04-28T19:28:09","modified_gmt":"2021-04-28T22:28:09","slug":"colombia-lideresas-indigenas-y-campesinas-se-unen-para-proteger-el-territorio-amazonico","status":"publish","type":"post","link":"https:\/\/www.raisg.org\/es\/radar\/colombia-lideresas-indigenas-y-campesinas-se-unen-para-proteger-el-territorio-amazonico\/","title":{"rendered":"Colombia: Lideresas ind\u00edgenas y campesinas se unen para proteger el territorio amaz\u00f3nico"},"content":{"rendered":"<p style=\"text-align: right;\">Revista Semana<\/p>\n<p style=\"text-align: right;\">5 de abril de 2021<\/p>\n<p>&nbsp;<\/p>\n<p class=\"section sp-8\">Durante a\u00f1os un grupo de 25 mujeres del municipio de Solano tuvo en com\u00fan un estilo de vida en torno al r\u00edo Caquet\u00e1 y afluentes cercanos. Sobre sus cuencas, cada una gest\u00f3 de forma independiente la econom\u00eda familiar a partir de la agricultura, la pesca y la artesan\u00eda. En 2020, el territorio que las une se convirti\u00f3 en la piedra angular para estructurar un trabajo conjunto que les permitiera contribuir con la conservaci\u00f3n de la selva tropical y frenar la deforestaci\u00f3n.<\/p>\n<p class=\"section sp-8\">Seg\u00fan cifras del Ministerio de Ambiente y del Instituto de Hidrolog\u00eda, Meteorolog\u00eda y Estudios Ambientales (Ideam) esta regi\u00f3n, conocida como la puerta del Amazonas, ha ocupado en varias ocasiones un lamentable primer puesto por la p\u00e9rdida de bosques en el pa\u00eds.<\/p>\n<p class=\"section sp-8\">Esta problem\u00e1tica fue una de las motivaciones para que 20 mujeres del pueblo ingano y cinco campesinas de las veredas Campo Bonito, Las Palmas y El Porvenir se unieran para aportar una soluci\u00f3n a trav\u00e9s del proyecto Tejedoras Interculturales. La iniciativa se basa en compartir conocimientos para fortalecer el rol de lideresas de la regi\u00f3n y en intercambiar saberes buscando mejorar las condiciones sociales y ambientales del territorio.<b><\/b><\/p>\n<div class=\"section sp-8 \">\n<h2 class=\"\">Intercambios<\/h2>\n<\/div>\n<p class=\"section sp-8\">La labor de este grupo de mujeres se ha convertido en una forma de liderazgo para la protecci\u00f3n y conservaci\u00f3n de los recursos naturales y de sus tradiciones. Uno de los ejes principales del proyecto es la tradici\u00f3n de las mujeres Ingas como protectoras de las chagras, espacios sagrados donde las comunidades ind\u00edgenas cultivan de una forma sostenible y mantienen un contacto permanente con su cosmovisi\u00f3n.<\/p>\n<p class=\"section sp-8\">Este tipo de tradiciones ahora se ha trasladado a las mujeres campesinas, que por su parte son expertas en la construcci\u00f3n y mantenimiento de las cementeras, como popularmente se conoce a las huertas caseras.<\/p>\n<p class=\"section sp-8\">Aunque las chagras y las huertas son pr\u00e1cticas distintas, las participantes decidieron trabajar desde el reconocimiento de esas diferencias para lograr la convivencia en armon\u00eda en favor del territorio que comparten. En la actualidad siembran, cosechan y monitorean los cultivos de forma conjunta, mientras comparten experiencias personales y culturales. Adicionalmente, son madres, esposas e hijas y cumplen con responsabilidades familiares, que incluyen oficios dom\u00e9sticos y de cuidado.<\/p>\n<p class=\"section sp-8\">En estos intercambios han aprendido de plantas medicinales para otros usos y de preparaciones distintas de alimentos comunes en sus mesas, \u201cpero sobre todo han adquirido conocimiento para fortalecer la seguridad alimentaria para sus familias\u201d, afirma Fanny Jamioy, coordinadora del \u00c1rea Mujer y Familia en su comunidad y delegada por el Caquet\u00e1 a la Mesa Ind\u00edgena de Cambio Clim\u00e1tico.<\/p>\n<p class=\"section sp-8\">\u201cEn el Resguardo Ni\u00f1eras hicimos parte de un proyecto de rescate de semillas tradicionales con Visi\u00f3n Amazon\u00eda. Sin saber sobre formulaci\u00f3n de proyectos, motiv\u00e9 a otras 24 mujeres para que nos present\u00e1ramos a la convocatoria de mujeres ind\u00edgenas y salimos favorecidas. Es una demostraci\u00f3n de lo que somos capaces, de aprender y de prepararnos\u201d, precisa Jamioy.<\/p>\n<p class=\"section sp-8\">Como Fanny, el resto de las participantes del proyecto han aprendido a tomar la vocer\u00eda como lideresas ambientales que luchan por sus familias y defienden su territorio de amenazas como la deforestaci\u00f3n. Ahora ya no temen presentarse en p\u00fablico y promover nuevos intercambios culturales para favorecer el bienestar de su regi\u00f3n y el de la Amazonia colombiana en general.<\/p>\n<p class=\"section sp-8\">El proyecto de las Tejedoras Interculturales de la Red Vital Agroambiental del territorio Amaz\u00f3nico Entrerr\u00edos fue seleccionado como uno de los 69 programas de la convocatoria Mujeres cuidadoras de la Amazon\u00eda, promovida por el programa Visi\u00f3n Amazon\u00eda con el apoyo del Programa de Peque\u00f1as Donaciones GEF-PNUD.<\/p>\n<p>Tomado de: <a href=\"https:\/\/www.semana.com\/mejor-colombia\/articulo\/lideresas-indigenas-y-campesinas-se-unen-para-proteger-el-territorio-amazonico\/202108\/\">https:\/\/www.semana.com\/mejor-colombia\/articulo\/lideresas-indigenas-y-campesinas-se-unen-para-proteger-el-territorio-amazonico\/202108\/<\/a><\/p>\n<p>&nbsp;<\/p>\n<p>&nbsp;<\/p>\n","protected":false},"excerpt":{"rendered":"<p>Revista Semana 5 de abril de 2021 &nbsp; Durante a\u00f1os un grupo de 25 mujeres del municipio de Solano tuvo en com\u00fan un estilo de vida en torno al r\u00edo Caquet\u00e1 y afluentes cercanos. Sobre sus cuencas, cada una gest\u00f3 de forma independiente la econom\u00eda familiar a partir de la agricultura, la pesca y la&hellip;<\/p>\n","protected":false},"author":324,"featured_media":23733,"comment_status":"open","ping_status":"open","sticky":false,"template":"","format":"standard","meta":{"_acf_changed":false,"footnotes":""},"categories":[1],"tags":[],"class_list":["post-23732","post","type-post","status-publish","format-standard","has-post-thumbnail","hentry","category-radar","category-1","description-off"],"acf":[],"_links":{"self":[{"href":"https:\/\/www.raisg.org\/es\/wp-json\/wp\/v2\/posts\/23732","targetHints":{"allow":["GET"]}}],"collection":[{"href":"https:\/\/www.raisg.org\/es\/wp-json\/wp\/v2\/posts"}],"about":[{"href":"https:\/\/www.raisg.org\/es\/wp-json\/wp\/v2\/types\/post"}],"author":[{"embeddable":true,"href":"https:\/\/www.raisg.org\/es\/wp-json\/wp\/v2\/users\/324"}],"replies":[{"embeddable":true,"href":"https:\/\/www.raisg.org\/es\/wp-json\/wp\/v2\/comments?post=23732"}],"version-history":[{"count":1,"href":"https:\/\/www.raisg.org\/es\/wp-json\/wp\/v2\/posts\/23732\/revisions"}],"predecessor-version":[{"id":23736,"href":"https:\/\/www.raisg.org\/es\/wp-json\/wp\/v2\/posts\/23732\/revisions\/23736"}],"wp:featuredmedia":[{"embeddable":true,"href":"https:\/\/www.raisg.org\/es\/wp-json\/wp\/v2\/media\/23733"}],"wp:attachment":[{"href":"https:\/\/www.raisg.org\/es\/wp-json\/wp\/v2\/media?parent=23732"}],"wp:term":[{"taxonomy":"category","embeddable":true,"href":"https:\/\/www.raisg.org\/es\/wp-json\/wp\/v2\/categories?post=23732"},{"taxonomy":"post_tag","embeddable":true,"href":"https:\/\/www.raisg.org\/es\/wp-json\/wp\/v2\/tags?post=23732"}],"curies":[{"name":"wp","href":"https:\/\/api.w.org\/{rel}","templated":true}]}}