{"id":24079,"date":"2021-05-04T15:20:42","date_gmt":"2021-05-04T18:20:42","guid":{"rendered":"https:\/\/www.amazoniasocioambiental.org\/?p=24079"},"modified":"2021-05-13T15:28:14","modified_gmt":"2021-05-13T18:28:14","slug":"repam-ecuador-preve-plantar-un-millon-de-arboles-en-la-amazonia-ecuatoriana","status":"publish","type":"post","link":"https:\/\/www.raisg.org\/es\/radar\/repam-ecuador-preve-plantar-un-millon-de-arboles-en-la-amazonia-ecuatoriana\/","title":{"rendered":"Repam Ecuador prev\u00e9 plantar un mill\u00f3n de \u00e1rboles en la Amazon\u00eda ecuatoriana"},"content":{"rendered":"<p><img decoding=\"async\" src=\"https:\/\/www.vaticannews.va\/content\/dam\/vaticannews\/agenzie\/images\/reuters\/2021\/04\/29\/13\/1619694511108.JPG\/_jcr_content\/renditions\/cq5dam.thumbnail.cropped.750.422.jpeg\" \/><\/p>\n<p>Vatican News<br \/>\n4 de mayo, 2021<\/p>\n<div class=\"article__subTitle\">La Red Eclesial Panamaz\u00f3nica lanza una Campa\u00f1a de reforestaci\u00f3n bajo el nombre: \u201cSembrar y cuidar un mill\u00f3n de \u00e1rboles en la Amazon\u00eda\u201d con la que pretende plantar en la Amazon\u00eda ecuatoriana un mill\u00f3n de \u00e1rboles propios de la regi\u00f3n.<\/div>\n<div class=\"title__separator\"><\/div>\n<div class=\"article__text \">\n<p><b>Ciudad del Vaticano<\/b><\/p>\n<p>La campa\u00f1a surge como respuesta a la invitaci\u00f3n del Papa Francisco de cuidar nuestra \u201cCasa Com\u00fan\u201d y tal y como asegura el presidente de la REPAM Ecuador, Mons. Adalberto Jim\u00e9nez, con ella se quiere hacer un llamado \u201ca tomar conciencia del cuidado de lo que hemos recibido no s\u00f3lo para nosotros en este momento presente sino tambi\u00e9n para las generaciones futuras\u201d. Y no solo, tambi\u00e9n es \u201cun anuncio\u201d y \u201cuna denuncia\u201d a ese af\u00e1n ego\u00edsta y consumista del hombre.<\/p>\n<p>Se trata de una campa\u00f1a en comuni\u00f3n con otras instancias eclesiales y gubernamentales, con la que tambi\u00e9n se quiere hacer un llamamiento al nuevo gobierno de Ecuador \u201cpara que se comprometa en reforestar y no talar los \u00c1rboles en la Amazon\u00eda\u201d. El proyecto, seg\u00fan afirma el obispo del Vicariato de Aguarico, cuenta con la asesor\u00eda de especialistas agroforestales y de las familias locales, dispuestas a ceder sus terrenos para el plant\u00edo, insistiendo en la necesidad de cuidar esos \u00e1rboles que ser\u00e1n plantados.<\/p>\n<p>El presidente de la REPAM en Ecuador tambi\u00e9n destaca la figura del Papa Francisco \u201ccomo uno de los m\u00e1s grandes animadores en el cuidado del Planeta\u201d, defini\u00e9ndole como \u201cprofeta de nuestro tiempo\u201d e invita a todas las personas de buena voluntad, a todas las autoridades de los diferentes grupos humanos y a las mujeres y hombres de fe comprometidos con el Evangelio en nuestras Iglesias \u201ca unirse a esta campa\u00f1a\u201d.<\/p>\n<p>&nbsp;<\/p>\n<\/div>\n<div id=\"banner-donazioni\" class=\"article_banner\"><\/div>\n<p>Tomado de :<a href=\"https:\/\/www.vaticannews.va\/es\/iglesia\/news\/2021-05\/repam-ecuador-preve-plantar-un-millon-de-arboles-en-la-amazonia.html\"> https:\/\/www.vaticannews.va\/es\/iglesia\/news\/2021-05\/repam-ecuador-preve-plantar-un-millon-de-arboles-en-la-amazonia.html<\/a><\/p>\n","protected":false},"excerpt":{"rendered":"<p>La campa\u00f1a surge como respuesta a la invitaci\u00f3n del Papa Francisco de cuidar nuestra \u201cCasa Com\u00fan\u201d y tal y como asegura el presidente de la REPAM Ecuador, Mons. Adalberto Jim\u00e9nez, con ella se quiere hacer un llamado \u201ca tomar conciencia del cuidado de lo que hemos recibido no s\u00f3lo para nosotros en este momento presente sino tambi\u00e9n para las generaciones futuras\u201d. Y no solo, tambi\u00e9n es \u201cun anuncio\u201d y \u201cuna denuncia\u201d a ese af\u00e1n ego\u00edsta y consumista del hombre.<\/p>\n<p>Se trata de una campa\u00f1a en comuni\u00f3n con otras instancias eclesiales y gubernamentales, con la que tambi\u00e9n se quiere hacer un llamamiento al nuevo gobierno de Ecuador \u201cpara que se comprometa en reforestar y no talar los \u00c1rboles en la Amazon\u00eda\u201d. El proyecto, seg\u00fan afirma el obispo del Vicariato de Aguarico, cuenta con la asesor\u00eda de especialistas agroforestales y de las familias locales, dispuestas a ceder sus terrenos para el plant\u00edo, insistiendo en la necesidad de cuidar esos \u00e1rboles que ser\u00e1n plantados.<\/p>\n","protected":false},"author":327,"featured_media":0,"comment_status":"open","ping_status":"open","sticky":false,"template":"","format":"standard","meta":{"_acf_changed":false,"footnotes":""},"categories":[1],"tags":[],"class_list":["post-24079","post","type-post","status-publish","format-standard","hentry","category-radar","category-1","description-off"],"acf":[],"_links":{"self":[{"href":"https:\/\/www.raisg.org\/es\/wp-json\/wp\/v2\/posts\/24079","targetHints":{"allow":["GET"]}}],"collection":[{"href":"https:\/\/www.raisg.org\/es\/wp-json\/wp\/v2\/posts"}],"about":[{"href":"https:\/\/www.raisg.org\/es\/wp-json\/wp\/v2\/types\/post"}],"author":[{"embeddable":true,"href":"https:\/\/www.raisg.org\/es\/wp-json\/wp\/v2\/users\/327"}],"replies":[{"embeddable":true,"href":"https:\/\/www.raisg.org\/es\/wp-json\/wp\/v2\/comments?post=24079"}],"version-history":[{"count":1,"href":"https:\/\/www.raisg.org\/es\/wp-json\/wp\/v2\/posts\/24079\/revisions"}],"predecessor-version":[{"id":24080,"href":"https:\/\/www.raisg.org\/es\/wp-json\/wp\/v2\/posts\/24079\/revisions\/24080"}],"wp:attachment":[{"href":"https:\/\/www.raisg.org\/es\/wp-json\/wp\/v2\/media?parent=24079"}],"wp:term":[{"taxonomy":"category","embeddable":true,"href":"https:\/\/www.raisg.org\/es\/wp-json\/wp\/v2\/categories?post=24079"},{"taxonomy":"post_tag","embeddable":true,"href":"https:\/\/www.raisg.org\/es\/wp-json\/wp\/v2\/tags?post=24079"}],"curies":[{"name":"wp","href":"https:\/\/api.w.org\/{rel}","templated":true}]}}