{"id":26103,"date":"2021-08-29T22:13:56","date_gmt":"2021-08-30T01:13:56","guid":{"rendered":"https:\/\/www.amazoniasocioambiental.org\/radar\/mineracao-em-areas-protegidas-cresceu-mais-de-300-na-ultima-decada\/"},"modified":"2021-08-30T12:14:33","modified_gmt":"2021-08-30T15:14:33","slug":"mineracao-em-areas-protegidas-cresceu-mais-de-300-na-ultima-decada","status":"publish","type":"post","link":"https:\/\/www.raisg.org\/es\/radar\/mineracao-em-areas-protegidas-cresceu-mais-de-300-na-ultima-decada\/","title":{"rendered":"Minera\u00e7\u00e3o em \u00e1reas protegidas cresceu mais de 300% na \u00faltima d\u00e9cada"},"content":{"rendered":"<div class=\"wpb-content-wrapper\"><p>[vc_row][vc_column][vc_column_text]<\/p>\n<p style=\"text-align: right;\"><strong>Por Phillippe Watanabe<\/strong><\/p>\n<p style=\"text-align: right;\"><strong>Folha de S\u00e3o Paulo<\/strong><\/p>\n<p style=\"text-align: right;\"><strong>29 de agosto de 2020<\/strong><\/p>\n<p style=\"text-align: right;\"><strong>Amaz\u00f4nia brasileira<\/strong><\/p>\n<p>\u00a0[\/vc_column_text][\/vc_column][\/vc_row][vc_row][vc_column][vc_column_text]<\/p>\n<h3 class=\"c-content-head__subtitle\" style=\"text-align: center;\"><em>Em terras ind\u00edgenas, houve 495% de aumento na atividade de 2010 a 2020, mostra MapBiomas Minera\u00e7\u00e3o<\/em><\/h3>\n<p>&nbsp;<\/p>\n<p>A presen\u00e7a de garimpo em unidades de conserva\u00e7\u00e3o e em terras ind\u00edgenas explodiu nos \u00faltimos dez anos. Nas unidades, houve um salto de 301% na \u00e1rea de explora\u00e7\u00e3o de 2010 a 2020, e nos territ\u00f3rios ind\u00edgenas, de 495%.<\/p>\n<p>O garimpo nessas \u00e1reas de prote\u00e7\u00e3o est\u00e1 fortemente concentrado na Amaz\u00f4nia, que tem apresentado, anualmente, aumentos de desmatamento. O bioma concentra 72% da \u00e1rea minerada do pa\u00eds.<\/p>\n<p>Cerca de 40% da \u00e1rea de garimpo em 2020 estava dentro de unidades de conserva\u00e7\u00e3o, e 9%, em terras ind\u00edgenas protegidas, mostram dados in\u00e9ditos do MapBiomas Minera\u00e7\u00e3o, que acabam de ser divulgados.<\/p>\n<p>\u00c9 proibida a minera\u00e7\u00e3o em unidades de conserva\u00e7\u00e3o e em terras ind\u00edgenas.<\/p>\n<p>A unidade de prote\u00e7\u00e3o ambiental l\u00edder em \u00e1rea de garimpos em seu interior \u00e9 a APA (\u00c1rea de Prote\u00e7\u00e3o Ambiental) do Tapaj\u00f3s, que \u00e9 de uso sustent\u00e1vel. Fazem parte do top 10 tr\u00eas parques nacionais (parna), que s\u00e3o \u00e1reas totalmente protegidas. S\u00e3o eles: parna do Rio Novo, parna do Jamanxim e parna Mapinguari.<\/p>\n<p>As unidades de conserva\u00e7\u00e3o do Jamanxim t\u00eam um hist\u00f3rico de grande\u00a0<a href=\"https:\/\/www1.folha.uol.com.br\/ambiente\/2019\/07\/mais-de-cem-unidades-de-conservacao-na-amazonia-estao-ameacadas-diz-estudo.shtml\">press\u00e3o de desmatamento<\/a>, em parte\u00a0<a href=\"https:\/\/www1.folha.uol.com.br\/ambiente\/2018\/11\/ibama-destroi-garimpos-e-senador-diz-que-pratica-vai-acabar-no-novo-governo.shtml\">ligada \u00e0 minera\u00e7\u00e3o<\/a>. Em 2017, o Congresso chegou a aprovar a redu\u00e7\u00e3o da prote\u00e7\u00e3o na regi\u00e3o, mas a\u00a0<a href=\"https:\/\/www1.folha.uol.com.br\/ambiente\/2017\/06\/1894045-sob-pressao-temer-veta-proposta-de-reducao-de-area-florestal-no-para.shtml\">medida foi vetada<\/a>, em meio \u00e0 press\u00e3o popular, pelo ent\u00e3o presidente Michel Temer.<\/p>\n<p>Entre os territ\u00f3rios ind\u00edgenas com maior \u00e1rea de garimpo, est\u00e3o as terras ind\u00edgenas Kaiap\u00f3 e Mundurucu, ambas no Par\u00e1; e a Ianomami \u2014outro local j\u00e1 com\u00a0<a href=\"https:\/\/www1.folha.uol.com.br\/ambiente\/2021\/05\/garimpo-ilegal-e-devastacao-crescem-na-terra-indigena-yanomami.shtml\">ampla documenta\u00e7\u00e3o de minera\u00e7\u00e3o ilegal<\/a>.<\/p>\n<p>\u201cO que nos saltou aos olhos foi a expans\u00e3o da \u00e1rea minerada\u201d, diz Pedro Walfir, professor da UFPA (Universidade Federal do Par\u00e1) e coordenador do mapeamento de minera\u00e7\u00e3o no MapBiomas. \u201cE quando cruzamos essa informa\u00e7\u00e3o com terras ind\u00edgenas e unidades de conserva\u00e7\u00e3o, ficamos surpresos com a quantidade de \u00e1rea minerada em \u00e1reas proibidas.\u201d<\/p>\n<p>Segundo Walfir, o crescimento acentuado da minera\u00e7\u00e3o, como um todo, na \u00faltima d\u00e9cada e especialmente nos \u00faltimos quatro anos, pode estar relacionado com o aumento do pre\u00e7o do ouro.<\/p>\n<p>No Brasil, em 2020, o ouro teve\u00a0<a href=\"https:\/\/www1.folha.uol.com.br\/mercado\/2020\/12\/ouro-e-porto-seguro-na-montanha-russa-do-mercado-financeiro-em-2020.shtml\">valoriza\u00e7\u00e3o de 56%<\/a>. Em meio \u00e0 pandemia da Covid e \u00e0s instabilidades econ\u00f4micas associadas, em Genebra houve relatos, em outubro do ano passado, de que os mais ricos compravam barras de ouro. Nos \u00faltimos cinco anos, o valor do metal saiu de patamares pr\u00f3ximos a US$ 1.200 por on\u00e7a troy para chegar ao valor de<a href=\"https:\/\/www1.folha.uol.com.br\/mercado\/2020\/08\/preco-do-ouro-chega-a-us-2-mil-pela-primeira-vez-por-conta-da-covid-19-e-do-medo-de-inflacao.shtml\">\u00a0US$ 2.000 por on\u00e7a troy em agosto\u00a0<\/a>de 2020.<\/p>\n<p>O sucateamento de estruturas de fiscaliza\u00e7\u00e3o tamb\u00e9m pode ter um papel na amplia\u00e7\u00e3o dos garimpos no pa\u00eds. \u201cO Brasil n\u00e3o tem hoje uma estrutura governamental capaz de fiscalizar o territ\u00f3rio a ponto de impedir a expans\u00e3o da minera\u00e7\u00e3o\u201d, afirma o pesquisador.<\/p>\n<p>Em 2019, o MPF (Minist\u00e9rio P\u00fablico Federal) pediu \u00e0 Justi\u00e7a a paralisa\u00e7\u00e3o de garimpos e o cancelamento de processos de minera\u00e7\u00e3o em \u00e1reas protegidas. A Procuradoria apontou que a pr\u00f3pria ANM (Ag\u00eancia Nacional de Minera\u00e7\u00e3o) vinha\u00a0<a href=\"https:\/\/www1.folha.uol.com.br\/ambiente\/2019\/05\/agencia-de-mineracao-autoriza-garimpo-em-areas-protegidas-no-para.shtml\">autorizando projetos de minera\u00e7\u00e3o dentro de unidades de conserva\u00e7\u00e3o\u00a0<\/a>no Par\u00e1 e\u00a0<a href=\"https:\/\/www1.folha.uol.com.br\/ambiente\/2019\/11\/procuradoria-pede-cancelamento-de-processos-de-mineracao-em-terras-indigenas.shtml\">registros miner\u00e1rios em terras ind\u00edgenas<\/a>.<\/p>\n<p>Uma nota t\u00e9cnica do ICMBio (Instituto Chico Mendes de Conserva\u00e7\u00e3o da Biodiversidade), mostrava que, h\u00e1 alguns anos, dentro das flonas (floresta nacional) de Itaituba 1 e 2 \u2014ambas presentes no top 10 do MapBiomas sobre unidades de conserva\u00e7\u00e3o com elevada \u00e1rea de garimpo\u2014, constavam 11 lavras dispon\u00edveis para explora\u00e7\u00e3o, 24 autoriza\u00e7\u00f5es para pesquisa, 166 requerimentos para lavra e outros 30 pedidos de pesquisa. Considerando s\u00f3 Itaituba 2, em 2015, a ANM concedeu seis autoriza\u00e7\u00f5es para garimpos de diamante e ouro.<\/p>\n<p>Questionada \u00e0 \u00e9poca, a ANM associou as irregularidades a \u201cfalhas de comunica\u00e7\u00e3o\u201d.<\/p>\n<p>Tamb\u00e9m em 2019, ao comentar a presen\u00e7a de registros miner\u00e1rios em terras ind\u00edgenas, a ANM\u00a0<a href=\"https:\/\/www1.folha.uol.com.br\/ambiente\/2019\/11\/procuradoria-pede-cancelamento-de-processos-de-mineracao-em-terras-indigenas.shtml\">afirmou n\u00e3o haver problemas na abertura dos processos<\/a>.<\/p>\n<p>\u201cSe eu continuar com esse garimpo, nos pr\u00f3ximos anos eu vou acabar com a floresta amaz\u00f4nica\u201d, diz Walfir, que destaca os danos irrevers\u00edveis ao bioma. \u201cQuem vai pagar por isso \u00e9 a sociedade e os pr\u00f3prios garimpeiros, que n\u00e3o t\u00eam uma vida digna. E ainda o dano ambiental pago pelo planeta.\u201d<\/p>\n<p>Segundo o pesquisador, a sa\u00edda \u00e9 cobrar por uma minera\u00e7\u00e3o sustent\u00e1vel e industrial.<\/p>\n<p>E aqui vale uma diferencia\u00e7\u00e3o feita pelo MapBiomas Minera\u00e7\u00e3o. Os dados da plataforma, com uso de milhares imagens de sat\u00e9lite e intelig\u00eancia artificial, conseguem distinguir a minera\u00e7\u00e3o industrial do garimpo. Para o primeiro, desenvolvido por empresas, h\u00e1 uma estrutura mais bem montada e planejada, uma \u00e1rea menor afetada e licen\u00e7as necess\u00e1rias.<\/p>\n<p>\u201cO mais grave \u00e9 a minera\u00e7\u00e3o ilegal, artesanal. As pessoas simplesmente saem procurando. E para procurar elas\u00a0<a href=\"https:\/\/www1.folha.uol.com.br\/ambiente\/2020\/06\/terras-indigenas-e-ucs-federais-concentram-72-do-desmatamento-para-garimpos-na-amazonia-em-2020.shtml\">precisam desmatar<\/a>, desbarrancar \u00e1reas, soterrar rios, sem controle nenhum. E isso s\u00f3 vai parar quando economicamente n\u00e3o for mais vi\u00e1vel\u201d, afirma Walfir. \u201cO grau de devasta\u00e7\u00e3o \u00e9 enorme.\u201d<\/p>\n<p>A necessidade de cobran\u00e7a por uma minera\u00e7\u00e3o (que vai al\u00e9m da explora\u00e7\u00e3o do ouro) com menor impacto ambiental passa pela necessidade mineral que provavelmente decorrer\u00e1 da economia de baixo carbono, segundo o pesquisador. Ele cita como exemplo o advento dos carros el\u00e9tricos e dos metais necess\u00e1rios para produzir suas baterias.<\/p>\n<p>\u201cEu vou precisar explorar metais. Mas n\u00e3o posso explorar a qualquer custo, a custos social e ambiental irrespons\u00e1veis\u201d, afirma Walfir.<\/p>\n<p>&nbsp;<\/p>\n<p>Fonte: <a href=\"https:\/\/www1.folha.uol.com.br\/ambiente\/2021\/08\/mineracao-em-areas-protegidas-cresceu-mais-de-300-na-ultima-decada.shtml\">https:\/\/www1.folha.uol.com.br\/ambiente\/2021\/08\/mineracao-em-areas-protegidas-cresceu-mais-de-300-na-ultima-decada.shtml<\/a>[\/vc_column_text][\/vc_column][\/vc_row]<\/p>\n<\/div>","protected":false},"excerpt":{"rendered":"<p>A presen\u00e7a de garimpo em unidades de conserva\u00e7\u00e3o e em terras ind\u00edgenas explodiu nos \u00faltimos dez anos. Nas unidades, houve um salto de 301% na \u00e1rea de explora\u00e7\u00e3o de 2010 a 2020, e nos territ\u00f3rios ind\u00edgenas, de 495%.<\/p>\n<p>O garimpo nessas \u00e1reas de prote\u00e7\u00e3o est\u00e1 fortemente concentrado na Amaz\u00f4nia, que tem apresentado, anualmente, aumentos de desmatamento. O bioma concentra 72% da \u00e1rea minerada do pa\u00eds.<\/p>\n<p>Cerca de 40% da \u00e1rea de garimpo em 2020 estava dentro de unidades de conserva\u00e7\u00e3o, e 9%, em terras ind\u00edgenas protegidas, mostram dados in\u00e9ditos do MapBiomas Minera\u00e7\u00e3o, que acabam de ser divulgados.<\/p>\n","protected":false},"author":11,"featured_media":26099,"comment_status":"open","ping_status":"open","sticky":false,"template":"","format":"standard","meta":{"_acf_changed":false,"footnotes":""},"categories":[2],"tags":[],"class_list":["post-26103","post","type-post","status-publish","format-standard","has-post-thumbnail","hentry","category-radar","category-2","description-off"],"acf":[],"_links":{"self":[{"href":"https:\/\/www.raisg.org\/es\/wp-json\/wp\/v2\/posts\/26103","targetHints":{"allow":["GET"]}}],"collection":[{"href":"https:\/\/www.raisg.org\/es\/wp-json\/wp\/v2\/posts"}],"about":[{"href":"https:\/\/www.raisg.org\/es\/wp-json\/wp\/v2\/types\/post"}],"author":[{"embeddable":true,"href":"https:\/\/www.raisg.org\/es\/wp-json\/wp\/v2\/users\/11"}],"replies":[{"embeddable":true,"href":"https:\/\/www.raisg.org\/es\/wp-json\/wp\/v2\/comments?post=26103"}],"version-history":[{"count":1,"href":"https:\/\/www.raisg.org\/es\/wp-json\/wp\/v2\/posts\/26103\/revisions"}],"predecessor-version":[{"id":26105,"href":"https:\/\/www.raisg.org\/es\/wp-json\/wp\/v2\/posts\/26103\/revisions\/26105"}],"wp:featuredmedia":[{"embeddable":true,"href":"https:\/\/www.raisg.org\/es\/wp-json\/wp\/v2\/media\/26099"}],"wp:attachment":[{"href":"https:\/\/www.raisg.org\/es\/wp-json\/wp\/v2\/media?parent=26103"}],"wp:term":[{"taxonomy":"category","embeddable":true,"href":"https:\/\/www.raisg.org\/es\/wp-json\/wp\/v2\/categories?post=26103"},{"taxonomy":"post_tag","embeddable":true,"href":"https:\/\/www.raisg.org\/es\/wp-json\/wp\/v2\/tags?post=26103"}],"curies":[{"name":"wp","href":"https:\/\/api.w.org\/{rel}","templated":true}]}}