{"id":26332,"date":"2021-09-09T13:15:33","date_gmt":"2021-09-09T16:15:33","guid":{"rendered":"https:\/\/www.amazoniasocioambiental.org\/?p=26332"},"modified":"2021-09-13T13:26:42","modified_gmt":"2021-09-13T16:26:42","slug":"la-uicn-aprueba-una-mocion-que-pide-preservar-el-80-de-la-cuenca-amazonica-de-aqui-a-2025","status":"publish","type":"post","link":"https:\/\/www.raisg.org\/es\/radar\/la-uicn-aprueba-una-mocion-que-pide-preservar-el-80-de-la-cuenca-amazonica-de-aqui-a-2025\/","title":{"rendered":"La UICN aprueba una moci\u00f3n que pide preservar el 80% de la cuenca amaz\u00f3nica de aqu\u00ed a 2025"},"content":{"rendered":"<p><img decoding=\"async\" src=\"https:\/\/s.france24.com\/media\/display\/20f628ce-1233-11ec-ab81-005056a97e36\/w:980\/p:16x9\/46a24b7eb4c275aabf9c3572012755a0388385aa.webp\" alt=\"Foto a\u00e9rea de archivo tomada el 28 de agosto de 2019 muestra la deforestaci\u00f3n en la Reserva Biol\u00f3gica Nascentes da Serra do Cachimbo en Altamira, estado de Par\u00e1, Brasil, en la cuenca del Amazonas.\" \/><br \/>\n<span class=\"a-media-legend\">Foto a\u00e9rea de archivo tomada el 28 de agosto de 2019 muestra la deforestaci\u00f3n en la Reserva Biol\u00f3gica Nascentes da Serra do Cachimbo en Altamira, estado de Par\u00e1, Brasil, en la cuenca del Amazonas.<\/span>\u00a0<span class=\"a-media-legend\">Joao LAET AFP\/Archivos<\/span><\/p>\n<p>&nbsp;<\/p>\n<p>France 24<br \/>\n9 de septiembre, 2021<\/p>\n<p>&nbsp;<\/p>\n<article data-article-content=\"\">\n<div class=\"t-content__body u-clearfix\" data-empty-p=\"false\">\n<p class=\"t-location\">Par\u00eds (AFP)<\/p>\n<p>La Uni\u00f3n Internacional para la Conservaci\u00f3n de la Naturaleza (UICN) aprob\u00f3 este viernes en asamblea una moci\u00f3n que pide la protecci\u00f3n del 80% de la cuenca amaz\u00f3nica de aqu\u00ed a 2025, constat\u00f3 la AFP.<\/p>\n<p>La moci\u00f3n fue aprobada \u00abal 100%\u00bb, declar\u00f3 Mamadou Diallo, miembro de la presidencia de la asamblea durante los debates, bajo una salva de aplausos de los asistentes, seg\u00fan la transmisi\u00f3n en directo del evento desde Marsella (Francia).<\/p>\n<p>La moci\u00f3n pide a los Estados miembros de la UICN que se comprometan a \u00abproteger, conservar y manejar de manera sostenible al menos el 80% de la Amazon\u00eda para el 2025, en colaboraci\u00f3n con y reconociendo el liderazgo de los pueblos ind\u00edgenas en la Amazon\u00eda, asegurando su consentimiento libre, previo e informado\u00bb.<\/p>\n<p>Las resoluciones de la UICN no son legalmente vinculantes para los Estados miembros, pero generalmente sirven para orientar las pol\u00edticas medioambientales.<\/p>\n<p>Nueve pa\u00edses y territorios comparten la cuenca amaz\u00f3nica, considerada una de las \u00e1reas del planeta con mayor biodiversidad.<\/p>\n<p>La moci\u00f3n fue de hecho la primera y gran entrada en los debates de la UICN de los grupos ind\u00edgenas.<\/p>\n<p>Los ind\u00edgenas tienen a partir de esta asamblea en Marsella su propia categor\u00eda de miembros, tras haber participado durante d\u00e9cadas como organizaciones no gubernamentales.<\/p>\n<p>La UICN, fundada en 1948, es una organizaci\u00f3n poco com\u00fan, con Estados, organizaciones no gubernamentales y ahora ind\u00edgenas en pie de igualdad.<\/p>\n<p>En la moci\u00f3n, la UICN lamenta \u00abla muerte de miles de ind\u00edgenas y sus l\u00edderes en la Amazonas durante la pandemia, as\u00ed como la de los defensores asesinados concienzudamente mientras proteg\u00edan sus territorios\u00bb.<\/p>\n<p>El texto recuerda tambi\u00e9n que en 2020 la Amazon\u00eda perdi\u00f3 al menos 2,3 millones de hect\u00e1reas a causa de la deforestaci\u00f3n, \u00ablo que significa un aumento del 17% en la deforestaci\u00f3n con respecto al 2019\u00bb.<\/p>\n<p>La moci\u00f3n adem\u00e1s pide \u00aba los Estados y agencias gubernamentales miembros de la UICN en la Amazon\u00eda\u00bb que \u00abreconozcan plenamente y delimiten todas las tierras y territorios ancestrales pertenecientes a los pueblos ind\u00edgenas\u00bb.<\/p>\n<p class=\"t-copyright\">\u00a9 2021 AFP<\/p>\n<\/div>\n<\/article>\n<div class=\"o-ad-container o-ad-container--outbrain o-ad-container--with-background\" data-tms-ad-type=\"post-article\" data-tms-ad-status=\"loaded\" data-tms-ad-pos=\"1\" data-tms-ad-provider=\"outbrain\" data-tms-ad-ytrelated=\"loaded\">\n<div class=\"ob-smartfeed-wrapper\">\n<div id=\"outbrain_widget_0\" class=\"OUTBRAIN\" data-widget-id=\"AR_1\" data-src=\"https:\/\/www.france24.com\/es\/minuto-a-minuto\/20210910-la-uicn-aprueba-una-moci%C3%B3n-que-pide-preservar-el-80-de-la-cuenca-amaz%C3%B3nica-de-aqu%C3%AD-a-2025\" data-ob-mark=\"true\" data-browser=\"chrome\" data-os=\"win32\" data-dynload=\"\" data-idx=\"0\">\n<div class=\"ob-widget ob-strip-layout AR_1\" data-dynamic-truncate=\"true\"><\/div>\n<\/div>\n<div id=\"outbrain_widget_2\" class=\"OUTBRAIN\" data-src=\"https:\/\/www.france24.com\/es\/minuto-a-minuto\/20210910-la-uicn-aprueba-una-moci%C3%B3n-que-pide-preservar-el-80-de-la-cuenca-amaz%C3%B3nica-de-aqu%C3%AD-a-2025\" data-widget-id=\"SFD_STP_9\" data-card-idx=\"1\" data-feed-father-idx=\"0\" data-ob-mark=\"true\" data-browser=\"chrome\" data-os=\"win32\" data-dynload=\"\" data-idx=\"2\">\n<div class=\"ob-widget ob-smartfeed-strip-layout SFD_STP_9\" data-dynamic-truncate=\"true\">\n<div class=\"ob-widget-section ob-first\">\n<div class=\"ob-widget-header\">Tomado de: <a href=\"https:\/\/www.france24.com\/es\/minuto-a-minuto\/20210910-la-uicn-aprueba-una-moci%C3%B3n-que-pide-preservar-el-80-de-la-cuenca-amaz%C3%B3nica-de-aqu%C3%AD-a-2025\">https:\/\/www.france24.com\/es\/minuto-a-minuto\/20210910-la-uicn-aprueba-una-moci%C3%B3n-que-pide-preservar-el-80-de-la-cuenca-amaz%C3%B3nica-de-aqu%C3%AD-a-2025<\/a><\/div>\n<\/div>\n<\/div>\n<\/div>\n<\/div>\n<\/div>\n","protected":false},"excerpt":{"rendered":"<p>La Uni\u00f3n Internacional para la Conservaci\u00f3n de la Naturaleza (UICN) aprob\u00f3 este viernes en asamblea una moci\u00f3n que pide la protecci\u00f3n del 80% de la cuenca amaz\u00f3nica de aqu\u00ed a 2025, constat\u00f3 la AFP.<\/p>\n<p>La moci\u00f3n fue aprobada \u00abal 100%\u00bb, declar\u00f3 Mamadou Diallo, miembro de la presidencia de la asamblea durante los debates, bajo una salva de aplausos de los asistentes, seg\u00fan la transmisi\u00f3n en directo del evento desde Marsella (Francia).<\/p>\n<p>La moci\u00f3n pide a los Estados miembros de la UICN que se comprometan a \u00abproteger, conservar y manejar de manera sostenible al menos el 80% de la Amazon\u00eda para el 2025, en colaboraci\u00f3n con y reconociendo el liderazgo de los pueblos ind\u00edgenas en la Amazon\u00eda, asegurando su consentimiento libre, previo e informado\u00bb.<\/p>\n","protected":false},"author":327,"featured_media":0,"comment_status":"open","ping_status":"open","sticky":false,"template":"","format":"standard","meta":{"_acf_changed":false,"footnotes":""},"categories":[1],"tags":[],"class_list":["post-26332","post","type-post","status-publish","format-standard","hentry","category-radar","category-1","description-off"],"acf":[],"_links":{"self":[{"href":"https:\/\/www.raisg.org\/es\/wp-json\/wp\/v2\/posts\/26332","targetHints":{"allow":["GET"]}}],"collection":[{"href":"https:\/\/www.raisg.org\/es\/wp-json\/wp\/v2\/posts"}],"about":[{"href":"https:\/\/www.raisg.org\/es\/wp-json\/wp\/v2\/types\/post"}],"author":[{"embeddable":true,"href":"https:\/\/www.raisg.org\/es\/wp-json\/wp\/v2\/users\/327"}],"replies":[{"embeddable":true,"href":"https:\/\/www.raisg.org\/es\/wp-json\/wp\/v2\/comments?post=26332"}],"version-history":[{"count":1,"href":"https:\/\/www.raisg.org\/es\/wp-json\/wp\/v2\/posts\/26332\/revisions"}],"predecessor-version":[{"id":26333,"href":"https:\/\/www.raisg.org\/es\/wp-json\/wp\/v2\/posts\/26332\/revisions\/26333"}],"wp:attachment":[{"href":"https:\/\/www.raisg.org\/es\/wp-json\/wp\/v2\/media?parent=26332"}],"wp:term":[{"taxonomy":"category","embeddable":true,"href":"https:\/\/www.raisg.org\/es\/wp-json\/wp\/v2\/categories?post=26332"},{"taxonomy":"post_tag","embeddable":true,"href":"https:\/\/www.raisg.org\/es\/wp-json\/wp\/v2\/tags?post=26332"}],"curies":[{"name":"wp","href":"https:\/\/api.w.org\/{rel}","templated":true}]}}