{"id":26455,"date":"2021-08-17T19:38:13","date_gmt":"2021-08-17T22:38:13","guid":{"rendered":"https:\/\/www.amazoniasocioambiental.org\/?p=26455"},"modified":"2021-09-13T19:44:12","modified_gmt":"2021-09-13T22:44:12","slug":"descubierta-una-nueva-especie-de-mono-titi-en-el-amazonas","status":"publish","type":"post","link":"https:\/\/www.raisg.org\/es\/radar\/descubierta-una-nueva-especie-de-mono-titi-en-el-amazonas\/","title":{"rendered":"Descubierta una nueva especie de mono tit\u00ed en el Amazonas"},"content":{"rendered":"<p style=\"text-align: right;\">Verde y Azul<\/p>\n<p style=\"text-align: right;\">Joan Llu\u00eds Ferrer<\/p>\n<p style=\"text-align: right;\">17 de agosto de 2021<\/p>\n<p>&nbsp;<\/p>\n<p>&nbsp;<\/p>\n<p>A medida que el Amazonas sucumbe bajo la acci\u00f3n del hombre, siguen descubri\u00e9ndose nuevas especies en este tesoro natural. La \u00faltima en ser conocida es una nueva especie de tit\u00ed, que se encuentra precisamente en la regi\u00f3n m\u00e1s amenazada de este vasto bosque tropical.<\/p>\n<p>Un equipo de cient\u00edficos brasile\u00f1os ha sido el responsable de este hallazgo, que ampl\u00eda los horizontes de la rica biodiversidad amaz\u00f3nica. El primate,\u00a0<strong>ha sido bautizado como\u00a0<em>Mico schneideri<\/em><\/strong><em>,<\/em>\u00a0en honor al profesor Horacio Schneider, pionero y principal contribuyente a la investigaci\u00f3n de la biodiversidad y la evoluci\u00f3n de los monos.<\/p>\n<p>La nueva especie, que habita en el\u00a0<strong>estado brasile\u00f1o de Mato Grosso,<\/strong>\u00a0fue descrita a partir de tit\u00edes conocidos por los investigadores ya desde 1995, pero que hab\u00edan sido err\u00f3neamente identificados como\u00a0<em>M. emiliae<\/em>.<\/p>\n<p>El hallazgo ha sido publicado en la revista\u00a0<em>Scientific Reports<\/em>\u00a0y ha sido realizado por un equipo de cient\u00edficos dirigido por Rodrigo Costa Ara\u00fajo, actual investigador asociado del Museu Paraense Em\u00edlio Goeldi (Brasil).<\/p>\n<figure id=\"attachment_10729\" class=\"wp-caption aligncenter\" aria-describedby=\"caption-attachment-10729\"><img fetchpriority=\"high\" decoding=\"async\" class=\"wp-image-10729 size-large\" src=\"https:\/\/verdeyazul.diarioinformacion.com\/wp-content\/uploads\/2021\/08\/Casal_de_Sagui-de-schneider_Paranaita_2021-b-1200x759.jpg\" sizes=\"(max-width: 770px) 100vw, 770px\" srcset=\"https:\/\/verdeyazul.diarioinformacion.com\/wp-content\/uploads\/2021\/08\/Casal_de_Sagui-de-schneider_Paranaita_2021-b-1200x759.jpg 1200w, https:\/\/verdeyazul.diarioinformacion.com\/wp-content\/uploads\/2021\/08\/Casal_de_Sagui-de-schneider_Paranaita_2021-b-300x190.jpg 300w, https:\/\/verdeyazul.diarioinformacion.com\/wp-content\/uploads\/2021\/08\/Casal_de_Sagui-de-schneider_Paranaita_2021-b-768x486.jpg 768w, https:\/\/verdeyazul.diarioinformacion.com\/wp-content\/uploads\/2021\/08\/Casal_de_Sagui-de-schneider_Paranaita_2021-b-370x234.jpg 370w, https:\/\/verdeyazul.diarioinformacion.com\/wp-content\/uploads\/2021\/08\/Casal_de_Sagui-de-schneider_Paranaita_2021-b-270x171.jpg 270w, https:\/\/verdeyazul.diarioinformacion.com\/wp-content\/uploads\/2021\/08\/Casal_de_Sagui-de-schneider_Paranaita_2021-b-570x361.jpg 570w, https:\/\/verdeyazul.diarioinformacion.com\/wp-content\/uploads\/2021\/08\/Casal_de_Sagui-de-schneider_Paranaita_2021-b-740x468.jpg 740w, https:\/\/verdeyazul.diarioinformacion.com\/wp-content\/uploads\/2021\/08\/Casal_de_Sagui-de-schneider_Paranaita_2021-b.jpg 1209w\" alt=\"\" width=\"770\" height=\"487\" \/><figcaption id=\"caption-attachment-10729\" class=\"wp-caption-text\">La nueva especie descubierta. Foto: Scientific Reports<\/figcaption><\/figure>\n<p>Seg\u00fan han destacado los investigadores, los tit\u00edes amaz\u00f3nicos del g\u00e9nero\u00a0<em>Mico<\/em>\u00a0son uno de los grupos de monos m\u00e1s diversos. Estos animales, sin embargo, se enfrentan a un complicado escenario, puesto que\u00a0<strong>solo pueden encontrarse en los bosques amenazados del llamado \u2018arco de la deforestaci\u00f3n\u2019<\/strong>, una regi\u00f3n que, como su nombre indica, ha sido gravemente degradada durante las \u00faltimas d\u00e9cadas.<\/p>\n<p>El estudio se\u00f1ala la existencia de 16 especies de\u00a0<em>Mico<\/em>\u00a0que habitan esta extensa \u00e1rea del sur del Amazonas, donde se concentran las mayores tasas de deforestaci\u00f3n e incendios. No obstante,\u00a0<strong>el n\u00famero total de especies de tit\u00edes amaz\u00f3nicos sigue siendo desconocido.<\/strong><\/p>\n<h3>Poco estudiados y ya amenazados<\/h3>\n<p>Pese a su importancia biol\u00f3gica, actualmente no existe ninguna estrategia de protecci\u00f3n para hacer frente a las p\u00e9rdidas de h\u00e1bitat y a la disminuci\u00f3n de la poblaci\u00f3n a la que est\u00e1n sometidos estos animales, como es el caso del nuevo tit\u00ed del Amazonas, principalmente porque est\u00e1n poco estudiados.<\/p>\n<p>Por ello, ahora los cient\u00edficos quieren profundizar su estudio para\u00a0<strong>evaluar el\u00a0estado de\u00a0conservaci\u00f3n\u00a0de\u00a0M. schneideri<\/strong>, as\u00ed como investigar la parte sur de su distribuci\u00f3n geogr\u00e1fica<\/p>\n<p>Seg\u00fan indican los expertos, descubrir el n\u00famero total de tit\u00edes amaz\u00f3nicos que habitan en esta regi\u00f3n es el primer paso para avanzar en la conservaci\u00f3n y protecci\u00f3n de este grupo de monos amenazados.<\/p>\n<p>Estudio de referencia:\u00a0<a href=\"https:\/\/www.nature.com\/articles\/s41598-021-93943-w\">https:\/\/www.nature.com\/articles\/s41598-021-93943-w<\/a><\/p>\n<p>Tomado de: <a href=\"https:\/\/verdeyazul.diarioinformacion.com\/descubierta-una-nueva-especie-de-mono-titi-en-el-amazonas.html\">https:\/\/verdeyazul.diarioinformacion.com\/descubierta-una-nueva-especie-de-mono-titi-en-el-amazonas.html<\/a><\/p>\n","protected":false},"excerpt":{"rendered":"<p>Verde y Azul Joan Llu\u00eds Ferrer 17 de agosto de 2021 &nbsp; &nbsp; A medida que el Amazonas sucumbe bajo la acci\u00f3n del hombre, siguen descubri\u00e9ndose nuevas especies en este tesoro natural. La \u00faltima en ser conocida es una nueva especie de tit\u00ed, que se encuentra precisamente en la regi\u00f3n m\u00e1s amenazada de este vasto&hellip;<\/p>\n","protected":false},"author":324,"featured_media":26456,"comment_status":"open","ping_status":"open","sticky":false,"template":"","format":"standard","meta":{"_acf_changed":false,"footnotes":""},"categories":[1],"tags":[],"class_list":["post-26455","post","type-post","status-publish","format-standard","has-post-thumbnail","hentry","category-radar","category-1","description-off"],"acf":[],"_links":{"self":[{"href":"https:\/\/www.raisg.org\/es\/wp-json\/wp\/v2\/posts\/26455","targetHints":{"allow":["GET"]}}],"collection":[{"href":"https:\/\/www.raisg.org\/es\/wp-json\/wp\/v2\/posts"}],"about":[{"href":"https:\/\/www.raisg.org\/es\/wp-json\/wp\/v2\/types\/post"}],"author":[{"embeddable":true,"href":"https:\/\/www.raisg.org\/es\/wp-json\/wp\/v2\/users\/324"}],"replies":[{"embeddable":true,"href":"https:\/\/www.raisg.org\/es\/wp-json\/wp\/v2\/comments?post=26455"}],"version-history":[{"count":2,"href":"https:\/\/www.raisg.org\/es\/wp-json\/wp\/v2\/posts\/26455\/revisions"}],"predecessor-version":[{"id":26462,"href":"https:\/\/www.raisg.org\/es\/wp-json\/wp\/v2\/posts\/26455\/revisions\/26462"}],"wp:featuredmedia":[{"embeddable":true,"href":"https:\/\/www.raisg.org\/es\/wp-json\/wp\/v2\/media\/26456"}],"wp:attachment":[{"href":"https:\/\/www.raisg.org\/es\/wp-json\/wp\/v2\/media?parent=26455"}],"wp:term":[{"taxonomy":"category","embeddable":true,"href":"https:\/\/www.raisg.org\/es\/wp-json\/wp\/v2\/categories?post=26455"},{"taxonomy":"post_tag","embeddable":true,"href":"https:\/\/www.raisg.org\/es\/wp-json\/wp\/v2\/tags?post=26455"}],"curies":[{"name":"wp","href":"https:\/\/api.w.org\/{rel}","templated":true}]}}