{"id":27523,"date":"2021-11-02T15:37:17","date_gmt":"2021-11-02T18:37:17","guid":{"rendered":"https:\/\/www.amazoniasocioambiental.org\/radar\/nos-e-a-guerra-crime-organizado-avanca-sobre-os-garimpos-ilegais-da-amazonia\/"},"modified":"2021-11-03T16:58:11","modified_gmt":"2021-11-03T19:58:11","slug":"nos-e-a-guerra-crime-organizado-avanca-sobre-os-garimpos-ilegais-da-amazonia","status":"publish","type":"post","link":"https:\/\/www.raisg.org\/es\/radar\/nos-e-a-guerra-crime-organizado-avanca-sobre-os-garimpos-ilegais-da-amazonia\/","title":{"rendered":"\u2018N\u00f3s \u00e9 a guerra\u2019: Crime organizado avan\u00e7a sobre os garimpos ilegais da Amaz\u00f4nia"},"content":{"rendered":"<p style=\"text-align: right;\"><strong>Jornal O Globo<\/strong><br \/>\n<strong>Eduardo Gon\u00e7alves e Aline Ribeiro<\/strong><br \/>\n<strong>02 de novembro de 2021<\/strong><br \/>\n<strong>Amaz\u00f4nia brasileira<\/strong><\/p>\n<h3 class=\"article__subtitle\" style=\"text-align: center;\"><em>Presen\u00e7a de narcotraficantes nas terras dos Yanomamis, em Roraima, e dos Mundurukus, no Par\u00e1, colocam a floresta em um novo n\u00edvel de amea\u00e7a<\/em><\/h3>\n<p>&nbsp;<\/p>\n<p style=\"text-align: left;\">BRAS\u00cdLIA e S\u00c3O PAULO \u2014 Algumas das principais fac\u00e7\u00f5es criminosas que dominam a venda de drogas nos estados do Sudeste est\u00e3o diversificando sua carteira de neg\u00f3cios il\u00edcitos no Norte do pa\u00eds. Elas passaram a explorar garimpos ilegais localizados em diferentes pontos da floresta amaz\u00f4nica. As autoridades j\u00e1 detectaram pontos de atua\u00e7\u00e3o em duas das maiores reservas ind\u00edgenas do pa\u00eds, a dos Yanomamis, em Roraima; e a dos Mundurukus, no Par\u00e1.<\/p>\n<p>A Divis\u00e3o de Intelig\u00eancia e Captura (Dicap) do sistema prisional de Roraima tem uma lista de dez foragidos vinculados a uma fac\u00e7\u00e3o criminosa paulista que teriam se refugiado em garimpos na selva. Armados com pistolas, escopetas e fuzis, eles come\u00e7aram a ganhar dinheiro fazendo a seguran\u00e7a dos garimpeiros contra ind\u00edgenas e piratas at\u00e9 que uma de suas lideran\u00e7as, Dheys Vieira da Silva, decidiu tomar o controle de um campo de extra\u00e7\u00e3o de ouro na regi\u00e3o do Rio Uraricoera, no in\u00edcio deste ano. As informa\u00e7\u00f5es chegaram ao Dicap por meio de um bandido capturado em julho e duas den\u00fancias an\u00f4nimas feitas em setembro que relatavam que o grupo de Dheys \u00abestava forte\u00bb no local.<\/p>\n<p>\u2014 Temos j\u00e1 informa\u00e7\u00f5es que os faccionados est\u00e3o dominando a extra\u00e7\u00e3o, com maquin\u00e1rio e tudo. Outros ficam s\u00f3 na seguran\u00e7a. Alguns garimpeiros n\u00e3o d\u00e3o moleza, mas eles v\u00e3o se infiltrando at\u00e9 verem o melhor momento e tomarem conta da regi\u00e3o \u2014 disse o chefe do Dicap, subtenente Roney Cruz.<\/p>\n<p>Com duas passagens por tr\u00e1fico de drogas, Dheys Silva fugiu em 2018 do pres\u00eddio do Pres\u00eddio Agr\u00edcola de Monte Cristo, que um ano antes foi palco de um dos maiores massacres do pa\u00eds em que 31 detentos foram mortos por membros da fac\u00e7\u00e3o paulista &#8211; na \u00e9poca, a organiza\u00e7\u00e3o criminosa estava em guerra contra uma fac\u00e7\u00e3o do Rio de Janeiro e outra do Amazonas. Do mesmo pres\u00eddio, escapou Janderson Edmilson Alves, outro membro da fac\u00e7\u00e3o que reapareceu numa \u00e1rea de garimpo em terra Yanomami em maio.<\/p>\n<p>Num v\u00eddeo que circulou em grupos de WhatsApp, ele aparece junto com um grupo de dez bandidos armados com fuzis e balaclavas subindo o rio Uraricoera e distribuindo amea\u00e7as aos ind\u00edgenas.<\/p>\n<p>\u2014 Hoje voc\u00eas v\u00e3o ver quem manda no bagulho. N\u00f3is \u00e9 a guerra, neguinho \u2014 diz um dos comparsas na grava\u00e7\u00e3o.<\/p>\n<p>&nbsp;<\/p>\n<p>Em fotos postadas nas redes \u2014 hoje em posse da pol\u00edcia \u2014, o bando exibe armas de grosso calibre com a legenda \u201cfam\u00edlia do 1533\u201d, uma das siglas da fac\u00e7\u00e3o paulista.<\/p>\n<p>Naquele m\u00eas, a comunidade Yanomami de Palimi\u00fa foi alvo de dezenas de ataques a tiros que s\u00f3 foram interrompidos ap\u00f3s a chegada da Pol\u00edcia Federal e For\u00e7a Nacional.<\/p>\n<p>\u2014 A gente viu que n\u00e3o eram s\u00f3 garimpeiros, mas gente de fac\u00e7\u00e3o. Nossas terras est\u00e3o sendo invadidas desde 2019, mas neste ano ficou fora de controle. A terra Yanomami est\u00e1 entrando em colapso \u2014 afirmou Junior Hekurari Yanomami, presidente do Conselho de Sa\u00fade Ind\u00edgena local.<\/p>\n<p>&nbsp;<\/p>\n<p>Segundo ele, os \u00edndios s\u00f3 sa\u00edram ilesos porque corriam para a mata quando percebiam a aproxima\u00e7\u00e3o das embarca\u00e7\u00f5es \u2014 um deles foi ferido com uma bala de rasp\u00e3o na cabe\u00e7a.<\/p>\n<p>Janderson Alves s\u00f3 viria a ser capturado em agosto, em Boa Vista. Segundo as investiga\u00e7\u00f5es da pol\u00edcia, ele precisou fugir da zona de garimpo, onde dificilmente seria pego, por causa de um desentendimento com lideran\u00e7as da fac\u00e7\u00e3o &#8211; a suspeita \u00e9 que ele teria matado um comparsa sem consultar o chamado \u201ctribunal do crime\u201d. Alves era conhecido no mundo da criminalidade de Roraima. Al\u00e9m de ter fugido mais de cinco vezes da pris\u00e3o, era apontado como um dos suspeitos pelo roubo de cerca de cem fuzis de uma base do Ex\u00e9rcito da Venezuela, que fica na fronteira com o Brasil. As armas foram parar na m\u00e3o dos garimpeiros e traficantes da regi\u00e3o.<\/p>\n<p>Um dos primeiros ind\u00edcios da chegada do crime organizado na selva ocorreu durante a Opera\u00e7\u00e3o Erebo da Pol\u00edcia Federal, que revelou a atua\u00e7\u00e3o da fac\u00e7\u00e3o paulista no sistema penitenci\u00e1rio de Roraima em 2018. Policiais interceptaram a liga\u00e7\u00e3o de um \u201cdisciplina\u201d da organiza\u00e7\u00e3o criminosa Sebasti\u00e3o Silva, o Bozo, falando sobre \u201cquest\u00f5es relacionadas \u00e0 expans\u00e3o da fac\u00e7\u00e3o para regi\u00f5es de garimpo em Roraima\u201d, conforme o relat\u00f3rio policial.<\/p>\n<p>\u2014 At\u00e9 onde conseguimos chegar, n\u00e3o existe uma atua\u00e7\u00e3o organizada da fac\u00e7\u00e3o, mas sim de faccionados optando por ir ao garimpo. Quando ele vai, leva drogas e armas para vender. Como conhece arma e \u00e9 destemido, sua presen\u00e7a ali torna o garimpo mais perigoso \u2014 afirmou o superintende da Pol\u00edcia Federal em Roraima, Jos\u00e9 Roberto Peres.<\/p>\n<p>No interior do Par\u00e1, a situa\u00e7\u00e3o tamb\u00e9m \u00e9 tensa entre criminosos armados e ind\u00edgenas Mundurukus.<\/p>\n<p>\u2014 Vivemos assustados. Tem muita gente estranha chegando em nossas terras agora, com armas e drogas mais pesadas. Avi\u00f5es cortam o c\u00e9u aqui de todo o canto \u2014 diz uma ind\u00edgena munduruku que mora em Itaituba (PA) e n\u00e3o quis se identificar por medo de repres\u00e1lias.<\/p>\n<p>Na mesma cidade, em julho de 2019, agentes da Pol\u00edcia Federal acompanharam a aterrissagem de um avi\u00e3o bimotor carregando uma carga de 580 quilos de coca\u00edna, al\u00e9m de dois fuzis e uma pistola 9 MM. Essa apreens\u00e3o levou os investigadores a descobrirem a atua\u00e7\u00e3o de uma quadrilha de narcotraficantes de Santa Catarina que planejava comprar garimpos de ouro no Par\u00e1.<\/p>\n<p>Segundo a den\u00fancia do Minist\u00e9rio P\u00fablico Federal, o l\u00edder da quadrilha, Edson Silva, chegou a negociar com o prefeito de Itaituba, Valmir Climaco, a compra de um garimpo chamado \u201cPalmares\u201d, que se situa na divisa entre o Par\u00e1 e o Amazonas. O valor do neg\u00f3cio era de R$ 4 milh\u00f5es e inclu\u00eda no pagamento o bimotor usado no tr\u00e1fico. Conhecido por ser propriet\u00e1rio de diversos garimpos na regi\u00e3o, o prefeito sempre negou a rela\u00e7\u00e3o com o tr\u00e1fico de drogas e n\u00e3o foi inclu\u00eddo na den\u00fancia.<\/p>\n<p>\u2014 Para o criminoso, o ouro ilegal \u00e9 a melhor forma de lavar dinheiro no Brasil e \u00e9 mais seguro do que usar postos de gasolina e fazendas. Tem um sistema falho que n\u00e3o registra a origem adequada do produto e que pode ser facilmente regularizado depois. E, assim, pode ser usado pelo crime organizado para legitimar e justificar um grande incremento patrimonial \u2014 afirmou o procurador de Itaituba, Paulo de Tarso, apontando um dos motivos pelos quais o crime organizado estaria interessado na atividade extrativista.<\/p>\n<p>Al\u00e9m de usar os garimpos para se capitalizar e lavar o dinheiro, as fac\u00e7\u00f5es criminosas tamb\u00e9m utilizam a mesma log\u00edstica de escoamento dos produtos explorados na Amaz\u00f4nia para transportar a coca\u00edna, que vem de pa\u00edses produtores, como Bol\u00edvia, Col\u00f4mbia e Peru, e geralmente t\u00eam o mesmo destino final \u2014 os portos da Europa. As cargas pesadas de madeira e min\u00e9rios ainda ajudam a esconder a droga dos scanners das alf\u00e2ndegas. Na \u00faltima semana, a PF, por exemplo, apreendeu uma carga de 500 quilos de coca\u00edna em um cont\u00eainer de mangan\u00eas que sa\u00eda do porto de Barcarena, no interior do Par\u00e1, com destino ao porto de Roterd\u00e3, na Holanda.<\/p>\n<p>Especialistas de seguran\u00e7a p\u00fablica dizem que a chegada do crime organizado na floresta amaz\u00f4nica n\u00e3o apenas como um agente passageiro, mas como explorador das atividades ilegais, coloca a Amaz\u00f4nia em um novo risco de amea\u00e7a.<\/p>\n<p>\u2014 O governo Bolsonaro se elegeu com um discurso de seguran\u00e7a p\u00fablica, mas ao fragilizar a fiscaliza\u00e7\u00e3o na Amaz\u00f4nia acabou permitindo a entrada de fac\u00e7\u00f5es criminosas em territ\u00f3rios ind\u00edgenas e \u00e1reas de garimpo. Ou seja, o discurso do governo tem fortalecido o crime organizado nessa regi\u00e3o \u2014 afirmou o pesquisador do F\u00f3rum Brasileiro de Seguran\u00e7a P\u00fablica Aiala Couto, que estuda a din\u00e2mica do crime na regi\u00e3o Norte.<\/p>\n<p>&nbsp;<\/p>\n<p>Texto original dispon\u00edvel em: <a href=\"https:\/\/oglobo.globo.com\/brasil\/seguranca-publica\/nos-a-guerra-crime-organizado-avanca-sobre-os-garimpos-ilegais-da-amazonia-25260890\">https:\/\/oglobo.globo.com\/brasil\/seguranca-publica\/nos-a-guerra-crime-organizado-avanca-sobre-os-garimpos-ilegais-da-amazonia-25260890<\/a><\/p>\n","protected":false},"excerpt":{"rendered":"<p>Jornal O Globo Eduardo Gon\u00e7alves e Aline Ribeiro 02 de novembro de 2021 Amaz\u00f4nia brasileira Presen\u00e7a de narcotraficantes nas terras dos Yanomamis, em Roraima, e dos Mundurukus, no Par\u00e1, colocam a floresta em um novo n\u00edvel de amea\u00e7a &nbsp; BRAS\u00cdLIA e S\u00c3O PAULO \u2014 Algumas das principais fac\u00e7\u00f5es criminosas que dominam a venda de drogas&hellip;<\/p>\n","protected":false},"author":333,"featured_media":27517,"comment_status":"open","ping_status":"open","sticky":false,"template":"","format":"standard","meta":{"_acf_changed":false,"footnotes":""},"categories":[2],"tags":[],"class_list":["post-27523","post","type-post","status-publish","format-standard","has-post-thumbnail","hentry","category-radar","category-2","description-off"],"acf":[],"_links":{"self":[{"href":"https:\/\/www.raisg.org\/es\/wp-json\/wp\/v2\/posts\/27523","targetHints":{"allow":["GET"]}}],"collection":[{"href":"https:\/\/www.raisg.org\/es\/wp-json\/wp\/v2\/posts"}],"about":[{"href":"https:\/\/www.raisg.org\/es\/wp-json\/wp\/v2\/types\/post"}],"author":[{"embeddable":true,"href":"https:\/\/www.raisg.org\/es\/wp-json\/wp\/v2\/users\/333"}],"replies":[{"embeddable":true,"href":"https:\/\/www.raisg.org\/es\/wp-json\/wp\/v2\/comments?post=27523"}],"version-history":[{"count":2,"href":"https:\/\/www.raisg.org\/es\/wp-json\/wp\/v2\/posts\/27523\/revisions"}],"predecessor-version":[{"id":27528,"href":"https:\/\/www.raisg.org\/es\/wp-json\/wp\/v2\/posts\/27523\/revisions\/27528"}],"wp:featuredmedia":[{"embeddable":true,"href":"https:\/\/www.raisg.org\/es\/wp-json\/wp\/v2\/media\/27517"}],"wp:attachment":[{"href":"https:\/\/www.raisg.org\/es\/wp-json\/wp\/v2\/media?parent=27523"}],"wp:term":[{"taxonomy":"category","embeddable":true,"href":"https:\/\/www.raisg.org\/es\/wp-json\/wp\/v2\/categories?post=27523"},{"taxonomy":"post_tag","embeddable":true,"href":"https:\/\/www.raisg.org\/es\/wp-json\/wp\/v2\/tags?post=27523"}],"curies":[{"name":"wp","href":"https:\/\/api.w.org\/{rel}","templated":true}]}}