{"id":28114,"date":"2021-10-30T12:15:09","date_gmt":"2021-10-30T15:15:09","guid":{"rendered":"https:\/\/www.amazoniasocioambiental.org\/?p=28114"},"modified":"2021-11-07T12:18:18","modified_gmt":"2021-11-07T15:18:18","slug":"indigenas-insisten-ante-la-cop26-en-mantener-vivo-el-80-de-la-amazonia","status":"publish","type":"post","link":"https:\/\/www.raisg.org\/es\/radar\/indigenas-insisten-ante-la-cop26-en-mantener-vivo-el-80-de-la-amazonia\/","title":{"rendered":"Ind\u00edgenas insisten ante la COP26 en mantener vivo el 80% de la Amazon\u00eda"},"content":{"rendered":"<p style=\"text-align: right;\">RPP Notcias<\/p>\n<p style=\"text-align: right;\">30 de octubre de 2021<\/p>\n<p>&nbsp;<\/p>\n<div class=\"sumary\">\n<h2>Los ind\u00edgenas luchan para salvaguardar la\u00a0<a href=\"https:\/\/rpp.pe\/noticias\/amazonia\" target=\"_blank\" rel=\"noopener\">Amazon\u00eda\u00a0<\/a>y que la cumbre\u00a0<a href=\"https:\/\/rpp.pe\/noticias\/cop26\" target=\"_blank\" rel=\"noopener\">COP26<\/a>\u00a0vea su importancia previo a las negociaciones por un acuerdo para reducir las emisiones de\u00a0<strong>CO2.<\/strong><\/h2>\n<\/div>\n<div class=\"story-date\">\n<p>La Coordinadora de Organizaciones Ind\u00edgenas de la Cuenca Amaz\u00f3nica (Coica), que representa a 3,5 millones de<a href=\"https:\/\/rpp.pe\/noticias\/indigenas\" target=\"_blank\" rel=\"noopener\">\u00a0ind\u00edgenas<\/a>\u00a0de nueve pa\u00edses, insisti\u00f3 este s\u00e1bado en mantener el 80% de la\u00a0<a href=\"https:\/\/rpp.pe\/noticias\/amazonia\" target=\"_blank\" rel=\"noopener\">Amazon\u00eda\u00a0<\/a>viva, indic\u00f3 su l\u00edder, Gregorio D\u00edaz Mirabal, previo al inicio de la cumbre\u00a0<a href=\"https:\/\/rpp.pe\/noticias\/cop26\" target=\"_blank\" rel=\"noopener\">COP26<\/a>.<\/p>\n<p>\u00abEstamos en la #COP26 para ratificar nuestra propuesta de mantener el 80% de la\u00a0<strong>Amazon\u00eda<\/strong>\u00a0viva\u00bb, manifest\u00f3 D\u00edaz en conferencia de prensa transmitida desde Glasgow, Escocia.<\/p>\n<p>El l\u00edder ind\u00edgena asegur\u00f3 que \u00abes necesario mantener el equilibrio en la\u00a0<strong>Amazon\u00eda<\/strong>\u00a0que lo garantizan los 511 pueblos de los 9 pa\u00edses de la cuenca amaz\u00f3nica\u00bb.<\/p>\n<p>\u00abSomos\u00a0<strong>Amazon\u00eda<\/strong>\u00a0por la vida, somos el grito del aire, del agua, de los creadores de la selva, estamos aqu\u00ed para tener respuestas y acciones por parte de los Estados\u00bb, dijo D\u00edaz.<\/p>\n<p>Su lucha apunta a salvaguardar la<strong>\u00a0Amazon\u00eda<\/strong>, selva de 8,4 millones de km2, a la que el l\u00edder ind\u00edgena calific\u00f3 como \u00abel pulm\u00f3n de la Tierra\u00bb, que alberga un 20% del agua dulce del planeta.<\/p>\n<p>\u00abNecesitamos establecer una econom\u00eda que valore todas las formas de vida, que apoye a los pueblos\u00a0<strong>ind\u00edgenas<\/strong>\u00a0y mantenga el bosque de pie\u00bb, afirm\u00f3 D\u00edaz, del pueblo wakuenai kurripaco.<\/p>\n<h2>Escenario apocal\u00edptico<\/h2>\n<p>El ind\u00edgena de 54 a\u00f1os expres\u00f3 recientemente a la AFP que el 17% de la selva ya ha sido arrasada a causa de la explotaci\u00f3n de petr\u00f3leo y minerales, la contaminaci\u00f3n y la deforestaci\u00f3n para favorecer la agricultura y la ganader\u00eda.<\/p>\n<p>El l\u00edder habl\u00f3 de un escenario apocal\u00edptico en caso de perderse la selva.<\/p>\n<p>\u00abLa gente va a estar sin ox\u00edgeno, el planeta se va a calentar en 50 a\u00f1os, dos o hasta tres grados (cent\u00edgrados), no va a ser posible la vida en este planeta si la\u00a0<strong>Amazon\u00eda<\/strong>\u00a0desaparece\u00bb, alert\u00f3 el l\u00edder de la Coica.<\/p>\n<p>Durante la cumbre de Glasgow, prevista entre el 31 de octubre y el 12 de noviembre, los pa\u00edses del mundo entero negociar\u00e1n con el objetivo de llegar a un acuerdo para reducir las emisiones de CO2.<\/p>\n<p>Tomado de: <a href=\"https:\/\/rpp.pe\/mundo\/medio-ambiente\/cop26-indigenas-insisten-ante-cumbre-en-mantener-vivo-el-80-de-la-amazonia-noticia-1366448?ref=rpp\">https:\/\/rpp.pe\/mundo\/medio-ambiente\/cop26-indigenas-insisten-ante-cumbre-en-mantener-vivo-el-80-de-la-amazonia-noticia-1366448?ref=rpp<\/a><\/p>\n<\/div>\n","protected":false},"excerpt":{"rendered":"<p>RPP Notcias 30 de octubre de 2021 &nbsp; Los ind\u00edgenas luchan para salvaguardar la\u00a0Amazon\u00eda\u00a0y que la cumbre\u00a0COP26\u00a0vea su importancia previo a las negociaciones por un acuerdo para reducir las emisiones de\u00a0CO2. La Coordinadora de Organizaciones Ind\u00edgenas de la Cuenca Amaz\u00f3nica (Coica), que representa a 3,5 millones de\u00a0ind\u00edgenas\u00a0de nueve pa\u00edses, insisti\u00f3 este s\u00e1bado en mantener el&hellip;<\/p>\n","protected":false},"author":321,"featured_media":28115,"comment_status":"open","ping_status":"open","sticky":false,"template":"","format":"standard","meta":{"_acf_changed":false,"footnotes":""},"categories":[1],"tags":[],"class_list":["post-28114","post","type-post","status-publish","format-standard","has-post-thumbnail","hentry","category-radar","category-1","description-off"],"acf":[],"_links":{"self":[{"href":"https:\/\/www.raisg.org\/es\/wp-json\/wp\/v2\/posts\/28114","targetHints":{"allow":["GET"]}}],"collection":[{"href":"https:\/\/www.raisg.org\/es\/wp-json\/wp\/v2\/posts"}],"about":[{"href":"https:\/\/www.raisg.org\/es\/wp-json\/wp\/v2\/types\/post"}],"author":[{"embeddable":true,"href":"https:\/\/www.raisg.org\/es\/wp-json\/wp\/v2\/users\/321"}],"replies":[{"embeddable":true,"href":"https:\/\/www.raisg.org\/es\/wp-json\/wp\/v2\/comments?post=28114"}],"version-history":[{"count":1,"href":"https:\/\/www.raisg.org\/es\/wp-json\/wp\/v2\/posts\/28114\/revisions"}],"predecessor-version":[{"id":28118,"href":"https:\/\/www.raisg.org\/es\/wp-json\/wp\/v2\/posts\/28114\/revisions\/28118"}],"wp:featuredmedia":[{"embeddable":true,"href":"https:\/\/www.raisg.org\/es\/wp-json\/wp\/v2\/media\/28115"}],"wp:attachment":[{"href":"https:\/\/www.raisg.org\/es\/wp-json\/wp\/v2\/media?parent=28114"}],"wp:term":[{"taxonomy":"category","embeddable":true,"href":"https:\/\/www.raisg.org\/es\/wp-json\/wp\/v2\/categories?post=28114"},{"taxonomy":"post_tag","embeddable":true,"href":"https:\/\/www.raisg.org\/es\/wp-json\/wp\/v2\/tags?post=28114"}],"curies":[{"name":"wp","href":"https:\/\/api.w.org\/{rel}","templated":true}]}}