{"id":28469,"date":"2021-11-15T15:57:22","date_gmt":"2021-11-15T18:57:22","guid":{"rendered":"https:\/\/www.amazoniasocioambiental.org\/radar\/entenda-como-ocorrem-queimadas-na-amazonia-uma-floresta-tropical-umida\/"},"modified":"2021-11-16T16:15:55","modified_gmt":"2021-11-16T19:15:55","slug":"entenda-como-ocorrem-queimadas-na-amazonia-uma-floresta-tropical-umida","status":"publish","type":"post","link":"https:\/\/www.raisg.org\/es\/radar\/entenda-como-ocorrem-queimadas-na-amazonia-uma-floresta-tropical-umida\/","title":{"rendered":"Entenda como ocorrem queimadas na Amaz\u00f4nia, uma floresta tropical \u00famida"},"content":{"rendered":"<p style=\"text-align: right;\"><strong><span class=\"author__group\">CNN Brasil<br \/>\nGiovanna Galvani <span class=\"last\">e Ludmila Candal<br \/>\n15 de novembro de 2021<br \/>\nAmaz\u00f4nia brasileira<\/span><\/span><\/strong><\/p>\n<h3 class=\"post__excerpt\" style=\"text-align: center;\"><em>\u00c0 CNN, professora da UNB explica que uni\u00e3o de desmatamento, degrada\u00e7\u00e3o e mudan\u00e7as clim\u00e1ticas influenciam na propaga\u00e7\u00e3o do fogo na floresta<\/em><\/h3>\n<p>&nbsp;<\/p>\n<p><iframe title=\"Entenda como queimadas ocorrem na Amaz\u00f4nia, uma floresta tropical \u00famida | LIVE CNN\" width=\"1200\" height=\"675\" src=\"https:\/\/www.youtube.com\/embed\/fBIU_ug_2O0?start=71&#038;feature=oembed\" frameborder=\"0\" allow=\"accelerometer; autoplay; clipboard-write; encrypted-media; gyroscope; picture-in-picture\" allowfullscreen><\/iframe><\/p>\n<p>Nesta segunda-feira (15), o presidente <a href=\"https:\/\/www.cnnbrasil.com.br\/politica\/em-dubai-bolsonaro-diz-amazonia-por-ser-uma-floresta-umida-nao-pega-fogo\/\">Jair Bolsonaro (sem partido) afirmou que a Amaz\u00f4nia n\u00e3o poderia pegar fogo por ser uma \u201cfloresta \u00famida\u201d<\/a> \u2013 mas a declara\u00e7\u00e3o trata-se de uma \u201cdesinforma\u00e7\u00e3o\u201d, afirmou a bi\u00f3loga e professora da Universidade de Bras\u00edlia, Mercedes Bustamante, em entrevista \u00e0 <strong>CNN.<\/strong><\/p>\n<p>\u201cA Amaz\u00f4nia \u00e9 uma floresta tropical \u00famida, mas o que precisamos considerar \u00e9 que a floresta esta sob impactos de altera\u00e7\u00f5es induzidas pelo homem. Quando h\u00e1 processos de desmatamento, [ele] fragmenta a floresta em pequenas unidades e aumenta o \u2018efeito de borda\u2019: a borda da floresta vai ficando mais seca e mais suscet\u00edvel aos inc\u00eandios florestais\u201d, explica a professora.<\/p>\n<p>Bolsonaro fez as declara\u00e7\u00f5es durante abertura do Invest in Brazil Forum (evento com investidores), em Dubai, nos Emirados \u00c1rabes Unidos. Para o presidente, os ataques que o pa\u00eds sofre pelos \u00edndices de queimadas e desmatamento \u201cn\u00e3o s\u00e3o justos\u201d.<\/p>\n<p>\u201cN\u00f3s queremos que os senhores conhe\u00e7am o Brasil de fato. Uma viagem, um passeio pela Amaz\u00f4nia \u00e9 algo fant\u00e1stico\u2026 At\u00e9 para que os senhores vejam que a nossa Amaz\u00f4nia, por ser uma floresta \u00famida, n\u00e3o pega fogo, que os senhores vejam, realmente, o que ela tem\u201d, disse.<\/p>\n<p>Para Mercedes Bustamante, tanto dados de monitoramentos por sat\u00e9lite realizado pelo <a href=\"https:\/\/www.cnnbrasil.com.br\/tudo-sobre\/instituto-nacional-de-pesquisas-espaciais-inpe\/\">Instituto de Pesquisas Espaciais<\/a> (Inpe) quanto o entendimento cient\u00edfico acumulado at\u00e9 o momento sobre o tema mostram que existe uma \u201ctransforma\u00e7\u00e3o do sistema amaz\u00f4nico\u201d.<\/p>\n<p>Segundo dados de \u00e1reas devastadas pelas queimadas em 2021, o Inpe identificou 217.239 km\u00b2 afetados dentre os seis biomas brasileiros at\u00e9 o final de setembro. Os dados s\u00e3o do mapa de \u00e1rea queimada elaborado pelo \u00f3rg\u00e3o.<\/p>\n<p>O bioma mais afetado foi o Cerrado, com 124.021 km\u00b2 queimados. Em seguida, est\u00e3o a Amaz\u00f4nia, com 37.938 km\u00b2, e a Caatinga com 22.282 km\u00b2. A Mata Atl\u00e2ntica aparece em quarto com 19.203 km\u00b2, seguida pelo Pantanal (13.645 km\u00b2) e pelo Pampa (1.150 km\u00b2).<\/p>\n<p>\u201cHoje, infelizmente, a floresta est\u00e1 na converg\u00eancia de tr\u00eas fatores de press\u00e3o: desmatamento, degrada\u00e7\u00e3o e as mudan\u00e7a clim\u00e1tica. Isso vem mudando as condi\u00e7\u00f5es ecol\u00f3gicas, o que faz que o fogo se torne mais presente na regi\u00e3o\u201d, afirmou a professora.<\/p>\n<p>Entre as a\u00e7\u00f5es que impactam na regi\u00e3o, Bustamante aponta que a retirada seletiva de madeira decorrente do desmatamento \u201cabre a cobertura da floresta, permite a entrada de mais radia\u00e7\u00e3o solar e cerca a floresta, tornando-a suscet\u00edvel aos inc\u00eandios\u201d.\u00a0 Al\u00e9m disso, fogo colocado propositalmente na floresta, neste contexto, tamb\u00e9m colaboram para a propaga\u00e7\u00e3o de grandes queimadas.<\/p>\n<p>Em seu discurso, Bolsonaro tamb\u00e9m disse que a floresta estaria \u201cexatamente igual de quando foi descoberto no ano de 1500\u201d. No entanto, Mercedes Bustamante tamb\u00e9m contestou a afirma\u00e7\u00e3o e disse que, em determinadas \u00e1reas, h\u00e1 temores at\u00e9 de que seja atingido um ponto de n\u00e3o retorno da degrada\u00e7\u00e3o alcan\u00e7ada.<\/p>\n<p>\u201cN\u00e3o estamos neste mesmo patamar. Temos quase 20% da Amaz\u00f4nia desmatada, e a gente agrega cerca de 18% da \u00e1rea que esta em processo de degrada\u00e7\u00e3o. Em algumas regi\u00f5es, nas que conhecemos como arco do desmatamento, a gente percebe uma transforma\u00e7\u00e3o que leva essa regi\u00e3o ao que se chama de ponto de inflex\u00e3o, quando se perderia as condi\u00e7\u00f5es de ter ali uma floresta tropical \u00famida\u201d, afirmou.<\/p>\n<p>Para a bi\u00f3loga, apesar da postura do Brasil na <a href=\"https:\/\/www.cnnbrasil.com.br\/tudo-sobre\/cop26\/\">COP26<\/a> ter sido \u201cbem-vinda\u201d pela mudan\u00e7a de postura em rela\u00e7\u00e3o \u00e0s negocia\u00e7\u00f5es ambientais, as metas mais ambiciosas \u2013 como a de zerar o desmatamento at\u00e9 2030 \u2013 precisam vir acompanhadas de reconhecimento e mudan\u00e7a de postura.<\/p>\n<p>\u201c\u00c9 preciso aceitar a realidade do desmatamento, que ele existe e precisa ser combatido. N\u00e3o basta ter assinatura de uma acordo em uma semana e uma declara\u00e7\u00e3o contradit\u00f3ria como essa na semana seguinte\u201d, disse a bi\u00f3loga.<\/p>\n<p><em>*Com informa\u00e7\u00f5es de Andre Rigue, da CNN<\/em><\/p>\n<p><strong>Texto original dispon\u00edvel em: <a href=\"https:\/\/www.cnnbrasil.com.br\/nacional\/entenda-como-ocorrem-queimadas-na-amazonia-uma-floresta-tropical-umida\/\">https:\/\/www.cnnbrasil.com.br\/nacional\/entenda-como-ocorrem-queimadas-na-amazonia-uma-floresta-tropical-umida\/<\/a><\/strong><\/p>\n<p>&nbsp;<\/p>\n","protected":false},"excerpt":{"rendered":"<p>CNN Brasil Giovanna Galvani e Ludmila Candal 15 de novembro de 2021 Amaz\u00f4nia brasileira \u00c0 CNN, professora da UNB explica que uni\u00e3o de desmatamento, degrada\u00e7\u00e3o e mudan\u00e7as clim\u00e1ticas influenciam na propaga\u00e7\u00e3o do fogo na floresta &nbsp; Nesta segunda-feira (15), o presidente Jair Bolsonaro (sem partido) afirmou que a Amaz\u00f4nia n\u00e3o poderia pegar fogo por ser&hellip;<\/p>\n","protected":false},"author":333,"featured_media":28474,"comment_status":"open","ping_status":"open","sticky":false,"template":"","format":"standard","meta":{"_acf_changed":false,"footnotes":""},"categories":[2],"tags":[],"class_list":["post-28469","post","type-post","status-publish","format-standard","has-post-thumbnail","hentry","category-radar","category-2","description-off"],"acf":[],"_links":{"self":[{"href":"https:\/\/www.raisg.org\/es\/wp-json\/wp\/v2\/posts\/28469","targetHints":{"allow":["GET"]}}],"collection":[{"href":"https:\/\/www.raisg.org\/es\/wp-json\/wp\/v2\/posts"}],"about":[{"href":"https:\/\/www.raisg.org\/es\/wp-json\/wp\/v2\/types\/post"}],"author":[{"embeddable":true,"href":"https:\/\/www.raisg.org\/es\/wp-json\/wp\/v2\/users\/333"}],"replies":[{"embeddable":true,"href":"https:\/\/www.raisg.org\/es\/wp-json\/wp\/v2\/comments?post=28469"}],"version-history":[{"count":1,"href":"https:\/\/www.raisg.org\/es\/wp-json\/wp\/v2\/posts\/28469\/revisions"}],"predecessor-version":[{"id":28471,"href":"https:\/\/www.raisg.org\/es\/wp-json\/wp\/v2\/posts\/28469\/revisions\/28471"}],"wp:featuredmedia":[{"embeddable":true,"href":"https:\/\/www.raisg.org\/es\/wp-json\/wp\/v2\/media\/28474"}],"wp:attachment":[{"href":"https:\/\/www.raisg.org\/es\/wp-json\/wp\/v2\/media?parent=28469"}],"wp:term":[{"taxonomy":"category","embeddable":true,"href":"https:\/\/www.raisg.org\/es\/wp-json\/wp\/v2\/categories?post=28469"},{"taxonomy":"post_tag","embeddable":true,"href":"https:\/\/www.raisg.org\/es\/wp-json\/wp\/v2\/tags?post=28469"}],"curies":[{"name":"wp","href":"https:\/\/api.w.org\/{rel}","templated":true}]}}