{"id":29118,"date":"2021-12-05T15:34:51","date_gmt":"2021-12-05T18:34:51","guid":{"rendered":"https:\/\/www.amazoniasocioambiental.org\/radar\/general-heleno-autoriza-avanco-de-garimpo-em-areas-preservadas-na-amazonia\/"},"modified":"2021-12-05T15:34:51","modified_gmt":"2021-12-05T18:34:51","slug":"general-heleno-autoriza-avanco-de-garimpo-em-areas-preservadas-na-amazonia","status":"publish","type":"post","link":"https:\/\/www.raisg.org\/es\/radar\/general-heleno-autoriza-avanco-de-garimpo-em-areas-preservadas-na-amazonia\/","title":{"rendered":"General Heleno autoriza avan\u00e7o de garimpo em \u00e1reas preservadas na Amaz\u00f4nia"},"content":{"rendered":"<p style=\"text-align: right;\"><strong>Folha de S. Paulo<\/strong><br \/>\n<strong>Vinicius Sassine<\/strong><br \/>\n<strong>05 de dezembro de 2021<\/strong><br \/>\n<strong>Amaz\u00f4nia Brasileira<\/strong><\/p>\n<h3 class=\"c-content-head__subtitle\" style=\"text-align: center;\"><em>Ministro permitiu sete projetos de pesquisa de ouro em regi\u00e3o na fronteira, ato in\u00e9dito nos \u00faltimos dez anos<\/em><\/h3>\n<p>O general Augusto Heleno, ministro do GSI (Gabinete de Seguran\u00e7a Institucional) da Presid\u00eancia, <a href=\"https:\/\/www1.folha.uol.com.br\/ambiente\/2021\/12\/empresas-autuadas-pelo-ibama-e-garimpeiros-com-dragas-se-beneficiam-de-atos-do-governo.shtml\">autorizou o avan\u00e7o de sete projetos<\/a> de <a href=\"https:\/\/www1.folha.uol.com.br\/mercado\/2021\/08\/quase-30-do-ouro-exportado-pelo-brasil-pode-ser-ilegal-mostra-estudo.shtml\">explora\u00e7\u00e3o de ouro<\/a> numa regi\u00e3o praticamente intocada da <a href=\"https:\/\/www1.folha.uol.com.br\/folha-topicos\/amazonia\/\">Amaz\u00f4nia<\/a>, gesto in\u00e9dito do Conselho de Defesa Nacional nos \u00faltimos dez anos.<\/p>\n<p>Heleno, que despacha no Pal\u00e1cio do Planalto e que se coloca como um dos principais conselheiros de Jair Bolsonaro, \u00e9 secret\u00e1rio-executivo do Conselho de Defesa, \u00f3rg\u00e3o que aconselha o presidente em assuntos de soberania e defesa.<\/p>\n<p>Cabe ao ministro do GSI dar aval ou o n\u00e3o a projetos de minera\u00e7\u00e3o na faixa de fronteira, numa largura de 150 km.<\/p>\n<figure><img decoding=\"async\" src=\"https:\/\/f.i.uol.com.br\/fotografia\/2021\/04\/18\/1618794250607cd70a1342a_1618794250_3x2_rt.jpg\" srcset=\"https:\/\/f.i.uol.com.br\/fotografia\/2021\/04\/18\/1618794250607cd70a1342a_1618794250_3x2_th.jpg 100w,                              https:\/\/f.i.uol.com.br\/fotografia\/2021\/04\/18\/1618794250607cd70a1342a_1618794250_3x2_sm.jpg 480w,                https:\/\/f.i.uol.com.br\/fotografia\/2021\/04\/18\/1618794250607cd70a1342a_1618794250_3x2_md.jpg 768w,                https:\/\/f.i.uol.com.br\/fotografia\/2021\/04\/18\/1618794250607cd70a1342a_1618794250_3x2_lg.jpg 1024w,                https:\/\/f.i.uol.com.br\/fotografia\/2021\/04\/18\/1618794250607cd70a1342a_1618794250_3x2_xl.jpg 1200w,                https:\/\/f.i.uol.com.br\/fotografia\/2021\/04\/18\/1618794250607cd70a1342a_1618794250_3x2_rt.jpg 2400w\" alt=\"0\" data-sizes=\"(min-width: 1024px) 68vw, 100vw\" data-src=\"https:\/\/f.i.uol.com.br\/fotografia\/2021\/04\/18\/1618794250607cd70a1342a_1618794250_3x2_md.jpg\" data-srcset=\" https:\/\/f.i.uol.com.br\/fotografia\/2021\/04\/18\/1618794250607cd70a1342a_1618794250_3x2_th.jpg 100w,                              https:\/\/f.i.uol.com.br\/fotografia\/2021\/04\/18\/1618794250607cd70a1342a_1618794250_3x2_sm.jpg 480w,                https:\/\/f.i.uol.com.br\/fotografia\/2021\/04\/18\/1618794250607cd70a1342a_1618794250_3x2_md.jpg 768w,                https:\/\/f.i.uol.com.br\/fotografia\/2021\/04\/18\/1618794250607cd70a1342a_1618794250_3x2_lg.jpg 1024w,                https:\/\/f.i.uol.com.br\/fotografia\/2021\/04\/18\/1618794250607cd70a1342a_1618794250_3x2_xl.jpg 1200w,                https:\/\/f.i.uol.com.br\/fotografia\/2021\/04\/18\/1618794250607cd70a1342a_1618794250_3x2_rt.jpg 2400w \" \/><figcaption>General Heleno autorizou em 2021 sete projetos de pesquisa de ouro na regi\u00e3o de S\u00e3o Gabriel da Cachoeira (AM) &#8211; Christian Braga &#8211; 18.abr.2021\/Greenpeace<\/figcaption><\/figure>\n<p>Com base em projetos encaminhados pela ANM (Ag\u00eancia Nacional de Minera\u00e7\u00e3o), o general autorizou em 2021 sete projetos de pesquisa de ouro na regi\u00e3o de <a href=\"https:\/\/www1.folha.uol.com.br\/poder\/2021\/05\/na-cidade-mais-indigena-do-brasil-exercito-ocupa-e-domina-vida-civil.shtml\">S\u00e3o<\/a><a href=\"https:\/\/www1.folha.uol.com.br\/poder\/2021\/05\/na-cidade-mais-indigena-do-brasil-exercito-ocupa-e-domina-vida-civil.shtml\"> Gabriel da Cachoeira (AM)<\/a>. O lugar \u00e9 conhecido como Cabe\u00e7a do Cachorro e est\u00e1 no extremo noroeste do Amazonas, na fronteira do Brasil com a Col\u00f4mbia e a Venezuela.<\/p>\n<p>Na regi\u00e3o est\u00e3o 23 <a href=\"https:\/\/www1.folha.uol.com.br\/folha-topicos\/indigenas\/\">etnias<\/a> <a href=\"https:\/\/www1.folha.uol.com.br\/folha-topicos\/indigenas\/\">ind\u00edgenas<\/a> . S\u00e3o Gabriel da Cachoeira \u00e9 a cidade mais ind\u00edgena do Brasil. A Cabe\u00e7a do Cachorro \u00e9 uma das \u00e1reas mais preservadas da Amaz\u00f4nia e uma das \u00faltimas fronteiras sem atividades que resultam em <a href=\"https:\/\/www1.folha.uol.com.br\/ambiente\/2021\/11\/cinco-ministerios-de-bolsonaro-associam-politicas-a-falsa-reversao-do-desmatamento.shtml\">desmatamento<\/a> <a href=\"https:\/\/www1.folha.uol.com.br\/ambiente\/2021\/11\/cinco-ministerios-de-bolsonaro-associam-politicas-a-falsa-reversao-do-desmatamento.shtml\">elevado<\/a> .<\/p>\n<p>A <b>Folha<\/b> analisou os extratos de 2.004 atos de assentimento pr\u00e9vio, como s\u00e3o chamadas as autoriza\u00e7\u00f5es dadas pelo Conselho de Defesa Nacional para a faixa de fronteira, publicados nos \u00faltimos dez anos. Para isso, usou a base de dados mantida pelo pr\u00f3prio GSI. Os extratos s\u00e3o publicados no Di\u00e1rio Oficial da Uni\u00e3o.<\/p>\n<p>As primeiras autoriza\u00e7\u00f5es para empresas e empres\u00e1rios pesquisarem ouro na regi\u00e3o de S\u00e3o Gabriel da Cachoeira foram dadas em 2021, levando-se em conta o levantamento feito nos atos dos \u00faltimos dez anos.<\/p>\n<p>Questionada pela <b>Folha<\/b>, a ANM n\u00e3o respondeu se j\u00e1 houve autoriza\u00e7\u00e3o para pesquisa de ouro na Cabe\u00e7a do Cachorro antes. Os dados p\u00fablicos indicam que n\u00e3o.<\/p>\n<p>Uma autoriza\u00e7\u00e3o de pesquisa permite \u00abatividades de an\u00e1lise e estudo da \u00e1rea em que se pretende lavrar\u00bb, conforme a ANM. S\u00e3o os trabalhos necess\u00e1rios para se definir uma jazida de um min\u00e9rio.<\/p>\n<p>O levantamento feito pela reportagem mostra que Heleno concedeu 81 autoriza\u00e7\u00f5es de minera\u00e7\u00e3o na Amaz\u00f4nia desde 2019, entre permiss\u00f5es de pesquisa e de lavra de min\u00e9rios. A maior quantidade foi em 2021: 45, conforme atos publicados at\u00e9 o \u00faltimo dia 2, sendo essa a maior quantidade num ano desde 2013. O n\u00famero pode aumentar, pois pode haver novos atos em dezembro.<\/p>\n<p>Os assentimentos pr\u00e9vios no governo Bolsonaro, <a href=\"https:\/\/www1.folha.uol.com.br\/poder\/2021\/10\/bolsonaro-e-criticado-apos-visitar-area-de-garimpo-ilegal-em-terra-indigena-que-prometeu-anular.shtml\">incentivador do garimpo em terras da Uni\u00e3o<\/a>, envolvem \u00e1rea de 587 mil hectares, quase quatro vezes o tamanho da cidade de S\u00e3o Paulo. Apenas os sete projetos na regi\u00e3o de S\u00e3o Gabriel da Cachoeira englobam 12,7 mil hectares.<\/p>\n<p>Os registros da ANM mostram que 6 dos 7 empreendimentos ocorrem em \u00abterrenos da Uni\u00e3o\u00bb. Os documentos n\u00e3o detalham que terrenos s\u00e3o esses, numa regi\u00e3o onde est\u00e3o o Parque Nacional do Pico da Neblina e terras ind\u00edgenas.<\/p>\n<figure><img decoding=\"async\" src=\"https:\/\/f.i.uol.com.br\/fotografia\/2021\/12\/04\/163864193361abb10d7e86f_1638641933_1x1_lg.jpg\" srcset=\"https:\/\/f.i.uol.com.br\/fotografia\/2021\/12\/04\/163864193361abb10d7e86f_1638641933_1x1_th.jpg 100w,                              https:\/\/f.i.uol.com.br\/fotografia\/2021\/12\/04\/163864193361abb10d7e86f_1638641933_1x1_sm.jpg 480w,                https:\/\/f.i.uol.com.br\/fotografia\/2021\/12\/04\/163864193361abb10d7e86f_1638641933_1x1_md.jpg 768w,                https:\/\/f.i.uol.com.br\/fotografia\/2021\/12\/04\/163864193361abb10d7e86f_1638641933_1x1_lg.jpg 1024w,\" alt=\"\" data-sizes=\"(min-width: 1024px) 68vw, 100vw\" data-src=\"https:\/\/f.i.uol.com.br\/fotografia\/2021\/12\/04\/163864193361abb10d7e86f_1638641933_1x1_md.jpg\" data-srcset=\" https:\/\/f.i.uol.com.br\/fotografia\/2021\/12\/04\/163864193361abb10d7e86f_1638641933_1x1_th.jpg 100w,                              https:\/\/f.i.uol.com.br\/fotografia\/2021\/12\/04\/163864193361abb10d7e86f_1638641933_1x1_sm.jpg 480w,                https:\/\/f.i.uol.com.br\/fotografia\/2021\/12\/04\/163864193361abb10d7e86f_1638641933_1x1_md.jpg 768w,                https:\/\/f.i.uol.com.br\/fotografia\/2021\/12\/04\/163864193361abb10d7e86f_1638641933_1x1_lg.jpg 1024w,                             \" \/><figcaption>Documento do GSI reproduz imagem de sat\u00e9lite com localiza\u00e7\u00e3o exata de \u00e1rea para pesquisa de ouro, entre duas terras ind\u00edgenas e um parque nacional &#8211; Reprodu\u00e7\u00e3o<\/figcaption><\/figure>\n<p>O GSI afirmou, em nota, que h\u00e1 atos de assentimento em toda a regi\u00e3o amaz\u00f4nica, voltados a pesquisa ou explora\u00e7\u00e3o de \u00abdiversos minerais considerados estrat\u00e9gicos para o Brasil nas \u00faltimas d\u00e9cadas\u00bb. Os processos s\u00e3o instru\u00eddos pela ANM, segundo o GSI.<\/p>\n<p>\u00abA concess\u00e3o de assentimento pr\u00e9vio para pesquisa ou lavra de ouro na regi\u00e3o amaz\u00f4nica segue os mesmos ritos procedimentais que qualquer outro mineral, independente da regi\u00e3o da faixa de fronteira em que se localiza, sob pena de causar preju\u00edzos \u00e0 Uni\u00e3o, estados e munic\u00edpios caso houvesse qualquer tipo de favorecimento de uma regi\u00e3o para outra\u00bb, diz a nota.<\/p>\n<p>A passagem pelo Conselho de Defesa mant\u00e9m o controle e monitoramento de atividades em \u00e1reas sens\u00edveis e disponibiliza informa\u00e7\u00f5es importantes para tomada de decis\u00f5es pelo presidente, de acordo com o GSI. \u00abN\u00e3o se evidenciou impedimento legal \u00e0 solicita\u00e7\u00e3o dos interessados para o secret\u00e1rio-executivo assinar os atos de assentimento.\u00bb<\/p>\n<p>A <b>Folha <\/b>consultou dois documentos do GSI que orientaram os assentimentos pr\u00e9vios, com base em processos e pareceres favor\u00e1veis enviados pela ANM. Os outros cinco s\u00e3o mantidos em sigilo.<\/p>\n<p>Heleno permitiu que Avemar Roberto Rocha pesquise ouro numa \u00e1rea de 553 hectares em S\u00e3o Gabriel da Cachoeira e Santa Isabel do Rio Negro, conforme decis\u00e3o em 26 de julho de 2021. O documento do GSI mostra que a \u00e1rea da Uni\u00e3o est\u00e1 entre duas terras ind\u00edgenas e um pouco abaixo do parque do <a href=\"https:\/\/www1.folha.uol.com.br\/turismo\/2018\/04\/indios-yanomamis-apostam-no-turismo-para-afastar-ameaca-de-garimpo-e-ganhar-autonomia.shtml\">Parque<\/a><a href=\"https:\/\/www1.folha.uol.com.br\/turismo\/2018\/04\/indios-yanomamis-apostam-no-turismo-para-afastar-ameaca-de-garimpo-e-ganhar-autonomia.shtml\"> Nacional do Pico da Neblina<\/a>.<\/p>\n<p>J\u00e1 Roniely Oldenburg Barbosa ganhou aval do GSI para prospectar ouro em 66 hectares em S\u00e3o Gabriel da Cachoeira e Japur\u00e1, de acordo com ato do general Heleno de 7 de abril de 2021. A \u00e1rea no primeiro munic\u00edpio est\u00e1 entre uma terra ind\u00edgena e o Rio Negro.<\/p>\n<p>A reportagem n\u00e3o localizou Rocha. Barbosa n\u00e3o respondeu a contatos em rede social.<\/p>\n<figure><img decoding=\"async\" src=\"https:\/\/f.i.uol.com.br\/fotografia\/2021\/12\/04\/163864192761abb107742bc_1638641927_1x1_lg.jpg\" srcset=\"https:\/\/f.i.uol.com.br\/fotografia\/2021\/12\/04\/163864192761abb107742bc_1638641927_1x1_th.jpg 100w,                              https:\/\/f.i.uol.com.br\/fotografia\/2021\/12\/04\/163864192761abb107742bc_1638641927_1x1_sm.jpg 480w,                https:\/\/f.i.uol.com.br\/fotografia\/2021\/12\/04\/163864192761abb107742bc_1638641927_1x1_md.jpg 768w,                https:\/\/f.i.uol.com.br\/fotografia\/2021\/12\/04\/163864192761abb107742bc_1638641927_1x1_lg.jpg 1024w,\" alt=\"\" data-sizes=\"(min-width: 1024px) 68vw, 100vw\" data-src=\"https:\/\/f.i.uol.com.br\/fotografia\/2021\/12\/04\/163864192761abb107742bc_1638641927_1x1_md.jpg\" data-srcset=\" https:\/\/f.i.uol.com.br\/fotografia\/2021\/12\/04\/163864192761abb107742bc_1638641927_1x1_th.jpg 100w,                              https:\/\/f.i.uol.com.br\/fotografia\/2021\/12\/04\/163864192761abb107742bc_1638641927_1x1_sm.jpg 480w,                https:\/\/f.i.uol.com.br\/fotografia\/2021\/12\/04\/163864192761abb107742bc_1638641927_1x1_md.jpg 768w,                https:\/\/f.i.uol.com.br\/fotografia\/2021\/12\/04\/163864192761abb107742bc_1638641927_1x1_lg.jpg 1024w,                             \" \/><figcaption>Documento do GSI reproduz imagem de sat\u00e9lite com localiza\u00e7\u00e3o exata de \u00e1rea para pesquisa de ouro, pouco acima de uma terra ind\u00edgena &#8211; Reprodu\u00e7\u00e3o<\/figcaption><\/figure>\n<p>As autoriza\u00e7\u00f5es dadas t\u00eam duas empresas como benefici\u00e1rias. Uma delas, a SF Paim, com sede em S\u00e3o Gabriel da Cachoeira, poder\u00e1 pesquisar ouro em 1.110 hectares.<\/p>\n<p>A empresa teve contrato assinado no fim de 2020 com a coordena\u00e7\u00e3o regional do Rio Negro da Funai (Funda\u00e7\u00e3o Nacional do \u00cdndio). O valor foi de R$ 679 mil, para servi\u00e7os de engenharia. Em agosto de 2021, o GSI permitiu que a empresa pesquise ouro na faixa de fronteira da Cabe\u00e7a do Cachorro.<\/p>\n<p>A reportagem n\u00e3o conseguiu contato no telefone informado pela pr\u00f3pria SF Paim.<\/p>\n<p>J\u00e1 a Amazonrios Navega\u00e7\u00e3o, empresa de transporte em balsas em diferentes estados na Amaz\u00f4nia, poder\u00e1 pesquisar ouro, ni\u00f3bio e t\u00e2ntalo em \u00e1rea de 9.676 hectares. O ato do general Heleno \u00e9 do \u00faltimo dia 2. Segundo o informado \u00e0 ANM, trata-se de \u00abpropriedade de terceiros\u00bb. Tamb\u00e9m n\u00e3o foi poss\u00edvel contato pelos n\u00fameros informados.<\/p>\n<figure><figcaption><a href=\"https:\/\/fotografia.folha.uol.com.br\/galerias\/1666891315689557-sao-gabriel-da-cachoeira-am\">S\u00e3o Gabriel da Cachoeira (AM)<\/a><\/figcaption><a href=\"https:\/\/fotografia.folha.uol.com.br\/galerias\/1666891315689557-sao-gabriel-da-cachoeira-am\"><img decoding=\"async\" src=\"https:\/\/f.i.uol.com.br\/fotografia\/2020\/05\/16\/15896719845ec0783090b66_1589671984_3x2_md.jpg\" alt=\"S\u00e3o Gabriel da Cachoeira (AM)\" data-src=\"https:\/\/f.i.uol.com.br\/fotografia\/2020\/05\/16\/15896719845ec0783090b66_1589671984_3x2_md.jpg\" \/><\/a><\/figure>\n<p>O casal Fernando Mondini e Jerusa Coelho Mondini, s\u00f3cios de empresa de constru\u00e7\u00e3o e repara\u00e7\u00e3o de embarca\u00e7\u00f5es e de aluguel de m\u00e1quinas para extra\u00e7\u00e3o de min\u00e9rio, conseguiu cada um autoriza\u00e7\u00f5es do GSI.<\/p>\n<p>A \u00e1rea dele, de 215 hectares, envolve o munic\u00edpio de Santa Isabel do Rio Negro. A dela, de 764 hectares, fica em S\u00e3o Gabriel da Cachoeira. O empres\u00e1rio planeja gastar R$ 150 mil com \u00absondagem por draga e coleta de amostras por tapete\u00bb.<\/p>\n<p>Outros R$ 150 mil devem ser para \u00abteste de beneficiamento\u00bb. E mais R$ 150 mil com levantamentos geoqu\u00edmicos. O projeto da s\u00f3cia tamb\u00e9m envolve dragagem, or\u00e7ado em R$ 800 mil.<\/p>\n<p>\u200bAo telefone, Jerusa disse que o marido retornaria a liga\u00e7\u00e3o, o que n\u00e3o ocorreu.<\/p>\n<p>Em nota, a ANM afirmou que requerimentos de minera\u00e7\u00e3o s\u00f3 podem incidir em \u00e1reas livres e desoneradas. \u00abA ANM n\u00e3o aprovar\u00e1 o requerimento de qualquer t\u00edtulo miner\u00e1rio se este incidir em \u00e1rea onerada ou em \u00e1rea com qualquer outro bloqueio legal, a exemplo de terras ind\u00edgenas ou unidades de conserva\u00e7\u00e3o de prote\u00e7\u00e3o integral.\u00bb<\/p>\n<p>&nbsp;<\/p>\n<p><strong>Texto original dispon\u00edvel em: <a href=\"https:\/\/www1.folha.uol.com.br\/ambiente\/2021\/12\/general-heleno-autoriza-avanco-de-garimpo-em-areas-preservadas-na-amazonia.shtml\">https:\/\/www1.folha.uol.com.br\/ambiente\/2021\/12\/general-heleno-autoriza-avanco-de-garimpo-em-areas-preservadas-na-amazonia.shtml<\/a><\/strong><\/p>\n","protected":false},"excerpt":{"rendered":"<p>Folha de S. Paulo Vinicius Sassine 05 de dezembro de 2021 Amaz\u00f4nia Brasileira Ministro permitiu sete projetos de pesquisa de ouro em regi\u00e3o na fronteira, ato in\u00e9dito nos \u00faltimos dez anos O general Augusto Heleno, ministro do GSI (Gabinete de Seguran\u00e7a Institucional) da Presid\u00eancia, autorizou o avan\u00e7o de sete projetos de explora\u00e7\u00e3o de ouro numa&hellip;<\/p>\n","protected":false},"author":333,"featured_media":29115,"comment_status":"open","ping_status":"open","sticky":false,"template":"","format":"standard","meta":{"_acf_changed":false,"footnotes":""},"categories":[2],"tags":[],"class_list":["post-29118","post","type-post","status-publish","format-standard","has-post-thumbnail","hentry","category-radar","category-2","description-off"],"acf":[],"_links":{"self":[{"href":"https:\/\/www.raisg.org\/es\/wp-json\/wp\/v2\/posts\/29118","targetHints":{"allow":["GET"]}}],"collection":[{"href":"https:\/\/www.raisg.org\/es\/wp-json\/wp\/v2\/posts"}],"about":[{"href":"https:\/\/www.raisg.org\/es\/wp-json\/wp\/v2\/types\/post"}],"author":[{"embeddable":true,"href":"https:\/\/www.raisg.org\/es\/wp-json\/wp\/v2\/users\/333"}],"replies":[{"embeddable":true,"href":"https:\/\/www.raisg.org\/es\/wp-json\/wp\/v2\/comments?post=29118"}],"version-history":[{"count":0,"href":"https:\/\/www.raisg.org\/es\/wp-json\/wp\/v2\/posts\/29118\/revisions"}],"wp:featuredmedia":[{"embeddable":true,"href":"https:\/\/www.raisg.org\/es\/wp-json\/wp\/v2\/media\/29115"}],"wp:attachment":[{"href":"https:\/\/www.raisg.org\/es\/wp-json\/wp\/v2\/media?parent=29118"}],"wp:term":[{"taxonomy":"category","embeddable":true,"href":"https:\/\/www.raisg.org\/es\/wp-json\/wp\/v2\/categories?post=29118"},{"taxonomy":"post_tag","embeddable":true,"href":"https:\/\/www.raisg.org\/es\/wp-json\/wp\/v2\/tags?post=29118"}],"curies":[{"name":"wp","href":"https:\/\/api.w.org\/{rel}","templated":true}]}}