{"id":34955,"date":"2022-08-30T19:52:47","date_gmt":"2022-08-30T22:52:47","guid":{"rendered":"https:\/\/www.raisg.org\/?p=34955"},"modified":"2022-09-06T20:00:44","modified_gmt":"2022-09-06T23:00:44","slug":"ecuador-la-mineria-avanza-aceleradamente-en-la-provincia-de-napo-y-llega-hasta-tres-de-sus-areas-protegidas","status":"publish","type":"post","link":"https:\/\/www.raisg.org\/es\/radar\/ecuador-la-mineria-avanza-aceleradamente-en-la-provincia-de-napo-y-llega-hasta-tres-de-sus-areas-protegidas\/","title":{"rendered":"Ecuador: la miner\u00eda avanza aceleradamente en la provincia de Napo y llega hasta tres de sus \u00e1reas protegidas"},"content":{"rendered":"<p>Mongabay<br \/>\n<a href=\"https:\/\/es.mongabay.com\/by\/antonio-jose-paz-cardona\/\" rel=\"tag\" data-wpel-link=\"internal\">Antonio Jos\u00e9 Paz Cardona<\/a><br \/>\n30 agosto, 2022<\/p>\n<p>&nbsp;<\/p>\n<div class=\"bulletpoints\">\n<ul>\n<li><em>La miner\u00eda ilegal invadi\u00f3 r\u00e1pidamente los r\u00edos Yutzupino y Jatunyacu entre octubre de 2021 y febrero de 2022, causando un gran desastre ambiental en esta zona de la provincia de Napo. Un nuevo reporte con im\u00e1genes satelitales muestra que este problema se repite en varios puntos de la provincia.<\/em><\/li>\n<li><em>Entre 1996 y 2020 el territorio dedicado a la miner\u00eda en Napo se expandi\u00f3 210 veces. Solo en cuatro a\u00f1os (2016-2020) se registr\u00f3 el 72 % del total de la superficie minera expandida en la provincia. En 2021 se registraron puntos de miner\u00eda en la Reserva Biol\u00f3gica Colonso Chalupas y en los parques nacionales Cayambe Coca y Sumaco Napo-Galeras.<\/em><\/li>\n<\/ul>\n<\/div>\n<p>Para octubre del a\u00f1o pasado el \u00e1rea afectada en el r\u00edo Yutzupino, en la\u00a0<strong>provincia de Napo,<\/strong>\u00a0era menor a una hect\u00e1rea pero, en diciembre,<strong>\u00a0el da\u00f1o alcanz\u00f3 61 hect\u00e1reas.<\/strong>\u00a0Para el 17 de enero de 2022, el \u00e1rea afectada se hab\u00eda incrementado en otras seis hect\u00e1reas, de acuerdo con\u00a0<a href=\"https:\/\/www.maaproject.org\/2022\/mineria-ecuador\/\" target=\"_blank\" rel=\"noopener external noreferrer\" data-wpel-link=\"external\">un reporte<\/a>\u00a0del Proyecto de Monitoreo de la Amazon\u00eda Andina (MAAP), una iniciativa de Amazon Conservation Association y Conservaci\u00f3n Amaz\u00f3nica (ACCA).<\/p>\n<p>La segunda semana de febrero de este a\u00f1o, el colectivo \u2018Napo ama la vida\u2019\u00a0<a href=\"https:\/\/www.facebook.com\/napoamala.vida.1\/videos\/3098867123661625\" target=\"_blank\" rel=\"noopener external noreferrer\" data-wpel-link=\"external\">identific\u00f3<\/a>, a trav\u00e9s de sobrevuelos con drones, al menos 100 retroexcavadoras y unas 2000 personas removiendo el suelo del r\u00edo Yutzupino.<strong>\u00a0Los mineros ilegales abrieron cr\u00e1teres y apilaron el material extra\u00eddo<\/strong>\u00a0hasta formar altos mont\u00edculos que amenazaban con derrumbarse sobre ellos.<\/p>\n<p>El 15 de febrero, Alexandra Vela, entonces ministra de Gobierno de Ecuador, ofreci\u00f3 una rueda de prensa para compartir los resultados del \u2018Operativo Manat\u00ed\u2019 con el que intervinieron en la zona. Este se realiz\u00f3 dos d\u00edas antes y ten\u00eda como objetivo encontrar en delito flagrante a los mineros ilegales. No obstante, debido a la fuga de informaci\u00f3n, solo se hallaron retroexcavadoras abandonadas en las playas del r\u00edo o estacionadas en fincas cercanas, 48 m\u00e1quinas fueron identificadas y 27 fueron llevadas a un centro de acopio en cadena de custodia. Adem\u00e1s,<strong>\u00a0se decomisaron 10 bombas de agua y 7 motores.<\/strong><\/p>\n<figure id=\"attachment_231948\" class=\"wp-caption alignnone\"><img fetchpriority=\"high\" decoding=\"async\" class=\"size-medium wp-image-231948\" src=\"https:\/\/imgs.mongabay.com\/wp-content\/uploads\/sites\/25\/2022\/02\/17181444\/mineria-napo-ivan-castaneira-14-768x512.jpg\" sizes=\"(max-width: 768px) 100vw, 768px\" srcset=\"https:\/\/imgs.mongabay.com\/wp-content\/uploads\/sites\/25\/2022\/02\/17181444\/mineria-napo-ivan-castaneira-14-768x512.jpg 768w, https:\/\/imgs.mongabay.com\/wp-content\/uploads\/sites\/25\/2022\/02\/17181444\/mineria-napo-ivan-castaneira-14-1200x800.jpg 1200w\" alt=\"En la comunidad de Yutzupino se pueden observar los efectos de la miner\u00eda, la cual ha destruido y contaminado gravemente los r\u00edos Jatunyacu y Yutzupino. 11 de febrero del 2022. Foto: Iv\u00e1n Castaneira.\" width=\"768\" height=\"512\" \/><figcaption class=\"wp-caption-text\">En la comunidad de Yutzupino se pueden observar los efectos de la miner\u00eda, la cual ha destruido y contaminado gravemente los r\u00edos Jatunyacu y Yutzupino. 11 de febrero del 2022. Foto: Iv\u00e1n Castaneira.<\/figcaption><\/figure>\n<p>Desde entonces, la actividad minera en este sector est\u00e1 paralizada pero los impactos ambientales siguen siendo evidentes. Jos\u00e9 Antonio D\u00e1valos, subsecretario de Calidad Ambiental del Ministerio del Ambiente, Agua y Transici\u00f3n Ecol\u00f3gica (MAATE), le dijo en entrevista al medio\u00a0<a href=\"https:\/\/www.primicias.ec\/noticias\/economia\/riesgo-ambiental-mineria-ilegal-yutzupino-amazonia\/\" target=\"_blank\" rel=\"noopener external noreferrer\" data-wpel-link=\"external\">Primicias<\/a>\u00a0que la remediaci\u00f3n ambiental de la zona podr\u00eda tomar dos a\u00f1os y que el Ministerio cuenta con apenas 18 funcionarios para realizar\u00a0<strong>controles en m\u00e1s de 250 puntos de miner\u00eda ilegal en Ecuador.<\/strong><\/p>\n<p>Sin embargo, Yutzupino no es el \u00fanico lugar de la provincia de Napo donde la miner\u00eda estar\u00eda causando estragos.\u00a0<a href=\"https:\/\/www.maaproject.org\/2022\/mineria-napo-ecuador\/\" target=\"_blank\" rel=\"noopener external noreferrer\" data-wpel-link=\"external\">En un nuevo reporte<\/a>, MAAP y la\u00a0<a href=\"https:\/\/ecociencia.org\/\" target=\"_blank\" rel=\"noopener external noreferrer\" data-wpel-link=\"external\">fundaci\u00f3n Ecociencia<\/a>, ampl\u00edan su an\u00e1lisis de la din\u00e1mica actual de la actividad minera dentro de la provincia ya que\u00a0<strong>\u201cest\u00e1 aumentando de una manera alarmante y generando preocupaci\u00f3n por los impactos ambientales y sociales\u201d, dice el informe.<\/strong><\/p>\n<p>Uno de los hallazgos importantes es que si bien en la zona la miner\u00eda se deber\u00eda realizar dentro de concesiones, el an\u00e1lisis muestra que las actividades van m\u00e1s all\u00e1 de los l\u00edmites. Tampoco se conoce si la miner\u00eda dentro de las concesiones se realiza bajo las condiciones establecidas por las autoridades ambientales. Incluso, en el caso de Yutzupino, la empresa que opera en el punto ha asegurado que mineros ilegales explotan dentro de su concesi\u00f3n. En medio de todas esas dudas, preocupa la gran deforestaci\u00f3n de bosque primario que se viene dando de forma intensa.<\/p>\n<p>Lee m\u00e1s |\u00a0<a href=\"https:\/\/es.mongabay.com\/2022\/08\/mineria-amenaza-el-paramo-de-fierro-urku-en-ecuador\/\" data-wpel-link=\"internal\">La miner\u00eda amenaza el p\u00e1ramo de Fierro Urku: la estrella h\u00eddrica del sur de Ecuador<\/a><\/p>\n<h3><strong>En solo 24 a\u00f1os la miner\u00eda se desbord\u00f3 en Napo<\/strong><\/h3>\n<p>De acuerdo con el reporte publicado por MAAP, las actividades mineras en muchos de los casos son de tipo artesanal y semi-mecanizada \u201ccon impacto elevado al no contemplar medidas de control y no cumplir con las regulaciones ni contar con supervisi\u00f3n gubernamental\u201d.<\/p>\n<p>Las consecuencias incluyen\u00a0<strong>apertura de v\u00edas de acceso, deforestaci\u00f3n, y contaminaci\u00f3n en los ecosistemas acu\u00e1ticos<\/strong>\u00a0que afectan a la poblaci\u00f3n local, incluso a comunidades ind\u00edgenas.<\/p>\n<p>Napo, una de las seis provincias amaz\u00f3nicas del Ecuador, tiene el 19.6 % de su territorio cubierto por territorios ind\u00edgenas, en su mayor\u00eda de nacionalidad kichwa, mientras que las \u00e1reas naturales protegidas cubren el 53.7 % de la provincia.<\/p>\n<p>Adem\u00e1s, existen 288 concesiones mineras \u20143.14 % de la superficie provincial\u2014. Seg\u00fan datos de 2021 de la Agencia de Regulaci\u00f3n y Control Minero (ARCOM), la mayor parte de las concesiones est\u00e1n dedicadas a la extracci\u00f3n de oro y materiales p\u00e9treos y est\u00e1n concentradas principalmente (97 %) en los cantones Tena y Carlos Julio Arosemena Tola.<\/p>\n<figure id=\"attachment_236482\" class=\"wp-caption alignnone\"><img decoding=\"async\" class=\"wp-image-236482 size-full\" src=\"https:\/\/imgs.mongabay.com\/wp-content\/uploads\/sites\/25\/2022\/08\/29000728\/mapa-1.jpg\" sizes=\"(max-width: 1170px) 100vw, 1170px\" srcset=\"https:\/\/imgs.mongabay.com\/wp-content\/uploads\/sites\/25\/2022\/08\/29000728\/mapa-1.jpg 1170w, https:\/\/imgs.mongabay.com\/wp-content\/uploads\/sites\/25\/2022\/08\/29000728\/mapa-1-768x543.jpg 768w, https:\/\/imgs.mongabay.com\/wp-content\/uploads\/sites\/25\/2022\/08\/29000728\/mapa-1-610x431.jpg 610w\" alt=\"Miner\u00eda en la Provincia de Napo, Ecuador. Elaboraci\u00f3n: Fundaci\u00f3n EcoCiencia \u2013 Datos ARCOM.\" width=\"1170\" height=\"827\" \/><figcaption class=\"wp-caption-text\">Miner\u00eda en la Provincia de Napo, Ecuador. Elaboraci\u00f3n: Fundaci\u00f3n EcoCiencia \u2013 Datos ARCOM.<\/figcaption><\/figure>\n<p>Uno de los datos que destaca del monitoreo es que las \u00e1reas dedicadas a actividad minera en la provincia Napo muestran un incremento considerable entre 1996-2020. \u201cEn 1996 se detectaron 2.6 hect\u00e1reas dedicadas a la miner\u00eda, mientras que en el a\u00f1o 2020 la superficie dedicada a esta actividad alcanz\u00f3 556.8, aumentando su superficie en casi 210 veces en 24 a\u00f1os\u201d, indica el informe. A\u00fan as\u00ed, la aceleraci\u00f3n de la miner\u00eda se dio, sobre todo, en solo cuatro a\u00f1os (2016-2020), cuando se registr\u00f3 el\u00a0<strong>72 % del total de la superficie minera expandida.<\/strong><\/p>\n<p>Sylvia Villac\u00eds, especialista en sistemas de informaci\u00f3n geogr\u00e1fica y sensores remotos de Ecociencia, le dijo a Mongabay Latam que esa aceleraci\u00f3n entre 2016 y 2020 puede tener influencia de varios factores. Entre ellos, que para esa \u00e9poca se dio un repunte muy grande en los precios del oro debido a una alta demanda y tambi\u00e9n que el gobierno fue impulsando la l\u00ednea extractivista, lo que hac\u00eda m\u00e1s atractivas a ciertas actividades como la miner\u00eda.<\/p>\n<figure id=\"attachment_236481\" class=\"wp-caption alignnone\"><img decoding=\"async\" class=\"size-full wp-image-236481\" src=\"https:\/\/imgs.mongabay.com\/wp-content\/uploads\/sites\/25\/2022\/08\/29000725\/grafico-1.png\" sizes=\"(max-width: 753px) 100vw, 753px\" srcset=\"https:\/\/imgs.mongabay.com\/wp-content\/uploads\/sites\/25\/2022\/08\/29000725\/grafico-1.png 753w, https:\/\/imgs.mongabay.com\/wp-content\/uploads\/sites\/25\/2022\/08\/29000725\/grafico-1-610x358.png 610w\" alt=\"Din\u00e1mica de la actividad minera en el periodo 1996-2020. Provincia de Napo, Ecuador. Datos MapBiomas (2021). F. EcoCiencia.\" width=\"753\" height=\"442\" \/><figcaption class=\"wp-caption-text\">Din\u00e1mica de la actividad minera en el periodo 1996-2020. Provincia de Napo, Ecuador. Datos MapBiomas (2021). F. EcoCiencia.<\/figcaption><\/figure>\n<p>En su reporte, MAAP tambi\u00e9n afirma que la actividad minera acelerada en Napo se mantuvo durante 2021. Mediante el uso de im\u00e1genes satelitales de alta-resoluci\u00f3n (Planet), lograron identificar 120 puntos donde se est\u00e1 realizando miner\u00eda. \u201cEl 10 % de los puntos identificados se localizan dentro de \u00e1reas naturales protegidas, siendo la m\u00e1s afectada la Reserva Biol\u00f3gica Colonso Chalupas\u201d, dice el reporte.<\/p>\n<p>Los mapas tambi\u00e9n muestran que hay puntos mineros en el parque Cayambe Coca y en el parque Sumaco Napo-Galeras. Mongabay Latam le consult\u00f3 al MAATE\u00a0 por qu\u00e9 hay puntos mineros dentro de \u00e1reas protegidas, si ellos ya los ten\u00edan detectados y si est\u00e1n tomando acciones al respecto, pero hasta el momento de publicaci\u00f3n de este reportaje a\u00fan no se ha obtenido una respuesta.<\/p>\n<figure id=\"attachment_236480\" class=\"wp-caption alignnone\"><img loading=\"lazy\" decoding=\"async\" class=\"wp-image-236480 size-full\" src=\"https:\/\/imgs.mongabay.com\/wp-content\/uploads\/sites\/25\/2022\/08\/29000722\/mapa-2.jpg\" sizes=\"(max-width: 1170px) 100vw, 1170px\" srcset=\"https:\/\/imgs.mongabay.com\/wp-content\/uploads\/sites\/25\/2022\/08\/29000722\/mapa-2.jpg 1170w, https:\/\/imgs.mongabay.com\/wp-content\/uploads\/sites\/25\/2022\/08\/29000722\/mapa-2-768x543.jpg 768w, https:\/\/imgs.mongabay.com\/wp-content\/uploads\/sites\/25\/2022\/08\/29000722\/mapa-2-610x431.jpg 610w\" alt=\"Mapa Miner\u00eda 2021 en \u00c1reas Naturales Protegidas de la provincia de Napo, Ecuador. Elaboraci\u00f3n: Fundaci\u00f3n EcoCiencia.\" width=\"1170\" height=\"827\" \/><figcaption class=\"wp-caption-text\">Mapa Miner\u00eda 2021 en \u00c1reas Naturales Protegidas de la provincia de Napo, Ecuador. Elaboraci\u00f3n: Fundaci\u00f3n EcoCiencia.<\/figcaption><\/figure>\n<p>Para hacer un an\u00e1lisis m\u00e1s profundo, MAAP y Ecociencia escogieron tres casos que muestran la velocidad con que se ha desarrollado la actividad minera entre el 2017 y el 2022 dentro de la provincia de Napo. El total de\u00a0<strong>superficie afectada por miner\u00eda en las tres zonas escogidas es de 490 hect\u00e1reas,<\/strong>\u00a0lo que equivale a 687 canchas de f\u00fatbol profesional, y los dos primeros casos analizados se localizan muy cerca al dram\u00e1tico caso del r\u00edo Yutzupino.<\/p>\n<p>Lee m\u00e1s |\u00a0<a href=\"https:\/\/es.mongabay.com\/2022\/08\/alerta-por-vias-que-se-expanden-rapidamente-en-la-amazonia-de-ecuador\/\" data-wpel-link=\"internal\">Cuatro nuevas v\u00edas se expanden r\u00e1pidamente en la Amazon\u00eda de Ecuador<\/a><\/p>\n<h3><strong>Preocupaci\u00f3n y dudas alrededor de tres puntos mineros<\/strong><\/h3>\n<p>El primer caso de estudio se ubica en los m\u00e1rgenes del r\u00edo Anzu, a 2.5 km del poblado Nueva Esperanza, en el cant\u00f3n Carlos Arosemena Tola y a tan solo 5 km al suroeste del caso Yutzupino.<\/p>\n<p>\u201cEntre marzo de 2017 y marzo de 2022 se identificaron 281 hect\u00e1reas afectadas por la actividad minera\u201d, indica el reporte. En marzo de 2017 la superficie afectada fue de 51.3 hect\u00e1reas y la afectaci\u00f3n aument\u00f3 en 127 hect\u00e1reas hasta mayo de 2019. En los siguientes dos a\u00f1os, 2020 y 2021, se registr\u00f3 un aumento adicional de 89.9 hect\u00e1reas. Finalmente, indica MAAP, en los \u00faltimos 10 meses de monitoreo \u2014entre mayo 2021 y marzo 2022\u2014 se registraron 12.9 hect\u00e1reas adicionales afectadas.<\/p>\n<figure id=\"attachment_236479\" class=\"wp-caption alignnone\"><img loading=\"lazy\" decoding=\"async\" class=\"wp-image-236479 size-full\" src=\"https:\/\/imgs.mongabay.com\/wp-content\/uploads\/sites\/25\/2022\/08\/29000718\/caso-1-mapa-1.jpg\" sizes=\"(max-width: 1170px) 100vw, 1170px\" srcset=\"https:\/\/imgs.mongabay.com\/wp-content\/uploads\/sites\/25\/2022\/08\/29000718\/caso-1-mapa-1.jpg 1170w, https:\/\/imgs.mongabay.com\/wp-content\/uploads\/sites\/25\/2022\/08\/29000718\/caso-1-mapa-1-768x543.jpg 768w, https:\/\/imgs.mongabay.com\/wp-content\/uploads\/sites\/25\/2022\/08\/29000718\/caso-1-mapa-1-610x431.jpg 610w\" alt=\"Mapa monitoreo Caso 1. R\u00edo Anzu, Ecuador. Elaboraci\u00f3n: Fundaci\u00f3n EcoCiencia.\" width=\"1170\" height=\"827\" \/><figcaption class=\"wp-caption-text\">Mapa monitoreo Caso 1. R\u00edo Anzu, Ecuador. Elaboraci\u00f3n: Fundaci\u00f3n EcoCiencia.<\/figcaption><\/figure>\n<p>La actividad reportada se localiza dentro de ocho concesiones mineras en estado de exploraci\u00f3n\/explotaci\u00f3n otorgadas a seis compa\u00f1\u00edas. \u201cSin embargo, ocho hect\u00e1reas se localizan fuera de concesiones mineras\u201d, menciona el reporte y se\u00f1ala que la din\u00e1mica de expansi\u00f3n de la miner\u00eda se desarrolla de manera dispersa.<\/p>\n<p>\u201cDe lo evidenciado en las im\u00e1genes satelitales, la actividad inicia en un determinado lugar, es abandonado con el tiempo y nuevas \u00e1reas se van deforestando para dar paso a la expansi\u00f3n de la actividad extractivista. Lo que ocasiona varios frentes de deforestaci\u00f3n y como consecuencia una mayor p\u00e9rdida de bosques, como tambi\u00e9n amplias \u00e1reas abandonadas altamente degradadas\u201d, a\u00f1ade el informe.<\/p>\n<figure id=\"attachment_236478\" class=\"wp-caption alignnone\"><img loading=\"lazy\" decoding=\"async\" class=\"wp-image-236478 size-full\" src=\"https:\/\/imgs.mongabay.com\/wp-content\/uploads\/sites\/25\/2022\/08\/29000713\/caso-1-mapa-2.jpg\" sizes=\"(max-width: 1630px) 100vw, 1630px\" srcset=\"https:\/\/imgs.mongabay.com\/wp-content\/uploads\/sites\/25\/2022\/08\/29000713\/caso-1-mapa-2.jpg 1630w, https:\/\/imgs.mongabay.com\/wp-content\/uploads\/sites\/25\/2022\/08\/29000713\/caso-1-mapa-2-768x386.jpg 768w, https:\/\/imgs.mongabay.com\/wp-content\/uploads\/sites\/25\/2022\/08\/29000713\/caso-1-mapa-2-1536x773.jpg 1536w, https:\/\/imgs.mongabay.com\/wp-content\/uploads\/sites\/25\/2022\/08\/29000713\/caso-1-mapa-2-610x307.jpg 610w\" alt=\"Esta imagen muestra la ampliaci\u00f3n de la actividad minera entre marzo 2017 (panel izquierdo) y marzo 2022 (panel derecho). Elaboraci\u00f3n: Fundaci\u00f3n EcoCiencia.\" width=\"1630\" height=\"820\" \/><figcaption class=\"wp-caption-text\">Esta imagen muestra la ampliaci\u00f3n de la actividad minera entre marzo 2017 (panel izquierdo) y marzo 2022 (panel derecho) para el caso 1. Elaboraci\u00f3n: Fundaci\u00f3n EcoCiencia.<\/figcaption><\/figure>\n<p>El segundo caso tambi\u00e9n ocurre en el cant\u00f3n Carlos Arosemena Tola, esta vez a 12 km al suroeste de Yutzupino. Entre abril de 2017 y marzo de 2022 se registr\u00f3 un total de 81.9 hect\u00e1reas afectadas por la actividad minera. En abril de 2018 se ten\u00edan 40.1 hect\u00e1reas afectadas, dos a\u00f1os m\u00e1s tarde, en marzo de 2020, la superficie afectada aument\u00f3 en 9.7 hect\u00e1reas y, finalmente,<strong>\u00a0para marzo de 2022, la actividad minera se expandi\u00f3 en 32 hect\u00e1reas m\u00e1s.<\/strong><\/p>\n<p>\u201cLa mayor parte de la actividad minera reportada est\u00e1 distribuida en 11 concesiones en estado de exploraci\u00f3n\/explotaci\u00f3n, otorgadas a 11 compa\u00f1\u00edas. Sin embargo, detectamos que 21 hect\u00e1reas fueron afectadas fuera del l\u00edmite de las concesiones\u201d, enfatiza el reporte.<\/p>\n<figure id=\"attachment_236477\" class=\"wp-caption alignnone\"><img loading=\"lazy\" decoding=\"async\" class=\"wp-image-236477 size-full\" src=\"https:\/\/imgs.mongabay.com\/wp-content\/uploads\/sites\/25\/2022\/08\/29000709\/caso-2-mapa-1.jpg\" sizes=\"(max-width: 1170px) 100vw, 1170px\" srcset=\"https:\/\/imgs.mongabay.com\/wp-content\/uploads\/sites\/25\/2022\/08\/29000709\/caso-2-mapa-1.jpg 1170w, https:\/\/imgs.mongabay.com\/wp-content\/uploads\/sites\/25\/2022\/08\/29000709\/caso-2-mapa-1-768x543.jpg 768w, https:\/\/imgs.mongabay.com\/wp-content\/uploads\/sites\/25\/2022\/08\/29000709\/caso-2-mapa-1-610x431.jpg 610w\" alt=\"Mapa monitoreo Caso 2. Carlos Arosemena Tola. Ecuador. Elaboraci\u00f3n: Fundaci\u00f3n EcoCiencia.\" width=\"1170\" height=\"827\" \/><figcaption class=\"wp-caption-text\">Mapa monitoreo Caso 2. Carlos Arosemena Tola. Ecuador. Elaboraci\u00f3n: Fundaci\u00f3n EcoCiencia.<\/figcaption><\/figure>\n<figure id=\"attachment_236476\" class=\"wp-caption alignnone\"><img loading=\"lazy\" decoding=\"async\" class=\"wp-image-236476 size-full\" src=\"https:\/\/imgs.mongabay.com\/wp-content\/uploads\/sites\/25\/2022\/08\/29000705\/caso-2-mapa-2.jpg\" sizes=\"(max-width: 1630px) 100vw, 1630px\" srcset=\"https:\/\/imgs.mongabay.com\/wp-content\/uploads\/sites\/25\/2022\/08\/29000705\/caso-2-mapa-2.jpg 1630w, https:\/\/imgs.mongabay.com\/wp-content\/uploads\/sites\/25\/2022\/08\/29000705\/caso-2-mapa-2-768x386.jpg 768w, https:\/\/imgs.mongabay.com\/wp-content\/uploads\/sites\/25\/2022\/08\/29000705\/caso-2-mapa-2-1536x773.jpg 1536w, https:\/\/imgs.mongabay.com\/wp-content\/uploads\/sites\/25\/2022\/08\/29000705\/caso-2-mapa-2-610x307.jpg 610w\" alt=\"Esta imagen muestra la ampliaci\u00f3n de la actividad minera entre abril 2017 (panel izquierdo) y marzo 2022 (panel derecho). Elaboraci\u00f3n: Fundaci\u00f3n EcoCiencia.\" width=\"1630\" height=\"820\" \/><figcaption class=\"wp-caption-text\">Esta imagen muestra la ampliaci\u00f3n de la actividad minera entre abril 2017 (panel izquierdo) y marzo 2022 (panel derecho) para el caso 2. Elaboraci\u00f3n: Fundaci\u00f3n EcoCiencia.<\/figcaption><\/figure>\n<p>El tercer caso que preocupa por el r\u00e1pido avance minero se encuentra en el r\u00edo Huambuno, a 4 km al oriente del territorio ind\u00edgena Asociaci\u00f3n R\u00edo Blanco, ubicado en el cant\u00f3n Tena.<\/p>\n<p>Entre mayo de 2017 y enero de 2022 se registraron 127.4 hect\u00e1reas afectadas por actividad minera a lo largo de varios puntos en el r\u00edo. Hasta abril de 2020 se ten\u00edan 45.2 hect\u00e1reas afectadas y, a partir de ese momento, la actividad minera aceler\u00f3 notablemente al punto que, 18 meses despu\u00e9s (octubre de 2021) se detectaron otras 56.8 hect\u00e1reas adicionales. Finalmente, para enero de 2022, la actividad se expandi\u00f3 en 25.4 hect\u00e1reas m\u00e1s.<\/p>\n<figure id=\"attachment_236474\" class=\"wp-caption alignnone\"><img loading=\"lazy\" decoding=\"async\" class=\"wp-image-236474 size-full\" src=\"https:\/\/imgs.mongabay.com\/wp-content\/uploads\/sites\/25\/2022\/08\/29000656\/caso-3-mapa-1.jpg\" sizes=\"(max-width: 1170px) 100vw, 1170px\" srcset=\"https:\/\/imgs.mongabay.com\/wp-content\/uploads\/sites\/25\/2022\/08\/29000656\/caso-3-mapa-1.jpg 1170w, https:\/\/imgs.mongabay.com\/wp-content\/uploads\/sites\/25\/2022\/08\/29000656\/caso-3-mapa-1-768x543.jpg 768w, https:\/\/imgs.mongabay.com\/wp-content\/uploads\/sites\/25\/2022\/08\/29000656\/caso-3-mapa-1-610x431.jpg 610w\" alt=\"Mapa monitoreo Caso 3. R\u00edo Huambuno, Ecuador. Elaboraci\u00f3n: Fundaci\u00f3n EcoCiencia.\" width=\"1170\" height=\"827\" \/><figcaption class=\"wp-caption-text\">Mapa monitoreo Caso 3. R\u00edo Huambuno, Ecuador. Elaboraci\u00f3n: Fundaci\u00f3n EcoCiencia.<\/figcaption><\/figure>\n<figure id=\"attachment_236473\" class=\"wp-caption alignnone\"><img loading=\"lazy\" decoding=\"async\" class=\"wp-image-236473 size-full\" src=\"https:\/\/imgs.mongabay.com\/wp-content\/uploads\/sites\/25\/2022\/08\/29000652\/caso-3-mapa-2.jpg\" sizes=\"(max-width: 1630px) 100vw, 1630px\" srcset=\"https:\/\/imgs.mongabay.com\/wp-content\/uploads\/sites\/25\/2022\/08\/29000652\/caso-3-mapa-2.jpg 1630w, https:\/\/imgs.mongabay.com\/wp-content\/uploads\/sites\/25\/2022\/08\/29000652\/caso-3-mapa-2-768x386.jpg 768w, https:\/\/imgs.mongabay.com\/wp-content\/uploads\/sites\/25\/2022\/08\/29000652\/caso-3-mapa-2-1536x773.jpg 1536w, https:\/\/imgs.mongabay.com\/wp-content\/uploads\/sites\/25\/2022\/08\/29000652\/caso-3-mapa-2-610x307.jpg 610w\" alt=\"Esta imagen muestra la ampliaci\u00f3n de la actividad minera del caso 3 entre mayo 2017 (panel izquierdo) y enero 2022 (panel derecho). Elaboraci\u00f3n: Fundaci\u00f3n EcoCiencia.\" width=\"1630\" height=\"820\" \/><figcaption class=\"wp-caption-text\">Esta imagen muestra la ampliaci\u00f3n de la actividad minera del caso 3 entre mayo 2017 (panel izquierdo) y enero 2022 (panel derecho). Elaboraci\u00f3n: Fundaci\u00f3n EcoCiencia.<\/figcaption><\/figure>\n<p>\u201cLa actividad minera reportada se distribuye dentro de 14 concesiones, pertenecientes a 11 diferentes empresas mineras, la mayor parte de miner\u00eda se localiza dentro de las concesiones mineras Huambuno 2 y 3, mismas que se encuentran en estado de exploraci\u00f3n \/ explotaci\u00f3n. Sin embargo,\u00a0<strong>22 hect\u00e1reas de miner\u00eda fueron detectadas fuera de concesiones mineras\u201d, se lee en el reporte.<\/strong><\/p>\n<p>A pesar de que gran parte de la actividad minera se desarrolla dentro de concesiones, Sylvia Villac\u00eds indica que es necesario que las autoridades ambientales confirmen si esta es legal. \u201cPor ejemplo, lo que pas\u00f3 en Yutzupino est\u00e1 en una concesi\u00f3n, entonces, si lo vemos as\u00ed, podr\u00edamos decir que es legal. Sin embargo, ya est\u00e1 comprobado que todo lo que sucedi\u00f3 ah\u00ed fue ilegal\u201d.<\/p>\n<p>Villac\u00eds argumenta lo anterior en que la empresa que ten\u00eda concesionada esa \u00e1rea public\u00f3 varios comunicados diciendo que ellos no eran quienes estaban extrayendo oro sino gente externa, \u201cgente de afuera\u201d. \u201cDecir que la miner\u00eda est\u00e1 dentro de una concesi\u00f3n no nos garantiza la legalidad de esa extracci\u00f3n minera y tampoco nos garantiza que la forma c\u00f3mo se est\u00e1 realizando la actividad sea la adecuada\u201d, enfatiza.<\/p>\n<figure id=\"attachment_236475\" class=\"wp-caption alignnone\"><img loading=\"lazy\" decoding=\"async\" class=\"wp-image-236475 size-full\" src=\"https:\/\/imgs.mongabay.com\/wp-content\/uploads\/sites\/25\/2022\/08\/29000700\/caso-2-mapa-3.jpg\" sizes=\"(max-width: 1613px) 100vw, 1613px\" srcset=\"https:\/\/imgs.mongabay.com\/wp-content\/uploads\/sites\/25\/2022\/08\/29000700\/caso-2-mapa-3.jpg 1613w, https:\/\/imgs.mongabay.com\/wp-content\/uploads\/sites\/25\/2022\/08\/29000700\/caso-2-mapa-3-768x543.jpg 768w, https:\/\/imgs.mongabay.com\/wp-content\/uploads\/sites\/25\/2022\/08\/29000700\/caso-2-mapa-3-1536x1086.jpg 1536w, https:\/\/imgs.mongabay.com\/wp-content\/uploads\/sites\/25\/2022\/08\/29000700\/caso-2-mapa-3-610x431.jpg 610w\" alt=\"En esta imagen de muy alta resoluci\u00f3n (Skysat, 0.50 metros) con fecha 15 de julio de 2022, se puede visibilizar a detalle la afectaci\u00f3n producida por la actividad minera y la maquinaria utilizada en esta actividad. Skysat Caso 2. Datos: Planet.\" width=\"1613\" height=\"1140\" \/><figcaption class=\"wp-caption-text\">En esta imagen de muy alta resoluci\u00f3n (Skysat, 0.50 metros) con fecha 15 de julio de 2022, se puede visibilizar a detalle la afectaci\u00f3n producida por la actividad minera y la maquinaria utilizada en esta actividad en el caso 2. Skysat Caso 2. Datos: Planet.<\/figcaption><\/figure>\n<p>Tambi\u00e9n llama la atenci\u00f3n que en los tres casos, MAAP y Ecociencia, reportan un n\u00famero considerable de hect\u00e1reas afectadas por fuera de las concesiones mineras. En esos casos se puede afirmar, sin dudas, que se trata de miner\u00eda ilegal. Lo que los expertos en monitoreo satelital no pueden afirmar es qui\u00e9n estar\u00eda ejerciendo esa miner\u00eda ilegal, \u201cpodr\u00edan ser las empresas que se salieron de sus concesiones o gente externa que hace miner\u00eda ilegal justo al lado de las concesiones. Eso no lo sabemos\u201d, indica Villac\u00eds.<\/p>\n<p>Mongabay Latam tambi\u00e9n le pregunt\u00f3 al MAATE si tiene informaci\u00f3n acerca de esos puntos donde se est\u00e1 haciendo miner\u00eda fuera de las concesiones y qu\u00e9 acciones est\u00e1n emprendiendo, pero a\u00fan no se ha obtenido una respuesta.<\/p>\n<p>Adem\u00e1s de la evidencia encontrada por MAAP y EcoCiencia en las im\u00e1genes satelitales, a trav\u00e9s de la plataforma Global Forest Watch se puede observar el avance reciente de la degradaci\u00f3n del bosque. Solo entre enero y agosto de este a\u00f1o, se registraron 914 alertas de deforestaci\u00f3n en dos de los focos de an\u00e1lisis de MAAP en la provincia de Napo: r\u00edo Anzu \u2013 Nueva Esperanza y Carlos Arosemena Tola. Si el tiempo de an\u00e1lisis se ampl\u00eda hasta agosto de 2021, se encuentran 2176 alertas en estas dos zonas.<\/p>\n<p><img loading=\"lazy\" decoding=\"async\" class=\"alignnone wp-image-236558 size-full\" src=\"https:\/\/imgs.mongabay.com\/wp-content\/uploads\/sites\/25\/2022\/08\/31034940\/Ri%CC%81o-Anzu-Nueva-Esperanza-1.png\" sizes=\"(max-width: 2024px) 100vw, 2024px\" srcset=\"https:\/\/imgs.mongabay.com\/wp-content\/uploads\/sites\/25\/2022\/08\/31034940\/Ri%CC%81o-Anzu-Nueva-Esperanza-1.png 2024w, https:\/\/imgs.mongabay.com\/wp-content\/uploads\/sites\/25\/2022\/08\/31034940\/Ri%CC%81o-Anzu-Nueva-Esperanza-1-768x383.png 768w, https:\/\/imgs.mongabay.com\/wp-content\/uploads\/sites\/25\/2022\/08\/31034940\/Ri%CC%81o-Anzu-Nueva-Esperanza-1-1536x766.png 1536w, https:\/\/imgs.mongabay.com\/wp-content\/uploads\/sites\/25\/2022\/08\/31034940\/Ri%CC%81o-Anzu-Nueva-Esperanza-1-610x304.png 610w\" alt=\"Alertas de deforestaci\u00f3n en el r\u00edo Anzu, sector Nueva Esperanza. Imagen: Global Forest Watch.\" width=\"2024\" height=\"1010\" \/><\/p>\n<p>En el caso del r\u00edo Anzu, en Nueva Esperanza, se detectaron 345 puntos de deforestaci\u00f3n en 2022.\u00a0 Respecto al punto en Carlos Arosemena Tola, entre el 1 de enero y el 27 de agosto de 2022 se encontraron 569 alertas de deforestaci\u00f3n, con picos de este comportamiento en los meses de enero y julio.<\/p>\n<figure id=\"attachment_236557\" class=\"wp-caption alignnone\"><img loading=\"lazy\" decoding=\"async\" class=\"wp-image-236557 size-full\" src=\"https:\/\/imgs.mongabay.com\/wp-content\/uploads\/sites\/25\/2022\/08\/31034857\/C.-Arosemena-Tola-2.png\" sizes=\"(max-width: 1888px) 100vw, 1888px\" srcset=\"https:\/\/imgs.mongabay.com\/wp-content\/uploads\/sites\/25\/2022\/08\/31034857\/C.-Arosemena-Tola-2.png 1888w, https:\/\/imgs.mongabay.com\/wp-content\/uploads\/sites\/25\/2022\/08\/31034857\/C.-Arosemena-Tola-2-768x479.png 768w, https:\/\/imgs.mongabay.com\/wp-content\/uploads\/sites\/25\/2022\/08\/31034857\/C.-Arosemena-Tola-2-1536x958.png 1536w, https:\/\/imgs.mongabay.com\/wp-content\/uploads\/sites\/25\/2022\/08\/31034857\/C.-Arosemena-Tola-2-610x381.png 610w\" alt=\"Alertas de deforestaci\u00f3n en Carlos Arosemena Tola. Imagen: Global Forest Watch.\" width=\"1888\" height=\"1178\" \/><figcaption class=\"wp-caption-text\">Alertas de deforestaci\u00f3n en Carlos Arosemena Tola. Imagen: Global Forest Watch.<\/figcaption><\/figure>\n<p><em><strong>*Imagen principal:<\/strong>\u00a0En la comunidad de Yutzupino se pueden observar los efectos de la miner\u00eda, la cual ha destruido y contaminado gravemente los r\u00edos Jatunyacu y Yutzupino. Imagen del 11 de febrero del 2022.\u00a0<strong>Foto:<\/strong>\u00a0Iv\u00e1n Castaneira.<\/em><\/p>\n<p>Tomado de: <a href=\"https:\/\/es.mongabay.com\/2022\/08\/mineria-avanza-aceleradamente-en-la-provincia-de-napo-en-ecuador\/\">https:\/\/es.mongabay.com\/2022\/08\/mineria-avanza-aceleradamente-en-la-provincia-de-napo-en-ecuador\/<\/a><\/p>\n","protected":false},"excerpt":{"rendered":"<p>La miner\u00eda ilegal invadi\u00f3 r\u00e1pidamente los r\u00edos Yutzupino y Jatunyacu entre octubre de 2021 y febrero de 2022, causando un gran desastre ambiental en esta zona de la provincia de Napo. Un nuevo reporte con im\u00e1genes satelitales muestra que este problema se repite en varios puntos de la provincia.<br \/>\nEntre 1996 y 2020 el territorio dedicado a la miner\u00eda en Napo se expandi\u00f3 210 veces. Solo en cuatro a\u00f1os (2016-2020) se registr\u00f3 el 72 % del total de la superficie minera expandida en la provincia. En 2021 se registraron puntos de miner\u00eda en la Reserva Biol\u00f3gica Colonso Chalupas y en los parques nacionales Cayambe Coca y Sumaco Napo-Galeras.<br \/>\nPara octubre del a\u00f1o pasado el \u00e1rea afectada en el r\u00edo Yutzupino, en la provincia de Napo, era menor a una hect\u00e1rea pero, en diciembre, el da\u00f1o alcanz\u00f3 61 hect\u00e1reas. Para el 17 de enero de 2022, el \u00e1rea afectada se hab\u00eda incrementado en otras seis hect\u00e1reas, de acuerdo con un reporte del Proyecto de Monitoreo de la Amazon\u00eda Andina (MAAP), una iniciativa de Amazon Conservation Association y Conservaci\u00f3n Amaz\u00f3nica (ACCA).<\/p>\n","protected":false},"author":327,"featured_media":34962,"comment_status":"open","ping_status":"open","sticky":false,"template":"","format":"standard","meta":{"_acf_changed":false,"footnotes":""},"categories":[2],"tags":[],"class_list":["post-34955","post","type-post","status-publish","format-standard","has-post-thumbnail","hentry","category-radar","category-2","description-off"],"acf":[],"_links":{"self":[{"href":"https:\/\/www.raisg.org\/es\/wp-json\/wp\/v2\/posts\/34955","targetHints":{"allow":["GET"]}}],"collection":[{"href":"https:\/\/www.raisg.org\/es\/wp-json\/wp\/v2\/posts"}],"about":[{"href":"https:\/\/www.raisg.org\/es\/wp-json\/wp\/v2\/types\/post"}],"author":[{"embeddable":true,"href":"https:\/\/www.raisg.org\/es\/wp-json\/wp\/v2\/users\/327"}],"replies":[{"embeddable":true,"href":"https:\/\/www.raisg.org\/es\/wp-json\/wp\/v2\/comments?post=34955"}],"version-history":[{"count":1,"href":"https:\/\/www.raisg.org\/es\/wp-json\/wp\/v2\/posts\/34955\/revisions"}],"predecessor-version":[{"id":34956,"href":"https:\/\/www.raisg.org\/es\/wp-json\/wp\/v2\/posts\/34955\/revisions\/34956"}],"wp:featuredmedia":[{"embeddable":true,"href":"https:\/\/www.raisg.org\/es\/wp-json\/wp\/v2\/media\/34962"}],"wp:attachment":[{"href":"https:\/\/www.raisg.org\/es\/wp-json\/wp\/v2\/media?parent=34955"}],"wp:term":[{"taxonomy":"category","embeddable":true,"href":"https:\/\/www.raisg.org\/es\/wp-json\/wp\/v2\/categories?post=34955"},{"taxonomy":"post_tag","embeddable":true,"href":"https:\/\/www.raisg.org\/es\/wp-json\/wp\/v2\/tags?post=34955"}],"curies":[{"name":"wp","href":"https:\/\/api.w.org\/{rel}","templated":true}]}}