{"id":35827,"date":"2022-10-25T15:59:46","date_gmt":"2022-10-25T18:59:46","guid":{"rendered":"https:\/\/www.raisg.org\/?p=35827"},"modified":"2022-11-02T16:03:22","modified_gmt":"2022-11-02T19:03:22","slug":"informe-planeta-vivo-poblacion-de-vertebrados-se-reduce-un-69-desde-1970","status":"publish","type":"post","link":"https:\/\/www.raisg.org\/es\/radar\/informe-planeta-vivo-poblacion-de-vertebrados-se-reduce-un-69-desde-1970\/","title":{"rendered":"Informe Planeta Vivo: poblaci\u00f3n de vertebrados se reduce un 69% desde 1970"},"content":{"rendered":"<p>Mongabay<br \/>\nYvette Sierra Praeli<br \/>\n30 de octubre, 2022<\/p>\n<div class=\"bulletpoints\">\n<ul>\n<li><em>En Am\u00e9rica Latina se calcula en promedio que el 94 % de las poblaciones de las especies est\u00e1n en declive. Para el caso de las poblaciones de agua dulce la cifra promedio es de 83 %.<\/em><\/li>\n<li><em>Para esta versi\u00f3n del informe se evaluaron alrededor de 32 000 poblaciones de m\u00e1s de 5000 especies de animales vertebrados entre mam\u00edferos, aves, reptiles, anfibios y peces.<\/em><\/li>\n<\/ul>\n<\/div>\n<p>Una vez m\u00e1s, las investigaciones confirman la\u00a0<strong>crisis ambiental que vive el planeta.<\/strong>\u00a0En esta ocasi\u00f3n se trata del informe\u00a0<em><a href=\"https:\/\/www.wwf.org.co\/de_interes\/informe_planeta_vivo\/\" rel=\"external noopener noreferrer\" data-wpel-link=\"external\">Planeta Vivo 2022<\/a><\/em>, que advierte sobre la r\u00e1pida p\u00e9rdida de biodiversidad. Seg\u00fan el reporte elaborado por el Fondo Mundial para la Naturaleza (WWF, por sus siglas en ingl\u00e9s) y publicado a mediados de octubre, las poblaciones de las m\u00e1s de 5000 especies evaluadas se est\u00e1n reduciendo de una manera acelerada.<\/p>\n<p>El \u00edndice de Planeta vivo mide la forma en que ha ocurrido esta reducci\u00f3n desde el a\u00f1o 1970. Los resultados de esta \u00faltima evaluaci\u00f3n indican que estas poblaciones han descendido, en promedio,\u00a0<strong>69 % a nivel global.<\/strong><\/p>\n<p>Latinoam\u00e9rica es en donde se registran las cifras m\u00e1s cr\u00edticas. En esta regi\u00f3n, la p\u00e9rdida es mucho mayor, ya que\u00a0<strong>las poblaciones de todas las especies presentan un declive promedio del 94 %; en el caso de aquellas que est\u00e1n en agua dulce, el promedio es del 83 %.<\/strong><\/p>\n<figure id=\"attachment_238103\" class=\"wp-caption alignnone\"><img fetchpriority=\"high\" decoding=\"async\" class=\"wp-image-238103 size-full\" src=\"https:\/\/imgs.mongabay.com\/wp-content\/uploads\/sites\/25\/2022\/10\/24181711\/Copy-of-Page-25-Mangroves-Original_WW288960.jpg\" sizes=\"(max-width: 2000px) 100vw, 2000px\" srcset=\"https:\/\/imgs.mongabay.com\/wp-content\/uploads\/sites\/25\/2022\/10\/24181711\/Copy-of-Page-25-Mangroves-Original_WW288960.jpg 2000w, https:\/\/imgs.mongabay.com\/wp-content\/uploads\/sites\/25\/2022\/10\/24181711\/Copy-of-Page-25-Mangroves-Original_WW288960-768x510.jpg 768w, https:\/\/imgs.mongabay.com\/wp-content\/uploads\/sites\/25\/2022\/10\/24181711\/Copy-of-Page-25-Mangroves-Original_WW288960-1536x1020.jpg 1536w, https:\/\/imgs.mongabay.com\/wp-content\/uploads\/sites\/25\/2022\/10\/24181711\/Copy-of-Page-25-Mangroves-Original_WW288960-610x405.jpg 610w\" alt=\"\" width=\"2000\" height=\"1328\" \/><figcaption class=\"wp-caption-text\">Manglares en Los T\u00faneles en la Isla Isabela, Gal\u00e1pagos, Ecuador. Foto: \u00a9 Antonio Busiello \/ WWF-US.<\/figcaption><\/figure>\n<p data-type=\"Segment\" data-start=\"34.5\" data-segment-label=\"00:34\" data-rt-id=\"b457M6\" data-rt-kind=\"1\" data-rt-type=\"Paragraph\">\u00abEl informe eval\u00faa alrededor de 32 000 poblaciones de m\u00e1s de 5000 especies de animales vertebrados y los resultados de este monitoreo son realmente preocupantes\u00bb, dice Luis Germ\u00e1n Naranjo, director de Conservaci\u00f3n y Gobernanza de WWF-Colombia.<\/p>\n<p data-type=\"Segment\" data-start=\"34.5\" data-segment-label=\"00:34\" data-rt-id=\"b457M6\" data-rt-kind=\"1\" data-rt-type=\"Paragraph\">Naranjo explica que en este \u00faltimo reporte\u00a0<em>Planeta vivo<\/em>\u00a0\u2014WWF realiza un informe cada dos a\u00f1os\u2014 se han evaluado muchas m\u00e1s poblaciones que en los estudios anteriores, pero la tendencia sigue siendo la misma:<strong>\u00a0el decrecimiento.<\/strong><\/p>\n<p data-type=\"Segment\" data-start=\"34.5\" data-segment-label=\"00:34\" data-rt-id=\"b457M6\" data-rt-kind=\"1\" data-rt-type=\"Paragraph\">Seg\u00fan el informe, las c\u00edcadas \u2014primitivo grupo de plantas\u2014 son las m\u00e1s amenazadas, mientras que los corales enfrentan el declive m\u00e1s acelerado.<\/p>\n<p data-type=\"Segment\" data-start=\"34.5\" data-segment-label=\"00:34\" data-rt-id=\"b457M6\" data-rt-kind=\"1\" data-rt-type=\"Paragraph\">\u00abLa crisis de p\u00e9rdida de biodiversidad est\u00e1 totalmente ligada con la crisis de cambio clim\u00e1tico global, como lo dicen informes son dos caras de la misma moneda que se refuerzan mutuamente\u00bb, agrega Naranjo.<\/p>\n<figure id=\"attachment_238104\" class=\"wp-caption alignnone\"><img decoding=\"async\" class=\"wp-image-238104 size-full\" src=\"https:\/\/imgs.mongabay.com\/wp-content\/uploads\/sites\/25\/2022\/10\/24181718\/Copy-of-Page-41-Sharks-and-rays-Original_WW1197369_cmyk.jpg\" sizes=\"(max-width: 2000px) 100vw, 2000px\" srcset=\"https:\/\/imgs.mongabay.com\/wp-content\/uploads\/sites\/25\/2022\/10\/24181718\/Copy-of-Page-41-Sharks-and-rays-Original_WW1197369_cmyk.jpg 2000w, https:\/\/imgs.mongabay.com\/wp-content\/uploads\/sites\/25\/2022\/10\/24181718\/Copy-of-Page-41-Sharks-and-rays-Original_WW1197369_cmyk-768x515.jpg 768w, https:\/\/imgs.mongabay.com\/wp-content\/uploads\/sites\/25\/2022\/10\/24181718\/Copy-of-Page-41-Sharks-and-rays-Original_WW1197369_cmyk-1536x1030.jpg 1536w, https:\/\/imgs.mongabay.com\/wp-content\/uploads\/sites\/25\/2022\/10\/24181718\/Copy-of-Page-41-Sharks-and-rays-Original_WW1197369_cmyk-610x409.jpg 610w\" alt=\"\" width=\"2000\" height=\"1341\" \/><figcaption class=\"wp-caption-text\">Tiburones martillo (<em>Sphyrna lewini<\/em>) en la Isla del Coco, en Costa Rica, Oc\u00e9ano Pac\u00edfico. Foto: naturepl.com \/ Jeff Rotman\/WWF.<\/figcaption><\/figure>\n<p data-type=\"Segment\" data-start=\"34.5\" data-segment-label=\"00:34\" data-rt-id=\"b457M6\" data-rt-kind=\"1\" data-rt-type=\"Paragraph\"><strong>Lee m\u00e1s |<\/strong>\u00a0<a href=\"https:\/\/es.mongabay.com\/2022\/10\/que-provoco-el-deslave-en-las-tejerias-en-venezuela-entrevista\/\" data-wpel-link=\"internal\">Deslave en Las Tejer\u00edas: \u201cMuchos de los desastres que hemos vivido es porque el hombre ha ocupado el territorio del r\u00edo\u201d | Entrevista<\/a><\/p>\n<h3 data-type=\"Segment\" data-start=\"34.5\" data-segment-label=\"00:34\" data-rt-id=\"b457M6\" data-rt-kind=\"1\" data-rt-type=\"Paragraph\">La situaci\u00f3n en Am\u00e9rica Latina<\/h3>\n<p>Para este \u00faltimo informe de Planeta vivo, se increment\u00f3 la cantidad de datos analizados para Latinoam\u00e9rica, en especial, para la Amazon\u00eda, un ecosistema con altas tasas de deforestaci\u00f3n.<strong>\u00a0\u00abHemos perdido el 17 % de la extensi\u00f3n original de los bosques, y otro 17 % est\u00e1 degradado.<\/strong>\u00a0Las \u00faltimas investigaciones indican que nos estamos aproximando r\u00e1pidamente al punto de no retorno, traspasado el cual nuestra mayor selva tropical dejar\u00e1 de cumplir su funci\u00f3n\u00bb, se\u00f1ala el informe.<\/p>\n<p>El incremento en las poblaciones estudiadas tambi\u00e9n ha significado una mejor cobertura de algunas zonas poco representadas en los reportes anteriores como es el caso de Brasil. El informe de este a\u00f1o incluy\u00f3 3269 poblaciones de 1002 especies brasile\u00f1as, de ellas, 575 aparecen por primera vez en\u00a0<em>Planeta vivo<\/em>.<\/p>\n<figure id=\"attachment_223351\" class=\"wp-caption alignnone\"><img decoding=\"async\" class=\"wp-image-223351 size-full\" src=\"https:\/\/imgs.mongabay.com\/wp-content\/uploads\/sites\/25\/2021\/02\/23162157\/amazon_201570.jpg\" sizes=\"(max-width: 1200px) 100vw, 1200px\" srcset=\"https:\/\/imgs.mongabay.com\/wp-content\/uploads\/sites\/25\/2021\/02\/23162157\/amazon_201570.jpg 1200w, https:\/\/imgs.mongabay.com\/wp-content\/uploads\/sites\/25\/2021\/02\/23162157\/amazon_201570-768x512.jpg 768w, https:\/\/imgs.mongabay.com\/wp-content\/uploads\/sites\/25\/2021\/02\/23162157\/amazon_201570-610x407.jpg 610w\" alt=\"\" width=\"1200\" height=\"800\" \/><figcaption class=\"wp-caption-text\">La Amazon\u00eda, uno de los ecosistemas m\u00e1s amenazados del planeta. En la foto se observa un arroyo en la selva amaz\u00f3nica. Imagen de Rhett A. Butler.<\/figcaption><\/figure>\n<p data-type=\"Segment\" data-start=\"291.6\" data-segment-label=\"04:51\" data-rt-id=\"bHS551d\" data-rt-kind=\"1\" data-rt-type=\"Paragraph\">\u00abEn Am\u00e9rica Latina, al igual que en el resto del mundo, los dos principales motores de p\u00e9rdida de biodiversidad son, en primer lugar la p\u00e9rdida y transformaci\u00f3n de ecosistemas y en segundo lugar la sobreexplotaci\u00f3n de recursos\u00bb; sostiene Naranjo. \u00abEn Latinoam\u00e9rica estos dos factores siguen rampantes, seguimos viendo el avance continuo de la frontera agropecuaria en muchos pa\u00edses\u00a0 y es una de las regiones del mundo donde hay mayor deforestaci\u00f3n\u00bb, agrega.<\/p>\n<p data-type=\"Segment\" data-start=\"291.6\" data-segment-label=\"04:51\" data-rt-id=\"bHS551d\" data-rt-kind=\"1\" data-rt-type=\"Paragraph\">Naranjo tambi\u00e9n explica que en la regi\u00f3n hay varios ecosistemas de importancia global: la Amazon\u00eda, la Mata Atl\u00e1ntica o bosque atl\u00e1ntico de Brasil y Paraguay, los Andes desde el norte de Per\u00fa hasta Colombia y Venezuela e incluso proyect\u00e1ndose hacia Centroam\u00e9rica.\u00a0<strong>\u00abSon ecosistemas tremendamente ricos con una gran importancia en riqueza de biodiversidad y en servicios ecosist\u00e9micos.<\/strong>\u00a0Y si bien se est\u00e1n perdiendo, de intensificarse las acciones de conservaci\u00f3n y de restauraci\u00f3n con toda seguridad vamos a tener una respuesta muy r\u00e1pida y positiva en muchas poblaciones\u00bb, asegura el experto.<\/p>\n<figure id=\"attachment_223068\" class=\"wp-caption alignnone\"><img loading=\"lazy\" decoding=\"async\" class=\"wp-image-223068 size-full\" src=\"https:\/\/imgs.mongabay.com\/wp-content\/uploads\/sites\/25\/2021\/02\/12133741\/Foto-1-1.jpg\" sizes=\"(max-width: 1331px) 100vw, 1331px\" srcset=\"https:\/\/imgs.mongabay.com\/wp-content\/uploads\/sites\/25\/2021\/02\/12133741\/Foto-1-1.jpg 1331w, https:\/\/imgs.mongabay.com\/wp-content\/uploads\/sites\/25\/2021\/02\/12133741\/Foto-1-1-768x527.jpg 768w, https:\/\/imgs.mongabay.com\/wp-content\/uploads\/sites\/25\/2021\/02\/12133741\/Foto-1-1-610x418.jpg 610w\" alt=\"\" width=\"1331\" height=\"913\" \/><figcaption class=\"wp-caption-text\">El informe\u00a0<em>Planeta vivo<\/em>\u00a0evalu\u00f3 alrededor de 32 000 poblaciones de m\u00e1s de 5 000 especies. Foto: WWF. Foto: Gabriela Vinueza.<\/figcaption><\/figure>\n<p data-type=\"Segment\" data-start=\"291.6\" data-segment-label=\"04:51\" data-rt-id=\"bHS551d\" data-rt-kind=\"1\" data-rt-type=\"Paragraph\">Aunque no hay casos registrados para Am\u00e9rica Latina \u2014contin\u00faa Naranjo\u2014 la recuperaci\u00f3n de tres especies emblem\u00e1ticas en el planeta son una esperanza para la biodiversidad. \u00abEl panda gigante, el tigre de bengala y el gorila de monta\u00f1a que han estado tan gravemente amenazadas muestran signos de recuperaci\u00f3n. Se ha actuado oportunamente con medidas fuertes ambiciosas y est\u00e1n mostrando se\u00f1as de recuperaci\u00f3n\u00bb. En ese sentido, el experto de WWF se\u00f1ala que se debe actuar de la misma forma en los ecosistemas claves de Am\u00e9rica Latina.<\/p>\n<p data-type=\"Segment\" data-start=\"1047.5\" data-segment-label=\"17:27\" data-rt-id=\"bHS551x\" data-rt-kind=\"1\" data-rt-type=\"Paragraph\">En el caso de la Mata Atl\u00e1ntica \u2014bioma presente en Brasil, Paraguay y Argentina\u2014, Naranjo explica que se trata de un ecosistema \u00fanico que mayor extensi\u00f3n ha perdido a lo largo de la historia, principalmente en el \u00faltimo siglo, pero que sigue siendo muy biodiverso y muy importante desde el punto de vista de los servicios ecosist\u00e9micos. \u00abQueda apenas una fracci\u00f3n contin\u00faa muy vulnerable y fr\u00e1gil, pero es uno de los puntos clave de mayor importancia, en donde podr\u00eda lograrse un importante avance si se redoblan los esfuerzos de conservaci\u00f3n y restauraci\u00f3n\u00bb.<\/p>\n<p data-type=\"Segment\" data-start=\"1047.5\" data-segment-label=\"17:27\" data-rt-id=\"bHS551x\" data-rt-kind=\"1\" data-rt-type=\"Paragraph\">Otro bioma clave que menciona Naranjo es la Amazon\u00eda, compartido por nueve pa\u00edses de Suram\u00e9rica y cuya importancia no solo radica en su gran biodiversidad, sino por \u00ablos pueblos ind\u00edgenas y otras poblaciones humanas que habitan en este bioma\u00bb, precisa.<\/p>\n<p data-type=\"Segment\" data-start=\"1047.5\" data-segment-label=\"17:27\" data-rt-id=\"bHS551x\" data-rt-kind=\"1\" data-rt-type=\"Paragraph\">\u00abEn Canad\u00e1, Brasil y Australia la biodiversidad de vertebrados en territorios ind\u00edgenas es igual o superior a la que se encuentra en zonas formalmente protegidas\u00bb, se indica en el informe\u00a0<em>Planeta vivo<\/em>.<\/p>\n<figure id=\"attachment_238010\" class=\"wp-caption alignnone\"><img loading=\"lazy\" decoding=\"async\" class=\"wp-image-238010 size-full\" src=\"https:\/\/imgs.mongabay.com\/wp-content\/uploads\/sites\/25\/2022\/10\/21150028\/DJI_0036.jpg\" sizes=\"(max-width: 2000px) 100vw, 2000px\" srcset=\"https:\/\/imgs.mongabay.com\/wp-content\/uploads\/sites\/25\/2022\/10\/21150028\/DJI_0036.jpg 2000w, https:\/\/imgs.mongabay.com\/wp-content\/uploads\/sites\/25\/2022\/10\/21150028\/DJI_0036-768x511.jpg 768w, https:\/\/imgs.mongabay.com\/wp-content\/uploads\/sites\/25\/2022\/10\/21150028\/DJI_0036-1200x800.jpg 1200w, https:\/\/imgs.mongabay.com\/wp-content\/uploads\/sites\/25\/2022\/10\/21150028\/DJI_0036-1536x1023.jpg 1536w, https:\/\/imgs.mongabay.com\/wp-content\/uploads\/sites\/25\/2022\/10\/21150028\/DJI_0036-610x406.jpg 610w\" alt=\"\" width=\"2000\" height=\"1332\" \/><figcaption class=\"wp-caption-text\">Las poblaciones en los r\u00edos han disminuido en 83% en promedio. Foto: Diego P\u00e9rez \/ SPDA.<\/figcaption><\/figure>\n<h3 data-type=\"Segment\" data-start=\"1047.5\" data-segment-label=\"17:27\" data-rt-id=\"bHS551x\" data-rt-kind=\"1\" data-rt-type=\"Paragraph\">Se pierden especies, se pierden conocimientos<\/h3>\n<p data-type=\"Segment\" data-start=\"1047.5\" data-segment-label=\"17:27\" data-rt-id=\"bHS551x\" data-rt-kind=\"1\" data-rt-type=\"Paragraph\">El reporte tambi\u00e9n indica que la p\u00e9rdida de biodiversidad tiene graves consecuencias para los pueblos ind\u00edgenas y sus formas de vida. \u00abLa escasez de peces, por ejemplo, es much\u00edsimo m\u00e1s que una simple p\u00e9rdida de alimentos. La pesca permite vigilar los cursos de agua, supone un veh\u00edculo de conocimientos y una transferencia de lenguaje, adem\u00e1s de encarnar tradiciones legales ind\u00edgenas\u00bb, se\u00f1ala el informe.<\/p>\n<p data-type=\"Segment\" data-start=\"1047.5\" data-segment-label=\"17:27\" data-rt-id=\"bHS551x\" data-rt-kind=\"1\" data-rt-type=\"Paragraph\">Naranjo recuerda que en el caso de la Amazon\u00eda, los servicios ecosist\u00e9micos que presta son de escala global. \u00ab<strong>El bioma amaz\u00f3nico es un elemento cr\u00edtico en el funcionamiento del clima global y de llegar al punto de inflexi\u00f3n, de no retorno,<\/strong>\u00a0podr\u00edamos tener consecuencias muy graves incluso lejos de la Amazon\u00eda\u00bb.<\/p>\n<p data-type=\"Segment\" data-start=\"1047.5\" data-segment-label=\"17:27\" data-rt-id=\"bHS551x\" data-rt-kind=\"1\" data-rt-type=\"Paragraph\">El tercer ecosistema clave del continente son los Andes del norte, desde el norte de Per\u00fa pasando por Ecuador, Colombia, Venezuela que se proyectan hacia Centroam\u00e9rica. \u00abEs quiz\u00e1s el conjunto de ecosistemas m\u00e1s diversos del planeta que, adem\u00e1s, proveen agua para una inmensa poblaci\u00f3n en el norte de Suram\u00e9rica y en Centroam\u00e9rica\u00bb, menciona Naranjo.<\/p>\n<p data-type=\"Segment\" data-start=\"1047.5\" data-segment-label=\"17:27\" data-rt-id=\"bHS551x\" data-rt-kind=\"1\" data-rt-type=\"Paragraph\">Para Fanny Cornejo, directora de Rainforest Partnership, adem\u00e1s de la evaluaci\u00f3n de la biodiversidad que presenta el informe\u00a0<em>Planeta vivo<\/em>, un tema que se debe destacar es la valoraci\u00f3n de la naturaleza que ofrece este reporte, \u00abno solamente por t\u00e9rminos econ\u00f3micos, sino justamente para que sea m\u00e1s visible la p\u00e9rdida de la biodiversidad\u00bb.<\/p>\n<figure id=\"attachment_236555\" class=\"wp-caption alignnone\"><img loading=\"lazy\" decoding=\"async\" class=\"wp-image-236555 size-full\" src=\"https:\/\/imgs.mongabay.com\/wp-content\/uploads\/sites\/25\/2022\/08\/31032010\/Yellow-tailed-woolly-monkey_%C2%A9Wilhelm-Osterman-Yunkawasi-1-scaled.jpg\" sizes=\"(max-width: 2560px) 100vw, 2560px\" srcset=\"https:\/\/imgs.mongabay.com\/wp-content\/uploads\/sites\/25\/2022\/08\/31032010\/Yellow-tailed-woolly-monkey_%C2%A9Wilhelm-Osterman-Yunkawasi-1-scaled.jpg 2560w, https:\/\/imgs.mongabay.com\/wp-content\/uploads\/sites\/25\/2022\/08\/31032010\/Yellow-tailed-woolly-monkey_%C2%A9Wilhelm-Osterman-Yunkawasi-1-768x513.jpg 768w, https:\/\/imgs.mongabay.com\/wp-content\/uploads\/sites\/25\/2022\/08\/31032010\/Yellow-tailed-woolly-monkey_%C2%A9Wilhelm-Osterman-Yunkawasi-1-1200x800.jpg 1200w, https:\/\/imgs.mongabay.com\/wp-content\/uploads\/sites\/25\/2022\/08\/31032010\/Yellow-tailed-woolly-monkey_%C2%A9Wilhelm-Osterman-Yunkawasi-1-1536x1025.jpg 1536w, https:\/\/imgs.mongabay.com\/wp-content\/uploads\/sites\/25\/2022\/08\/31032010\/Yellow-tailed-woolly-monkey_%C2%A9Wilhelm-Osterman-Yunkawasi-1-2048x1367.jpg 2048w, https:\/\/imgs.mongabay.com\/wp-content\/uploads\/sites\/25\/2022\/08\/31032010\/Yellow-tailed-woolly-monkey_%C2%A9Wilhelm-Osterman-Yunkawasi-1-610x407.jpg 610w\" alt=\"Mono choro de cola amarilla. Foto: \u00a9Wilhelm Osterman-Yunkawasi.\" width=\"2560\" height=\"1709\" \/><figcaption class=\"wp-caption-text\">El mono choro de cola amarilla es una especie en riesgo de extinci\u00f3n. Foto: \u00a9Wilhelm Osterman \/ Yunkawasi.<\/figcaption><\/figure>\n<p data-type=\"Segment\" data-start=\"1047.5\" data-segment-label=\"17:27\" data-rt-id=\"bHS551x\" data-rt-kind=\"1\" data-rt-type=\"Paragraph\">Cornejo tambi\u00e9n destaca que en medio de esta perdida de biodiversidad a\u00fan sea posible encontrar nuevas especies, en ese sentido, destaca el reciente descubrimiento del mono toc\u00f3n de Aquino (<em>Cheracebus aquinoi<\/em>), primate halaldo dentro de la Reserva Nacional Allpahuayo Mishana, en Per\u00fa.<\/p>\n<h3 data-type=\"Segment\" data-start=\"34.5\" data-segment-label=\"00:34\" data-rt-id=\"b457M6\" data-rt-kind=\"1\" data-rt-type=\"Paragraph\">\u00bfQu\u00e9 est\u00e1 pasando en mar y r\u00edos?<\/h3>\n<p>\u00abLa abundancia mundial de tiburones y rayas oce\u00e1nicas ha disminuido un 71 % en los \u00faltimos cincuenta a\u00f1os, fundamentalmente porque la presi\u00f3n pesquera se ha multiplicado por 18 desde 1970\u00bb, se precisa en el informe\u00a0<em>Planeta Vivo<\/em>.<\/p>\n<p>Estas cifras \u2014se menciona en el documento\u2014 refleja un aumento del riesgo de extinci\u00f3n para la mayor\u00eda de estas especies marinas. \u00abEn 1980, nueve de las 31 especies de tiburones y rayas oce\u00e1nicas estaban amenazadas. En 2020, las tres cuartas partes de ellas, 24 especies, estaban amenazadas con riesgo elevado de extinci\u00f3n\u00bb.<\/p>\n<figure id=\"attachment_238107\" class=\"wp-caption alignnone\"><img loading=\"lazy\" decoding=\"async\" class=\"size-medium wp-image-238107\" src=\"https:\/\/imgs.mongabay.com\/wp-content\/uploads\/sites\/25\/2022\/10\/24182002\/Copy-of-Page-61-Roots-of-an-intertwined-crisis-Original_WW2110467-768x512.jpg\" sizes=\"(max-width: 768px) 100vw, 768px\" srcset=\"https:\/\/imgs.mongabay.com\/wp-content\/uploads\/sites\/25\/2022\/10\/24182002\/Copy-of-Page-61-Roots-of-an-intertwined-crisis-Original_WW2110467-768x512.jpg 768w, https:\/\/imgs.mongabay.com\/wp-content\/uploads\/sites\/25\/2022\/10\/24182002\/Copy-of-Page-61-Roots-of-an-intertwined-crisis-Original_WW2110467-1200x800.jpg 1200w\" alt=\"\" width=\"768\" height=\"512\" \/><figcaption class=\"wp-caption-text\"><em>Vista a\u00e9rea de un campo de ma\u00edz cosechado y un bosque de niebla bajo el humo de incendios forestales descontrolados en Brasil.\u00a0<strong>Foto:<\/strong>\u00a0Day\u2019s Edge Productions \/ WWF-US.<\/em><\/figcaption><\/figure>\n<p>En general, los ecosistemas acu\u00e1ticos tanto marinos como fluviales presentan cifras preocupantes de reducci\u00f3n de poblaciones. En el caso de los r\u00edos, fueron 6617 poblaciones analizadas, que representan 1398 especies de mam\u00edferos, aves, anfibios, reptiles y peces de agua dulce. El \u00edndice de\u00a0<em>Planeta vivo<\/em>\u00a0<strong>para las poblaciones de especies de r\u00edos precisa que desde 1970 sus poblaciones han disminuido una media del 83 %.<\/strong><\/p>\n<p>\u00abLas especies de agua dulce son los grupos taxon\u00f3micos con los n\u00fameros m\u00e1s cr\u00edticos con respecto a p\u00e9rdida de especies y a la reducci\u00f3n de abundancia\u00bb, asegura Emilio Cobo, especialista del Consorcio para el Desarrollo Sostenible\u00a0 de la Ecorregi\u00f3n Andina (Condesan) y miembro fundador del Observatorio de R\u00edos Andinos. \u00abSe estima que desde 1970 se han perdido alrededor del 30 % de los ecosistemas de agua dulce\u00bb.<\/p>\n<p>Cobo menciona que son varios los factores que forman parte de este problema ambiental de la biodiversidad acu\u00e1tica, principalmente de agua dulce. Por un lado, \u00ablos r\u00edos han sido utilizados muchas veces como cloacas de las ciudades\u00bb, comenta el experto. \u00abSolamente en Am\u00e9rica Latina el porcentaje de agua sin tratar que terminan en los r\u00edos sigue estando por encima del 80 %\u00bb.<\/p>\n<p>Por otro lado \u2014contin\u00faa Cobo\u2014 tenemos una serie de inversiones en infraestructura h\u00eddrica como represas, hidroel\u00e9ctricas y proyectos multiprop\u00f3sito para abastecer el riego a ciudades y a zonas agr\u00edcolas. \u00abEsta infraestructura ha terminado fragmentando muchos corredores fluviales y afectando, sobre todo, a los peces migratorios.\u00a0 Si revisamos los n\u00fameros, los peces migratorios son uno de los grupos m\u00e1s afectados seg\u00fan el informe\u00bb, agrega Cobo.<\/p>\n<figure id=\"attachment_238101\" class=\"wp-caption alignnone\"><img loading=\"lazy\" decoding=\"async\" class=\"wp-image-238101 size-full\" src=\"https:\/\/imgs.mongabay.com\/wp-content\/uploads\/sites\/25\/2022\/10\/24181656\/Copy-of-Original_WW22321.jpg\" sizes=\"(max-width: 1308px) 100vw, 1308px\" srcset=\"https:\/\/imgs.mongabay.com\/wp-content\/uploads\/sites\/25\/2022\/10\/24181656\/Copy-of-Original_WW22321.jpg 1308w, https:\/\/imgs.mongabay.com\/wp-content\/uploads\/sites\/25\/2022\/10\/24181656\/Copy-of-Original_WW22321-768x1174.jpg 768w, https:\/\/imgs.mongabay.com\/wp-content\/uploads\/sites\/25\/2022\/10\/24181656\/Copy-of-Original_WW22321-1005x1536.jpg 1005w, https:\/\/imgs.mongabay.com\/wp-content\/uploads\/sites\/25\/2022\/10\/24181656\/Copy-of-Original_WW22321-610x933.jpg 610w\" alt=\"\" width=\"1308\" height=\"2000\" \/><figcaption class=\"wp-caption-text\">El delf\u00edn del r\u00edo Amazonas (<em>Inia geoffrensis<\/em>) en el r\u00edo Ariau, afluente del R\u00edo Negro, Amazonia de Brasil. Foto: naturepl.com\/Kevin Schafer\/WWF.<\/figcaption><\/figure>\n<p>En efecto, seg\u00fan el reporte\u00a0<em>Planeta vivo<\/em>\u00a0solo 37 % de los r\u00edos de m\u00e1s de 1000 kil\u00f3metros mantienen su curso libre en toda su extensi\u00f3n. \u00abCuando algunas especies de peces migran largas distancias a lo largo de esos \u2018caminos de agua\u2019 la presencia de presas y embalses supone una amenaza para su supervivencia\u00bb, se menciona en el documento.<\/p>\n<p>Hay varios factores que ocasionan esta situaci\u00f3n \u2014menciona Cobo\u2014, entre ellas la degradaci\u00f3n de los h\u00e1bitats, la fragmentaci\u00f3n de los corredores fluviales, el aprovechamiento de los caudales de lagos, r\u00edos y estuarios. Un tema grave que se suma a todo esto son las especies invasoras en la Amazon\u00eda\u00bb, se\u00f1ala Cobo y menciona como ejemplo el caso de la\u00a0<a href=\"https:\/\/es.mongabay.com\/2022\/09\/la-tilapia-es-una-especie-invasora-en-ecuador\/\" target=\"_blank\" rel=\"noopener\" data-wpel-link=\"internal\">tilapia<\/a>.<\/p>\n<p>El informe tambi\u00e9n destaca que solo el 1 % de la superficie del planeta corresponde al agua dulce, pero que m\u00e1s del 50 % de la poblaci\u00f3n humana vive a menos de tres kil\u00f3metros de un curso o masa de agua dulce. \u00abEsta proximidad de los seres humanos puede constituir una amenaza para las especies de agua dulce y sus h\u00e1bitats, incluidos muchos puntos calientes de biodiversidad\u00bb, se\u00f1ala el informe.<\/p>\n<p>Cobo tambi\u00e9n destaca que en Am\u00e9rica Latina, y especialmente en\u00a0 Sudam\u00e9rica, la diversidad de especies de agua dulce es alta, por lo tanto, la\u00a0 p\u00e9rdida de h\u00e1bitats tiene un efecto m\u00e1s fuerte estad\u00edsticamente en el n\u00famero de especies. Adem\u00e1s \u2014explica el experto\u2014 el proceso de industrializaci\u00f3n y de crecimiento poblacional ocasionan mayor presi\u00f3n sobre los ecosistemas acu\u00e1ticos.<\/p>\n<figure id=\"attachment_236784\" class=\"wp-caption alignnone\"><img loading=\"lazy\" decoding=\"async\" class=\"wp-image-236784 size-full\" src=\"https:\/\/imgs.mongabay.com\/wp-content\/uploads\/sites\/25\/2022\/09\/09193659\/5.-El-cultivo-de-tilapia-crece-en-Santo-Domingo.jpg\" sizes=\"(max-width: 1273px) 100vw, 1273px\" srcset=\"https:\/\/imgs.mongabay.com\/wp-content\/uploads\/sites\/25\/2022\/09\/09193659\/5.-El-cultivo-de-tilapia-crece-en-Santo-Domingo.jpg 1273w, https:\/\/imgs.mongabay.com\/wp-content\/uploads\/sites\/25\/2022\/09\/09193659\/5.-El-cultivo-de-tilapia-crece-en-Santo-Domingo-768x495.jpg 768w, https:\/\/imgs.mongabay.com\/wp-content\/uploads\/sites\/25\/2022\/09\/09193659\/5.-El-cultivo-de-tilapia-crece-en-Santo-Domingo-610x393.jpg 610w\" alt=\"\" width=\"1273\" height=\"821\" \/><figcaption class=\"wp-caption-text\">La tilapia es una especie invasora que est\u00e1 afectando a las poblaciones de peces en los r\u00edos. Foto: Ministerio de Agricultura y Ganader\u00eda de Ecuador.<\/figcaption><\/figure>\n<p>Miguel Pacheco, director de WWF-Per\u00fa, cita como ejemplo al delf\u00edn rosado, especie emblem\u00e1tica que est\u00e1 presente en toda la Amazon\u00eda. En el caso de Per\u00fa, por ejemplo, Pacheco menciona que la legislaci\u00f3n pesquera no toma en consideraci\u00f3n las particularidades de la Amazon\u00eda,\u00a0<strong>\u00ablo que conlleva a la sobreexplotaci\u00f3n de ciertas especies<\/strong> que, al mismo tiempo, son parte de la cadena tr\u00f3fica o de la alimentaci\u00f3n del delf\u00edn que se ha visto reflejado en la reducci\u00f3n de esta especie\u00bb.<\/p>\n<h3>La esperanza del cambio<\/h3>\n<p>Si bien el panorama es cr\u00edtico, los cient\u00edficos que realizaron el estudio aseguran que todav\u00eda es posible cambiar este panorama. Una de las propuestas frente a la destrucci\u00f3n y degradaci\u00f3n de la naturaleza es el concepto de conservaci\u00f3n de la conectividad \u00abcomo soluci\u00f3n para restaurar el movimiento de especies y el flujo de los procesos naturales\u00bb, explica el informe.<\/p>\n<p>Con este concepto los investigadores se refieren a \u00abla protecci\u00f3n y restauraci\u00f3n de las conexiones ecol\u00f3gicas entre tierras y masas de agua por medio de corredores ecol\u00f3gicos, zonas de conexi\u00f3n e infraestructuras que permitan el paso de animales\u00bb, seg\u00fan se precisa en el documento de\u00a0<em>Planeta vivo<\/em>.<\/p>\n<figure id=\"attachment_238102\" class=\"wp-caption alignnone\"><img loading=\"lazy\" decoding=\"async\" class=\"wp-image-238102 size-full\" src=\"https:\/\/imgs.mongabay.com\/wp-content\/uploads\/sites\/25\/2022\/10\/24181702\/Copy-of-Page-11-At-a-glance-Original_WW1109001.jpg\" sizes=\"(max-width: 2000px) 100vw, 2000px\" srcset=\"https:\/\/imgs.mongabay.com\/wp-content\/uploads\/sites\/25\/2022\/10\/24181702\/Copy-of-Page-11-At-a-glance-Original_WW1109001.jpg 2000w, https:\/\/imgs.mongabay.com\/wp-content\/uploads\/sites\/25\/2022\/10\/24181702\/Copy-of-Page-11-At-a-glance-Original_WW1109001-768x510.jpg 768w, https:\/\/imgs.mongabay.com\/wp-content\/uploads\/sites\/25\/2022\/10\/24181702\/Copy-of-Page-11-At-a-glance-Original_WW1109001-1536x1021.jpg 1536w, https:\/\/imgs.mongabay.com\/wp-content\/uploads\/sites\/25\/2022\/10\/24181702\/Copy-of-Page-11-At-a-glance-Original_WW1109001-610x405.jpg 610w\" alt=\"\" width=\"2000\" height=\"1329\" \/><figcaption class=\"wp-caption-text\">Mariposas cerca de las cataratas de Augusto en el r\u00edo Juruena, en el Parque Nacional de Juruena, Brasil. Foto: Zig Koch\/WWF.<\/figcaption><\/figure>\n<p data-type=\"Segment\" data-start=\"1387.5\" data-segment-label=\"23:07\" data-rt-id=\"bMCCZ13\" data-rt-kind=\"1\" data-rt-type=\"Paragraph\">Naranjo, de WWF, se\u00f1ala que a\u00fan existe la oportunidad de revertir las curvas que muestran el declive de biodiversidad. Una de estas posibilidades \u2014comenta el experto\u2014 est\u00e1 en la pr\u00f3xima Conferencia de las Naciones Unidas sobre Biodiversidad (COP 15) que se realizar\u00e1 en Montreal, Canad\u00e1, del 7 al 19 de diciembre, y en la que se deber\u00e1n determinar las nuevas metas de conservaci\u00f3n de la biodiversidad para el mundo entero para los pr\u00f3ximos 10 a\u00f1os.<\/p>\n<p data-type=\"Segment\" data-start=\"1387.5\" data-segment-label=\"23:07\" data-rt-id=\"bMCCZ13\" data-rt-kind=\"1\" data-rt-type=\"Paragraph\">\u00abEste es un momento hist\u00f3rico, un momento cr\u00edtico porque nunca como ahora hab\u00edamos llegado a unos niveles tan preocupantes de la crisis, clim\u00e1tica y de p\u00e9rdida de biodiversidad. El tama\u00f1o del compromiso y de los recursos que se comprometan para la conservaci\u00f3n de la biodiversidad depender\u00e1 el que tengamos una nueva oportunidad\u00bb, asegura.<\/p>\n<p data-type=\"Segment\" data-start=\"1387.5\" data-segment-label=\"23:07\" data-rt-id=\"bMCCZ13\" data-rt-kind=\"1\" data-rt-type=\"Paragraph\">Naranjo tambi\u00e9n menciona que, adem\u00e1s de la exigencia que se debe hacer a los gobiernos para que asuman los compromisos de conservaci\u00f3n, tambi\u00e9n es necesario emprender cambios a gran escala, muchos de los cuales est\u00e1n relacionados con el sistema econ\u00f3mico:\u00a0<strong>\u00abTenemos que pensar en un replanteamiento de la forma en como funcionan las econom\u00edas en el mundo entero<\/strong>\u00a0y en actuar a distintas escalas y a distintos niveles. Una diversificaci\u00f3n en los sistemas de producci\u00f3n, una mayor eficiencia en la forma como producimos, una mayor mesura y control en la forma como consumimos y un esfuerzo muy grande para evitar el desperdicio de los recursos en todos los sentidos\u00bb.<\/p>\n<p>Tomado de:<a href=\"https:\/\/es.mongabay.com\/2022\/10\/informe-planeta-vivo-especies-estan-en-declive-en-latinoamerica\/\"> https:\/\/es.mongabay.com\/2022\/10\/informe-planeta-vivo-especies-estan-en-declive-en-latinoamerica\/<\/a><\/p>\n","protected":false},"excerpt":{"rendered":"<p>En Am\u00e9rica Latina se calcula en promedio que el 94 % de las poblaciones de las especies est\u00e1n en declive. El informe evalu\u00f3 alrededor de 32.000 poblaciones de m\u00e1s de 5.000 especies de animales vertebrados entre mam\u00edferos, aves, reptiles, anfibios y peces.<\/p>\n<p>Una vez m\u00e1s, las investigaciones confirman la\u00a0crisis ambiental que vive el planeta.\u00a0En esta ocasi\u00f3n se trata del informe\u00a0Planeta Vivo 2022, que advierte sobre la r\u00e1pida p\u00e9rdida de biodiversidad. Seg\u00fan el reporte elaborado por el Fondo Mundial para la Naturaleza (WWF, por sus siglas en ingl\u00e9s) y publicado a mediados de octubre, las poblaciones de las m\u00e1s de 5000 especies evaluadas se est\u00e1n reduciendo de una manera acelerada.<\/p>\n<p>El \u00edndice de Planeta vivo mide la forma en que ha ocurrido esta reducci\u00f3n desde el a\u00f1o 1970. Los resultados de esta \u00faltima evaluaci\u00f3n indican que estas poblaciones han descendido, en promedio,\u00a069 % a nivel global.<\/p>\n","protected":false},"author":327,"featured_media":35828,"comment_status":"open","ping_status":"open","sticky":false,"template":"","format":"standard","meta":{"_acf_changed":false,"footnotes":""},"categories":[2],"tags":[],"class_list":["post-35827","post","type-post","status-publish","format-standard","has-post-thumbnail","hentry","category-radar","category-2","description-off"],"acf":[],"_links":{"self":[{"href":"https:\/\/www.raisg.org\/es\/wp-json\/wp\/v2\/posts\/35827","targetHints":{"allow":["GET"]}}],"collection":[{"href":"https:\/\/www.raisg.org\/es\/wp-json\/wp\/v2\/posts"}],"about":[{"href":"https:\/\/www.raisg.org\/es\/wp-json\/wp\/v2\/types\/post"}],"author":[{"embeddable":true,"href":"https:\/\/www.raisg.org\/es\/wp-json\/wp\/v2\/users\/327"}],"replies":[{"embeddable":true,"href":"https:\/\/www.raisg.org\/es\/wp-json\/wp\/v2\/comments?post=35827"}],"version-history":[{"count":1,"href":"https:\/\/www.raisg.org\/es\/wp-json\/wp\/v2\/posts\/35827\/revisions"}],"predecessor-version":[{"id":35831,"href":"https:\/\/www.raisg.org\/es\/wp-json\/wp\/v2\/posts\/35827\/revisions\/35831"}],"wp:featuredmedia":[{"embeddable":true,"href":"https:\/\/www.raisg.org\/es\/wp-json\/wp\/v2\/media\/35828"}],"wp:attachment":[{"href":"https:\/\/www.raisg.org\/es\/wp-json\/wp\/v2\/media?parent=35827"}],"wp:term":[{"taxonomy":"category","embeddable":true,"href":"https:\/\/www.raisg.org\/es\/wp-json\/wp\/v2\/categories?post=35827"},{"taxonomy":"post_tag","embeddable":true,"href":"https:\/\/www.raisg.org\/es\/wp-json\/wp\/v2\/tags?post=35827"}],"curies":[{"name":"wp","href":"https:\/\/api.w.org\/{rel}","templated":true}]}}