{"id":36684,"date":"2023-01-01T14:07:21","date_gmt":"2023-01-01T17:07:21","guid":{"rendered":"https:\/\/www.raisg.org\/?p=36684"},"modified":"2023-01-03T14:24:45","modified_gmt":"2023-01-03T17:24:45","slug":"derrames-petroleros-expansion-minera-deforestacion-y-trafico-de-especies-continuaron-impactando-a-la-naturaleza-en-ecuador-en-2022","status":"publish","type":"post","link":"https:\/\/www.raisg.org\/es\/radar\/derrames-petroleros-expansion-minera-deforestacion-y-trafico-de-especies-continuaron-impactando-a-la-naturaleza-en-ecuador-en-2022\/","title":{"rendered":"Derrames petroleros, expansi\u00f3n minera, deforestaci\u00f3n y tr\u00e1fico de especies continuaron impactando a la naturaleza en Ecuador en 2022"},"content":{"rendered":"<p>La Amazon\u00eda ecuatoriana fue uno de los sectores m\u00e1s afectados por la extracci\u00f3n de recursos naturales.<\/p>\n<p>&nbsp;<\/p>\n<p>El Universo<\/p>\n<div class=\"author | space-y-2\">\n<div class=\"credits | flex flex-col md:flex-row space-y-4 md:space-y-0 md:space-x-4\">\n<div class=\"author-data flex space-x-2\">\n<div class=\"flex justify-center space-x-1\">\n<div class=\"author-bio | flex flex-col justify-center\"><a class=\"block\" href=\"https:\/\/www.eluniverso.com\/autor\/ricardo-zambrano\">Ricardo Zambrano<\/a><\/div>\n<\/div>\n<\/div>\n<\/div>\n<\/div>\n<p>Ecuador<br \/>\n1 de enero, 2023<\/p>\n<p>&nbsp;<\/p>\n<p class=\"prose-text\">Los ecosistemas megadiversos de Ecuador continuaron sufriendo impactos graves durante el 2022 que termin\u00f3. La Amazon\u00eda sigui\u00f3 sucumbiendo ante los derrames petroleros, la expansi\u00f3n minera, la deforestaci\u00f3n y el tr\u00e1fico de especies. Aunque estos problemas se replicaron en otras localidades del pa\u00eds como El Oro, Esmeraldas, Imbabura y Guayas.<\/p>\n<p class=\"prose-text\">Al iniciar el 2022,\u00a0<a href=\"https:\/\/www.eluniverso.com\/noticias\/economia\/derrame-de-crudo-habria-llegado-ya-al-rio-napo-denuncian-ambientalistas-nota\/\" target=\"_blank\" rel=\"noopener\">se registr\u00f3 un derrame de al menos 6.300 barriles de petr\u00f3leo por la rotura del Oleoducto de Crudos Pesados (OCP)<\/a>, como consecuencia de la erosi\u00f3n regresiva del r\u00edo Coca. Este fen\u00f3meno es el resultado, indican especialistas, de una falla en la construcci\u00f3n de la Hidroel\u00e9ctrica Coca Codo Sinclair.<\/p>\n<p class=\"prose-text\">Aunque se aplicaron medidas de remediaci\u00f3n el impacto de la contaminaci\u00f3n fue brutal. El Ministerio de Ambiente indic\u00f3 que el vertido se produjo dentro del Parque Nacional Cayambe-Coca, que alberga una gran variedad de fauna y una importante reserva de agua, y que avanz\u00f3 hasta un r\u00edo que abastece a comunidades ind\u00edgenas.<\/p>\n<div class=\"inline-element px-2 table m-auto pb-2 bg-white text-center border border-grey-100 text-xs\">\n<div id=\"Ampliada-content\">En septiembre se produjo\u00a0<a href=\"https:\/\/www.eluniverso.com\/larevista\/ecologia\/derrame-de-petroleo-que-contamina-a-rio-teteye-en-lago-agrio-se-origino-hace-12-dias-denuncian-habitantes-de-la-zona-nota\/\" target=\"_blank\" rel=\"noopener\">otro derrame que afect\u00f3 al r\u00edo Teteye, en Sucumb\u00edos. El vertido fue ocasionado por una falla en la l\u00ednea de alta presi\u00f3n del sistemas Power Oil perteneciente al bloque 56<\/a>. Comunidades ind\u00edgenas y especies que utilizan el afluente fueron seriamente perjudicadas.<\/div>\n<\/div>\n<div>\n<div class=\"embeded-image mb-6 bg-grey-100\">\n<figure>\n<div class=\"sc-ursye9 cDlkGJ img-content w-full h-full mx-auto\">\n<div aria-hidden=\"true\"><\/div>\n<picture><source srcset=\"https:\/\/www.eluniverso.com\/resizer\/LQSnixlbcMQQYHW08e9gnSbgqI8=\/298x168\/smart\/filters:quality(70)\/cloudfront-us-east-1.images.arcpublishing.com\/eluniverso\/VOMYI7SOCFALXHFQSFABZKGUZM.jpg 298w, \nhttps:\/\/www.eluniverso.com\/resizer\/b3-_t_ldJZVHJxFzh1wTsihO6EQ=\/596x335\/smart\/filters:quality(70)\/cloudfront-us-east-1.images.arcpublishing.com\/eluniverso\/VOMYI7SOCFALXHFQSFABZKGUZM.jpg 596w,\nhttps:\/\/www.eluniverso.com\/resizer\/1ySjfgCTJiLYVArV7hCXtjN9cGI=\/1191x670\/smart\/filters:quality(70)\/cloudfront-us-east-1.images.arcpublishing.com\/eluniverso\/VOMYI7SOCFALXHFQSFABZKGUZM.jpg 1191w\" sizes=\"(max-width: 1191px) 100vw, 1191px\" \/><img decoding=\"async\" class=\"sc-i5xb18 fkbsJk h-auto m-0\" src=\"https:\/\/www.eluniverso.com\/resizer\/1ySjfgCTJiLYVArV7hCXtjN9cGI=\/1191x670\/smart\/filters:quality(70)\/cloudfront-us-east-1.images.arcpublishing.com\/eluniverso\/VOMYI7SOCFALXHFQSFABZKGUZM.jpg\" sizes=\"(max-width: 1191px) 100vw, 1191px\" srcset=\"https:\/\/www.eluniverso.com\/resizer\/LQSnixlbcMQQYHW08e9gnSbgqI8=\/298x168\/smart\/filters:quality(70)\/cloudfront-us-east-1.images.arcpublishing.com\/eluniverso\/VOMYI7SOCFALXHFQSFABZKGUZM.jpg 298w,\nhttps:\/\/www.eluniverso.com\/resizer\/b3-_t_ldJZVHJxFzh1wTsihO6EQ=\/596x335\/smart\/filters:quality(70)\/cloudfront-us-east-1.images.arcpublishing.com\/eluniverso\/VOMYI7SOCFALXHFQSFABZKGUZM.jpg 596w,\nhttps:\/\/www.eluniverso.com\/resizer\/1ySjfgCTJiLYVArV7hCXtjN9cGI=\/1191x670\/smart\/filters:quality(70)\/cloudfront-us-east-1.images.arcpublishing.com\/eluniverso\/VOMYI7SOCFALXHFQSFABZKGUZM.jpg 1191w\" alt=\"\" \/><\/picture><\/div><figcaption class=\"sc-pye9px doUqlL text-grey-700 p-2\">A principios de 2022 se registr\u00f3 la rotura del OCP lo que caus\u00f3 grave contaminaci\u00f3n ambiental. Foto: Archivo<\/figcaption><\/figure>\n<\/div>\n<p class=\"prose-text\">Otras de las deudas del Ecuador con la naturaleza fue el poco control ante la expansi\u00f3n de la miner\u00eda ilegal y su gran impacto en la naturaleza.\u00a0<a href=\"https:\/\/www.eluniverso.com\/larevista\/ecologia\/ambicion-por-el-oro-contamino-el-agua-de-yutzupino-en-napo-con-mercurio-diesel-y-gasolina-segun-colectivos-nota\/\" target=\"_blank\" rel=\"noopener\">Este a\u00f1o la ambici\u00f3n por el oro contamin\u00f3 el agua de Yutzupino, en Napo, con mercurio, di\u00e9sel y gasolina<\/a>.<\/p>\n<div class=\"inline-element\">\n<div>\n<div id=\"active-campaing-form-marcador\"><\/div>\n<\/div>\n<\/div>\n<p class=\"prose-text\">Fueron cerca de 240 piscinas que utilizaron los mineros ilegales para lavar material p\u00e9treo en busca de oro en la comunidad de Yutzupino, en Napo. Estos grandes pozos tienen agua con mercurio y fueron cavados a la orilla del r\u00edo Jatunyaku. El da\u00f1o ambiental abarc\u00f3 entre 40 y 70 hect\u00e1reas. Se estima que hasta 4.000 personas trabajaron en el \u00e1rea extrayendo el metal. 124 retroexcavadoras utilizadas en esta actividad se decomisaron.<\/p>\n<p class=\"prose-text\">La miner\u00eda legal y a gran escala tambi\u00e9n ha sido duramente cuestionada por organizaciones ambientales este a\u00f1o. Pese a que este sector empez\u00f3 a liderar varios indicadores macroecon\u00f3micos son acusados de contaminar el agua, cambiar los cauces fluviales, afectar ecosistemas clave y desatar conflictos sociales. Adem\u00e1s, se cuestiona la falta de personal del Estado para realizar controles m\u00e1s estrictos y seguidos.<\/p>\n<p class=\"prose-text\">Estas actividades extractivas han impulsado la deforestaci\u00f3n. Aunque no hay cifras oficiales actualizadas desde 2018, las autoridades y organizaciones ambientales hablan que entre 60.000 y 80.000 de hect\u00e1reas se deforestan en todo el Ecuador. Esta cifra es alarmante, ya que ubica al pa\u00eds entre los l\u00edderes de la regi\u00f3n en deforestaci\u00f3n.<\/p>\n<p class=\"prose-text\">Jorge Villa, analista de la Fundaci\u00f3n Ecociencia, afirma que a trav\u00e9s de monitoreos satelitales han evidenciado todos estos impactos en zonas como la Amazon\u00eda. A\u00f1ade que otro de los eventos que se han presentado es la apertura de ciertas v\u00edas dentro de la Amazon\u00eda que posiblemente no tengan todos los estudios ambientales necesarios para su construcci\u00f3n.<\/p>\n<p class=\"prose-text\">\u201c<b>Los procesos de deforestaci\u00f3n que son bastante evidentes en los monitoreos satelitales. Las actividades mineras que son parte de los impactos que se han acelerado a ra\u00edz de la pandemia y tambi\u00e9n se ha constatado la expansi\u00f3n petrolera, tala selectiva y procesos similares<\/b>\u201d, a\u00f1ade.<\/p>\n<p class=\"prose-text\">Las nuevas v\u00edas que se est\u00e1n construyendo, aparentemente sin permisos ni controles, est\u00e1n afectando seriamente los ecosistemas, ya que con rutas empiezan a formarse poblados, tr\u00e1nsito de maquinaria pesada, actividad humana y las especies silvestres ven c\u00f3mo se reduce su h\u00e1bitat natural.<\/p>\n<div class=\"embeded-image mb-6 bg-grey-100\">\n<figure>\n<div class=\"sc-ursye9 fCoztg img-content w-full h-full mx-auto\">\n<div aria-hidden=\"true\"><\/div>\n<picture><source srcset=\"https:\/\/www.eluniverso.com\/resizer\/lOwxPeZB27_FOnoz1HQeJJ5jbJ0=\/225x168\/smart\/filters:quality(70)\/cloudfront-us-east-1.images.arcpublishing.com\/eluniverso\/GFMSBMGGHJBX3MOJGPUGSWQSDQ.jpg 225w, \nhttps:\/\/www.eluniverso.com\/resizer\/7b6u7FB0Ge3ItjbIE7NH3HIcgJk=\/450x335\/smart\/filters:quality(70)\/cloudfront-us-east-1.images.arcpublishing.com\/eluniverso\/GFMSBMGGHJBX3MOJGPUGSWQSDQ.jpg 450w,\nhttps:\/\/www.eluniverso.com\/resizer\/xQOu8XqYfBfl6mk1elrzZjNiOng=\/900x670\/smart\/filters:quality(70)\/cloudfront-us-east-1.images.arcpublishing.com\/eluniverso\/GFMSBMGGHJBX3MOJGPUGSWQSDQ.jpg 900w\" sizes=\"(max-width: 900px) 100vw, 900px\" \/><img decoding=\"async\" class=\"sc-i5xb18 fkbsJk h-auto m-0\" src=\"https:\/\/www.eluniverso.com\/resizer\/xQOu8XqYfBfl6mk1elrzZjNiOng=\/900x670\/smart\/filters:quality(70)\/cloudfront-us-east-1.images.arcpublishing.com\/eluniverso\/GFMSBMGGHJBX3MOJGPUGSWQSDQ.jpg\" sizes=\"(max-width: 900px) 100vw, 900px\" srcset=\"https:\/\/www.eluniverso.com\/resizer\/lOwxPeZB27_FOnoz1HQeJJ5jbJ0=\/225x168\/smart\/filters:quality(70)\/cloudfront-us-east-1.images.arcpublishing.com\/eluniverso\/GFMSBMGGHJBX3MOJGPUGSWQSDQ.jpg 225w,\nhttps:\/\/www.eluniverso.com\/resizer\/7b6u7FB0Ge3ItjbIE7NH3HIcgJk=\/450x335\/smart\/filters:quality(70)\/cloudfront-us-east-1.images.arcpublishing.com\/eluniverso\/GFMSBMGGHJBX3MOJGPUGSWQSDQ.jpg 450w,\nhttps:\/\/www.eluniverso.com\/resizer\/xQOu8XqYfBfl6mk1elrzZjNiOng=\/900x670\/smart\/filters:quality(70)\/cloudfront-us-east-1.images.arcpublishing.com\/eluniverso\/GFMSBMGGHJBX3MOJGPUGSWQSDQ.jpg 900w\" alt=\"\" \/><\/picture><\/div><figcaption class=\"sc-pye9px doUqlL text-grey-700 p-2\">El tr\u00e1fico de especies sigui\u00f3 con fuerza en Ecuador durante el 2022. Foto: Archivo<\/figcaption><\/figure>\n<\/div>\n<p class=\"prose-text\">\u201c<b>Estas actividades que se est\u00e1n desarrollando en estas \u00e1reas con ecosistemas megadiversos necesitan de autorizaciones y estudios previos. Esto para que los controles se vayan cumpliendo aunque hemos evidenciado que con el paso del tiempo estos est\u00e1ndares empiezan a romperse (por parte de las empresas autorizadas)<\/b>\u201d, indica. Para el especialista las zonas impactadas son muy dif\u00edciles de recuperar pese a que se haga una remediaci\u00f3n ambiental y mientras m\u00e1s tiempo se mantenga la extracci\u00f3n de recursos m\u00e1s complejo ser\u00e1 reparar los da\u00f1os a la zona.<\/p>\n<p class=\"prose-text\">En tanto, un reporte realizado por Wildlife Conservation Society (WCS) revel\u00f3 que\u00a0<a href=\"https:\/\/www.eluniverso.com\/larevista\/ecologia\/en-primer-semestre-de-2022-5368-animales-silvestres-vivos-victimas-de-trafico-fueron-decomisados-en-colombia-ecuador-peru-bolivia-y-brasil-nota\/\" target=\"_blank\" rel=\"noopener\">5.368 animales silvestres vivos, v\u00edctimas de tr\u00e1fico, fueron decomisados en Colombia, Ecuador, Per\u00fa, Bolivia y Brasil en el primer semestre de 2022<\/a>. 183 especies son las implicadas entre aves, mam\u00edferos, reptiles, anfibios y peces, que contin\u00faan siendo objeto del comercio ilegal de fauna silvestre en estos pa\u00edses. Se estima que la cifra de animales decomisados se hab\u00eda al menos duplicado al cerrar el a\u00f1o.<\/p>\n<p class=\"prose-text\">Se estima que los 5.368 individuos vivos que se retuvieron posiblemente estaban destinados a un mercado de mascotas, a colecciones privadas o para el consumo humano. De estos, el 65.5% correspondi\u00f3 a reptiles, el 23.8% a aves, el 5.7% a mam\u00edferos, el 0.9% a anfibios y el 3.9% a peces.<\/p>\n<p class=\"prose-text\">En 2022 varios ciudadanos fueron sentenciados por tr\u00e1fico y tenencia ilegal de especies silvestres. Por ejemplo, en Quito,\u00a0<a href=\"https:\/\/www.eluniverso.com\/larevista\/ecologia\/cuatro-anos-de-prision-y-una-multa-de-4250-para-dos-ciudadanos-por-tenencia-y-comercializacion-de-dos-tortugas-de-patas-rojas-en-quito-nota\/\" target=\"_blank\" rel=\"noopener\">dos personas fueron sentenciados a cuatro a\u00f1os de prisi\u00f3n y el pago de una multa de diez salarios b\u00e1sicos unificados (4.250 d\u00f3lares) que deber\u00e1n cancelar en partes iguales, por la tenencia y comercializaci\u00f3n de\u00a0<b>dos tortugas de patas rojas<\/b><\/a><b>\u00a0(<\/b><i><b>Chelonoidis carbonarius<\/b><\/i><b>)<\/b>.<\/p>\n<p class=\"prose-text\">Gustavo Manrique, ministro de Ambiente, Agua y Transici\u00f3n Ecol\u00f3gica, reconoce las falencias en controles a petroleras y mineras, y afirma que el gran reto de este 2023 ser\u00e1 mejorarlos para que los ecosistemas no se contaminen.<\/p>\n<p class=\"prose-text\">\u201c<b>Lo pendiente es el control a la miner\u00eda ilegal, sin duda es un desaf\u00edo, pero es parte del crimen organizado. Tambi\u00e9n tenemos mucho que mejorar en controles de tala. En el sector petrolero tenemos un desaf\u00edo y hay que mejorar los controles. Y debemos incrementar la educaci\u00f3n ambiental<\/b>\u201d, dice. (I)<\/p>\n<\/div>\n<p>Tomado de: <a href=\"https:\/\/www.eluniverso.com\/larevista\/ecologia\/derrames-petroleros-expansion-minera-deforestacion-y-trafico-de-especies-continuaron-impactando-a-la-naturaleza-en-ecuador-en-2022-nota\/\">https:\/\/www.eluniverso.com\/larevista\/ecologia\/derrames-petroleros-expansion-minera-deforestacion-y-trafico-de-especies-continuaron-impactando-a-la-naturaleza-en-ecuador-en-2022-nota\/<\/a><\/p>\n","protected":false},"excerpt":{"rendered":"<p>Los ecosistemas megadiversos de Ecuador continuaron sufriendo impactos graves durante el 2022 que termin\u00f3. La Amazon\u00eda sigui\u00f3 sucumbiendo ante los derrames petroleros, la expansi\u00f3n minera, la deforestaci\u00f3n y el tr\u00e1fico de especies. Aunque estos problemas se replicaron en otras localidades del pa\u00eds como El Oro, Esmeraldas, Imbabura y Guayas.<\/p>\n<p>Al iniciar el 2022, se registr\u00f3 un derrame de al menos 6.300 barriles de petr\u00f3leo por la rotura del Oleoducto de Crudos Pesados (OCP), como consecuencia de la erosi\u00f3n regresiva del r\u00edo Coca. Este fen\u00f3meno es el resultado, indican especialistas, de una falla en la construcci\u00f3n de la Hidroel\u00e9ctrica Coca Codo Sinclair.<\/p>\n","protected":false},"author":327,"featured_media":36685,"comment_status":"open","ping_status":"open","sticky":false,"template":"","format":"standard","meta":{"_acf_changed":false,"footnotes":""},"categories":[2],"tags":[],"class_list":["post-36684","post","type-post","status-publish","format-standard","has-post-thumbnail","hentry","category-radar","category-2","description-off"],"acf":[],"_links":{"self":[{"href":"https:\/\/www.raisg.org\/es\/wp-json\/wp\/v2\/posts\/36684","targetHints":{"allow":["GET"]}}],"collection":[{"href":"https:\/\/www.raisg.org\/es\/wp-json\/wp\/v2\/posts"}],"about":[{"href":"https:\/\/www.raisg.org\/es\/wp-json\/wp\/v2\/types\/post"}],"author":[{"embeddable":true,"href":"https:\/\/www.raisg.org\/es\/wp-json\/wp\/v2\/users\/327"}],"replies":[{"embeddable":true,"href":"https:\/\/www.raisg.org\/es\/wp-json\/wp\/v2\/comments?post=36684"}],"version-history":[{"count":1,"href":"https:\/\/www.raisg.org\/es\/wp-json\/wp\/v2\/posts\/36684\/revisions"}],"predecessor-version":[{"id":36688,"href":"https:\/\/www.raisg.org\/es\/wp-json\/wp\/v2\/posts\/36684\/revisions\/36688"}],"wp:featuredmedia":[{"embeddable":true,"href":"https:\/\/www.raisg.org\/es\/wp-json\/wp\/v2\/media\/36685"}],"wp:attachment":[{"href":"https:\/\/www.raisg.org\/es\/wp-json\/wp\/v2\/media?parent=36684"}],"wp:term":[{"taxonomy":"category","embeddable":true,"href":"https:\/\/www.raisg.org\/es\/wp-json\/wp\/v2\/categories?post=36684"},{"taxonomy":"post_tag","embeddable":true,"href":"https:\/\/www.raisg.org\/es\/wp-json\/wp\/v2\/tags?post=36684"}],"curies":[{"name":"wp","href":"https:\/\/api.w.org\/{rel}","templated":true}]}}