{"id":38963,"date":"2023-05-29T12:51:13","date_gmt":"2023-05-29T15:51:13","guid":{"rendered":"https:\/\/www.raisg.org\/?p=38963"},"modified":"2023-06-05T12:54:42","modified_gmt":"2023-06-05T15:54:42","slug":"yuturi-warmi-la-primera-guardia-indigena-liderada-por-mujeres-kichwas-en-ecuador-entrevista","status":"publish","type":"post","link":"https:\/\/www.raisg.org\/es\/radar\/yuturi-warmi-la-primera-guardia-indigena-liderada-por-mujeres-kichwas-en-ecuador-entrevista\/","title":{"rendered":"Yuturi Warmi: la primera guardia ind\u00edgena liderada por mujeres kichwas en Ecuador | ENTREVISTA"},"content":{"rendered":"<p>MONGABAY<br \/>\n29 de mayo, 2023<\/p>\n<div class=\"bulletpoints\">\n<ul>\n<li><em>Desde 2020, m\u00e1s de 40 mujeres kichwas se organizaron para defender su territorio y expulsar a la miner\u00eda en la Amazon\u00eda ecuatoriana, as\u00ed naci\u00f3 Yuturi Warmi, la primera guardia ind\u00edgena liderada por mujeres en la regi\u00f3n.<\/em><\/li>\n<li><em>Mar\u00eda Jos\u00e9 Andrade Cerda, una de las lideresas de Yuturi Warmi, explica que las mujeres ind\u00edgenas han tenido una visi\u00f3n m\u00e1s integral de la defensa del territorio, pues sus ejes de trabajo no s\u00f3lo incluyen la vigilancia f\u00edsica de la tierra, sino tambi\u00e9n aspectos como la cultura, la ancestralidad, la lengua, la educaci\u00f3n y la salud.<\/em><\/li>\n<\/ul>\n<\/div>\n<p>Las hormigas yuturi son pac\u00edficas hasta que su territorio se ve amenazado. La especie, tambi\u00e9n conocida como \u201cconga\u201d, es considerada una guerrera por la cultura ind\u00edgena kichwa, pues se sabe que no permiten que nadie entre a su casa sin permiso. Lo mismo sucedi\u00f3 con las\u00a0<strong>mujeres de Serena, comunidad ind\u00edgena ubicada a orillas del r\u00edo Jatunyacu,<\/strong>\u00a0en el Alto R\u00edo Napo, en la Amazon\u00eda ecuatoriana.<\/p>\n<p>Su intenci\u00f3n era estar juntas para trabajar y generar ingresos econ\u00f3micos para sus familias a trav\u00e9s de las artesan\u00edas, pero cuando su territorio fue amenazado por la miner\u00eda, salieron a defenderlo. Hoy son\u00a0<strong>la primera guardia ind\u00edgena liderada por mujeres kichwas en Ecuador<\/strong>, con m\u00e1s de 40 integrantes organizadas contra toda forma de intromisi\u00f3n en su territorio, la contaminaci\u00f3n de sus r\u00edos y la destrucci\u00f3n de la selva.<\/p>\n<figure id=\"attachment_242704\" class=\"wp-caption alignnone\"><img fetchpriority=\"high\" decoding=\"async\" class=\"size-full wp-image-242704\" src=\"https:\/\/imgs.mongabay.com\/wp-content\/uploads\/sites\/25\/2023\/05\/23063133\/Marcha-Sapara-Elizabeth-Swanson-Andi.jpg\" sizes=\"(max-width: 2000px) 100vw, 2000px\" srcset=\"https:\/\/imgs.mongabay.com\/wp-content\/uploads\/sites\/25\/2023\/05\/23063133\/Marcha-Sapara-Elizabeth-Swanson-Andi.jpg 2000w, https:\/\/imgs.mongabay.com\/wp-content\/uploads\/sites\/25\/2023\/05\/23063133\/Marcha-Sapara-Elizabeth-Swanson-Andi-768x512.jpg 768w, https:\/\/imgs.mongabay.com\/wp-content\/uploads\/sites\/25\/2023\/05\/23063133\/Marcha-Sapara-Elizabeth-Swanson-Andi-1200x800.jpg 1200w, https:\/\/imgs.mongabay.com\/wp-content\/uploads\/sites\/25\/2023\/05\/23063133\/Marcha-Sapara-Elizabeth-Swanson-Andi-1536x1024.jpg 1536w, https:\/\/imgs.mongabay.com\/wp-content\/uploads\/sites\/25\/2023\/05\/23063133\/Marcha-Sapara-Elizabeth-Swanson-Andi-610x407.jpg 610w\" alt=\"\" width=\"2000\" height=\"1333\" \/><figcaption class=\"wp-caption-text\">Las Yuturi Warmi marchan por la defensa del territorio en Ecuador. Foto: Elizabeth Swanson Andi.<\/figcaption><\/figure>\n<p>Se llaman\u00a0<strong>Yuturi Warmi<\/strong>: mujeres conga-hormigas. \u201cNosotras estamos organiz\u00e1ndonos en contra del ataque sistem\u00e1tico que estamos viviendo con la miner\u00eda ilegal, porque todas las formas de miner\u00eda en la provincia de Napo, dentro de nuestro territorio, son ilegales\u201d, asegura\u00a0<strong>Mar\u00eda Jos\u00e9 Andrade Cerda<\/strong>.<\/p>\n<p>Majo, como tambi\u00e9n la llaman, tiene 28 a\u00f1os y es una de las lideresas m\u00e1s j\u00f3venes de Yuturi Warmi.\u00a0<strong>Mongabay Latam<\/strong>\u00a0convers\u00f3 con ella sobre sus formas de organizarse, los retos que enfrentan como mujeres y su visi\u00f3n sobre la defensa del territorio.<\/p>\n<figure id=\"attachment_242703\" class=\"wp-caption alignnone\"><img decoding=\"async\" class=\"size-full wp-image-242703\" src=\"https:\/\/imgs.mongabay.com\/wp-content\/uploads\/sites\/25\/2023\/05\/23055829\/Majo-8M2023-Uber-Gualinga-scaled.jpg\" sizes=\"(max-width: 2560px) 100vw, 2560px\" srcset=\"https:\/\/imgs.mongabay.com\/wp-content\/uploads\/sites\/25\/2023\/05\/23055829\/Majo-8M2023-Uber-Gualinga-scaled.jpg 2560w, https:\/\/imgs.mongabay.com\/wp-content\/uploads\/sites\/25\/2023\/05\/23055829\/Majo-8M2023-Uber-Gualinga-768x512.jpg 768w, https:\/\/imgs.mongabay.com\/wp-content\/uploads\/sites\/25\/2023\/05\/23055829\/Majo-8M2023-Uber-Gualinga-1200x800.jpg 1200w, https:\/\/imgs.mongabay.com\/wp-content\/uploads\/sites\/25\/2023\/05\/23055829\/Majo-8M2023-Uber-Gualinga-1536x1024.jpg 1536w, https:\/\/imgs.mongabay.com\/wp-content\/uploads\/sites\/25\/2023\/05\/23055829\/Majo-8M2023-Uber-Gualinga-2048x1365.jpg 2048w, https:\/\/imgs.mongabay.com\/wp-content\/uploads\/sites\/25\/2023\/05\/23055829\/Majo-8M2023-Uber-Gualinga-610x407.jpg 610w\" alt=\"\" width=\"2560\" height=\"1707\" \/><figcaption class=\"wp-caption-text\">La lideresa Mar\u00eda Jos\u00e9 Andrade Cerna, integrante de Yuturi Warmi. Foto: Uber Gualinga.<\/figcaption><\/figure>\n<p><strong>\u2014\u00bfQu\u00e9 ha cambiado en la vida y el territorio de Serena a partir de la llegada de las mineras?<\/strong><\/p>\n<p>\u2014Desde que llegaron las mineras, hemos perdido la paz. Hemos perdido la noci\u00f3n de estar tranquilos en el territorio. Ahora estamos en constante vigilancia de que los mineros, los operarios y los agentes de la empresa minera no lleguen y traten de conversar con el presidente, con las familias o con otros dirigentes. Adem\u00e1s, hay una especie de desconexi\u00f3n con las otras comunidades: se nos ve mal porque nosotras estamos defendiendo el territorio y no queremos miner\u00eda, cuando otras unidades dentro del margen del r\u00edo Jatunyacu ya han sucumbido a las mineras. La conexi\u00f3n, la solidaridad entre pueblos, se ha perdido. Eso es lo que nos duele.<\/p>\n<p>La vida, como tal, ha cambiado. Hemos estado siempre vigilantes, viendo nuestras espaldas; hay mayores intereses en nuestra comunidad y en nuestro territorio ancestral, porque representa un foco de resistencia.<\/p>\n<figure id=\"attachment_242705\" class=\"wp-caption alignnone\"><img decoding=\"async\" class=\"size-full wp-image-242705\" src=\"https:\/\/imgs.mongabay.com\/wp-content\/uploads\/sites\/25\/2023\/05\/23063843\/Copia-de-IMG_140709.jpg\" sizes=\"(max-width: 2000px) 100vw, 2000px\" srcset=\"https:\/\/imgs.mongabay.com\/wp-content\/uploads\/sites\/25\/2023\/05\/23063843\/Copia-de-IMG_140709.jpg 2000w, https:\/\/imgs.mongabay.com\/wp-content\/uploads\/sites\/25\/2023\/05\/23063843\/Copia-de-IMG_140709-768x512.jpg 768w, https:\/\/imgs.mongabay.com\/wp-content\/uploads\/sites\/25\/2023\/05\/23063843\/Copia-de-IMG_140709-1200x800.jpg 1200w, https:\/\/imgs.mongabay.com\/wp-content\/uploads\/sites\/25\/2023\/05\/23063843\/Copia-de-IMG_140709-1536x1024.jpg 1536w, https:\/\/imgs.mongabay.com\/wp-content\/uploads\/sites\/25\/2023\/05\/23063843\/Copia-de-IMG_140709-610x407.jpg 610w\" alt=\"\" width=\"2000\" height=\"1333\" \/><figcaption class=\"wp-caption-text\">Comunidad de Serena, en la Amazon\u00eda ecuatoriana. Foto: Archivo Hakhu Amazon.<\/figcaption><\/figure>\n<p>En cuanto al territorio, entendi\u00e9ndolo en el aspecto f\u00edsico, no ha habido mucho cambio. Sin embargo, lo que he podido escuchar, desde las comunidades r\u00edo abajo, es que los\u00a0<em>supays<\/em>\u00a0\u2014los esp\u00edritus de la selva\u2014 est\u00e1n movi\u00e9ndose, no est\u00e1n tranquilos. A\u00a0<em>Atacapi<\/em>, que es la boa de siete cabezas, se le ha visto por ah\u00ed, en la comunidad de Shandia, cuando no sub\u00eda tanto. Las comunidades dicen que las boas grandes est\u00e1n subiendo, porque la profundidad del r\u00edo no es la que necesitan. Decimos que las boas suben porque el agua est\u00e1 caliente, porque se siente diferente por las operaciones mineras, por todo lo que desfogan, por la contaminaci\u00f3n. Todo eso altera tambi\u00e9n la forma de vida de los esp\u00edritus del agua. Eso nos afecta en nuestra manera de sentirnos en el territorio.<\/p>\n<p>M\u00e1s abajo, en el r\u00edo, tambi\u00e9n podemos ver cambios de color en el agua. Los ni\u00f1os y todos los que utilizamos el agua y nos ba\u00f1amos en el r\u00edo sentimos esa diferencia, no se siente igual. Es una cuesti\u00f3n que nosotros, como pueblo que ha vivido cerca del r\u00edo, sabemos e interpretamos. Cuando hay contaminaci\u00f3n, nosotros sentimos, no solo en nuestro aspecto f\u00edsico, en la piel, sino de una manera espiritual.<\/p>\n<figure id=\"attachment_242706\" class=\"wp-caption alignnone\"><img loading=\"lazy\" decoding=\"async\" class=\"size-full wp-image-242706\" src=\"https:\/\/imgs.mongabay.com\/wp-content\/uploads\/sites\/25\/2023\/05\/23064002\/dji_fly_20230507_144118_735_1683497904166_photo.jpg\" sizes=\"(max-width: 2000px) 100vw, 2000px\" srcset=\"https:\/\/imgs.mongabay.com\/wp-content\/uploads\/sites\/25\/2023\/05\/23064002\/dji_fly_20230507_144118_735_1683497904166_photo.jpg 2000w, https:\/\/imgs.mongabay.com\/wp-content\/uploads\/sites\/25\/2023\/05\/23064002\/dji_fly_20230507_144118_735_1683497904166_photo-768x512.jpg 768w, https:\/\/imgs.mongabay.com\/wp-content\/uploads\/sites\/25\/2023\/05\/23064002\/dji_fly_20230507_144118_735_1683497904166_photo-1200x800.jpg 1200w, https:\/\/imgs.mongabay.com\/wp-content\/uploads\/sites\/25\/2023\/05\/23064002\/dji_fly_20230507_144118_735_1683497904166_photo-1536x1024.jpg 1536w, https:\/\/imgs.mongabay.com\/wp-content\/uploads\/sites\/25\/2023\/05\/23064002\/dji_fly_20230507_144118_735_1683497904166_photo-610x407.jpg 610w\" alt=\"\" width=\"2000\" height=\"1333\" \/><figcaption class=\"wp-caption-text\">Zona de miner\u00eda en Napo. Foto: Diego Robles \/ Archivo Napo Resiste.<\/figcaption><\/figure>\n<p><strong>\u2014\u00bfC\u00f3mo iniciaste en la defensa del territorio? \u00bfLa llegada de la miner\u00eda te llev\u00f3 a dedicar una parte de tu vida a esto?<\/strong><\/p>\n<p>\u2014Yo me hubiera dedicado, la verdad, a hacer cualquier otra cosa. He sido una de las pocas que he salido a estudiar afuera. Aunque siempre he estado involucrada en estos temas, yo pens\u00e9 que en mi territorio jam\u00e1s iba a suceder: como somos olvidados, como estamos lejos y abandonados, creemos que no seremos tocados por ninguna industria extractiva o por los deseos capitalistas del Estado y de las empresas.<\/p>\n<p>Sin embargo, en febrero del 2020, nuestro territorio \u2014la cuenca del r\u00edo Jatunyacu, en el Alto R\u00edo Napo\u2014\u00a0<a href=\"https:\/\/es.mongabay.com\/2022\/02\/ecuador-la-mineria-ilegal-esta-acabando-con-dos-rios-de-napo\/\" data-wpel-link=\"internal\">hab\u00eda sido concesionado<\/a>\u00a0a una empresa minera. Eso me impact\u00f3 un mont\u00f3n, porque yo ten\u00eda que decidir si segu\u00eda la carrera profesional que llevaba \u2014en relaciones internacionales e inclinada hacia los negocios\u2014 o volver a mi territorio sin trabajo, sin nada, a defender mi tierra y mi casa. \u00bfCu\u00e1l fue la opci\u00f3n? Ya no ten\u00eda m\u00e1s, solamente regresar a mi comunidad.<\/p>\n<figure id=\"attachment_242707\" class=\"wp-caption alignnone\"><img loading=\"lazy\" decoding=\"async\" class=\"wp-image-242707 size-full\" src=\"https:\/\/imgs.mongabay.com\/wp-content\/uploads\/sites\/25\/2023\/05\/23064225\/Majo-Rafting-Uber-Gualinga.jpg\" sizes=\"(max-width: 2000px) 100vw, 2000px\" srcset=\"https:\/\/imgs.mongabay.com\/wp-content\/uploads\/sites\/25\/2023\/05\/23064225\/Majo-Rafting-Uber-Gualinga.jpg 2000w, https:\/\/imgs.mongabay.com\/wp-content\/uploads\/sites\/25\/2023\/05\/23064225\/Majo-Rafting-Uber-Gualinga-768x431.jpg 768w, https:\/\/imgs.mongabay.com\/wp-content\/uploads\/sites\/25\/2023\/05\/23064225\/Majo-Rafting-Uber-Gualinga-1536x862.jpg 1536w, https:\/\/imgs.mongabay.com\/wp-content\/uploads\/sites\/25\/2023\/05\/23064225\/Majo-Rafting-Uber-Gualinga-610x343.jpg 610w\" alt=\"\" width=\"2000\" height=\"1123\" \/><figcaption class=\"wp-caption-text\">Mar\u00eda Jos\u00e9 Andrade en el descenso en botes hacia las zonas mineras, organizado por el D\u00eda Internacional por la Acci\u00f3n de los R\u00edos. Iniciativa de las mujeres j\u00f3venes de Yuturi Warmi. Foto: Uber Gualinga.<\/figcaption><\/figure>\n<p><strong>\u2014\u00bfA partir de ese momento nace la guardia ind\u00edgena liderada por mujeres? \u00bfC\u00f3mo empezaron a organizarse?<\/strong><\/p>\n<p>\u2014En 2016 empezamos, con otro joven de la comunidad, a pensar que hab\u00eda que generar una fuente de empoderamiento para las mujeres en la Amazon\u00eda. Leo Cerda empieza con el proyecto\u00a0<a href=\"https:\/\/www.instagram.com\/hakhuamazon\/\" rel=\"external noopener noreferrer\" data-wpel-link=\"external\">Hakhu<\/a>, que es el bordado de artesan\u00edas y su venta en plataformas en l\u00ednea. Las mujeres nos reun\u00edamos muy seguido: un taller por aqu\u00ed, para recordar c\u00f3mo se tej\u00eda antes; otro taller por ac\u00e1, para conversar sobre los dise\u00f1os; otro taller por all\u00e1, para juntar todas las piezas que se hab\u00edan dise\u00f1ado. Empezamos con un grupo de siete o nueve mujeres, luego empez\u00f3 a expandirse un poquito m\u00e1s. Ahora mismo, la Asociaci\u00f3n de Artesanas son 14.<\/p>\n<p>Yo dec\u00eda que era un grupo muy empoderado, porque ten\u00eda independencia econ\u00f3mica, pero independencia en el pensamiento tambi\u00e9n. Ten\u00edamos la facilidad de generar recursos, fuentes econ\u00f3micas para el hogar y de no depender de que los hombres vayan a hacer miner\u00eda o que estemos a sol y sombra sacando pl\u00e1tano, yuca y los dem\u00e1s productos de la zona. Sino que, en un d\u00eda \u2014bien sentadas\u2014 terminamos un collar, unos aretes y los vendemos por el mismo precio que nos sale trabajar todo un d\u00eda esforz\u00e1ndonos tanto. Eso empez\u00f3 a generar un cambio en las mentes de las mujeres. Dec\u00edamos: \u201c\u00bfpara qu\u00e9 ir a la miner\u00eda, para qu\u00e9 ir a compa\u00f1\u00edas petroleras, si nosotras mismas tenemos las fuentes econ\u00f3micas?\u201d.<\/p>\n<figure id=\"attachment_242708\" class=\"wp-caption alignnone\"><img loading=\"lazy\" decoding=\"async\" class=\"size-full wp-image-242708\" src=\"https:\/\/imgs.mongabay.com\/wp-content\/uploads\/sites\/25\/2023\/05\/23064630\/WhatsApp-Image-2023-05-05-at-00.09.28.jpeg\" sizes=\"(max-width: 1600px) 100vw, 1600px\" srcset=\"https:\/\/imgs.mongabay.com\/wp-content\/uploads\/sites\/25\/2023\/05\/23064630\/WhatsApp-Image-2023-05-05-at-00.09.28.jpeg 1600w, https:\/\/imgs.mongabay.com\/wp-content\/uploads\/sites\/25\/2023\/05\/23064630\/WhatsApp-Image-2023-05-05-at-00.09.28-768x578.jpeg 768w, https:\/\/imgs.mongabay.com\/wp-content\/uploads\/sites\/25\/2023\/05\/23064630\/WhatsApp-Image-2023-05-05-at-00.09.28-1536x1156.jpeg 1536w, https:\/\/imgs.mongabay.com\/wp-content\/uploads\/sites\/25\/2023\/05\/23064630\/WhatsApp-Image-2023-05-05-at-00.09.28-610x459.jpeg 610w\" alt=\"\" width=\"1600\" height=\"1204\" \/><figcaption class=\"wp-caption-text\">Mujeres de la comunidad de Serena elaborando alfarer\u00eda tradicional. Foto: Archivo Yuturi Warmi.<\/figcaption><\/figure>\n<p>Cuando se notific\u00f3 esto [la concesi\u00f3n minera en el territorio, en 2020], se estaba haciendo un taller audiovisual con j\u00f3venes de la Amazon\u00eda del Ecuador. Estos j\u00f3venes, junto con las mujeres, salieron a marchar, a decir: \u201c\u00bfC\u00f3mo es posible que, despu\u00e9s de tanto tiempo de olvido, ahora quieran venir a meterse en nuestros territorios a hacer miner\u00eda? No vamos a permitir nada de esto\u201d. Fueron las mujeres las que sembraron la semilla.<\/p>\n<p>Despu\u00e9s de eso, las dem\u00e1s mujeres de la comunidad y zonas cercanas dijeron que tampoco lo pod\u00edan permitir: \u201cEstamos con ustedes, compa\u00f1eras, hermanas\u201d, dec\u00edan. Y empezaron a juntarse. Ahora somos alrededor de 30 mujeres activas permanentemente, pero con nuestras hermanas y compa\u00f1eras que est\u00e1n dentro y fuera del territorio, somos m\u00e1s de 40. Lo bonito de esto, es que ahora tambi\u00e9n los hombres se suman a nosotras. Ha sido una batalla muy, muy dif\u00edcil para romper todav\u00eda esa idea machista de que estamos un poco locas, pero ahora el apoyo, en verdad, es de coraz\u00f3n. Saben que estamos protegiendo el territorio, no solo para nosotras, sino para todos.<\/p>\n<figure id=\"attachment_242709\" class=\"wp-caption alignnone\"><img loading=\"lazy\" decoding=\"async\" class=\"size-full wp-image-242709\" src=\"https:\/\/imgs.mongabay.com\/wp-content\/uploads\/sites\/25\/2023\/05\/23064734\/WhatsApp-Image-2023-05-05-at-00.09.28-1.jpeg\" sizes=\"(max-width: 1600px) 100vw, 1600px\" srcset=\"https:\/\/imgs.mongabay.com\/wp-content\/uploads\/sites\/25\/2023\/05\/23064734\/WhatsApp-Image-2023-05-05-at-00.09.28-1.jpeg 1600w, https:\/\/imgs.mongabay.com\/wp-content\/uploads\/sites\/25\/2023\/05\/23064734\/WhatsApp-Image-2023-05-05-at-00.09.28-1-768x578.jpeg 768w, https:\/\/imgs.mongabay.com\/wp-content\/uploads\/sites\/25\/2023\/05\/23064734\/WhatsApp-Image-2023-05-05-at-00.09.28-1-1536x1156.jpeg 1536w, https:\/\/imgs.mongabay.com\/wp-content\/uploads\/sites\/25\/2023\/05\/23064734\/WhatsApp-Image-2023-05-05-at-00.09.28-1-610x459.jpeg 610w\" alt=\"\" width=\"1600\" height=\"1204\" \/><figcaption class=\"wp-caption-text\">Alfarer\u00eda de las mujeres kichwa de Serena, Ecuador. Foto: Archivo Yuturi Warmi.<\/figcaption><\/figure>\n<p><strong>\u2014\u00bfQu\u00e9 hace diferente a Yuturi Warmi de otras guardias ind\u00edgenas para la defensa del territorio y la naturaleza? \u00bfC\u00f3mo es su forma de trabajar?<\/strong><\/p>\n<p>\u2014Cuando nosotras nos declaramos como guardia ind\u00edgena, hubo un poco de escepticismo, porque nos dec\u00edan que las mujeres no podemos hacer guardian\u00eda. La guardia ind\u00edgena en Ecuador y, sobre todo, en Sudam\u00e9rica, se ha visto como una figura de hombres que salen armados. Lo que nosotras hicimos fue una retrospectiva de lo que pens\u00e1bamos que tiene que ser una guardia. Si los hombres no iban a hacer lo que deber\u00edan de haber hecho \u2014reunirse, organizarse y expulsar a las mineras\u2014, pues nosotras s\u00ed lo \u00edbamos a hacer.<\/p>\n<p>Lo diferente es que vemos con mucha m\u00e1s amplitud y tratamos de enfocarnos en muchas de las peque\u00f1as cosas que tambi\u00e9n son importantes para la defensa del territorio. Tenemos seis ejes de trabajo. El primero es la guardian\u00eda y defensa territorial. Segundo, nuestro enfoque de artesan\u00edas, porque de ah\u00ed nacimos, de ah\u00ed somos. Tercero, el factor de educaci\u00f3n, porque tambi\u00e9n estamos promoviendo que los chicos y las mujeres de la comunidad se eduquen en el \u00e1mbito intercultural y biling\u00fce. Cuarto, que no se pierda la medicina ancestral; como nosotras empezamos nuestra lucha en pandemia, esa medicina fue nuestra salvadora. Quinto, queremos enfocarnos en hacer un turismo diferente, un turismo de resistencia, donde se note cu\u00e1les son los impactos del mal llamado \u201cdesarrollo ecotur\u00edstico\u201d, cuando no se toma en cuenta a las comunidades ind\u00edgenas. Y el \u00faltimo es, en general, la cultura, la tradici\u00f3n y toda la ancestralidad que tenemos como pueblo kichwa.<\/p>\n<figure id=\"attachment_242710\" class=\"wp-caption alignnone\"><img loading=\"lazy\" decoding=\"async\" class=\"size-full wp-image-242710\" src=\"https:\/\/imgs.mongabay.com\/wp-content\/uploads\/sites\/25\/2023\/05\/23064907\/Copia-de-DSC06129-1.jpg\" sizes=\"(max-width: 2000px) 100vw, 2000px\" srcset=\"https:\/\/imgs.mongabay.com\/wp-content\/uploads\/sites\/25\/2023\/05\/23064907\/Copia-de-DSC06129-1.jpg 2000w, https:\/\/imgs.mongabay.com\/wp-content\/uploads\/sites\/25\/2023\/05\/23064907\/Copia-de-DSC06129-1-768x432.jpg 768w, https:\/\/imgs.mongabay.com\/wp-content\/uploads\/sites\/25\/2023\/05\/23064907\/Copia-de-DSC06129-1-1536x865.jpg 1536w, https:\/\/imgs.mongabay.com\/wp-content\/uploads\/sites\/25\/2023\/05\/23064907\/Copia-de-DSC06129-1-610x343.jpg 610w\" alt=\"\" width=\"2000\" height=\"1126\" \/><figcaption class=\"wp-caption-text\">Mujeres de Yuturi Warmi en la marcha del 6 de octubre 2022 en contra de la miner\u00eda. Foto: Uber Gualinga.<\/figcaption><\/figure>\n<p>Abarcamos todo esto. Fue un poco dif\u00edcil tratar de separarlo, porque si no tenemos estos enfoques, no podemos hacer la defensa territorial. Si se pierde nuestra lengua, si se pierden nuestras pr\u00e1cticas ancestrales, no vamos a tener ninguna guardia ind\u00edgena, no vamos a tener un territorio en armon\u00eda. Todo esto es importante para ser conscientes de que no solo un aspecto tiene que ser subsanado para proteger el territorio. S\u00ed es importante lo f\u00edsico, porque queremos expulsar a las mineras de nuestro territorio, pero tambi\u00e9n internamente, con lo que nos representa como esp\u00edritu, nuestra cultura y nuestra raz\u00f3n de ser.<\/p>\n<p><strong>\u2014\u00bfConsideras que hubo machismo en torno a la guardia de mujeres? \u00bfA qu\u00e9 retos se han enfrentado?<\/strong><\/p>\n<p>\u2014Es tanto el escepticismo, pero es por la estructura patriarcal de nuestra sociedad. As\u00ed sean ind\u00edgenas o no. Al principio del proyecto, los hombres nos botaban las\u00a0<em>muyus<\/em>\u00a0[semillas] que us\u00e1bamos para las artesan\u00edas y nos escond\u00edan las agujas para tejer. Nos dec\u00edan: \u201cEsto no vale, mejor anda a la chacra a trabajar\u201d. Una vez que se dieron cuenta de que la alternativa econ\u00f3mica generaba en serio, ellos mismos ayudaron a recoger y separar las semillas para hacer las artesan\u00edas. Empez\u00f3 a haber una aceptaci\u00f3n paulatina, pero fue una aceptaci\u00f3n de coraz\u00f3n, porque se ve el cambio.<\/p>\n<figure id=\"attachment_242711\" class=\"wp-caption alignnone\"><img loading=\"lazy\" decoding=\"async\" class=\"size-full wp-image-242711\" src=\"https:\/\/imgs.mongabay.com\/wp-content\/uploads\/sites\/25\/2023\/05\/23065048\/274128090_1594189567615766_2475546883505612152_n.jpg\" sizes=\"(max-width: 640px) 100vw, 640px\" srcset=\"https:\/\/imgs.mongabay.com\/wp-content\/uploads\/sites\/25\/2023\/05\/23065048\/274128090_1594189567615766_2475546883505612152_n.jpg 640w, https:\/\/imgs.mongabay.com\/wp-content\/uploads\/sites\/25\/2023\/05\/23065048\/274128090_1594189567615766_2475546883505612152_n-610x407.jpg 610w\" alt=\"\" width=\"640\" height=\"427\" \/><figcaption class=\"wp-caption-text\">Mujeres de Yuturi Warmi en la marcha contra la miner\u00eda en Napo, el 9 de febrero 2022. Foto: Archivo Yuturi Warmi.<\/figcaption><\/figure>\n<p>A diferencia, en la ciudad, tambi\u00e9n hay estructuras organizativas ind\u00edgenas que nos dec\u00edan: \u201cEstas mujeres locas; nada m\u00e1s estar\u00e1n un rato apoyando, pero luego se han de olvidar\u201d. Eso era lo que escuch\u00e1bamos: \u201cEllas estar\u00e1n un ratito gritando, pero se tienen que regresar a las chacras, a cocinar o a cuidar a sus hijos y sus maridos, porque las van a enga\u00f1ar\u201d. Las mujeres dec\u00edan que no importa. Lo que hagan los maridos es su responsabilidad, pero nosotras necesitamos conservar el territorio para nuestros hijos y nuestros nietos. Eso nos motiv\u00f3 a seguir.<\/p>\n<p>Est\u00e1bamos unidas todas. Sal\u00edamos a las marchas, a protestar y a apoyar a nuestras compa\u00f1eras mujeres que tambi\u00e9n estaban siendo v\u00edctimas de violencia pol\u00edtica en la ciudad. Empez\u00f3 a haber un reconocimiento de nosotras, porque \u00e9ramos fuertes, empezamos a salir incluso a ciudades cercanas, a marchar en solidaridad con nuestras hermanas\u00a0<a href=\"https:\/\/es.mongabay.com\/2018\/07\/amenazas-lideres-indigenas-de-ecuador-medio-ambiente\/\" data-wpel-link=\"internal\">s\u00e1paras<\/a>. Siempre dando protecci\u00f3n y un apoyo sororo \u2014que es una palabra que reci\u00e9n se est\u00e1 entendiendo ac\u00e1\u2014, entre hermanas que se necesitan. Si ellas pierden la lucha, nosotras tambi\u00e9n. Si nosotras perdemos la nuestra, ellas tambi\u00e9n se van a sentir m\u00e1s vulnerables.<\/p>\n<figure id=\"attachment_242720\" class=\"wp-caption alignnone\"><img loading=\"lazy\" decoding=\"async\" class=\"size-full wp-image-242720\" src=\"https:\/\/imgs.mongabay.com\/wp-content\/uploads\/sites\/25\/2023\/05\/23071322\/311002554_194955606316079_8516929990545240705_n.jpg\" sizes=\"(max-width: 640px) 100vw, 640px\" srcset=\"https:\/\/imgs.mongabay.com\/wp-content\/uploads\/sites\/25\/2023\/05\/23071322\/311002554_194955606316079_8516929990545240705_n.jpg 640w, https:\/\/imgs.mongabay.com\/wp-content\/uploads\/sites\/25\/2023\/05\/23071322\/311002554_194955606316079_8516929990545240705_n-610x458.jpg 610w\" alt=\"\" width=\"640\" height=\"480\" \/><figcaption class=\"wp-caption-text\">Mujeres de Yuturi Warmi en la marcha del 6 de octubre 2022 en contra de la miner\u00eda. Foto: Uber Gualinga).<\/figcaption><\/figure>\n<p><strong>\u2014\u00bfC\u00f3mo funciona la estructura organizativa de Yuturi Warmi? \u00bfQu\u00e9 actividades realizan?<\/strong><\/p>\n<p>\u2014Es un poco como la estructura que hemos adoptado de las dem\u00e1s organizaciones ind\u00edgenas, pero tenemos a nuestra presidenta. Ella es una mujer muy fuerte: se llama Elsa Cerda. Decimos que es nuestra comandanta, porque es la l\u00edder de todo el grupo y es quien est\u00e1 al frente de toda esta lucha. Somos una guardia un poco distinta a las tradicionales, porque somos tambi\u00e9n una asociaci\u00f3n.<\/p>\n<p>Dentro de Yuturi Warmi no solo nos dedicamos a la defensa territorial de manera f\u00edsica, haciendo recorridos por el territorio y haciendo t\u00e1cticas de protecci\u00f3n. S\u00ed lo hacemos, pero tambi\u00e9n tenemos otra visi\u00f3n, porque somos mujeres, porque somos madres e hijas. Sentimos y nos organizamos de maneras distintas a las que lo hacen los hombres. Nosotras no nos quedamos ah\u00ed nada m\u00e1s, sino que hacemos tambi\u00e9n reuniones para compartir, hacemos reencuentros para recordar c\u00f3mo se hac\u00edan tradicionalmente los platos y los vasos kichwas, con barro y no con productos de otro lado. Para ello, tenemos una secretaria y tambi\u00e9n una tesorera que administra los fondos con los que cualquier organizaci\u00f3n se maneja. Tenemos esas estructuras. Yo, por mi parte, soy la coordinadora de todas las actividades que est\u00e1n haci\u00e9ndose dentro y fuera del territorio.<\/p>\n<figure id=\"attachment_242712\" class=\"wp-caption alignnone\"><img loading=\"lazy\" decoding=\"async\" class=\"size-full wp-image-242712\" src=\"https:\/\/imgs.mongabay.com\/wp-content\/uploads\/sites\/25\/2023\/05\/23065327\/Copia-de-IMG-9154.jpg\" sizes=\"(max-width: 1600px) 100vw, 1600px\" srcset=\"https:\/\/imgs.mongabay.com\/wp-content\/uploads\/sites\/25\/2023\/05\/23065327\/Copia-de-IMG-9154.jpg 1600w, https:\/\/imgs.mongabay.com\/wp-content\/uploads\/sites\/25\/2023\/05\/23065327\/Copia-de-IMG-9154-768x576.jpg 768w, https:\/\/imgs.mongabay.com\/wp-content\/uploads\/sites\/25\/2023\/05\/23065327\/Copia-de-IMG-9154-1536x1152.jpg 1536w, https:\/\/imgs.mongabay.com\/wp-content\/uploads\/sites\/25\/2023\/05\/23065327\/Copia-de-IMG-9154-610x458.jpg 610w\" alt=\"\" width=\"1600\" height=\"1200\" \/><figcaption class=\"wp-caption-text\">Integrantes de Yuturi Warmi, originarias de la comunidad de Serena, en la Amazon\u00eda ecuatoriana. Foto: Yuturi Warmi.<\/figcaption><\/figure>\n<p><strong>\u2014Como guardia de mujeres, \u00bfqu\u00e9 han logrado frente al tema minero en su territorio?<\/strong><\/p>\n<p>\u2014Yuturi Warmi sabe que la lucha antiminera es una lucha colectiva, que no se logra solo dentro de la comunidad, con la organizaci\u00f3n de las mujeres, sino tambi\u00e9n con un trabajo en conjunto con las organizaciones ind\u00edgenas a las cuales pertenecemos \u2014en este caso, FOIN (Federaci\u00f3n de Organizaciones Ind\u00edgenas del Napo)\u2014 y tambi\u00e9n con los colectivos de las ciudades que han estado muy atentos y activos con todo lo que se hace.<\/p>\n<p>En conjunto hemos logrado, al menos, dos hitos importantes. El 14 de febrero del 2022, se hizo un operativo para quitar e incautar la maquinaria que estaba en el sector de Yutzupino. Fueron m\u00e1s de 150 m\u00e1quinas retroexcavadoras que se sacaron y tambi\u00e9n se logr\u00f3 que salieran los mineros del sector. Otro hito importante es que la corte provincial, cuando interpusimos una demanda colectiva, dict\u00f3 una sentencia parcialmente favorable, donde reconoce la vulneraci\u00f3n de los derechos de la naturaleza. Sin embargo, fue una p\u00e9rdida cuando no se reconocieron los derechos de los pueblos ind\u00edgenas. Pero dentro de esta misma sentencia parcialmente aprobada, recientemente se logr\u00f3 tambi\u00e9n que la Corte dictamine que se tiene que cumplir la restauraci\u00f3n y reparaci\u00f3n del sector da\u00f1ado. Sin embargo, eso no ha ocurrido. Lo \u00fanico que logramos a trav\u00e9s de la sentencia es que se destituy\u00f3 a los ministros competentes que no hicieron todo el proceso de restauraci\u00f3n.<\/p>\n<figure id=\"attachment_242713\" class=\"wp-caption alignnone\"><img loading=\"lazy\" decoding=\"async\" class=\"size-full wp-image-242713\" src=\"https:\/\/imgs.mongabay.com\/wp-content\/uploads\/sites\/25\/2023\/05\/23065437\/Yuturi-Rafting-Alexis-Grefa_Runa-Yachay.jpg\" sizes=\"(max-width: 2000px) 100vw, 2000px\" srcset=\"https:\/\/imgs.mongabay.com\/wp-content\/uploads\/sites\/25\/2023\/05\/23065437\/Yuturi-Rafting-Alexis-Grefa_Runa-Yachay.jpg 2000w, https:\/\/imgs.mongabay.com\/wp-content\/uploads\/sites\/25\/2023\/05\/23065437\/Yuturi-Rafting-Alexis-Grefa_Runa-Yachay-768x432.jpg 768w, https:\/\/imgs.mongabay.com\/wp-content\/uploads\/sites\/25\/2023\/05\/23065437\/Yuturi-Rafting-Alexis-Grefa_Runa-Yachay-1536x864.jpg 1536w, https:\/\/imgs.mongabay.com\/wp-content\/uploads\/sites\/25\/2023\/05\/23065437\/Yuturi-Rafting-Alexis-Grefa_Runa-Yachay-610x343.jpg 610w\" alt=\"\" width=\"2000\" height=\"1125\" \/><figcaption class=\"wp-caption-text\">Descenso en botes en las zonas mineras, organizado por el D\u00eda Internacional por la Acci\u00f3n de los R\u00edos. Iniciativa de las mujeres j\u00f3venes de Yuturi Warmi. Foto: Alexis Grefa.<\/figcaption><\/figure>\n<p>Estamos en b\u00fasqueda de la expulsi\u00f3n. Es constante, es a diario. Los mineros ilegales \u2014que todos lo son\u2014, pero los que est\u00e1n operando actualmente, est\u00e1n ah\u00ed siempre y hemos estado divulgando a trav\u00e9s de redes sociales, enviando informes a las autoridades para que los saquen. Es un proceso conseguir la expulsi\u00f3n total de las mineras, es un proceso que se da de a poco, d\u00eda a d\u00eda.<\/p>\n<p><strong>\u2014\u00bfHan encontrado escucha en el Estado ecuatoriano?<\/strong><\/p>\n<p>\u2014La \u00fanica manera directa con la que hemos encontrado una respuesta del Estado ha sido en las Cortes. Esa es la \u00fanica respuesta que nos han dado. Nos han dicho que ellos no est\u00e1n haciendo miner\u00eda, que es culpa de los mineros ilegales, pero nada m\u00e1s se han excusado. La relaci\u00f3n que hemos mantenido con el gobierno ha sido muy tensa. Primero, porque las autoridades que representan al Estado, en este caso, quienes est\u00e1n legislando, son los asamble\u00edstas. Ellos tambi\u00e9n se han visto envueltos en esc\u00e1ndalos de corrupci\u00f3n. Cuando se incautaron las m\u00e1quinas, se dio a conocer que muchas de las autoridades locales, como alcaldes, pose\u00edan maquinaria dentro de los sitios de miner\u00eda ilegal. La relaci\u00f3n es muy tensa con los asamble\u00edstas, tambi\u00e9n se les ha relacionado con redes de concesiones mineras que han sido aprobadas de manera irregular. A los pueblos ind\u00edgenas jam\u00e1s nos consultaron.<\/p>\n<figure id=\"attachment_242714\" class=\"wp-caption alignnone\"><img loading=\"lazy\" decoding=\"async\" class=\"size-full wp-image-242714\" src=\"https:\/\/imgs.mongabay.com\/wp-content\/uploads\/sites\/25\/2023\/05\/23065638\/218534-9884505.jpg\" sizes=\"(max-width: 2000px) 100vw, 2000px\" srcset=\"https:\/\/imgs.mongabay.com\/wp-content\/uploads\/sites\/25\/2023\/05\/23065638\/218534-9884505.jpg 2000w, https:\/\/imgs.mongabay.com\/wp-content\/uploads\/sites\/25\/2023\/05\/23065638\/218534-9884505-768x512.jpg 768w, https:\/\/imgs.mongabay.com\/wp-content\/uploads\/sites\/25\/2023\/05\/23065638\/218534-9884505-1200x800.jpg 1200w, https:\/\/imgs.mongabay.com\/wp-content\/uploads\/sites\/25\/2023\/05\/23065638\/218534-9884505-1536x1024.jpg 1536w, https:\/\/imgs.mongabay.com\/wp-content\/uploads\/sites\/25\/2023\/05\/23065638\/218534-9884505-610x407.jpg 610w\" alt=\"\" width=\"2000\" height=\"1333\" \/><figcaption class=\"wp-caption-text\">Afectaciones por la miner\u00eda en la provincia de Napo. Foto: Archivo de Napo Resiste.<\/figcaption><\/figure>\n<p><strong>\u2014\u00bf\u200b\u200bQu\u00e9 aprendizajes te ha dejado el trabajo en colectividad?<\/strong><\/p>\n<p>\u2014Lo que siempre llevo en la mente es lo que mi abuela me ense\u00f1\u00f3. Lo ratifico en el d\u00eda a d\u00eda con mis hermanas: todo lo que hacemos, todo lo que somos y lo que seremos es por la comunidad y por el territorio de donde venimos.<\/p>\n<p>Cuando se habla en espacios internacionales, no es solo mi voz, como Majo Andrade, sino la voz de las ni\u00f1as que est\u00e1n en la comunidad, de las j\u00f3venes que me est\u00e1n brindando su apoyo, de las madres y abuelas que me dieron su sabidur\u00eda y tambi\u00e9n de las ancestras, de los ancestros, que conf\u00edan en que sigamos defendiendo el territorio que ellos dejaron como herencia para nosotros. Ellos quer\u00edan que vivi\u00e9ramos ah\u00ed, ellos vieron en su futuro que crecer\u00edamos ah\u00ed. Todas esas voces, toda esa fuerza que nosotros sentimos \u2014su fuerza\u2014, siempre nos acompa\u00f1a.<\/p>\n<figure id=\"attachment_242715\" class=\"wp-caption alignnone\"><img loading=\"lazy\" decoding=\"async\" class=\"size-full wp-image-242715\" src=\"https:\/\/imgs.mongabay.com\/wp-content\/uploads\/sites\/25\/2023\/05\/23065832\/Captura-de-Pantalla-2023-05-22-a-las-23.58.17.png\" sizes=\"(max-width: 930px) 100vw, 930px\" srcset=\"https:\/\/imgs.mongabay.com\/wp-content\/uploads\/sites\/25\/2023\/05\/23065832\/Captura-de-Pantalla-2023-05-22-a-las-23.58.17.png 930w, https:\/\/imgs.mongabay.com\/wp-content\/uploads\/sites\/25\/2023\/05\/23065832\/Captura-de-Pantalla-2023-05-22-a-las-23.58.17-768x577.png 768w, https:\/\/imgs.mongabay.com\/wp-content\/uploads\/sites\/25\/2023\/05\/23065832\/Captura-de-Pantalla-2023-05-22-a-las-23.58.17-610x458.png 610w\" alt=\"\" width=\"930\" height=\"699\" \/><figcaption class=\"wp-caption-text\">Encuentro con mujeres S\u00e1para en territorio ancestral de la comunidad Kichwa de Serena. Foto: Runa Yachay.<\/figcaption><\/figure>\n<p><strong>\u2014\u00bfQu\u00e9 relaci\u00f3n hay entre las integrantes m\u00e1s j\u00f3venes y las mayores en la guardia?<\/strong><\/p>\n<p>\u2014En 2021, falleci\u00f3 una de las abuelitas m\u00e1s fuertes de la asociaci\u00f3n. Hasta ahora, nos acordamos de ella y nunca la vamos a olvidar. Ella puso la vara muy alta para nosotras. Nos ense\u00f1\u00f3 que tenemos que estar listas con nuestra lanza, muy cerca de nosotras, adem\u00e1s de la\u00a0<em>shigra<\/em>\u00a0[bolsa tejida] y una\u00a0<em>cuya<\/em>\u00a0[cuenco] para salir a donde sea. Cuando falleci\u00f3, fue un golpe muy duro porque nos sent\u00edamos devastadas, porque era un pilar para nosotras. Sin embargo, sent\u00edamos que ella estaba ah\u00ed, en todo momento: en las marchas, en los gritos y en los cantos de lucha y de resistencia que le ense\u00f1\u00f3 a su hija. La abuelita se llamaba Rita Tapuy.<\/p>\n<p>Nosotras creemos mucho en nuestras abuelitas. Serena se fund\u00f3 con cuatro grandes familias y por eso todos somos muy primos, muy hermanos. Todos somos una familia. Actualmente, nuestras abuelitas son muy pocas: tenemos tres sabias que todav\u00eda est\u00e1n con vida en la comunidad. Las respetamos mucho, las escuchamos, siempre estamos atentas a ellas. Sobre todo, porque son las que est\u00e1n guardando el lenguaje \u2014dos de ellas no quieren hablar espa\u00f1ol y solo hablan kichwa\u2014 y, aunque mi propia abuela falleci\u00f3 hace ya varios a\u00f1os, lo que nos ense\u00f1an todas de ellas es que tenemos que respetar a nuestros abuelos y quererlos a todos como si fueran propios.<\/p>\n<figure id=\"attachment_242716\" class=\"wp-caption alignnone\"><img loading=\"lazy\" decoding=\"async\" class=\"size-full wp-image-242716\" src=\"https:\/\/imgs.mongabay.com\/wp-content\/uploads\/sites\/25\/2023\/05\/23070010\/Copia-de-ba8313df-115e-4ce5-aebe-ee83617fa0ef.jpg\" sizes=\"(max-width: 1200px) 100vw, 1200px\" srcset=\"https:\/\/imgs.mongabay.com\/wp-content\/uploads\/sites\/25\/2023\/05\/23070010\/Copia-de-ba8313df-115e-4ce5-aebe-ee83617fa0ef.jpg 1200w, https:\/\/imgs.mongabay.com\/wp-content\/uploads\/sites\/25\/2023\/05\/23070010\/Copia-de-ba8313df-115e-4ce5-aebe-ee83617fa0ef-768x1024.jpg 768w, https:\/\/imgs.mongabay.com\/wp-content\/uploads\/sites\/25\/2023\/05\/23070010\/Copia-de-ba8313df-115e-4ce5-aebe-ee83617fa0ef-1152x1536.jpg 1152w, https:\/\/imgs.mongabay.com\/wp-content\/uploads\/sites\/25\/2023\/05\/23070010\/Copia-de-ba8313df-115e-4ce5-aebe-ee83617fa0ef-610x813.jpg 610w\" alt=\"\" width=\"1200\" height=\"1600\" \/><figcaption class=\"wp-caption-text\">Las integrantes de Yuturi Warmi, de la comunidad de Serena. Foto: Archivo de Yuturi Warmi.<\/figcaption><\/figure>\n<p>La relaci\u00f3n que hemos tenido entre todas ha sido de apoyo, de comunicaci\u00f3n, de poder hablar. Nos alentamos mutuamente. Las mujeres j\u00f3venes entendemos que gracias a toda la sabidur\u00eda que tienen nuestras ancestras, nuestras abuelas, podemos seguir compartiendo. Estamos muy interesadas en aprender las pr\u00e1cticas y tradiciones ancestrales. Nosotras nos sentimos orgullosas de pertenecer a nuestro pueblo, de decirles a nuestras madres que ya no tengan verg\u00fcenza, que no nos escondamos por el hecho de ser ind\u00edgenas. Ha sido un ejercicio de apoyo y tambi\u00e9n considerando todas las situaciones que pasamos en el hogar. Para nosotras, esa conexi\u00f3n, esa remembranza de que tenemos que estar unidas, surge de esa necesidad de estar en conjunto: j\u00f3venes, ni\u00f1as, madres, abuelas.<\/p>\n<p><strong>\u2014\u00bfQu\u00e9 aprendizaje colectivo ha quedado para las mujeres con esta forma de organizarse?<\/strong><\/p>\n<p>\u2014La esperanza y la resistencia. Nos vemos y no nos reconocemos en comparaci\u00f3n a c\u00f3mo \u00e9ramos hace tres a\u00f1os. Antes, jam\u00e1s hubi\u00e9ramos salido a hablar en p\u00fablico, a enfrentarnos a los pol\u00edticos corruptos, a los jueces que nos ven solo como gente loca y que pensaban que no val\u00eda nuestro conocimiento tradicional. Tenemos la esperanza de que vamos a seguir resistiendo, porque vamos a seguir teniendo hijos, porque vamos a seguir viviendo en nuestro territorio, porque nos vamos a negar a que nos erradiquen de a poco. Eso es lo que nos queda. Todo sea por nuestras futuras generaciones. El hecho de que nos sigan vulnerando, no nos va a quitar las ganas de seguir viviendo.<\/p>\n<figure id=\"attachment_242721\" class=\"wp-caption alignnone\"><img loading=\"lazy\" decoding=\"async\" class=\"size-full wp-image-242721\" src=\"https:\/\/imgs.mongabay.com\/wp-content\/uploads\/sites\/25\/2023\/05\/23071837\/DJI_0926.jpg\" sizes=\"(max-width: 2000px) 100vw, 2000px\" srcset=\"https:\/\/imgs.mongabay.com\/wp-content\/uploads\/sites\/25\/2023\/05\/23071837\/DJI_0926.jpg 2000w, https:\/\/imgs.mongabay.com\/wp-content\/uploads\/sites\/25\/2023\/05\/23071837\/DJI_0926-768x512.jpg 768w, https:\/\/imgs.mongabay.com\/wp-content\/uploads\/sites\/25\/2023\/05\/23071837\/DJI_0926-1200x800.jpg 1200w, https:\/\/imgs.mongabay.com\/wp-content\/uploads\/sites\/25\/2023\/05\/23071837\/DJI_0926-1536x1024.jpg 1536w, https:\/\/imgs.mongabay.com\/wp-content\/uploads\/sites\/25\/2023\/05\/23071837\/DJI_0926-610x407.jpg 610w\" alt=\"\" width=\"2000\" height=\"1333\" \/><figcaption class=\"wp-caption-text\">Afectaciones de la miner\u00eda en el sector de Ahuano, provincia de Napo. Foto: Archivo de Napo Resiste.<\/figcaption><\/figure>\n<p><strong>\u2014Has estado en encuentros nacionales e internacionales, \u00bfqu\u00e9 utilidad tiene salir del territorio y llevar un mensaje al exterior de las comunidades, frente a los tomadores de decisiones?<\/strong><strong>\u00a0<\/strong><\/p>\n<p>\u2014El valor est\u00e1 en poder compartir con mi comunidad, porque es un proceso de reciprocidad. Yo voy a los encuentros sabiendo que mi familia y que todas las mujeres me respaldan, que no estoy hablando solo por m\u00ed, si no por todas nosotras. Y quiz\u00e1s no solo de la comunidad, sino tambi\u00e9n de otras hermanas y de las alianzas que hemos ido encontrando en el camino.<\/p>\n<p>A la vez, los espacios internacionales son para ver si tocamos puertas, tocamos corazones y, lo que estamos diciendo, es que estamos trabajando internamente, localmente, para que este mundo escuche el verdadero sentido de la vida. El valor que queda, para m\u00ed, es seguir replicando las voces de las mujeres que quiz\u00e1s no tuvieron oportunidades como yo las tuve, pero que siguen teniendo el respaldo de todo un pueblo, de toda una comunidad, porque as\u00ed somos. No todas vamos a poder salir siempre, pero el valor est\u00e1 en c\u00f3mo coordinamos, c\u00f3mo devolvemos, c\u00f3mo nos sentimos en comunidad.<\/p>\n<figure id=\"attachment_242717\" class=\"wp-caption alignnone\"><img loading=\"lazy\" decoding=\"async\" class=\"size-full wp-image-242717\" src=\"https:\/\/imgs.mongabay.com\/wp-content\/uploads\/sites\/25\/2023\/05\/23070129\/314941667_858133741879559_5674555226206037220_n.jpg\" sizes=\"(max-width: 640px) 100vw, 640px\" srcset=\"https:\/\/imgs.mongabay.com\/wp-content\/uploads\/sites\/25\/2023\/05\/23070129\/314941667_858133741879559_5674555226206037220_n.jpg 640w, https:\/\/imgs.mongabay.com\/wp-content\/uploads\/sites\/25\/2023\/05\/23070129\/314941667_858133741879559_5674555226206037220_n-610x343.jpg 610w\" alt=\"\" width=\"640\" height=\"360\" \/><figcaption class=\"wp-caption-text\">Mar\u00eda Jos\u00e9 Andrade durante la Conferencia de las Partes COP 27. Foto: Archivo de Yuturi Warmi.<\/figcaption><\/figure>\n<p>Ahora se est\u00e1 prestando mucha atenci\u00f3n a lo que estamos haciendo los pueblos ind\u00edgenas y quiz\u00e1s nos van a decir que s\u00ed nos est\u00e1n tomando en cuenta, pero no es s\u00f3lo eso. Nos han abierto muchos espacios nacionales e internacionales, pero sigue habiendo este sesgo de decir: \u201cUstedes no son capaces de generar alternativas por ustedes mismos, alguien siempre tiene que apoyar sus proyectos\u201d. Hay esta figura de \u201cvigilante\u201d o de \u201cobservador\u201d, porque no nos dejan a nosotros, como pueblos, seguir gestionando nuestras propias cuestiones.<\/p>\n<p>Ah\u00ed es donde me enojo, porque invalidan todo un proceso, toda una cuesti\u00f3n que tiene que ver desde hace dos o tres generaciones. Mis abuelos se partieron trabajando, caminando miles de kil\u00f3metros para que sus hijos tuvieran como estudiar, igual que mis padres. Ahora que nosotros, unos pocos j\u00f3venes ind\u00edgenas, logramos tener nuestros t\u00edtulos universitarios, nos dicen: \u201cLes vamos a poner un t\u00e9cnico, porque ustedes no pueden administrar\u201d. Eso es muy injusto contra una lucha hist\u00f3rica que hemos emprendido.<\/p>\n<p>Somos muy pocos los j\u00f3venes ind\u00edgenas que tambi\u00e9n hablamos una lengua dominante, como espa\u00f1ol o ingl\u00e9s, en nuestros casos. Yo no aprend\u00ed la lengua porque tengo padres que hablan ingl\u00e9s, pero tuve que aprenderla a fuerzas en la universidad. Ha sido una de las plataformas con las que nos estamos haciendo conocer, estamos alzando nuestras voces, porque no queremos que haya terceros hablando por nosotros.<\/p>\n<figure id=\"attachment_242718\" class=\"wp-caption alignnone\"><img loading=\"lazy\" decoding=\"async\" class=\"size-full wp-image-242718\" src=\"https:\/\/imgs.mongabay.com\/wp-content\/uploads\/sites\/25\/2023\/05\/23070236\/275406423_1098574234255495_5980802249275770875_n-2.jpg\" sizes=\"(max-width: 639px) 100vw, 639px\" srcset=\"https:\/\/imgs.mongabay.com\/wp-content\/uploads\/sites\/25\/2023\/05\/23070236\/275406423_1098574234255495_5980802249275770875_n-2.jpg 639w, https:\/\/imgs.mongabay.com\/wp-content\/uploads\/sites\/25\/2023\/05\/23070236\/275406423_1098574234255495_5980802249275770875_n-2-610x531.jpg 610w\" alt=\"\" width=\"639\" height=\"556\" \/><figcaption class=\"wp-caption-text\">En Yuturi Warmi hay ni\u00f1as, j\u00f3venes, mujeres y abuelas kichwas que defienden el territorio. Foto: Archivo de Yuturi Warmi.<\/figcaption><\/figure>\n<p><strong>\u2014Para ti, \u00bfqu\u00e9 significa la palabra \u201cterritorio\u201d?<\/strong><\/p>\n<p>\u2014Territorio, para m\u00ed, es la vida misma. No es tanto lo f\u00edsico que representa el territorio, sino tambi\u00e9n lo espiritual, la compa\u00f1\u00eda, la gente y el estado de \u00e1nimo en el que me encuentro. Cuando estoy en mi territorio, me siento en mi espacio seguro. Territorio es lo que soy yo: mi cuerpo y mi ancestralidad. Mi territorio siempre va conmigo cuando estoy fuera. Lo que yo com\u00ed de ni\u00f1a, se ve reflejado en lo que soy ahora. Territorio es no olvidarme de todo lo que soy, de todo lo aprendido, sin importar d\u00f3nde est\u00e9. El territorio puede ser entendido como lo f\u00edsico pero, para m\u00ed, es lo que llevo encima: la vida.<\/p>\n<figure id=\"attachment_242719\" class=\"wp-caption alignnone\"><img loading=\"lazy\" decoding=\"async\" class=\"size-full wp-image-242719\" src=\"https:\/\/imgs.mongabay.com\/wp-content\/uploads\/sites\/25\/2023\/05\/23070419\/Copia-de-IMG_98403.jpg\" sizes=\"(max-width: 2000px) 100vw, 2000px\" srcset=\"https:\/\/imgs.mongabay.com\/wp-content\/uploads\/sites\/25\/2023\/05\/23070419\/Copia-de-IMG_98403.jpg 2000w, https:\/\/imgs.mongabay.com\/wp-content\/uploads\/sites\/25\/2023\/05\/23070419\/Copia-de-IMG_98403-768x512.jpg 768w, https:\/\/imgs.mongabay.com\/wp-content\/uploads\/sites\/25\/2023\/05\/23070419\/Copia-de-IMG_98403-1200x800.jpg 1200w, https:\/\/imgs.mongabay.com\/wp-content\/uploads\/sites\/25\/2023\/05\/23070419\/Copia-de-IMG_98403-1536x1024.jpg 1536w, https:\/\/imgs.mongabay.com\/wp-content\/uploads\/sites\/25\/2023\/05\/23070419\/Copia-de-IMG_98403-610x407.jpg 610w\" alt=\"\" width=\"2000\" height=\"1333\" \/><figcaption class=\"wp-caption-text\">Comunidad de Serena, en la Amazon\u00eda ecuatoriana. Foto: Archivo Hakhu Amazon.<\/figcaption><\/figure>\n<p><em><strong>*Imagen principal:<\/strong>\u00a0Integrantes de Yuturi Warmi, originarias de la comunidad de Serena, en la Amazon\u00eda ecuatoriana.\u00a0<strong>Foto:<\/strong>\u00a0Archivo Yuturi Warmi.<\/em><\/p>\n<p>Tomado de: <a href=\"https:\/\/es.mongabay.com\/2023\/05\/yuturi-warmi-primera-guardia-indigena-liderada-por-mujeres-kichwas-en-ecuador-entrevista\/\">https:\/\/es.mongabay.com\/2023\/05\/yuturi-warmi-primera-guardia-indigena-liderada-por-mujeres-kichwas-en-ecuador-entrevista\/<\/a><\/p>\n","protected":false},"excerpt":{"rendered":"<p>Desde 2020, m\u00e1s de 40 mujeres kichwas se organizaron para defender su territorio y expulsar a la miner\u00eda en la Amazon\u00eda ecuatoriana, as\u00ed naci\u00f3 Yuturi Warmi, la primera guardia ind\u00edgena liderada por mujeres en la regi\u00f3n.<br \/>\nMar\u00eda Jos\u00e9 Andrade Cerda, una de las lideresas de Yuturi Warmi, explica que las mujeres ind\u00edgenas han tenido una visi\u00f3n m\u00e1s integral de la defensa del territorio, pues sus ejes de trabajo no s\u00f3lo incluyen la vigilancia f\u00edsica de la tierra, sino tambi\u00e9n aspectos como la cultura, la ancestralidad, la lengua, la educaci\u00f3n y la salud.<br \/>\nLas hormigas yuturi son pac\u00edficas hasta que su territorio se ve amenazado. La especie, tambi\u00e9n conocida como \u201cconga\u201d, es considerada una guerrera por la cultura ind\u00edgena kichwa, pues se sabe que no permiten que nadie entre a su casa sin permiso. Lo mismo sucedi\u00f3 con las mujeres de Serena, comunidad ind\u00edgena ubicada a orillas del r\u00edo Jatunyacu, en el Alto R\u00edo Napo, en la Amazon\u00eda ecuatoriana.<\/p>\n","protected":false},"author":327,"featured_media":38964,"comment_status":"open","ping_status":"open","sticky":false,"template":"","format":"standard","meta":{"_acf_changed":false,"footnotes":""},"categories":[2],"tags":[],"class_list":["post-38963","post","type-post","status-publish","format-standard","has-post-thumbnail","hentry","category-radar","category-2","description-off"],"acf":[],"_links":{"self":[{"href":"https:\/\/www.raisg.org\/es\/wp-json\/wp\/v2\/posts\/38963","targetHints":{"allow":["GET"]}}],"collection":[{"href":"https:\/\/www.raisg.org\/es\/wp-json\/wp\/v2\/posts"}],"about":[{"href":"https:\/\/www.raisg.org\/es\/wp-json\/wp\/v2\/types\/post"}],"author":[{"embeddable":true,"href":"https:\/\/www.raisg.org\/es\/wp-json\/wp\/v2\/users\/327"}],"replies":[{"embeddable":true,"href":"https:\/\/www.raisg.org\/es\/wp-json\/wp\/v2\/comments?post=38963"}],"version-history":[{"count":1,"href":"https:\/\/www.raisg.org\/es\/wp-json\/wp\/v2\/posts\/38963\/revisions"}],"predecessor-version":[{"id":38967,"href":"https:\/\/www.raisg.org\/es\/wp-json\/wp\/v2\/posts\/38963\/revisions\/38967"}],"wp:featuredmedia":[{"embeddable":true,"href":"https:\/\/www.raisg.org\/es\/wp-json\/wp\/v2\/media\/38964"}],"wp:attachment":[{"href":"https:\/\/www.raisg.org\/es\/wp-json\/wp\/v2\/media?parent=38963"}],"wp:term":[{"taxonomy":"category","embeddable":true,"href":"https:\/\/www.raisg.org\/es\/wp-json\/wp\/v2\/categories?post=38963"},{"taxonomy":"post_tag","embeddable":true,"href":"https:\/\/www.raisg.org\/es\/wp-json\/wp\/v2\/tags?post=38963"}],"curies":[{"name":"wp","href":"https:\/\/api.w.org\/{rel}","templated":true}]}}