{"id":39937,"date":"2023-08-09T14:24:57","date_gmt":"2023-08-09T17:24:57","guid":{"rendered":"https:\/\/www.raisg.org\/?p=39937"},"modified":"2023-08-10T14:27:12","modified_gmt":"2023-08-10T17:27:12","slug":"dia-internacional-de-los-pueblos-indigenas-jovenes-encabezan-la-defensa-de-la-naturaleza-en-latinoamerica","status":"publish","type":"post","link":"https:\/\/www.raisg.org\/es\/radar\/dia-internacional-de-los-pueblos-indigenas-jovenes-encabezan-la-defensa-de-la-naturaleza-en-latinoamerica\/","title":{"rendered":"D\u00eda Internacional de los Pueblos Ind\u00edgenas: j\u00f3venes encabezan la defensa de la naturaleza en Latinoam\u00e9rica"},"content":{"rendered":"<p>MONGABAY<br \/>\npor\u00a0<a href=\"https:\/\/es.mongabay.com\/by\/astrid-arellano\/\" rel=\"tag\" data-wpel-link=\"internal\">Astrid Arellano<\/a><\/p>\n<p>9 agosto, 2023<\/p>\n<ul>\n<li><em>Este 9 de agosto, en el marco del D\u00eda Internacional de los Pueblos Ind\u00edgenas, la ONU propone visibilizar el papel de las juventudes en el ejercicio de la libre determinaci\u00f3n de sus pueblos en el contexto de la acci\u00f3n clim\u00e1tica y la transici\u00f3n verde, la movilizaci\u00f3n por la justicia y su importante rol en el di\u00e1logo intergeneracional.<\/em><\/li>\n<li><em>Mongabay Latam presenta las historias de tres defensoras ind\u00edgenas j\u00f3venes de Ecuador, Per\u00fa y M\u00e9xico que defienden la selva de la industria petrolera, buscan el acceso a la comunicaci\u00f3n y las energ\u00edas renovables para sus comunidades y rescatan los saberes ancestrales sobre los sistemas alimentarios ind\u00edgenas.<\/em><\/li>\n<\/ul>\n<p>Las\u00a0<strong>juventudes ind\u00edgenas<\/strong>\u00a0han demostrado que otro futuro es posible. En sus territorios, com\u00fanmente amenazados por empresas extractivas y megaproyectos que ponen en riesgo a la naturaleza y los derechos de sus pueblos, las y los j\u00f3venes han liderado esfuerzos que dan esperanza al ofrecer alternativas que contribuyen a la sostenibilidad y al bienestar no solo de sus comunidades, sino del planeta.<\/p>\n<p>Por esta raz\u00f3n han luchado tambi\u00e9n por ser reconocidos y obtener espacios para la toma de decisiones en sus pa\u00edses, as\u00ed como en los grandes foros internacionales y en los esfuerzos globales referentes a la mitigaci\u00f3n del cambio clim\u00e1tico, la consolidaci\u00f3n de la paz y la cooperaci\u00f3n digital.<\/p>\n<p>\u201cLos temas planteados por los j\u00f3venes ind\u00edgenas en el debate sobre el cambio clim\u00e1tico pueden ofrecer informaci\u00f3n importante sobre la acci\u00f3n clim\u00e1tica y la gesti\u00f3n sostenible de los recursos, y se les debe otorgar un asiento en todos los niveles de la mesa de toma de decisiones\u201d, dice la Organizaci\u00f3n de las Naciones Unidas (ONU) en su\u00a0<a href=\"https:\/\/social.desa.un.org\/sites\/default\/files\/Concept%20Note%20Intl%20Day%202023%20-%20ES_0.pdf\" rel=\"external noopener noreferrer\" data-wpel-link=\"external\">mensaje<\/a>\u00a0a prop\u00f3sito del\u00a0<strong>D\u00eda Internacional de los Pueblos Ind\u00edgenas<\/strong>\u00a0que, desde 1994, se celebra cada 9 de agosto.<\/p>\n<figure id=\"attachment_239451\" class=\"wp-caption alignnone\"><img fetchpriority=\"high\" decoding=\"async\" class=\"size-full wp-image-239451\" src=\"https:\/\/imgs.mongabay.com\/wp-content\/uploads\/sites\/25\/2023\/01\/04152534\/Red-de-Futuros-Indigenas.jpg\" sizes=\"(max-width: 1280px) 100vw, 1280px\" srcset=\"https:\/\/imgs.mongabay.com\/wp-content\/uploads\/sites\/25\/2023\/01\/04152534\/Red-de-Futuros-Indigenas.jpg 1280w, https:\/\/imgs.mongabay.com\/wp-content\/uploads\/sites\/25\/2023\/01\/04152534\/Red-de-Futuros-Indigenas-768x511.jpg 768w, https:\/\/imgs.mongabay.com\/wp-content\/uploads\/sites\/25\/2023\/01\/04152534\/Red-de-Futuros-Indigenas-610x406.jpg 610w\" alt=\"\" width=\"1280\" height=\"851\" \/><figcaption class=\"wp-caption-text\">La Red de Futuros Ind\u00edgenas re\u00fane a j\u00f3venes de los pueblos ind\u00edgenas de Mesoam\u00e9rica. Foto: Cortes\u00eda Futuros Ind\u00edgenas.<\/figcaption><\/figure>\n<p>Para este 2023, la ONU propone visibilizar los esfuerzos de las juventudes ind\u00edgenas. Por ello, el lema de la jornada es:\u00a0<strong>la<\/strong>\u00a0<strong>Juventud Ind\u00edgena como agentes de cambio para la libre determinaci\u00f3n<\/strong>. Naciones Unidas propone que la conversaci\u00f3n alrededor de este d\u00eda se centre en tres temas: la participaci\u00f3n de los j\u00f3venes en la acci\u00f3n por el clima y la transici\u00f3n verde, la movilizaci\u00f3n por la justicia y las relaciones entre distintas generaciones.<\/p>\n<p>\u201cLa nueva generaci\u00f3n de defensores ind\u00edgenas se est\u00e1 movilizando para cambiar la narrativa en torno a los pueblos ind\u00edgenas. Se han convertido en la fuerza impulsora del cambio social a trav\u00e9s de la movilizaci\u00f3n social, haciendo uso de las plataformas en l\u00ednea para mostrar y celebrar sus culturas, idiomas y sistemas de conocimiento a un p\u00fablico m\u00e1s amplio, y para resaltar las injusticias dentro de sus comunidades\u201d, agrega la ONU.<\/p>\n<p>En este D\u00eda Internacional de los Pueblos Ind\u00edgenas,\u00a0<strong>Mongabay Latam<\/strong>\u00a0presenta la historia de tres defensoras j\u00f3venes ind\u00edgenas que, desde Ecuador, Per\u00fa y M\u00e9xico defienden la naturaleza y los derechos de sus pueblos.<\/p>\n<h3><strong>Helena Gualinga: decir s\u00ed a la naturaleza<\/strong><\/h3>\n<p>Caminar con los pies descalzos sobre los senderos de la selva, en donde los sonidos de las ranas, las aves, el viento y los riachuelos forman una sola orquesta, le ha permitido sentir tambi\u00e9n los latidos de la Tierra. \u201cEst\u00e1 viva, por eso le llamamos selva viviente\u201d, dice<strong>\u00a0Helena Gualinga<\/strong>, defensora ind\u00edgena kichwa del Ecuador.<\/p>\n<p>Su pueblo,\u00a0<strong>Sarayaku<\/strong>\u00a0\u2014ubicado en la provincia de Pastaza, en plena selva amaz\u00f3nica\u2014 le ha ense\u00f1ado todo lo que sabe sobre defensa del territorio, en especial para hacer frente a las petroleras que\u00a0<a href=\"https:\/\/es.mongabay.com\/2023\/03\/dia-internacional-de-la-mujer-nina-gualinga-entrevista\/\" data-wpel-link=\"internal\">han amenazado<\/a>\u00a0con destruir su comunidad desde hace m\u00e1s de dos d\u00e9cadas.<\/p>\n<p>Ahora, con 21 a\u00f1os, Helena Gualinga es una de las j\u00f3venes m\u00e1s visibles en la lucha para proteger el\u00a0<strong>Parque<\/strong>\u00a0<strong>Nacional<\/strong>\u00a0<strong>Yasun\u00ed<\/strong>, amenazado por el bloque petrolero ITT \u2014conocido como bloque 43\u2014, que se encuentra en su interior y cuya permanencia est\u00e1 por decidirse en\u00a0<strong>una consulta popular<\/strong>\u00a0este 20 de agosto de 2023. Los j\u00f3venes impulsan la campa\u00f1a\u00a0<a href=\"https:\/\/sialyasuni.com\/\" rel=\"external noopener noreferrer\" data-wpel-link=\"external\"><strong>S\u00ed al Yasun\u00ed<\/strong><\/a>, para lograr que en las urnas se vote por mantener el petr\u00f3leo bajo tierra.<\/p>\n<figure id=\"attachment_244943\" class=\"wp-caption alignnone\"><img decoding=\"async\" class=\"size-full wp-image-244943\" src=\"https:\/\/imgs.mongabay.com\/wp-content\/uploads\/sites\/25\/2023\/08\/08214955\/Alice-Aedy.jpeg\" sizes=\"(max-width: 724px) 100vw, 724px\" srcset=\"https:\/\/imgs.mongabay.com\/wp-content\/uploads\/sites\/25\/2023\/08\/08214955\/Alice-Aedy.jpeg 724w, https:\/\/imgs.mongabay.com\/wp-content\/uploads\/sites\/25\/2023\/08\/08214955\/Alice-Aedy-610x915.jpeg 610w\" alt=\"\" width=\"724\" height=\"1086\" \/><figcaption class=\"wp-caption-text\">Helena Gualinga, defensora de la selva amaz\u00f3nica. Foto: Alice Aedy.<\/figcaption><\/figure>\n<p>\u201cLo que est\u00e1 en juego es si se deja de extraer petr\u00f3leo o no. El Yasun\u00ed es el lugar m\u00e1s biodiverso del planeta, hay tres pueblos ind\u00edgenas no contactados y, en general, es un lugar muy importante para el equilibrio del clima. Los derechos de los pueblos ind\u00edgenas que viven ah\u00ed tambi\u00e9n est\u00e1n en riesgo \u2014waoranis, kichwas, saparas, shuar\u2014, son muchas las personas que sufren los impactos de las empresas petroleras\u201d, dice la defensora y recuerda: solamente en ese bloque petrolero han ocurrido 18 derrames de petr\u00f3leo entre el 2016 y 2022, eventos que han tra\u00eddo impactos significativos en el parque y sus habitantes.<\/p>\n<p>Desde su origen, la consulta popular ha sido encabezada por la juventud ecuatoriana \u2014quien reuni\u00f3 750 000 firmas de apoyo en 2013 y solicit\u00f3 el proceso que reci\u00e9n fue\u00a0<a href=\"http:\/\/esacc.corteconstitucional.gob.ec\/storage\/api\/v1\/10_DWL_FL\/e2NhcnBldGE6J3RyYW1pdGUnLHV1aWQ6JzYwMjJlYzc1LWViYzctNDNjYi05MjJjLWUyOTVhN2I4OTBjMy5wZGYnfQ==\" rel=\"external noopener noreferrer\" data-wpel-link=\"external\">validado<\/a>\u00a0por la Corte Constitucional en 2023\u2014, pero ahora est\u00e1 en manos de todo el pa\u00eds cambiar el rumbo del Yasun\u00ed y lo que sucede en la Amazon\u00eda.<\/p>\n<p>Las juventudes ind\u00edgenas han salido a las calles, han ofrecido alternativas y tambi\u00e9n han aprovechado las redes sociales para contar sus propias historias e incentivar un voto informado, dice la activista. Es hora de que las juventudes ind\u00edgenas sean escuchadas en todos los niveles de toma de decisi\u00f3n, sostiene Gualinga.<\/p>\n<figure id=\"attachment_244945\" class=\"wp-caption alignnone\"><img decoding=\"async\" class=\"wp-image-244945 size-full\" src=\"https:\/\/imgs.mongabay.com\/wp-content\/uploads\/sites\/25\/2023\/08\/08215348\/Captura-de-Pantalla-2023-08-08-a-las-14.53.37.png\" sizes=\"(max-width: 986px) 100vw, 986px\" srcset=\"https:\/\/imgs.mongabay.com\/wp-content\/uploads\/sites\/25\/2023\/08\/08215348\/Captura-de-Pantalla-2023-08-08-a-las-14.53.37.png 986w, https:\/\/imgs.mongabay.com\/wp-content\/uploads\/sites\/25\/2023\/08\/08215348\/Captura-de-Pantalla-2023-08-08-a-las-14.53.37-768x527.png 768w, https:\/\/imgs.mongabay.com\/wp-content\/uploads\/sites\/25\/2023\/08\/08215348\/Captura-de-Pantalla-2023-08-08-a-las-14.53.37-610x419.png 610w\" alt=\"\" width=\"986\" height=\"677\" \/><figcaption class=\"wp-caption-text\">Encuentro por el Yasun\u00ed en la ciudad de Cuenca, Ecuador, en julio de 2023. Foto: Helena Gualinga.<\/figcaption><\/figure>\n<p>\u201cHa habido un proceso muy intergeneracional en donde los j\u00f3venes estamos participando en las comunidades. Yo crec\u00ed escuchando a mis t\u00edos, a mis abuelos y esa ha sido mi mayor escuela, porque ellos fueron quienes defendieron a Sarayaku. Hoy agradezco que tuve la oportunidad de aprender de ellos y yo espero poder aportar tambi\u00e9n, desde la juventud y viendo el contexto actual, en la misma l\u00ednea que nuestros l\u00edderes y nuestros ancestros, pero con nuestros conocimientos\u201d.<\/p>\n<p>Al decir s\u00ed al Yasun\u00ed, concluye Gualinga, \u201cdecimos s\u00ed a la vida misma, s\u00ed a proteger a los pueblos ind\u00edgenas, s\u00ed a la biodiversidad, y a que dejemos el petr\u00f3leo en el subsuelo. En la selva amaz\u00f3nica veo el pasado y el futuro no solo de mi familia y de la gente, sino del resto del mundo\u201d.<\/p>\n<figure id=\"attachment_244946\" class=\"wp-caption alignnone\"><img loading=\"lazy\" decoding=\"async\" class=\"size-full wp-image-244946\" src=\"https:\/\/imgs.mongabay.com\/wp-content\/uploads\/sites\/25\/2023\/08\/08215434\/Nico-Kingman-scaled.jpg\" sizes=\"(max-width: 2560px) 100vw, 2560px\" srcset=\"https:\/\/imgs.mongabay.com\/wp-content\/uploads\/sites\/25\/2023\/08\/08215434\/Nico-Kingman-scaled.jpg 2560w, https:\/\/imgs.mongabay.com\/wp-content\/uploads\/sites\/25\/2023\/08\/08215434\/Nico-Kingman-768x512.jpg 768w, https:\/\/imgs.mongabay.com\/wp-content\/uploads\/sites\/25\/2023\/08\/08215434\/Nico-Kingman-1200x800.jpg 1200w, https:\/\/imgs.mongabay.com\/wp-content\/uploads\/sites\/25\/2023\/08\/08215434\/Nico-Kingman-1536x1024.jpg 1536w, https:\/\/imgs.mongabay.com\/wp-content\/uploads\/sites\/25\/2023\/08\/08215434\/Nico-Kingman-2048x1365.jpg 2048w, https:\/\/imgs.mongabay.com\/wp-content\/uploads\/sites\/25\/2023\/08\/08215434\/Nico-Kingman-610x407.jpg 610w\" alt=\"\" width=\"2560\" height=\"1707\" \/><figcaption class=\"wp-caption-text\">Helena Gualinga es una de las j\u00f3venes m\u00e1s visibles en la defensa del Parque Nacional Yasun\u00ed. Foto: Nico Kingman.<\/figcaption><\/figure>\n<h3><strong>Roxana Borda: energ\u00eda para el pueblo<\/strong><\/h3>\n<p>La \u00fanica forma de llegar a la comunidad Alto Mishagua es por la v\u00eda fluvial. No hay carreteras, tampoco energ\u00eda el\u00e9ctrica ni telefon\u00eda para comunicarse. Las familias ind\u00edgenas que lo habitan \u201440 n\u00facleos de origen quechua, yines y matsiguenga\u2014 se encuentran pr\u00e1cticamente aisladas dentro del distrito de Megantoni, en Cusco, Per\u00fa, donde tambi\u00e9n sobreviven sin acceso a servicios b\u00e1sicos como agua potable, salud y educaci\u00f3n.<\/p>\n<p><strong>Roxana Borda<\/strong>, de origen quechua, vive con su familia en este pueblo que se fund\u00f3 hace menos de una d\u00e9cada. Desde muy joven tuvo la posibilidad de salir y estudiar fuera de Per\u00fa. Siempre pens\u00f3 en regresar a su comunidad y hacer algo por ella. Hoy tiene 30 a\u00f1os y es estudiante de pregrado en Desarrollo Rural y Seguridad Alimentaria en la Universidad Federal de la Integracio\u0301n Latinoamericana (UNILA), en Brasil. Tambi\u00e9n es integrante de la\u00a0<a href=\"https:\/\/www.reddejovenesindigenas.com\/\" rel=\"external noopener noreferrer\" data-wpel-link=\"external\"><strong>Red de J\u00f3venes Ind\u00edgenas de Latinoam\u00e9rica<\/strong><\/a>, en donde se ha vuelto referente en temas como el cambio clim\u00e1tico y la p\u00e9rdida de la biodiversidad, por lo que participa en foros internacionales para defender el rol que las juventudes ind\u00edgenas pueden ejercer en la toma de decisiones sobre la\u00a0<strong>transici\u00f3n energ\u00e9tica<\/strong>.<\/p>\n<p>\u201cCuando sucedi\u00f3 la pandemia, yo estaba en un intercambio en M\u00e9xico y ten\u00eda que regresar a mi pa\u00eds. No hab\u00eda manera de comunicarme con mi familia y, como hac\u00eda activismo en temas de transici\u00f3n energ\u00e9tica, amistades cercanas me sugirieron la posibilidad de instalar internet satelital y paneles solares\u201d, narra la defensora ind\u00edgena. Cuando pudo regresar a Alto Mishagua, todo inici\u00f3 en su casa.<\/p>\n<figure id=\"attachment_244947\" class=\"wp-caption alignnone\"><img loading=\"lazy\" decoding=\"async\" class=\"size-full wp-image-244947\" src=\"https:\/\/imgs.mongabay.com\/wp-content\/uploads\/sites\/25\/2023\/08\/08220241\/WhatsApp-Image-2023-08-03-at-14.11.20.jpeg\" sizes=\"(max-width: 1600px) 100vw, 1600px\" srcset=\"https:\/\/imgs.mongabay.com\/wp-content\/uploads\/sites\/25\/2023\/08\/08220241\/WhatsApp-Image-2023-08-03-at-14.11.20.jpeg 1600w, https:\/\/imgs.mongabay.com\/wp-content\/uploads\/sites\/25\/2023\/08\/08220241\/WhatsApp-Image-2023-08-03-at-14.11.20-768x570.jpeg 768w, https:\/\/imgs.mongabay.com\/wp-content\/uploads\/sites\/25\/2023\/08\/08220241\/WhatsApp-Image-2023-08-03-at-14.11.20-1536x1140.jpeg 1536w, https:\/\/imgs.mongabay.com\/wp-content\/uploads\/sites\/25\/2023\/08\/08220241\/WhatsApp-Image-2023-08-03-at-14.11.20-610x453.jpeg 610w\" alt=\"\" width=\"1600\" height=\"1187\" \/><figcaption class=\"wp-caption-text\">Roxana Borda junto al primer sistema de paneles solares e internet satelital instalado en su casa, en Alto Mishagua, Per\u00fa. Foto: Roxana Borda.<\/figcaption><\/figure>\n<p>\u201cCon ayuda de mis compa\u00f1eros de trabajo,\u00a0<strong>instalamos un prototipo de paneles en mi casa<\/strong>\u00a0para ver el sistema a nivel individual. Quer\u00edamos explicar que esto funciona y es posible. Lo hicimos de manera rudimentaria, viendo tutoriales. Eso nos permiti\u00f3 cargar celulares y linternas. Por ahora, soy la \u00fanica que tiene internet en el pueblo. Escribimos un proyecto juntos para buscar replicarlo en toda la comunidad; pensamos en que ser\u00eda el inicio de algo que puede servir como ejemplo para otras regiones rurales amaz\u00f3nicas donde no se tiene acceso a la energ\u00eda el\u00e9ctrica\u201d, explica Borda.<\/p>\n<p>Lo ir\u00f3nico \u2014se\u00f1ala\u2014 es que Alto Mishagua se encuentra en una zona dedicada a la explotaci\u00f3n del gas natural, sin embargo, no existe garant\u00eda de acceso a este recurso para las familias. La gran mayor\u00eda cocina con le\u00f1a como combustible.<\/p>\n<p>\u201cEs desafiante, es triste la realidad. Para empezar a hablar del tema energ\u00e9tico, yo siempre invito a ver c\u00f3mo est\u00e1n las comunidades amaz\u00f3nicas. Una que otra familia tendr\u00e1 acceso al gas, pero cuesta muy caro, casi el doble que en la ciudad\u201d, agrega.<\/p>\n<figure id=\"attachment_244948\" class=\"wp-caption alignnone\"><img loading=\"lazy\" decoding=\"async\" class=\"size-full wp-image-244948\" src=\"https:\/\/imgs.mongabay.com\/wp-content\/uploads\/sites\/25\/2023\/08\/08220505\/WhatsApp-Image-2023-08-03-at-14.22.48.jpeg\" sizes=\"(max-width: 1280px) 100vw, 1280px\" srcset=\"https:\/\/imgs.mongabay.com\/wp-content\/uploads\/sites\/25\/2023\/08\/08220505\/WhatsApp-Image-2023-08-03-at-14.22.48.jpeg 1280w, https:\/\/imgs.mongabay.com\/wp-content\/uploads\/sites\/25\/2023\/08\/08220505\/WhatsApp-Image-2023-08-03-at-14.22.48-768x576.jpeg 768w, https:\/\/imgs.mongabay.com\/wp-content\/uploads\/sites\/25\/2023\/08\/08220505\/WhatsApp-Image-2023-08-03-at-14.22.48-610x458.jpeg 610w\" alt=\"\" width=\"1280\" height=\"960\" \/><figcaption class=\"wp-caption-text\">El prototipo de sistema de paneles solares e internet satelital que sirvi\u00f3 como base para un proyecto que llevar\u00e1 energ\u00eda el\u00e9ctrica e internet a la comunidad de Alto Mishagua, Per\u00fa. Foto: Roxana Borda.<\/figcaption><\/figure>\n<p>Su proyecto, que consiste en dos fases, es apoyado desde el oto\u00f1o de 2022 por la organizaci\u00f3n canadiense\u00a0<a href=\"https:\/\/studentenergy.org\/about\/theory-of-change\/\" rel=\"external noopener noreferrer\" data-wpel-link=\"external\"><strong>Student Energy Guided Projects<\/strong><\/a>, un programa que brinda capacitacio\u0301n, tutori\u0301a y parte de los fondos necesarios para desarrollar proyectos de energi\u0301a limpia en comunidades. La primera etapa consiste en habilitar paneles solares y un sistema satelital para el acceso a internet en el centro comunitario de Alto Mishagua, el \u00fanico espacio rural educativo que reci\u00e9n se abri\u00f3 para atender a las infancias y que, hasta ahora, cuenta con dos profesores.<\/p>\n<p>\u201cEl objetivo principal es garantizar el acceso a la conectividad e informaci\u00f3n para la comunidad con el mundo exterior, que puedan ir cuando necesiten internet para comunicarse. Se va a colocar en la escuela y servir\u00e1 para los ni\u00f1os. Es la \u00fanica escuela y se ha logrado a duras penas\u201d, explica la defensora ind\u00edgena.<\/p>\n<p>La segunda etapa del proyecto consiste en la instalaci\u00f3n de paneles solares en cada hogar, para que las familias tengan acceso a la energ\u00eda el\u00e9ctrica. El proyecto cuenta con la participaci\u00f3n de varias personas de la comunidad que tambi\u00e9n han sido capacitadas para la instalaci\u00f3n de los sistemas. Para realizar todos estos planes a\u00fan falta una parte del financiamiento, por lo que la comunidad se encuentra en b\u00fasqueda de apoyo.<\/p>\n<figure id=\"attachment_244949\" class=\"wp-caption alignnone\"><img loading=\"lazy\" decoding=\"async\" class=\"size-full wp-image-244949\" src=\"https:\/\/imgs.mongabay.com\/wp-content\/uploads\/sites\/25\/2023\/08\/08220751\/WhatsApp-Image-2023-08-03-at-15.05.36.jpeg\" sizes=\"(max-width: 1600px) 100vw, 1600px\" srcset=\"https:\/\/imgs.mongabay.com\/wp-content\/uploads\/sites\/25\/2023\/08\/08220751\/WhatsApp-Image-2023-08-03-at-15.05.36.jpeg 1600w, https:\/\/imgs.mongabay.com\/wp-content\/uploads\/sites\/25\/2023\/08\/08220751\/WhatsApp-Image-2023-08-03-at-15.05.36-768x576.jpeg 768w, https:\/\/imgs.mongabay.com\/wp-content\/uploads\/sites\/25\/2023\/08\/08220751\/WhatsApp-Image-2023-08-03-at-15.05.36-1536x1152.jpeg 1536w, https:\/\/imgs.mongabay.com\/wp-content\/uploads\/sites\/25\/2023\/08\/08220751\/WhatsApp-Image-2023-08-03-at-15.05.36-610x458.jpeg 610w\" alt=\"\" width=\"1600\" height=\"1200\" \/><figcaption class=\"wp-caption-text\">Roxana Borda y la comunidad de Alto Mishagua durante una reuni\u00f3n informativa sobre el proyecto. Foto: Roxana Borda.<\/figcaption><\/figure>\n<p>\u201cCuando se habla de transici\u00f3n energ\u00e9tica, los j\u00f3venes ind\u00edgenas pedimos que sea justa, que no afecte nuestro futuro ni el de las pr\u00f3ximas generaciones, como ha ocurrido en algunos territorios no solo en Per\u00fa sino en otras regiones de Latinoam\u00e9rica\u201d, dice Borda.<\/p>\n<p>En ese sentido, la defensora quechua sostiene que ha participado en encuentros mundiales como las COP 26 y 27, donde ha notado poca presencia de las juventudes ind\u00edgenas, sobre todo, porque el tema de financiamientos lo imposibilita.<\/p>\n<p>\u201cTenemos que ser parte de las negociaciones, los tomadores de decisiones deben escuchar a las juventudes a la hora de trabajar en conjunto. Estamos hablando de un tema que nos compete a todos, porque es global. Adem\u00e1s, esos son los espacios propicios para estar frente a frente con los Estados, porque dentro de cada pa\u00eds es dif\u00edcil llegar a una instancia de gobierno\u201d, sostiene.<\/p>\n<p>Borda concluye que \u201cno se trata de que uno sea ind\u00edgena o no, y que por ello se tenga mayor o menor responsabilidad. No se debe cargar a los pueblos ind\u00edgenas la protecci\u00f3n de los territorios, sobre todo, cuando puede llegar a costar la vida. Si queremos salvaguardar al planeta, a las especies, debemos olvidar las diferencias y recordar que todos estamos conectados\u201d.<\/p>\n<figure id=\"attachment_244950\" class=\"wp-caption alignnone\"><img loading=\"lazy\" decoding=\"async\" class=\"size-full wp-image-244950\" src=\"https:\/\/imgs.mongabay.com\/wp-content\/uploads\/sites\/25\/2023\/08\/08220931\/Captura-de-Pantalla-2023-08-08-a-las-15.09.15.png\" sizes=\"(max-width: 901px) 100vw, 901px\" srcset=\"https:\/\/imgs.mongabay.com\/wp-content\/uploads\/sites\/25\/2023\/08\/08220931\/Captura-de-Pantalla-2023-08-08-a-las-15.09.15.png 901w, https:\/\/imgs.mongabay.com\/wp-content\/uploads\/sites\/25\/2023\/08\/08220931\/Captura-de-Pantalla-2023-08-08-a-las-15.09.15-768x493.png 768w, https:\/\/imgs.mongabay.com\/wp-content\/uploads\/sites\/25\/2023\/08\/08220931\/Captura-de-Pantalla-2023-08-08-a-las-15.09.15-610x391.png 610w\" alt=\"\" width=\"901\" height=\"578\" \/><figcaption class=\"wp-caption-text\">Roxana Borda durante la COP26, en Reino Unido. Foto: Roxana Borda.<\/figcaption><\/figure>\n<h3><strong>Dal\u00ed Nolasco: los guardianes de alimentos<\/strong><\/h3>\n<p><strong>Dal\u00ed Nolasco<\/strong>\u00a0creci\u00f3 viendo a su madre y sus abuelos trabajar en el campo. Juntos le transmitieron sus saberes sobre el cuidado y el amor a la tierra que van a sembrar, y tambi\u00e9n con las plantas que, m\u00e1s tarde, les servir\u00edan de alimento. Esto era algo que ve\u00eda replicado en las parcelas de Tlaola \u2014su comunidad, ubicada en Puebla, en la zona central de M\u00e9xico\u2014, por lo que pronto supo que los pueblos ind\u00edgenas produc\u00edan alimentos basados en el respeto al territorio.<\/p>\n<p>\u201cLa mayor prueba sobre c\u00f3mo los pueblos ind\u00edgenas hemos respetado y cuidado a la Madre Tierra, es que el 80 % de la biodiversidad que tiene el planeta est\u00e1 en territorios ind\u00edgenas\u201d, dice la defensora originaria del pueblo ind\u00edgena nahua. Hoy tiene 35 a\u00f1os y, bajo el ejemplo de su madre \u2014quien le ense\u00f1\u00f3 el camino del activismo sobre los derechos de los pueblos ind\u00edgenas\u2014\u00a0<strong>ha dedicado su vida a la defensa de los sistemas alimentarios ind\u00edgenas<\/strong>.<\/p>\n<p>\u201cUna de las grandes culpables de la crisis clim\u00e1tica es la manera de producir comida, la manera tan intensiva en la que se producen alimentos que muchas veces son desperdiciados. Tambi\u00e9n los transg\u00e9nicos y los alimentos extremadamente llenos de fertilizantes y qu\u00edmicos que da\u00f1an nuestra salud; por eso creemos que es superimportante defender los sistemas alimentarios de los pueblos ind\u00edgenas\u201d, dice Nolasco.<\/p>\n<figure id=\"attachment_244951\" class=\"wp-caption alignnone\"><img loading=\"lazy\" decoding=\"async\" class=\"wp-image-244951 size-full\" src=\"https:\/\/imgs.mongabay.com\/wp-content\/uploads\/sites\/25\/2023\/08\/08221711\/WhatsApp-Image-2023-08-07-at-07.28.51.jpeg\" sizes=\"(max-width: 1081px) 100vw, 1081px\" srcset=\"https:\/\/imgs.mongabay.com\/wp-content\/uploads\/sites\/25\/2023\/08\/08221711\/WhatsApp-Image-2023-08-07-at-07.28.51.jpeg 1081w, https:\/\/imgs.mongabay.com\/wp-content\/uploads\/sites\/25\/2023\/08\/08221711\/WhatsApp-Image-2023-08-07-at-07.28.51-768x1137.jpeg 768w, https:\/\/imgs.mongabay.com\/wp-content\/uploads\/sites\/25\/2023\/08\/08221711\/WhatsApp-Image-2023-08-07-at-07.28.51-1038x1536.jpeg 1038w, https:\/\/imgs.mongabay.com\/wp-content\/uploads\/sites\/25\/2023\/08\/08221711\/WhatsApp-Image-2023-08-07-at-07.28.51-610x903.jpeg 610w\" alt=\"\" width=\"1081\" height=\"1600\" \/><figcaption class=\"wp-caption-text\">Dal\u00ed Nolasco coordina la Red Ind\u00edgena de Terra Madre para Am\u00e9rica Latina y el Caribe de Slow Food. Foto: Slow Food.<\/figcaption><\/figure>\n<p>Actualmente, Dal\u00ed Nolasco es integrante del consejo global de directores y coordinadora de la Red Ind\u00edgena de Terra Madre para Am\u00e9rica Latina y el Caribe de\u00a0<a href=\"https:\/\/www.slowfood.com\/es\/\" rel=\"external noopener noreferrer\" data-wpel-link=\"external\">Slow Food<\/a>, iniciativa que, desde 1980, aspira a un mundo en el que se pueda acceder a una comida buena, limpia y justa para quienes la consumen, la producen y para el planeta.<\/p>\n<p>Desde esa plataforma, Nolasco ha luchado para que las juventudes se vuelvan a conectar con los saberes de sus pueblos, para as\u00ed dignificar y reivindicar su identidad ind\u00edgena y campesina. En 2022, propuso la creaci\u00f3n de un diplomado que reuni\u00f3 y bec\u00f3 a la primera generaci\u00f3n de 25 j\u00f3venes l\u00edderes ind\u00edgenas de diferentes regiones de M\u00e9xico, con proyectos centrados en la defensa de las semillas nativas, su gastronom\u00eda y su territorio. La clave fue que especialistas ind\u00edgenas fueran quienes compartieran con ellos sus conocimientos durante el proceso formativo, para fortalecer el di\u00e1logo intergeneracional.<\/p>\n<figure id=\"attachment_244953\" class=\"wp-caption alignnone\"><img loading=\"lazy\" decoding=\"async\" class=\"size-full wp-image-244953\" src=\"https:\/\/imgs.mongabay.com\/wp-content\/uploads\/sites\/25\/2023\/08\/08222202\/WhatsApp-Image-2023-08-02-at-14.01.11.jpeg\" sizes=\"(max-width: 1600px) 100vw, 1600px\" srcset=\"https:\/\/imgs.mongabay.com\/wp-content\/uploads\/sites\/25\/2023\/08\/08222202\/WhatsApp-Image-2023-08-02-at-14.01.11.jpeg 1600w, https:\/\/imgs.mongabay.com\/wp-content\/uploads\/sites\/25\/2023\/08\/08222202\/WhatsApp-Image-2023-08-02-at-14.01.11-768x512.jpeg 768w, https:\/\/imgs.mongabay.com\/wp-content\/uploads\/sites\/25\/2023\/08\/08222202\/WhatsApp-Image-2023-08-02-at-14.01.11-1200x800.jpeg 1200w, https:\/\/imgs.mongabay.com\/wp-content\/uploads\/sites\/25\/2023\/08\/08222202\/WhatsApp-Image-2023-08-02-at-14.01.11-1536x1023.jpeg 1536w, https:\/\/imgs.mongabay.com\/wp-content\/uploads\/sites\/25\/2023\/08\/08222202\/WhatsApp-Image-2023-08-02-at-14.01.11-610x406.jpeg 610w\" alt=\"\" width=\"1600\" height=\"1066\" \/><figcaption class=\"wp-caption-text\">Proceso formativo de las Guardianas y guardianes de los sistemas alimentarios de M\u00e9xico. Foto: Slow Food.<\/figcaption><\/figure>\n<p>\u201cExiste un sistema de creencias en el que nos dicen que nosotros, los miembros de un pueblo ind\u00edgena, no somos capaces de ser generadores de conocimientos. Entonces, que los j\u00f3venes vean a alguien muy parecido a ellos \u2014una persona ind\u00edgena, muy preparada y con unos saberes impresionantes\u2014, es muy inspirador\u201d, explica Nolasco.<\/p>\n<p>As\u00ed nacieron las\u00a0<strong>Guardianas y guardianes de los sistemas alimentarios de M\u00e9xico<\/strong>. Este diplomado se centr\u00f3 en la formaci\u00f3n t\u00e9cnica para el dise\u00f1o, creaci\u00f3n y acompa\u00f1amiento de proyectos comunitarios. Sus capacitaciones fueron virtuales y presenciales y, si bien estuvieron englobadas en este gran tema, fueron pensadas para fortalecer los liderazgos de los j\u00f3venes en el marco de los derechos individuales y colectivos de los pueblos ind\u00edgenas, g\u00e9nero, juventudes y agroecolog\u00eda. Adem\u00e1s, se logr\u00f3 un acompa\u00f1amiento integral en donde no hubo diferencias entre quienes ya ten\u00edan un grado de licenciatura o una escolaridad b\u00e1sica: todos ten\u00edan la capacidad de aprender por igual.<\/p>\n<figure id=\"attachment_244952\" class=\"wp-caption alignnone\"><img loading=\"lazy\" decoding=\"async\" class=\"size-full wp-image-244952\" src=\"https:\/\/imgs.mongabay.com\/wp-content\/uploads\/sites\/25\/2023\/08\/08222032\/WhatsApp-Image-2023-08-02-at-14.01.07.jpeg\" sizes=\"(max-width: 1280px) 100vw, 1280px\" srcset=\"https:\/\/imgs.mongabay.com\/wp-content\/uploads\/sites\/25\/2023\/08\/08222032\/WhatsApp-Image-2023-08-02-at-14.01.07.jpeg 1280w, https:\/\/imgs.mongabay.com\/wp-content\/uploads\/sites\/25\/2023\/08\/08222032\/WhatsApp-Image-2023-08-02-at-14.01.07-768x512.jpeg 768w, https:\/\/imgs.mongabay.com\/wp-content\/uploads\/sites\/25\/2023\/08\/08222032\/WhatsApp-Image-2023-08-02-at-14.01.07-1200x800.jpeg 1200w, https:\/\/imgs.mongabay.com\/wp-content\/uploads\/sites\/25\/2023\/08\/08222032\/WhatsApp-Image-2023-08-02-at-14.01.07-610x407.jpeg 610w\" alt=\"\" width=\"1280\" height=\"853\" \/><figcaption class=\"wp-caption-text\">Guardianas y guardianes de los sistemas alimentarios de M\u00e9xico. Foto: Slow Food.<\/figcaption><\/figure>\n<p>\u201cSe trataba de que estas diferencias no impidieran que alguien participara en el proceso. El resultado fue muy bello: a una jovencita de Chiapas, la \u00fanica con estudios de secundaria, la metodolog\u00eda le permiti\u00f3 ir a la par de compa\u00f1eros con una carrera universitaria\u201d, explica la activista.<\/p>\n<p>Nolasco afirma que, en la comida, ha encontrado un estandarte de lucha para trabajar con la juventudes. En la retroalimentaci\u00f3n que ha recibido, uno de los j\u00f3venes comparti\u00f3 que jam\u00e1s pens\u00f3 que una semilla le devolver\u00eda su identidad y que la comida le har\u00eda sentir tanto orgullo de pertenecer a un pueblo ind\u00edgena. Lo mismo ocurri\u00f3 con una joven que produce ma\u00edz nativo de diferentes especies y que lo transforma en tostadas, quien asegur\u00f3 que gracias a este producto, hab\u00eda encontrado otra manera de vivir su vida.<\/p>\n<p>\u201cEn su comunidad, entre los 12 y los 15 a\u00f1os, las jovencitas ya \u2018deben\u2019 estar casadas. Sus tostadas la alejaron de un matrimonio que ella no quiere, porque las tostadas le han permitido ver que existen otras posibilidades para las mujeres ind\u00edgenas\u201d, narra Nolasco.<\/p>\n<figure id=\"attachment_244954\" class=\"wp-caption alignnone\"><img loading=\"lazy\" decoding=\"async\" class=\"size-full wp-image-244954\" src=\"https:\/\/imgs.mongabay.com\/wp-content\/uploads\/sites\/25\/2023\/08\/08222325\/WhatsApp-Image-2023-08-05-at-12.44.51.jpeg\" sizes=\"(max-width: 1600px) 100vw, 1600px\" srcset=\"https:\/\/imgs.mongabay.com\/wp-content\/uploads\/sites\/25\/2023\/08\/08222325\/WhatsApp-Image-2023-08-05-at-12.44.51.jpeg 1600w, https:\/\/imgs.mongabay.com\/wp-content\/uploads\/sites\/25\/2023\/08\/08222325\/WhatsApp-Image-2023-08-05-at-12.44.51-768x576.jpeg 768w, https:\/\/imgs.mongabay.com\/wp-content\/uploads\/sites\/25\/2023\/08\/08222325\/WhatsApp-Image-2023-08-05-at-12.44.51-1536x1152.jpeg 1536w, https:\/\/imgs.mongabay.com\/wp-content\/uploads\/sites\/25\/2023\/08\/08222325\/WhatsApp-Image-2023-08-05-at-12.44.51-610x458.jpeg 610w\" alt=\"\" width=\"1600\" height=\"1200\" \/><figcaption class=\"wp-caption-text\">Taller de huertos con ni\u00f1os y familias migrantes ind\u00edgenas en San Crist\u00f3bal de La casas Chiapas. Foto: Yolotzin Bravo.<\/figcaption><\/figure>\n<p>La activista agrega que la migraci\u00f3n de las juventudes hacia afuera de los territorios ind\u00edgenas es una problem\u00e1tica real, pues las posibilidades educativas y laborales al interior son bastante reducidas. Con este tipo de proyectos, se busca que los j\u00f3venes puedan capacitarse y generen un deseo de trabajar en su desarrollo personal y el de sus comunidades. La idea es que las historias de los guardianes de los sistemas alimentarios sean inspiradoras para otros.<\/p>\n<p>\u201cSiempre nos han dicho que, si queremos ser alguien en la vida, tenemos que irnos de nuestros pueblos. Si quieres estudiar una carrera universitaria, si tienes esa posibilidad y ese privilegio, est\u00e1 bien y es maravilloso, pero tambi\u00e9n es importante que regresemos a nuestros territorios a transformar las realidades, a reivindicar nuestro ser y a luchar por nuestros pueblos. Personalmente, busco que los j\u00f3venes tengan la seguridad de que pueden crear cosas extraordinarias para su comunidad, y que verdaderamente crean que son seres poderosos y que pueden cambiar la historia\u201d, concluye Nolasco.<\/p>\n<figure id=\"attachment_244955\" class=\"wp-caption alignnone\"><img loading=\"lazy\" decoding=\"async\" class=\"size-full wp-image-244955\" src=\"https:\/\/imgs.mongabay.com\/wp-content\/uploads\/sites\/25\/2023\/08\/08222428\/WhatsApp-Image-2023-08-07-at-07.28.51-1.jpeg\" sizes=\"(max-width: 1168px) 100vw, 1168px\" srcset=\"https:\/\/imgs.mongabay.com\/wp-content\/uploads\/sites\/25\/2023\/08\/08222428\/WhatsApp-Image-2023-08-07-at-07.28.51-1.jpeg 1168w, https:\/\/imgs.mongabay.com\/wp-content\/uploads\/sites\/25\/2023\/08\/08222428\/WhatsApp-Image-2023-08-07-at-07.28.51-1-768x1052.jpeg 768w, https:\/\/imgs.mongabay.com\/wp-content\/uploads\/sites\/25\/2023\/08\/08222428\/WhatsApp-Image-2023-08-07-at-07.28.51-1-1121x1536.jpeg 1121w, https:\/\/imgs.mongabay.com\/wp-content\/uploads\/sites\/25\/2023\/08\/08222428\/WhatsApp-Image-2023-08-07-at-07.28.51-1-610x836.jpeg 610w\" alt=\"\" width=\"1168\" height=\"1600\" \/><figcaption class=\"wp-caption-text\">Desde la Red Ind\u00edgena de Terra Madre para Am\u00e9rica Latina y el Caribe de Slow Food, Dal\u00ed Nolasco lidera esfuerzos para reivindicar la identidad ind\u00edgena de las juventudes. Foto: Slow Food.<\/figcaption><\/figure>\n<p dir=\"ltr\"><strong><em>Imagen principal:\u00a0<\/em><\/strong><em>Helena Gualinga, defensora kichwa de la selva amaz\u00f3nica.\u00a0<strong>Foto:<\/strong>\u00a0Anka Maldonado<\/em><\/p>\n<p>&nbsp;<\/p>\n<p>Tomado de: https:\/\/es.mongabay.com\/2023\/08\/dia-internacional-de-los-pueblos-indigenas-jovenes-encabezan-la-defensa-de-naturaleza-latinoamerica\/<\/p>\n","protected":false},"excerpt":{"rendered":"<p>Este 9 de agosto, en el marco del D\u00eda Internacional de los Pueblos Ind\u00edgenas, la ONU propone visibilizar el papel de las juventudes en el ejercicio de la libre determinaci\u00f3n de sus pueblos en el contexto de la acci\u00f3n clim\u00e1tica y la transici\u00f3n verde, la movilizaci\u00f3n por la justicia y su importante rol en el di\u00e1logo intergeneracional.<br \/>\nMongabay Latam presenta las historias de tres defensoras ind\u00edgenas j\u00f3venes de Ecuador, Per\u00fa y M\u00e9xico que defienden la selva de la industria petrolera, buscan el acceso a la comunicaci\u00f3n y las energ\u00edas renovables para sus comunidades y rescatan los saberes ancestrales sobre los sistemas alimentarios ind\u00edgenas.<\/p>\n","protected":false},"author":327,"featured_media":39938,"comment_status":"open","ping_status":"open","sticky":false,"template":"","format":"standard","meta":{"_acf_changed":false,"footnotes":""},"categories":[2],"tags":[],"class_list":["post-39937","post","type-post","status-publish","format-standard","has-post-thumbnail","hentry","category-radar","category-2","description-off"],"acf":[],"_links":{"self":[{"href":"https:\/\/www.raisg.org\/es\/wp-json\/wp\/v2\/posts\/39937","targetHints":{"allow":["GET"]}}],"collection":[{"href":"https:\/\/www.raisg.org\/es\/wp-json\/wp\/v2\/posts"}],"about":[{"href":"https:\/\/www.raisg.org\/es\/wp-json\/wp\/v2\/types\/post"}],"author":[{"embeddable":true,"href":"https:\/\/www.raisg.org\/es\/wp-json\/wp\/v2\/users\/327"}],"replies":[{"embeddable":true,"href":"https:\/\/www.raisg.org\/es\/wp-json\/wp\/v2\/comments?post=39937"}],"version-history":[{"count":2,"href":"https:\/\/www.raisg.org\/es\/wp-json\/wp\/v2\/posts\/39937\/revisions"}],"predecessor-version":[{"id":39942,"href":"https:\/\/www.raisg.org\/es\/wp-json\/wp\/v2\/posts\/39937\/revisions\/39942"}],"wp:featuredmedia":[{"embeddable":true,"href":"https:\/\/www.raisg.org\/es\/wp-json\/wp\/v2\/media\/39938"}],"wp:attachment":[{"href":"https:\/\/www.raisg.org\/es\/wp-json\/wp\/v2\/media?parent=39937"}],"wp:term":[{"taxonomy":"category","embeddable":true,"href":"https:\/\/www.raisg.org\/es\/wp-json\/wp\/v2\/categories?post=39937"},{"taxonomy":"post_tag","embeddable":true,"href":"https:\/\/www.raisg.org\/es\/wp-json\/wp\/v2\/tags?post=39937"}],"curies":[{"name":"wp","href":"https:\/\/api.w.org\/{rel}","templated":true}]}}