{"id":405,"date":"2016-05-01T07:38:21","date_gmt":"2016-05-01T10:38:21","guid":{"rendered":"http:\/\/raisg.monstroestudio.com.br\/?p=405"},"modified":"2018-01-26T17:22:23","modified_gmt":"2018-01-26T19:22:23","slug":"la-mineria-ilegal-se-ensano-con-la-amazonia-2015","status":"publish","type":"post","link":"https:\/\/www.raisg.org\/es\/radar\/la-mineria-ilegal-se-ensano-con-la-amazonia-2015\/","title":{"rendered":"La miner\u00eda ilegal se ensa\u00f1\u00f3 con la Amazonia 2015"},"content":{"rendered":"<div class=\"wpb-content-wrapper\"><p>[vc_row][vc_column][vc_column_text]Una investigaci\u00f3n realizada en Colombia, Ecuador, Brasil, Per\u00fa y Bolivia revela c\u00f3mo la expansi\u00f3n de la extracci\u00f3n ilegal de oro no s\u00f3lo est\u00e1 degradando parte de la reserva de biodiversidad m\u00e1s importante del mundo sino modificando dr\u00e1sticamente la vida de sus habitantes.<\/p>\n<p><a href=\"http:\/\/www.elespectador.com\/noticias\/medio-ambiente\/mineria-ilegal-se-ensano-amazonia-articulo-575039\">http:\/\/www.elespectador.com\/noticias\/medio-ambiente\/mineria-ilegal-se-ensano-amazonia-articulo-575039<\/a>[\/vc_column_text][\/vc_column][\/vc_row]<\/p>\n<\/div>","protected":false},"excerpt":{"rendered":"<p>[vc_row][vc_column][vc_column_text]Una investigaci\u00f3n realizada en Colombia, Ecuador, Brasil, Per\u00fa y Bolivia revela c\u00f3mo la expansi\u00f3n de la extracci\u00f3n ilegal de oro no s\u00f3lo est\u00e1 degradando parte de la reserva de biodiversidad m\u00e1s importante del mundo sino modificando dr\u00e1sticamente la vida de sus habitantes. http:\/\/www.elespectador.com\/noticias\/medio-ambiente\/mineria-ilegal-se-ensano-amazonia-articulo-575039[\/vc_column_text][\/vc_column][\/vc_row]<\/p>\n","protected":false},"author":11,"featured_media":0,"comment_status":"open","ping_status":"open","sticky":false,"template":"","format":"standard","meta":{"_acf_changed":false,"footnotes":""},"categories":[2],"tags":[],"class_list":["post-405","post","type-post","status-publish","format-standard","hentry","category-radar","category-2","description-off"],"acf":[],"_links":{"self":[{"href":"https:\/\/www.raisg.org\/es\/wp-json\/wp\/v2\/posts\/405","targetHints":{"allow":["GET"]}}],"collection":[{"href":"https:\/\/www.raisg.org\/es\/wp-json\/wp\/v2\/posts"}],"about":[{"href":"https:\/\/www.raisg.org\/es\/wp-json\/wp\/v2\/types\/post"}],"author":[{"embeddable":true,"href":"https:\/\/www.raisg.org\/es\/wp-json\/wp\/v2\/users\/11"}],"replies":[{"embeddable":true,"href":"https:\/\/www.raisg.org\/es\/wp-json\/wp\/v2\/comments?post=405"}],"version-history":[{"count":0,"href":"https:\/\/www.raisg.org\/es\/wp-json\/wp\/v2\/posts\/405\/revisions"}],"wp:attachment":[{"href":"https:\/\/www.raisg.org\/es\/wp-json\/wp\/v2\/media?parent=405"}],"wp:term":[{"taxonomy":"category","embeddable":true,"href":"https:\/\/www.raisg.org\/es\/wp-json\/wp\/v2\/categories?post=405"},{"taxonomy":"post_tag","embeddable":true,"href":"https:\/\/www.raisg.org\/es\/wp-json\/wp\/v2\/tags?post=405"}],"curies":[{"name":"wp","href":"https:\/\/api.w.org\/{rel}","templated":true}]}}