{"id":41742,"date":"2023-12-12T18:15:32","date_gmt":"2023-12-12T21:15:32","guid":{"rendered":"https:\/\/www.raisg.org\/?p=41742"},"modified":"2023-12-14T18:38:05","modified_gmt":"2023-12-14T21:38:05","slug":"cumbre-del-clima-2023-indigenas-guardianes-de-la-amazonia-defendemos-nuestra-casa-hasta-con-la-vida","status":"publish","type":"post","link":"https:\/\/www.raisg.org\/es\/radar\/cumbre-del-clima-2023-indigenas-guardianes-de-la-amazonia-defendemos-nuestra-casa-hasta-con-la-vida\/","title":{"rendered":"Cumbre del clima 2023 Ind\u00edgenas, guardianes de la Amazonia: \u00abDefendemos nuestra casa hasta con la vida\u00bb"},"content":{"rendered":"<p>RTVE<\/p>\n<p class=\"pubBox\"><time datetime=\"2023-12-12T07:30:00+01:00\"><span class=\"datpub\">12 de diciembre, 2023<\/span><\/time><\/p>\n<div class=\"author  anonim\">Por<span class=\"name\"><em>\u00c1LVARO CABALLERO (Enviado especial a Dub\u00e1i)<\/em><\/span><\/div>\n<div><\/div>\n<div>\n<p>Algunos han tenido que viajar durante una semana para recorrer medio mundo, desde rincones rec\u00f3nditos de la Amazonia hasta Dub\u00e1i. En la cumbre del clima, decenas de representantes de los pueblos ind\u00edgenas amaz\u00f3nicos\u00a0<strong>han reivindicado su papel crucial para proteger el pulm\u00f3n verde del planeta<\/strong>. Son los guardianes de la selva.<\/p>\n<p>\u00abNosotros somos herederos ancestrales de este territorio.\u00a0<strong>No es que seamos los due\u00f1os, como se ve desde el pensamiento occidental<\/strong>. Lo cuidamos y lo protegemos porque es nuestra casa, es el lugar donde nacemos, donde construimos nuestra identidad, donde descansan nuestros ancestros\u00bb, cuenta a RTVE.es Ketty Marcelo, del pueblo Ash\u00e1ninka, de la Amazonia peruana.<\/p>\n<blockquote><p><span class=\"q1\">\u201c<\/span>Es el lugar donde encontramos nuestros alimentos, donde construimos nuestras espiritualidades. Es nuestra casa.<span class=\"q2\">\u201c<\/span><\/p><\/blockquote>\n<p>\u00abEs el lugar donde encontramos nuestros alimentos, donde construimos nuestras espiritualidades. Es nuestra casa. Por eso es que la defendemos hasta con nuestra propia vida.\u00a0<strong>Ese es nuestro rol: cuidarla, protegerla, amarla\u00bb<\/strong>, afirma desde la cumbre del clima, donde participa como presidenta de la Organizaci\u00f3n de Mujeres Ind\u00edgenas Andinas y Amaz\u00f3nicas.<\/p>\n<figure class=\"incluBox size_100 C\">\n<div class=\"mediaBox imageBox\"><span class=\"ima H f_x_\"><img decoding=\"async\" class=\"r15x9\" src=\"https:\/\/img2.rtve.es\/im\/7033157\/?w=900\" alt=\"Ketty Marcelo, activista ind\u00edgena de la Amazonia peruana\" \/><\/span><\/div><figcaption>Ketty Marcelo, activista ind\u00edgena de la Amazonia peruana\u00a0<span class=\"signs\"><em>\u00c1LVARO CABALLERO<\/em><\/span><\/p>\n<\/figcaption><\/figure>\n<div class=\"section\">\n<h3><span class=\"ladillo\">La selva, declarada sujeto de derecho<\/span><\/h3>\n<p>Para algunos de estos pueblos la selva es un ser viviente propio que tiene derechos por s\u00ed mismo, por lo que su protecci\u00f3n es esencial.\u00a0<strong>\u00abNosotros declaramos en 2018 nuestro territorio como ser vivo, consciente y sujeto de derecho\u00bb<\/strong>, explica Daniel Santi, del pueblo Sarayaku de la Amazonia ecuatoriana.<\/p>\n<p>Santi ha estado viajando durante d\u00edas para llegar a Dub\u00e1i: en barco por el r\u00edo, por tierra y por avi\u00f3n, pero insiste en que merece la pena para hacer llegar su voz y reclamar la importancia de su \u00abconocimiento\u00bb. Esto es lo que permite que,\u00a0<strong>siendo solo el 6% de la poblaci\u00f3n, protejan el 80% de la biodiversidad mundial<\/strong>, asegura,\u00a0citando datos de la Uni\u00f3n Internacional para la Conservaci\u00f3n de la Naturaleza (IUCN).<\/p>\n<p>Los bosques tropicales son el gran sumidero de di\u00f3xido de carbono de la Tierra . Sin embargo, su deforestaci\u00f3n provoca lo contrario, que se conviertan en emisores. De hecho, todas estas selvas juntas ser\u00edan el tercer mayor emisor de gases de efecto invernadero, asegura Charles McNeill, asesor del Programa de Naciones Unidas de Medio Ambiente, en una charla durante la cumbre.\u00a0<strong>\u00abEst\u00e1n provocando el problema cuando lo deber\u00edan solucionar, si estuvieran protegidos\u00bb<\/strong>, apunta.<\/p>\n<figure class=\"incluBox size_100 C\">\n<div class=\"mediaBox imageBox\"><span class=\"ima H f_x_\"><img decoding=\"async\" class=\"r15x9\" src=\"https:\/\/img2.rtve.es\/im\/7033138\/?w=900\" alt=\"Daniel Santi, del pueblo Sarakuyu de Ecuador\" \/><\/span><\/div><figcaption>Daniel Santi, del pueblo Sarakuyu de Ecuador\u00a0<span class=\"signs\"><em>\u00c1LVARO CABALLERO<\/em><\/span><\/p>\n<\/figcaption><\/figure>\n<\/div>\n<div class=\"section\">\n<h3><span class=\"ladillo\">\u00abLos parques nacionales son una forma de despojo territorial\u00bb<\/span><\/h3>\n<p>Para lograr esta protecci\u00f3n, en Ecuador luchan por crear una<strong>\u00a0\u00abnueva categor\u00eda de conservaci\u00f3n propia de los territorios ind\u00edgenas\u00bb<\/strong>, dice Santi, m\u00e1s all\u00e1 de la idea \u00ababstracta\u00bb de la conservaci\u00f3n que\u00a0<strong>\u00absepara la naturaleza de los humanos\u00bb<\/strong>. \u00abNosotros convivimos, mantenemos el equilibrio\u00bb, defiende. Cree, adem\u00e1s, que estas nuevas reservas les proteger\u00e1n del extractivismo.<\/p>\n<p>Marcelo va m\u00e1s all\u00e1 al asegurar que \u00abla creaci\u00f3n de parques nacionales es una forma de despojo territorial\u00bb. \u00abAqu\u00ed hemos vivido siempre. El ind\u00edgena siembra para poder comer, disfruta de los r\u00edos, recoge las semillas.\u00a0<strong>Cuando crean las reservas, te limitan<\/strong>\u00ab, denuncia, y por ello cree que la soluci\u00f3n pasar\u00eda por crear las zonas protegidas mano a mano entre gobiernos e ind\u00edgenas.<\/p>\n<\/div>\n<div class=\"section\">\n<h3><span class=\"ladillo\">Pueblos en \u00abexterminio f\u00edsico y cultural\u00bb<\/span><\/h3>\n<p>Las personas ind\u00edgenas entrevistadas comparten una lucha com\u00fan, la de la defensa de su territorio frente al extractivismo, ya sea de la miner\u00eda o a la industria maderera, adem\u00e1s de la reclamaci\u00f3n de que se les tenga en cuenta a la hora de ordenar los recursos.<\/p>\n<p>A algunos, les va literalmente la vida en ello. Ginny Alba es una de\u00a0<strong>300 miembros del pueblo piratapuyo, uno de los cerca de 30 pueblos en \u00abexterminio f\u00edsico y cultural\u00bb de Colombia<\/strong>. Adem\u00e1s de a las \u00abempresas extractivistas\u00bb, esta comunidad de la Amazonia colombiana se ha tenido que enfrentar a la lucha armada, que ha tenido mucho que ver en este exterminio. \u00abSe ha acabado con las autoridades y los liderazgos ind\u00edgenas\u00bb, en los conflictos con las FARC y otras guerrillas existentes en la actualidad, denuncia.<\/p>\n<p>Alba celebra que con el nuevo Gobierno colombiano de Gustavo Petro, ha habido un\u00a0<strong>\u00abcambio\u00bb en el \u00abrespeto a las estructuras del movimiento ind\u00edgena\u00bb<\/strong>. Se les ha consultado en el di\u00e1logo previo para implantar los nuevos planes de desarrollo del pa\u00eds, y adem\u00e1s, la reducci\u00f3n de la deforestaci\u00f3n en un 29% ha repercutido en sus territorios.<\/p>\n<p>Distinta es, seg\u00fan Marcelo, la situaci\u00f3n en Per\u00fa,\u00a0<strong>donde\u00a0ha seguido aumentando la \u00abdepredaci\u00f3n\u00bb<\/strong>\u00a0de la selva, con m\u00e1s concesiones a empresas y carreteras. All\u00ed, adem\u00e1s, las autoridades no les tienen en cuenta en sus tomas de decisiones. La administraci\u00f3n \u00abextrae todos los recursos y los vende, y no llega nada a la Amazonia\u00bb, lamenta. En cambio, sus derechos han avanzado m\u00e1s \u00aben el plano internacional\u00bb.<\/p>\n<\/div>\n<div class=\"section\">\n<h3><span class=\"ladillo\">Brasil se prepara para acoger una cumbre del clima en la Amazonia<\/span><\/h3>\n<p>En Brasil, el pa\u00eds que acoge el grueso de la Amazonia, la situaci\u00f3n de las personas ind\u00edgenas cambi\u00f3 radicalmente cuando el reci\u00e9n elegido presidente Lula da Silva cre\u00f3 un nuevo Ministerio de Pueblos Ind\u00edgenas y puso al frente a la primera ministra ind\u00edgena de la historia del pa\u00eds, Sonia Guajajara.<\/p>\n<p>Guajajara se ha convertido\u00a0en la figura ind\u00edgena m\u00e1s destacada en la cumbre, ya que adem\u00e1s\u00a0ha estado liderando las negociaciones por parte de Brasil desde que Lula\u00a0se fue en la primera semana de cumbre. Su presencia es clave tambi\u00e9n para\u00a0<strong>\u00abpreparar el camino\u00bb hacia la COP30<\/strong>, la conferencia clim\u00e1tica de 2025 que se celebrar\u00e1 precisamente en Bel\u00e9m, en la Amazonia brasile\u00f1a.<\/p>\n<figure class=\"incluBox size_100 C\">\n<div class=\"mediaBox imageBox\"><span class=\"ima H f_x_\"><img decoding=\"async\" class=\"r9x6\" src=\"https:\/\/img2.rtve.es\/im\/7033174\/?w=900\" alt=\"La ministra de Pueblos Ind\u00edgenas de Brasil, Sonia Guajajara\" \/><\/span><\/div><figcaption>La ministra de Pueblos Ind\u00edgenas de Brasil, Sonia Guajajara\u00a0<span class=\"signs\">AFP\u00a0<em>EVARISTO SA \/ AFP<\/em><\/span><\/p>\n<\/figcaption><\/figure>\n<p>En Dub\u00e1i, la ministra ha reivindicado que los pueblos ind\u00edgenas \u00abtienen que gestionar los territorios por ellos mismos\u00bb.\u00a0<strong>\u00abTenemos que confiar en la administraci\u00f3n de los pueblos ind\u00edgenas, que reciban directamente los fondos\u00bb<\/strong>, cambiando el paradigma existente, ha aseverado en una charla.<\/p>\n<\/div>\n<\/div>\n<div><\/div>\n<div>Tomado de: <a href=\"https:\/\/www.rtve.es\/noticias\/20231212\/indigenas-guardianes-amazonia-defendemos-casa\/2466469.shtml\">https:\/\/www.rtve.es\/noticias\/20231212\/indigenas-guardianes-amazonia-defendemos-casa\/2466469.shtml<\/a><\/div>\n","protected":false},"excerpt":{"rendered":"<p>Algunos han tenido que viajar durante una semana para recorrer medio mundo, desde rincones rec\u00f3nditos de la Amazonia hasta Dub\u00e1i. En la cumbre del clima, decenas de representantes de los pueblos ind\u00edgenas amaz\u00f3nicos\u00a0han reivindicado su papel crucial para proteger el pulm\u00f3n verde del planeta. Son los guardianes de la selva.<\/p>\n<p>\u00abNosotros somos herederos ancestrales de este territorio.\u00a0No es que seamos los due\u00f1os, como se ve desde el pensamiento occidental. Lo cuidamos y lo protegemos porque es nuestra casa, es el lugar donde nacemos, donde construimos nuestra identidad, donde descansan nuestros ancestros\u00bb, cuenta a RTVE.es Ketty Marcelo, del pueblo Ash\u00e1ninka, de la Amazonia peruana.<\/p>\n<p>\u201cEs el lugar donde encontramos nuestros alimentos, donde construimos nuestras espiritualidades. Es nuestra casa.\u201c<\/p>\n","protected":false},"author":327,"featured_media":41743,"comment_status":"open","ping_status":"open","sticky":false,"template":"","format":"standard","meta":{"_acf_changed":false,"footnotes":""},"categories":[2],"tags":[],"class_list":["post-41742","post","type-post","status-publish","format-standard","has-post-thumbnail","hentry","category-radar","category-2","description-off"],"acf":[],"_links":{"self":[{"href":"https:\/\/www.raisg.org\/es\/wp-json\/wp\/v2\/posts\/41742","targetHints":{"allow":["GET"]}}],"collection":[{"href":"https:\/\/www.raisg.org\/es\/wp-json\/wp\/v2\/posts"}],"about":[{"href":"https:\/\/www.raisg.org\/es\/wp-json\/wp\/v2\/types\/post"}],"author":[{"embeddable":true,"href":"https:\/\/www.raisg.org\/es\/wp-json\/wp\/v2\/users\/327"}],"replies":[{"embeddable":true,"href":"https:\/\/www.raisg.org\/es\/wp-json\/wp\/v2\/comments?post=41742"}],"version-history":[{"count":1,"href":"https:\/\/www.raisg.org\/es\/wp-json\/wp\/v2\/posts\/41742\/revisions"}],"predecessor-version":[{"id":41746,"href":"https:\/\/www.raisg.org\/es\/wp-json\/wp\/v2\/posts\/41742\/revisions\/41746"}],"wp:featuredmedia":[{"embeddable":true,"href":"https:\/\/www.raisg.org\/es\/wp-json\/wp\/v2\/media\/41743"}],"wp:attachment":[{"href":"https:\/\/www.raisg.org\/es\/wp-json\/wp\/v2\/media?parent=41742"}],"wp:term":[{"taxonomy":"category","embeddable":true,"href":"https:\/\/www.raisg.org\/es\/wp-json\/wp\/v2\/categories?post=41742"},{"taxonomy":"post_tag","embeddable":true,"href":"https:\/\/www.raisg.org\/es\/wp-json\/wp\/v2\/tags?post=41742"}],"curies":[{"name":"wp","href":"https:\/\/api.w.org\/{rel}","templated":true}]}}