{"id":8436,"date":"2019-05-21T12:56:06","date_gmt":"2019-05-21T15:56:06","guid":{"rendered":"https:\/\/www.amazoniasocioambiental.org\/?p=8436"},"modified":"2019-05-21T14:35:29","modified_gmt":"2019-05-21T17:35:29","slug":"urge-frenar-la-deforestacion-para-evitar-colapso-ecologico","status":"publish","type":"post","link":"https:\/\/www.raisg.org\/es\/radar\/urge-frenar-la-deforestacion-para-evitar-colapso-ecologico\/","title":{"rendered":"Urge frenar la deforestaci\u00f3n para evitar colapso ecol\u00f3gico"},"content":{"rendered":"<div class=\"wpb-content-wrapper\"><p>[vc_row][vc_column][vc_column_text]<\/p>\n<p style=\"text-align: right;\">Semana Sostenible<\/p>\n<p style=\"text-align: right;\">Medio Ambiente<\/p>\n<p style=\"text-align: right;\">8 de mayo de 2019<\/p>\n<p>\u00a0[\/vc_column_text][\/vc_column][\/vc_row][vc_row][vc_column][vc_column_text]<\/p>\n<p class=\"header\">La asociaci\u00f3n internacional Tropical Forest Alliance (TFA) hizo un llamado \u00aburgente\u00bb a cesar la \u00abguerra\u00bb contra los bosques, como llama a la deforestaci\u00f3n, que en 2018 acab\u00f3 con un \u00e1rea de selvas equivalente a la superficie de Nicaragua.<\/p>\n<p><strong>\u00abTenemos que actuar ya y debemos hacerlo con mucha m\u00e1s urgencia que hasta ahora\u00bb, dijo el director de TFA, Justin Adams, al t\u00e9rmino de la reuni\u00f3n anual de la organizaci\u00f3n que se celebra desde el lunes y hasta este mi\u00e9rcoles en Bogot\u00e1.<\/strong><\/p>\n<p>Adams asegur\u00f3 que es \u00aburgente\u00bb evitar el \u00abcolapso ecol\u00f3gico\u00bb del planeta, por lo que en el encuentro de la asociaci\u00f3n, adscrita al Foro Econ\u00f3mico Mundial y que reuni\u00f3 a 150 l\u00edderes mundiales del sector, se abog\u00f3 por acelerar la implementaci\u00f3n de medidas que alivien la situaci\u00f3n de los bosques.<\/p>\n<p><strong>\u00abLa vida es posible porque existimos en un clima muy estable, pero si seguimos esta guerra contra la naturaleza (&#8230;), entonces el futuro de nuestros hijos y nietos no ser\u00e1 bueno\u00bb, agreg\u00f3.<\/strong><\/p>\n<p>El a\u00f1o pasado la deforestaci\u00f3n destruy\u00f3 12 millones de hect\u00e1reas de selvas tropicales, seg\u00fan el Instituto de Recursos Mundiales (WRI) y la plataforma Global Forest Watch.\u00a0De ese total, 3,64 millones eran selvas v\u00edrgenes, fundamentales para la biodiversidad y combatir el cambio clim\u00e1tico.<\/p>\n<p><strong>Seg\u00fan los datos presentados por WRI y Global Forest Watch en la reuni\u00f3n, el 2018 fue el cuarto peor a\u00f1o en t\u00e9rminos de deforestaci\u00f3n de la selva tropical, por detr\u00e1s del 2014, 2016 y 2017. Los pa\u00edses m\u00e1s afectados son Brasil, Indonesia, Rep\u00fablica Democr\u00e1tica del Congo, Colombia y Bolivia.<\/strong><\/p>\n<p>\u00abEstamos destruyendo los bosques que hacen posible la vida\u00bb del humano y de otras miles de especies, asever\u00f3 Adams.<\/p>\n<p>Seg\u00fan la ONG ambientalista Greenpeace, la deforestaci\u00f3n por s\u00ed sola es responsable de alrededor de un quinto de las emisiones mundiales de gases de efecto invernadero, que intensifican el calentamiento global y provocan olas de calor, deshielo de los casquetes polares y extinci\u00f3n de especies.<\/p>\n<p>&nbsp;<\/p>\n<div id=\"In_Text\" class=\"in_text_articulo\"><\/div>\n<p><strong>El directivo record\u00f3 adem\u00e1s la alerta lanzada el lunes por Naciones Unidas sobre el peligro de extinci\u00f3n en el que se encuentran un mill\u00f3n de especies, y el plazo de doce a\u00f1os que tiene el mundo para evitar el punto de no retorno frente al cambio clim\u00e1tico.\u00a0<\/strong><\/p>\n<p><strong>Problem\u00e1tica colombiana<\/strong><\/p>\n<p>Tambi\u00e9n advirti\u00f3 sobre la amenaza ambiental en Colombia, el segundo pa\u00eds m\u00e1s biodiverso del mundo por detr\u00e1s de Brasil.<\/p>\n<p><strong>La cuarta econom\u00eda latinoamericana perdi\u00f3 el a\u00f1o pasado por la deforestaci\u00f3n 219.973 hect\u00e1reas de bosques y selvas, un \u00e1rea casi equivalente al tama\u00f1o de Luxemburgo, seg\u00fan cifras oficiales.<\/strong><\/p>\n<p>El aumento se ha dado principalmente por la ocupaci\u00f3n de esas tierras para la \u00abganader\u00eda extensiva e ilegal, la tala ilegal de bosques, los cultivos il\u00edcitos de narcotraficantes y la miner\u00eda ilegal\u00bb, afirm\u00f3 Adams.<\/p>\n<p>La p\u00e9rdida de selva virgen aument\u00f3 9% entre 2017 y 2018, seg\u00fan expertos porque el hist\u00f3rico pacto de paz de 2016 que desarm\u00f3 a la guerrilla\u00a0de las Farc permiti\u00f3 el acceso a zonas inh\u00f3spitas, antes cercadas por el terror de m\u00e1s de medio siglo de conflicto armado y ahora ocupadas por econom\u00edas ilegales.<\/p>\n<p><strong>Frente al panorama sombr\u00edo, el directivo reconoci\u00f3 la importancia de la \u00absabidur\u00eda\u00bb de los pueblos ancestrales en Colombia para mitigar el cambio clim\u00e1tico.<\/strong><\/p>\n<p>\u00abSiempre me sorprende cu\u00e1nto conocimiento y cu\u00e1nta humildad tienen para ense\u00f1arnos, si estuvi\u00e9ramos dispuestos a escuchar\u00bb, reflexion\u00f3.[\/vc_column_text][vc_column_text]Tomado de: <a href=\"https:\/\/sostenibilidad.semana.com\/medio-ambiente\/articulo\/urge-frenar-la-deforestacion-para-evitar-colapso-ecologico\/44120\">https:\/\/sostenibilidad.semana.com\/medio-ambiente\/articulo\/urge-frenar-la-deforestacion-para-evitar-colapso-ecologico\/44120<\/a>[\/vc_column_text][\/vc_column][\/vc_row]<\/p>\n<\/div>","protected":false},"excerpt":{"rendered":"<p>[vc_row][vc_column][vc_column_text] Semana Sostenible Medio Ambiente 8 de mayo de 2019 \u00a0[\/vc_column_text][\/vc_column][\/vc_row][vc_row][vc_column][vc_column_text] La asociaci\u00f3n internacional Tropical Forest Alliance (TFA) hizo un llamado \u00aburgente\u00bb a cesar la \u00abguerra\u00bb contra los bosques, como llama a la deforestaci\u00f3n, que en 2018 acab\u00f3 con un \u00e1rea de selvas equivalente a la superficie de Nicaragua. \u00abTenemos que actuar ya y debemos&hellip;<\/p>\n","protected":false},"author":299,"featured_media":8437,"comment_status":"open","ping_status":"open","sticky":false,"template":"","format":"standard","meta":{"_acf_changed":false,"footnotes":""},"categories":[2],"tags":[],"class_list":["post-8436","post","type-post","status-publish","format-standard","has-post-thumbnail","hentry","category-radar","category-2","description-off"],"acf":[],"_links":{"self":[{"href":"https:\/\/www.raisg.org\/es\/wp-json\/wp\/v2\/posts\/8436","targetHints":{"allow":["GET"]}}],"collection":[{"href":"https:\/\/www.raisg.org\/es\/wp-json\/wp\/v2\/posts"}],"about":[{"href":"https:\/\/www.raisg.org\/es\/wp-json\/wp\/v2\/types\/post"}],"author":[{"embeddable":true,"href":"https:\/\/www.raisg.org\/es\/wp-json\/wp\/v2\/users\/299"}],"replies":[{"embeddable":true,"href":"https:\/\/www.raisg.org\/es\/wp-json\/wp\/v2\/comments?post=8436"}],"version-history":[{"count":2,"href":"https:\/\/www.raisg.org\/es\/wp-json\/wp\/v2\/posts\/8436\/revisions"}],"predecessor-version":[{"id":8480,"href":"https:\/\/www.raisg.org\/es\/wp-json\/wp\/v2\/posts\/8436\/revisions\/8480"}],"wp:featuredmedia":[{"embeddable":true,"href":"https:\/\/www.raisg.org\/es\/wp-json\/wp\/v2\/media\/8437"}],"wp:attachment":[{"href":"https:\/\/www.raisg.org\/es\/wp-json\/wp\/v2\/media?parent=8436"}],"wp:term":[{"taxonomy":"category","embeddable":true,"href":"https:\/\/www.raisg.org\/es\/wp-json\/wp\/v2\/categories?post=8436"},{"taxonomy":"post_tag","embeddable":true,"href":"https:\/\/www.raisg.org\/es\/wp-json\/wp\/v2\/tags?post=8436"}],"curies":[{"name":"wp","href":"https:\/\/api.w.org\/{rel}","templated":true}]}}