{"id":8632,"date":"2019-06-05T10:27:06","date_gmt":"2019-06-05T13:27:06","guid":{"rendered":"https:\/\/www.amazoniasocioambiental.org\/radar\/dia-mundial-do-meio-ambiente-68-das-areas-de-protecao-e-indigenas-da-amazonia-estao-ameacadas-diz-estudo\/"},"modified":"2019-06-05T10:29:18","modified_gmt":"2019-06-05T13:29:18","slug":"dia-mundial-do-meio-ambiente-68-das-areas-de-protecao-e-indigenas-da-amazonia-estao-ameacadas-diz-estudo","status":"publish","type":"post","link":"https:\/\/www.raisg.org\/es\/radar\/dia-mundial-do-meio-ambiente-68-das-areas-de-protecao-e-indigenas-da-amazonia-estao-ameacadas-diz-estudo\/","title":{"rendered":"Dia Mundial do Meio Ambiente: 68% das \u00e1reas de prote\u00e7\u00e3o e ind\u00edgenas da Amaz\u00f4nia est\u00e3o amea\u00e7adas, diz estudo"},"content":{"rendered":"<div class=\"wpb-content-wrapper\"><p>[vc_row][vc_column][vc_column_text]<\/p>\n<p style=\"text-align: right;\"><strong><span class=\"byline__name\">Rafael Barifouse<\/span><\/strong><\/p>\n<p style=\"text-align: right;\"><strong>05 de junho de 2019<\/strong><\/p>\n<p style=\"text-align: right;\"><strong><a href=\"https:\/\/www.bbc.com\/portuguese\/brasil-48504317\"><span class=\"byline__title\">Da BBC News Brasil em S\u00e3o Paulo<\/span><\/a><\/strong><\/p>\n<p>[\/vc_column_text][\/vc_column][\/vc_row][vc_row][vc_column][vc_column_text]<em>Um levantamento realizado por uma rede de pesquisadores de seis pa\u00edses identificou que 68% das \u00e1reas de prote\u00e7\u00e3o ambiental e territ\u00f3rios ind\u00edgenas da\u00a0<a class=\"story-body__link\" href=\"https:\/\/www.bbc.com\/portuguese\/topics\/0f37fb35-7f9e-4e49-b189-9d7f1d6fb11f\">Amaz\u00f4nia<\/a>\u00a0est\u00e3o sob amea\u00e7a de projetos de infraestrutura, planos de desenvolvimento econ\u00f4mico e atividades de explora\u00e7\u00e3o da maior floresta tropical do planeta.<\/em><\/p>\n<p><img fetchpriority=\"high\" decoding=\"async\" class=\"aligncenter size-full wp-image-8623\" src=\"https:\/\/www.raisg.org\/wp-content\/uploads\/2019\/06\/minera\u00e7\u00e3o-Peru.jpg\" alt=\"\" width=\"660\" height=\"371\" srcset=\"https:\/\/www.raisg.org\/wp-content\/uploads\/2019\/06\/minera\u00e7\u00e3o-Peru.jpg 660w, https:\/\/www.raisg.org\/wp-content\/uploads\/2019\/06\/minera\u00e7\u00e3o-Peru-300x169.jpg 300w, https:\/\/www.raisg.org\/wp-content\/uploads\/2019\/06\/minera\u00e7\u00e3o-Peru-500x281.jpg 500w\" sizes=\"(max-width: 660px) 100vw, 660px\" \/><\/p>\n<p style=\"text-align: center;\"><em>A minera\u00e7\u00e3o legal (acima, mineradora no Peru) foi um dos riscos identificados pelo estudo<\/em><\/p>\n<p>Atualmente, existem 390 milh\u00f5es de hectares dedicados \u00e0 conserva\u00e7\u00e3o ambiental e territ\u00f3rios ind\u00edgenas, de um total de 847 milh\u00f5es de hectares da chamada Pan-Amaz\u00f4nia.<\/p>\n<p>Este territ\u00f3rio compreende n\u00e3o s\u00f3 os 62% da floresta localizados no Brasil, mas tamb\u00e9m sua extens\u00e3o em outros sete pa\u00edses &#8211; Bol\u00edvia, Col\u00f4mbia, Equador, Guiana, Peru, Suriname, Venezuela e um territ\u00f3rio de outro pa\u00eds na Am\u00e9rica do Sul, a Guiana Francesa.<\/p>\n<p>Para identificar as amea\u00e7as, a Rede Amaz\u00f4nica de Informa\u00e7\u00e3o Ambiental Georreferenciada (Raisg), sob a coordena\u00e7\u00e3o da ONG Instituto Socioambiental, reuniu dados de governos e informa\u00e7\u00f5es de imagens de sat\u00e9lite e analisou os impactos de seis tipos de interven\u00e7\u00f5es: obras de infraestrutura de transporte, hidrel\u00e9tricas, minera\u00e7\u00e3o legal, extra\u00e7\u00e3o de petr\u00f3leo, queimadas e desmatamentos.<\/p>\n<p>\u00abO que mais chama aten\u00e7\u00e3o \u00e9 que 43% das \u00e1reas protegidas e 19% dos territ\u00f3rios ind\u00edgenas est\u00e3o amea\u00e7adas por tr\u00eas ou mais destes fatores\u00bb, diz J\u00falia Jacomini, pesquisadora da Raisg e uma das respons\u00e1veis pela apura\u00e7\u00e3o dos dados sobre a Amaz\u00f4nia brasileira.<\/p>\n<h2 class=\"story-body__crosshead\">Muitos projetos s\u00e3o apoiados por governos<\/h2>\n<p>O estudo da Raisg aponta que os maiores danos s\u00e3o causados por projetos apoiados por governos federais e regionais, como por exemplo, a abertura de estradas. O levantamento aponta que, dos 26 mil quil\u00f4metros dos 136 mil quil\u00f4metros constru\u00eddos at\u00e9 2018 na Amaz\u00f4nia est\u00e3o dentro de \u00e1reas de conserva\u00e7\u00e3o e territ\u00f3rios ind\u00edgenas.<\/p>\n<p><img decoding=\"async\" class=\"aligncenter size-full wp-image-8617\" src=\"https:\/\/www.raisg.org\/wp-content\/uploads\/2019\/06\/Belo-Monte.jpg\" alt=\"\" width=\"624\" height=\"351\" srcset=\"https:\/\/www.raisg.org\/wp-content\/uploads\/2019\/06\/Belo-Monte.jpg 624w, https:\/\/www.raisg.org\/wp-content\/uploads\/2019\/06\/Belo-Monte-300x169.jpg 300w, https:\/\/www.raisg.org\/wp-content\/uploads\/2019\/06\/Belo-Monte-500x281.jpg 500w\" sizes=\"(max-width: 624px) 100vw, 624px\" \/><\/p>\n<p style=\"text-align: center;\"><em>A constru\u00e7\u00e3o de uma hidrel\u00e9trica como Belo Monte afeta todo o bioma, dizem pesquisadores<\/em><\/p>\n<p>\u00abEstes projetos de infraestrutura s\u00e3o, em sua grande maioria, iniciativas de Estados nacionais em parceria com empresas, como parte de projetos de desenvolvimento que valorizam mais os aspectos econ\u00f4micos e setores produtivos do que a preserva\u00e7\u00e3o ambiental e dos modos de vida dos povos locais\u00bb, diz Jacomini.<\/p>\n<p>A extra\u00e7\u00e3o de min\u00e9rio e petr\u00f3leo s\u00e3o duas das atividades que representam maior risco \u00e0 preserva\u00e7\u00e3o destas \u00e1reas na floresta: 22% destas regi\u00f5es protegidas sofrem alguma forma de press\u00e3o ou amea\u00e7a por parte destas ind\u00fastrias.<\/p>\n<p>O estudo destaca que alguns destes empreendimentos est\u00e3o entre as maiores minas a c\u00e9u aberto do mundo e implicam na constru\u00e7\u00e3o de extensas redes de tubula\u00e7\u00f5es para transportar o petr\u00f3leo extra\u00eddo no meio da selva.<\/p>\n<p>Isso gerou, por exemplo, 190 derramamentos de petr\u00f3leo nos \u00faltimos 20 anos na Amaz\u00f4nia peruana, diz o estudo. Segundo o Organismo de Supervis\u00e3o de Investimentos em Energia e Minera\u00e7\u00e3o, uma ag\u00eancia do governo do pa\u00eds, isso ocorreu por falta de manuten\u00e7\u00e3o da infraestrutura dos po\u00e7os mais antigos, que datam dos anos 1970.<\/p>\n<p>Ao mesmo tempo, no Equador, a explora\u00e7\u00e3o de petr\u00f3leo levou ao desmatamento de mais de 2 milh\u00f5es de hectares e ao derramamento de 650 mil barris de petr\u00f3leo nos rios e c\u00f3rregos amaz\u00f4nicos.<\/p>\n<p>Ao mesmo tempo, 162 das 272 usinas hidrel\u00e9tricas planejadas, em constru\u00e7\u00e3o ou j\u00e1 em opera\u00e7\u00e3o na Amaz\u00f4nia est\u00e3o dentro de \u00e1reas de prote\u00e7\u00e3o.<\/p>\n<h2 class=\"story-body__crosshead\">Minera\u00e7\u00e3o \u00e9 uma das principais amea\u00e7as no Brasil<\/h2>\n<p>Em rela\u00e7\u00e3o ao Brasil, a atividade de minera\u00e7\u00e3o foi uma das principais amea\u00e7as identificadas. O pa\u00eds lidera em \u00e1rea de floresta destinada a essa atividade entre as na\u00e7\u00f5es amaz\u00f4nicas, com 108 mil hectares, o que representa 75% do total.<\/p>\n<p><img decoding=\"async\" class=\"aligncenter size-full wp-image-8626\" src=\"https:\/\/www.raisg.org\/wp-content\/uploads\/2019\/06\/Petroleo-Ecuador.jpg\" alt=\"\" width=\"624\" height=\"351\" srcset=\"https:\/\/www.raisg.org\/wp-content\/uploads\/2019\/06\/Petroleo-Ecuador.jpg 624w, https:\/\/www.raisg.org\/wp-content\/uploads\/2019\/06\/Petroleo-Ecuador-300x169.jpg 300w, https:\/\/www.raisg.org\/wp-content\/uploads\/2019\/06\/Petroleo-Ecuador-500x281.jpg 500w\" sizes=\"(max-width: 624px) 100vw, 624px\" \/><\/p>\n<p style=\"text-align: center;\"><em>Extra\u00e7\u00e3o de petr\u00f3leo na Amaz\u00f4nia equatoriana foi alvo de protestos de povos ind\u00edgenas<\/em><\/p>\n<p>O ritmo de desmatamento da Amaz\u00f4nia brasileira caiu 72% desde 2004, de acordo com o Instituto Nacional de Pesquisas Espaciais, mas a tend\u00eancia mais recente vai no sentido contr\u00e1rio: houve um aumento de 13,7% no \u00faltimo ano.<\/p>\n<p>A abertura de estradas e hidrovias tem um impacto relevante sobre isso: 94,9% da perda de vegeta\u00e7\u00e3o nativa ocorre a 5,5 km de dist\u00e2ncia de estradas e a 1 km de rios naveg\u00e1veis, de acordo com uma pesquisa do cientista Christopher Barber, do Centro de Excel\u00eancia de Ci\u00eancias Geoespaciais, nos Estados Unidos.<\/p>\n<p>O estudo do Raisg cita ainda o projeto de constru\u00e7\u00e3o da Ferrogr\u00e3o, uma ferrovia com 933 km de extens\u00e3o que ligar\u00e1 o Mato Grosso ao Par\u00e1, ao alertar que a expans\u00e3o do transporte ferrovi\u00e1rio na Amaz\u00f4nia brasileira \u00abpode potencializar os impactos sociais e ambientais na regi\u00e3o, com danos diretos a \u00e1reas de prote\u00e7\u00e3o e territ\u00f3rios ind\u00edgenas\u00bb.<\/p>\n<h2 class=\"story-body__crosshead\">Regi\u00e3o ainda n\u00e3o tem um plano internacional de conserva\u00e7\u00e3o<\/h2>\n<p>O resultado do levantamento estar\u00e1 dispon\u00edvel ao p\u00fablico por meio do portal Amaz\u00f4nia na Encruzilhada, elaborado pela InfoAmaz\u00f4nia, uma ag\u00eancia dedicada a divulgar informa\u00e7\u00f5es sobre a regi\u00e3o amaz\u00f4nica. No site, os visitantes ter\u00e3o acesso a mapas interativos, fotos, v\u00eddeos e estudos de casos.<\/p>\n<p>Segundo o jornalista Gustavo Faleiros, editor do InfoAmaz\u00f4nia, a iniciativa busca conscientizar sobre a import\u00e2ncia de se criar uma pol\u00edtica transnacional para a Pan-Amaz\u00f4nia para, ao se realizar interven\u00e7\u00f5es na regi\u00e3o, considerar os efeitos sobre toda sua extens\u00e3o.<\/p>\n<p><img loading=\"lazy\" decoding=\"async\" class=\"aligncenter size-full wp-image-8620\" src=\"https:\/\/www.raisg.org\/wp-content\/uploads\/2019\/06\/mapa-RAISG.jpg\" alt=\"\" width=\"624\" height=\"351\" srcset=\"https:\/\/www.raisg.org\/wp-content\/uploads\/2019\/06\/mapa-RAISG.jpg 624w, https:\/\/www.raisg.org\/wp-content\/uploads\/2019\/06\/mapa-RAISG-300x169.jpg 300w, https:\/\/www.raisg.org\/wp-content\/uploads\/2019\/06\/mapa-RAISG-500x281.jpg 500w\" sizes=\"(max-width: 624px) 100vw, 624px\" \/><\/p>\n<p style=\"text-align: center;\"><em>O portal Amaz\u00f4nia na Encruzilhada re\u00fane mapas interativos, fotos, v\u00eddeos e estudos de casos sobre amea\u00e7as \u00e0 Amaz\u00f4nia<\/em><\/p>\n<p>\u00abUm estudo apontou, por exemplo, que se seis hidrel\u00e9tricas previstas para a Amaz\u00f4nia forem constru\u00eddas, todo um fluxo de nutrientes pelos rios ser\u00e1 interrompido, afetando a vida aqu\u00e1tica e a produ\u00e7\u00e3o agr\u00edcola nas margens do rio\u00bb, diz Faleiros.<\/p>\n<p>\u00abA Amaz\u00f4nia n\u00e3o \u00e9 do Brasil, da Col\u00f4mbia, do Peru ou do Equador. \u00c9 um grande sistema interligado, mas at\u00e9 hoje n\u00e3o existe um plano internacional de conserva\u00e7\u00e3o ambiental da regi\u00e3o.\u00bb<\/p>\n<p>Jacomini diz que, sem uma vis\u00e3o mais ampla da floresta, os esfor\u00e7os de um pa\u00eds para preserv\u00e1-la n\u00e3o ter\u00e3o os resultados esperados.<\/p>\n<p>\u00abEstamos falando de v\u00e1rios ecossistemas interligados. Um pa\u00eds pode ter um sistema de prote\u00e7\u00e3o e monitoramento forte, mas todo o bioma \u00e9 impactado por um derramamento de petr\u00f3leo que ocorre em um pa\u00eds e atinge os outros. Sem olhar para o todo, n\u00e3o h\u00e1 como garantir a preserva\u00e7\u00e3o da Amaz\u00f4nia.\u00bb<\/p>\n<p>Fonte: <a href=\"https:\/\/www.bbc.com\/portuguese\/brasil-48504317\">https:\/\/www.bbc.com\/portuguese\/brasil-48504317<\/a>[\/vc_column_text][\/vc_column][\/vc_row]<\/p>\n<\/div>","protected":false},"excerpt":{"rendered":"<p>Um levantamento realizado por uma rede de pesquisadores de seis pa\u00edses identificou que 68% das \u00e1reas de prote\u00e7\u00e3o ambiental e territ\u00f3rios ind\u00edgenas da Amaz\u00f4nia est\u00e3o sob amea\u00e7a de projetos de infraestrutura, planos de desenvolvimento econ\u00f4mico e atividades de explora\u00e7\u00e3o da maior floresta tropical do planeta.<\/p>\n<p>Atualmente, existem 390 milh\u00f5es de hectares dedicados \u00e0 conserva\u00e7\u00e3o ambiental e territ\u00f3rios ind\u00edgenas, de um total de 847 milh\u00f5es de hectares da chamada Pan-Amaz\u00f4nia.<\/p>\n<p>Este territ\u00f3rio compreende n\u00e3o s\u00f3 os 62% da floresta localizados no Brasil, mas tamb\u00e9m sua extens\u00e3o em outros sete pa\u00edses &#8211; Bol\u00edvia, Col\u00f4mbia, Equador, Guiana, Peru, Suriname, Venezuela e um territ\u00f3rio de outro pa\u00eds na Am\u00e9rica do Sul, a Guiana Francesa.<\/p>\n","protected":false},"author":11,"featured_media":8628,"comment_status":"open","ping_status":"open","sticky":false,"template":"","format":"standard","meta":{"_acf_changed":false,"footnotes":""},"categories":[2],"tags":[],"class_list":["post-8632","post","type-post","status-publish","format-standard","has-post-thumbnail","hentry","category-radar","category-2","description-off"],"acf":[],"_links":{"self":[{"href":"https:\/\/www.raisg.org\/es\/wp-json\/wp\/v2\/posts\/8632","targetHints":{"allow":["GET"]}}],"collection":[{"href":"https:\/\/www.raisg.org\/es\/wp-json\/wp\/v2\/posts"}],"about":[{"href":"https:\/\/www.raisg.org\/es\/wp-json\/wp\/v2\/types\/post"}],"author":[{"embeddable":true,"href":"https:\/\/www.raisg.org\/es\/wp-json\/wp\/v2\/users\/11"}],"replies":[{"embeddable":true,"href":"https:\/\/www.raisg.org\/es\/wp-json\/wp\/v2\/comments?post=8632"}],"version-history":[{"count":2,"href":"https:\/\/www.raisg.org\/es\/wp-json\/wp\/v2\/posts\/8632\/revisions"}],"predecessor-version":[{"id":8638,"href":"https:\/\/www.raisg.org\/es\/wp-json\/wp\/v2\/posts\/8632\/revisions\/8638"}],"wp:featuredmedia":[{"embeddable":true,"href":"https:\/\/www.raisg.org\/es\/wp-json\/wp\/v2\/media\/8628"}],"wp:attachment":[{"href":"https:\/\/www.raisg.org\/es\/wp-json\/wp\/v2\/media?parent=8632"}],"wp:term":[{"taxonomy":"category","embeddable":true,"href":"https:\/\/www.raisg.org\/es\/wp-json\/wp\/v2\/categories?post=8632"},{"taxonomy":"post_tag","embeddable":true,"href":"https:\/\/www.raisg.org\/es\/wp-json\/wp\/v2\/tags?post=8632"}],"curies":[{"name":"wp","href":"https:\/\/api.w.org\/{rel}","templated":true}]}}