{"id":9622,"date":"2019-08-02T16:02:59","date_gmt":"2019-08-02T19:02:59","guid":{"rendered":"https:\/\/www.amazoniasocioambiental.org\/radar\/datafolha-86-dos-brasileiros-rejeitam-mineracao-em-terras-indigenas-defendida-por-bolsonaro\/"},"modified":"2019-08-02T16:04:42","modified_gmt":"2019-08-02T19:04:42","slug":"datafolha-86-dos-brasileiros-rejeitam-mineracao-em-terras-indigenas-defendida-por-bolsonaro","status":"publish","type":"post","link":"https:\/\/www.raisg.org\/es\/radar\/datafolha-86-dos-brasileiros-rejeitam-mineracao-em-terras-indigenas-defendida-por-bolsonaro\/","title":{"rendered":"Datafolha: 86% dos brasileiros rejeitam minera\u00e7\u00e3o em terras ind\u00edgenas, defendida por Bolsonaro"},"content":{"rendered":"<div class=\"wpb-content-wrapper\"><p>[vc_row][vc_column][vc_column_text]<\/p>\n<div class=\"article__author\" style=\"text-align: right;\"><strong>O Globo<\/strong><\/div>\n<div class=\"article__date\" style=\"text-align: right;\"><strong>02 de agosto de 2019<\/strong><\/div>\n<div style=\"text-align: right;\"><strong>Amaz\u00f4nia brasileira<\/strong><\/div>\n<p>.[\/vc_column_text][\/vc_column][\/vc_row][vc_row][vc_column][vc_column_text]<\/p>\n<p style=\"font-weight: 400; text-align: center;\"><em>Reprova\u00e7\u00e3o de uma das principais bandeiras do presidente \u00e9 de no m\u00ednimo 80% em todas as regi\u00f5es, escolaridades, idades e faixas de renda de entrevistados na pesquisa\u00a0<\/em><\/p>\n<p style=\"font-weight: 400;\">RIO \u2014 Uma das principais bandeiras do presidente\u00a0Jair Bolsonaro\u00a0desde o tempo em que era deputado federal, a\u00a0minera\u00e7\u00e3o em terras ind\u00edgenas\u00a0\u00e9 reprovada por\u00a086%\u00a0dos brasileiros, apontou uma pesquisa Datafolha. O levantamento, contratado pela ONG Instituto Socioambiental (ISA), mostrou que a rejei\u00e7\u00e3o \u00e0 entrada de empresas de explora\u00e7\u00e3o nessas reservas \u2014 pr\u00e1tica, hoje, ilegal \u2014 \u00e9 de, no m\u00ednimo, 80% em todas as regi\u00f5es, escolaridades, idades, sexos, faixas de renda e ocupa\u00e7\u00f5es.<\/p>\n<p style=\"font-weight: 400;\">Segundo o instituto, a reprova\u00e7\u00e3o da atividade \u00e9 de 80% nas regi\u00f5es Norte e Centro-Oeste, que concentram a maior parte das terras ind\u00edgenas do Brasil e, por isso, seriam alvos principais da proposta. A maior rejei\u00e7\u00e3o, por\u00e9m, foi registrada no Sudeste: 88% dos entrevistados discordaram de que \u00abo governo deve permitir a entrada de empresas de minera\u00e7\u00e3o para explorar as terras ind\u00edgenas\u00bb. Apenas 14% das pessoas ouvidas na pesquisa afirmaram concordar com esta afirma\u00e7\u00e3o \u2014 7% totalmente e 7%, em parte.<\/p>\n<p style=\"font-weight: 400;\">Nesta sexta-feira, o presidente disse que a rejei\u00e7\u00e3o estimada\u00a0<a href=\"https:\/\/oglobo.globo.com\/brasil\/apontada-por-datafolha-rejeicao-popular-garimpos-em-terras-indigenas-pode-ser-compativel-com-realidade-diz-bolsonaro-23849785\" data-saferedirecturl=\"https:\/\/www.google.com\/url?q=https:\/\/oglobo.globo.com\/brasil\/apontada-por-datafolha-rejeicao-popular-garimpos-em-terras-indigenas-pode-ser-compativel-com-realidade-diz-bolsonaro-23849785&amp;source=gmail&amp;ust=1564856615757000&amp;usg=AFQjCNGZ4iQzwKaxzV5ciYoQg6C1VeBZLw\">\u00abpode ser compat\u00edvel\u00bb<\/a>\u00a0com a realidade. Ele afirmou acreditar que h\u00e1 incompreens\u00e3o sobre o que \u00e9 um garimpo.<\/p>\n<p style=\"font-weight: 400;\">Nas regi\u00f5es metropolitanas do pa\u00eds, a repulsa \u00e0 minera\u00e7\u00e3o nas \u00e1reas demarcadas \u00e9 de 87%; no interior, de 85%. Enquanto 83% dos homens se colocaram contra a pr\u00e1tica, 88% das mulheres fizeram o mesmo. Na faixa de 16 a 24 anos, 84% discordam da explora\u00e7\u00e3o, mesmo patamar do segmento de 60 anos ou mais. Na idade de 25 a 34 anos sobe para 87%.<\/p>\n<p style=\"font-weight: 400;\">Ainda segundo o Datafolha, 87% dos entrevistados com ensino superior disseram discordar da entrada das empresas, assim como 84% dos que estudaram at\u00e9 o ensino fundamental. Na classes de renda A\/B\/C, a rejei\u00e7\u00e3o \u00e9 de 86%; na D\/E, de 85%.<\/p>\n<p style=\"font-weight: 400;\">Como o GLOBO reportou em julho, o governo federal j\u00e1 finalizou a minuta de um\u00a0<a href=\"https:\/\/oglobo.globo.com\/brasil\/projeto-de-lei-do-governo-regulamenta-garimpo-nas-reservas-indigenas-23825516\" data-saferedirecturl=\"https:\/\/www.google.com\/url?q=https:\/\/oglobo.globo.com\/brasil\/projeto-de-lei-do-governo-regulamenta-garimpo-nas-reservas-indigenas-23825516&amp;source=gmail&amp;ust=1564856615757000&amp;usg=AFQjCNHOOSWK07FW5OBDdyW5ZGkMpgWs1A\">projeto de lei que prev\u00ea a regulamenta\u00e7\u00e3o da minera\u00e7\u00e3o em terras ind\u00edgenas<\/a>\u00a0, uma das principais promessas de campanha do presidente. De acordo com o Minist\u00e9rio de Minas e Energia (MME), o projeto prev\u00ea que os povos ind\u00edgenas ter\u00e3o poder para vetar a explora\u00e7\u00e3o em suas terras e receber\u00e3o royalties sobre o que for extra\u00eddo. Lideran\u00e7as ind\u00edgenas ouvidas pela reportagem, no entanto, criticam a forma como o governo conduziu a elabora\u00e7\u00e3o do projeto. Argumentam que n\u00e3o foram consultadas e que pode haver coa\u00e7\u00e3o nas aldeias.<\/p>\n<p style=\"font-weight: 400;\"><strong>Um relat\u00f3rio divulgado no fim de 2018 pela Rede Amaz\u00f4nica de Informa\u00e7\u00e3o Socioambiental Georreferenciada (Raisg) identificou pontos de garimpos ilegais em 18 \u00e1reas reservas ind\u00edgenas no Brasil. S\u00f3 na Amaz\u00f4nia,\u00a0<a href=\"https:\/\/oglobo.globo.com\/brasil\/projeto-de-lei-do-governo-regulamenta-garimpo-nas-reservas-indigenas-23825516\" data-saferedirecturl=\"https:\/\/www.google.com\/url?q=https:\/\/oglobo.globo.com\/brasil\/projeto-de-lei-do-governo-regulamenta-garimpo-nas-reservas-indigenas-23825516&amp;source=gmail&amp;ust=1564856615757000&amp;usg=AFQjCNHOOSWK07FW5OBDdyW5ZGkMpgWs1A\">h\u00e1 453 pontos e \u00e1reas de explora\u00e7\u00e3o ilegal<\/a>\u00a0.<\/strong><\/p>\n<p style=\"font-weight: 400;\">No s\u00e1bado, Bolsonaro criticou as terras reservadas para comunidades ind\u00edgenas. O chefe do Planalto argumentou que a aproxima\u00e7\u00e3o do governo com os Estados Unidos fazia parte de um plano de\u00a0<a href=\"https:\/\/oglobo.globo.com\/brasil\/bolsonaro-diz-querer-eduardo-na-embaixada-nos-eua-para-conseguir-parcerias-explorar-minerais-em-terras-indigenas-23837238\" data-saferedirecturl=\"https:\/\/www.google.com\/url?q=https:\/\/oglobo.globo.com\/brasil\/bolsonaro-diz-querer-eduardo-na-embaixada-nos-eua-para-conseguir-parcerias-explorar-minerais-em-terras-indigenas-23837238&amp;source=gmail&amp;ust=1564856615757000&amp;usg=AFQjCNElRTrL09Rdm3wtWZXYl-NdVvfT6A\">buscar parceiros estrangeiros para explorar<\/a>\u00a0minerais nas reservas.<\/p>\n<p style=\"font-weight: 400;\">&#8211; Por isso, eu quero uma pessoa de confian\u00e7a minha na embaixada dos EUA &#8211; disse ele, que indicou o filho Eduardo Bolsonaro, deputado federal por S\u00e3o Paulo, para assumir a embaixada do Brasil nos Estados Unidos.<\/p>\n<p style=\"font-weight: 400;\">Nesta quinta-feira, o Supremo Tribunal Federal (STF)\u00a0<a href=\"https:\/\/oglobo.globo.com\/brasil\/stf-mantem-demarcacao-de-terras-indigenas-na-funai-em-derrota-para-bolsonaro-23848308\" data-saferedirecturl=\"https:\/\/www.google.com\/url?q=https:\/\/oglobo.globo.com\/brasil\/stf-mantem-demarcacao-de-terras-indigenas-na-funai-em-derrota-para-bolsonaro-23848308&amp;source=gmail&amp;ust=1564856615757000&amp;usg=AFQjCNFdhy6UU5Iv9o7D_nZDLQuUA9u02w\">confirmou decis\u00e3o que deixou a demarca\u00e7\u00e3o de\u00a0terras ind\u00edgenas\u00a0na Funda\u00e7\u00e3o Nacional do \u00cdndio\u00a0(Funai)<\/a>\u00a0. O ministro\u00a0Celso de Mello disse, na ocasi\u00e3o, que a medida provis\u00f3ria (MP) de Bolsonaro \u2014 reeditando norma anterior que transferia a demarca\u00e7\u00e3o para o Minist\u00e9rio da Agricultura, mas que depois foi rejeitada pelo Congresso \u2014 revelou um comportamento que transgride a Constitui\u00e7\u00e3o.<\/p>\n<p style=\"font-weight: 400;\">Um dia depois, Bolsonaro admitiu que falhou por reeditar a MP.\u00a0<a href=\"https:\/\/oglobo.globo.com\/brasil\/falha-minha-admite-bolsonaro-ao-reeditar-mp-sobre-terras-indigenas-23849567\" data-saferedirecturl=\"https:\/\/www.google.com\/url?q=https:\/\/oglobo.globo.com\/brasil\/falha-minha-admite-bolsonaro-ao-reeditar-mp-sobre-terras-indigenas-23849567&amp;source=gmail&amp;ust=1564856615757000&amp;usg=AFQjCNGjdzQO14OMz7hgf0YNddK-1eWfQw\">\u00abFalha minha\u00bb, disse<\/a>\u00a0.<\/p>\n<p style=\"font-weight: 400;\">Realizada de 4 a 6 de junho, a pesquisa ouviu 2.088 pessoas em 168 munic\u00edpios das cinco regi\u00f5es do pa\u00eds. A margem de erro \u00e9 de dois pontos percentuais, para mais ou para menos. O n\u00edvel de confian\u00e7a \u00e9 de 95%.<\/p>\n<p>&nbsp;<\/p>\n<p><a href=\"https:\/\/www.raisg.org\/wp-content\/uploads\/2019\/08\/O-Globo-Datafolha-.pdf\">Leia AQUI\u00a0 not\u00edcia em PDF.<\/a><\/p>\n<p>&nbsp;<\/p>\n<p style=\"font-weight: 400;\"><strong>Fonte:<\/strong> <a href=\"https:\/\/oglobo.globo.com\/brasil\/datafolha-86-dos-brasileiros-rejeitam-mineracao-em-terras-indigenas-defendida-por-bolsonaro-23849409\" data-saferedirecturl=\"https:\/\/www.google.com\/url?q=https:\/\/oglobo.globo.com\/brasil\/datafolha-86-dos-brasileiros-rejeitam-mineracao-em-terras-indigenas-defendida-por-bolsonaro-23849409&amp;source=gmail&amp;ust=1564856615757000&amp;usg=AFQjCNFMwxT8EdSC5UrqBA-ZxFWP3EaYEA\">https:\/\/oglobo.globo.com\/brasil\/datafolha-86-dos-brasileiros-rejeitam-mineracao-em-terras-indigenas-defendida-por-bolsonaro-23849409<\/a><\/p>\n<p>[\/vc_column_text][\/vc_column][\/vc_row]<\/p>\n<\/div>","protected":false},"excerpt":{"rendered":"<p>Uma das principais bandeiras do presidente\u00a0Jair Bolsonaro\u00a0desde o tempo em que era deputado federal, a\u00a0minera\u00e7\u00e3o em terras ind\u00edgenas\u00a0\u00e9 reprovada por\u00a086%\u00a0dos brasileiros, apontou uma pesquisa Datafolha. O levantamento, contratado pela ONG Instituto Socioambiental (ISA), mostrou que a rejei\u00e7\u00e3o \u00e0 entrada de empresas de explora\u00e7\u00e3o nessas reservas \u2014 pr\u00e1tica, hoje, ilegal \u2014 \u00e9 de, no m\u00ednimo, 80% em todas as regi\u00f5es, escolaridades, idades, sexos, faixas de renda e ocupa\u00e7\u00f5es.<\/p>\n<p>Segundo o instituto, a reprova\u00e7\u00e3o da atividade \u00e9 de 80% nas regi\u00f5es Norte e Centro-Oeste, que concentram a maior parte das terras ind\u00edgenas do Brasil e, por isso, seriam alvos principais da proposta. A maior rejei\u00e7\u00e3o, por\u00e9m, foi registrada no Sudeste: 88% dos entrevistados discordaram de que \u00abo governo deve permitir a entrada de empresas de minera\u00e7\u00e3o para explorar as terras ind\u00edgenas\u00bb. Apenas 14% das pessoas ouvidas na pesquisa afirmaram concordar com esta afirma\u00e7\u00e3o \u2014 7% totalmente e 7%, em parte.<br \/>\n(&#8230;) Um relat\u00f3rio divulgado no fim de 2018 pela Rede Amaz\u00f4nica de Informa\u00e7\u00e3o Socioambiental Georreferenciada (Raisg) identificou pontos de garimpos ilegais em 18 \u00e1reas reservas ind\u00edgenas no Brasil. S\u00f3 na Amaz\u00f4nia,\u00a0h\u00e1 453 pontos e \u00e1reas de explora\u00e7\u00e3o ilegal\u00a0.<\/p>\n","protected":false},"author":11,"featured_media":9616,"comment_status":"open","ping_status":"open","sticky":false,"template":"","format":"standard","meta":{"_acf_changed":false,"footnotes":""},"categories":[2],"tags":[],"class_list":["post-9622","post","type-post","status-publish","format-standard","has-post-thumbnail","hentry","category-radar","category-2","description-off"],"acf":[],"_links":{"self":[{"href":"https:\/\/www.raisg.org\/es\/wp-json\/wp\/v2\/posts\/9622","targetHints":{"allow":["GET"]}}],"collection":[{"href":"https:\/\/www.raisg.org\/es\/wp-json\/wp\/v2\/posts"}],"about":[{"href":"https:\/\/www.raisg.org\/es\/wp-json\/wp\/v2\/types\/post"}],"author":[{"embeddable":true,"href":"https:\/\/www.raisg.org\/es\/wp-json\/wp\/v2\/users\/11"}],"replies":[{"embeddable":true,"href":"https:\/\/www.raisg.org\/es\/wp-json\/wp\/v2\/comments?post=9622"}],"version-history":[{"count":1,"href":"https:\/\/www.raisg.org\/es\/wp-json\/wp\/v2\/posts\/9622\/revisions"}],"predecessor-version":[{"id":9624,"href":"https:\/\/www.raisg.org\/es\/wp-json\/wp\/v2\/posts\/9622\/revisions\/9624"}],"wp:featuredmedia":[{"embeddable":true,"href":"https:\/\/www.raisg.org\/es\/wp-json\/wp\/v2\/media\/9616"}],"wp:attachment":[{"href":"https:\/\/www.raisg.org\/es\/wp-json\/wp\/v2\/media?parent=9622"}],"wp:term":[{"taxonomy":"category","embeddable":true,"href":"https:\/\/www.raisg.org\/es\/wp-json\/wp\/v2\/categories?post=9622"},{"taxonomy":"post_tag","embeddable":true,"href":"https:\/\/www.raisg.org\/es\/wp-json\/wp\/v2\/tags?post=9622"}],"curies":[{"name":"wp","href":"https:\/\/api.w.org\/{rel}","templated":true}]}}