{"id":9877,"date":"2019-08-15T16:56:43","date_gmt":"2019-08-15T19:56:43","guid":{"rendered":"https:\/\/www.amazoniasocioambiental.org\/?p=9877"},"modified":"2019-08-15T16:57:49","modified_gmt":"2019-08-15T19:57:49","slug":"colombia-el-saber-indigena-revela-el-valor-de-los-bosques-amazonicos","status":"publish","type":"post","link":"https:\/\/www.raisg.org\/es\/radar\/colombia-el-saber-indigena-revela-el-valor-de-los-bosques-amazonicos\/","title":{"rendered":"Colombia: el saber ind\u00edgena revela el valor de los bosques amaz\u00f3nicos"},"content":{"rendered":"<div class=\"wpb-content-wrapper\"><p>[vc_row][vc_column][vc_column_text]<\/p>\n<p style=\"text-align: right;\">Publicado en: Mongabay Latam<\/p>\n<p style=\"text-align: right;\">Antonio Jos\u00e9 Paz Cardona<\/p>\n<p style=\"text-align: right;\">9 de agosto de 2019<\/p>\n<p style=\"text-align: right;\">Colombia<\/p>\n<p>[\/vc_column_text][\/vc_column][\/vc_row][vc_row][vc_column][vc_column_text]<\/p>\n<div class=\"bulletpoints\">\n<ul>\n<li><em>Los ind\u00edgenas Uitoto, Bora, Ocaina y Muinane, en la Amazon\u00eda colombiana, crearon desde sus saberes ancestrales un an\u00e1lisis de los servicios ecosist\u00e9micos en sus territorios. El resultado fue destacado por Naciones Unidas por su contribuci\u00f3n a los Objetivos de Desarrollo Sostenible (ODS).<\/em><\/li>\n<li><em>La Organizaci\u00f3n de los Pueblos Ind\u00edgenas de la Amazonia Colombiana (OPIAC) utiliz\u00f3 esta experiencia para negociar el Plan Nacional de Desarrollo (PND) con el Gobierno Nacional.<\/em><\/li>\n<\/ul>\n<\/div>\n<p>\u00bfEs posible asignarle un valor econ\u00f3mico a la conservaci\u00f3n de los bosques? Aunque ya es conocido el importante papel de los pueblos ind\u00edgenas en la protecci\u00f3n de sus territorios, poco se conoce a\u00fan en Colombia de los servicios ecosist\u00e9micos que ellos proveen, es decir, del aporte que tienen sus r\u00edos (fuentes h\u00eddricas), tierras, madera y biodiversidad para todos. Analizar estas variables resulta clave, pues permite comprender de manera integral el valor de los bosques m\u00e1s all\u00e1 de su rol como captadores de di\u00f3xido de carbono.<\/p>\n<p>Recientemente, en la Amazon\u00eda del pa\u00eds se realiz\u00f3 uno de los an\u00e1lisis m\u00e1s grandes de servicios ecosist\u00e9micos en territorios ind\u00edgenas. El estudio se implement\u00f3 en el sector de La Chorrera, que hace parte del resguardo Predio Putumayo en el departamento de Amazonas, con cuatro pueblos ind\u00edgenas: Uitoto, Muinane, Bora y Ocaina, que a la vez est\u00e1n unidos en la Asociaci\u00f3n Zonal Ind\u00edgena de Cabildos y Autoridades Tradicionales de La Chorrera (Azicatch).<\/p>\n<p>Los resultados han permitidos a los l\u00edderes ind\u00edgenas tener mejores herramientas de negociaci\u00f3n para establecer las razones por las que sus territorios deben ser protegidos frente a amenazas externas, como proyectos extractivos. \u00bfC\u00f3mo lo hicieron?<\/p>\n<figure id=\"attachment_207831\" class=\"wp-caption alignnone\"><img fetchpriority=\"high\" decoding=\"async\" class=\"size-medium wp-image-207831\" src=\"https:\/\/imgs.mongabay.com\/wp-content\/uploads\/sites\/25\/2019\/08\/03162436\/Irene-Lara-de-la-Rosa-768x512.jpg\" sizes=\"(max-width: 768px) 100vw, 768px\" srcset=\"https:\/\/imgs.mongabay.com\/wp-content\/uploads\/sites\/25\/2019\/08\/03162436\/Irene-Lara-de-la-Rosa-768x512.jpg 768w, https:\/\/imgs.mongabay.com\/wp-content\/uploads\/sites\/25\/2019\/08\/03162436\/Irene-Lara-de-la-Rosa-1200x800.jpg 1200w\" alt=\"Territorios ind\u00edgenas de conservaci\u00f3n. Atardecer en La Chorrera. Foto: Irene Lara de la Rosa.\" width=\"768\" height=\"512\" \/><figcaption class=\"wp-caption-text\">Atardecer en La Chorrera. Foto: Irene Lara de la Rosa.<\/figcaption><\/figure>\n<h3>Incidencia pol\u00edtica del saber ancestral<\/h3>\n<p>Los resultados del trabajo de campo quedaron consignados en el libro \u2018An\u00e1lisis de servicios ecosist\u00e9micos en el territorio de Azicatch, Amazon\u00eda colombiana\u2019, elaborado con el apoyo de WWF Colombia y la Fundaci\u00f3n Puerto Rastrojo, en colaboraci\u00f3n con la Coordinadora de las Organizaciones Ind\u00edgenas de la Cuenca Amaz\u00f3nica (COICA) y la Organizaci\u00f3n de los Pueblos Ind\u00edgenas de la Amazonia Colombiana (OPIAC).<\/p>\n<p>Este trabajo, en el que los ind\u00edgenas fueron los principales investigadores y autores, lleg\u00f3 a ser tan importante que fue \u00fatil para la negociaci\u00f3n del Plan Nacional de Desarrollo (PND) \u2014hoja de ruta con la cual se gobierna a Colombia cada cuatro a\u00f1os\u2014 entre la OPIAC y el Gobierno Nacional.<\/p>\n<p>Mateo Estrada, l\u00edder ind\u00edgena de la OPIAC, acompa\u00f1\u00f3 todo el proceso y hoy asesora a su entidad en temas de miner\u00eda e hidrocarburos. Primero se negoci\u00f3 la reglamentaci\u00f3n del art\u00edculo 3 del decreto 870, que regula el pago por servicios ambientales. Esta figura ha sido creada para darle un valor econ\u00f3mico a la conservaci\u00f3n ambiental hecha por diferentes comunidades, entre ellas los pueblos ind\u00edgenas. Para Estrada, el problema es que este pago consideraba el punto de vista del costo-oportunidad. \u201cNosotros planteamos que los ind\u00edgenas sal\u00edamos perdiendo porque nosotros no producimos nada, entonces que fuera costo-beneficio. El beneficio es la conservaci\u00f3n de los bosques\u201d, afirma.<\/p>\n<p>Adicionalmente, al reconocer que sus conocimientos ancestrales ayudan a la preservaci\u00f3n de los servicios ecosist\u00e9micos, pudieron ser reconocidos en el Plan Nacional de Restauraci\u00f3n que no hab\u00eda tenido en cuenta las pr\u00e1cticas ancestrales de los pueblos ind\u00edgenas amaz\u00f3nicos. \u201cSe acord\u00f3 crear Territorios Ind\u00edgenas de Conservaci\u00f3n con el fin de proteger los recursos naturales en los resguardos de la Amazon\u00eda colombiana\u201d, le dice con orgullo Estrada a Mongabay Latam.<\/p>\n<p>Por otro lado, Estrada asegura que en el art\u00edculo 10 del PND lograron incrementar de un 5 % a un 15 % los recursos provenientes del impuesto al carbono para las \u00e1reas de conservaci\u00f3n estrat\u00e9gicas de Colombia, entre las cuales est\u00e1n los territorios ind\u00edgenas.<\/p>\n<figure id=\"attachment_207839\" class=\"wp-caption alignnone\"><img decoding=\"async\" class=\"size-medium wp-image-207839\" src=\"https:\/\/imgs.mongabay.com\/wp-content\/uploads\/sites\/25\/2019\/08\/03163236\/indigena-con-cartila-de-salvaguarda-768x512.jpg\" sizes=\"(max-width: 768px) 100vw, 768px\" srcset=\"https:\/\/imgs.mongabay.com\/wp-content\/uploads\/sites\/25\/2019\/08\/03163236\/indigena-con-cartila-de-salvaguarda-768x512.jpg 768w, https:\/\/imgs.mongabay.com\/wp-content\/uploads\/sites\/25\/2019\/08\/03163236\/indigena-con-cartila-de-salvaguarda-1200x800.jpg 1200w\" alt=\"Territorios ind\u00edgenas de conservaci\u00f3n. Los ind\u00edgenas son capacitados como salvaguardas sociales y ambientales. Foto: Luisa Fernanda Ortiz - WWF Colombia.\" width=\"768\" height=\"512\" \/><figcaption class=\"wp-caption-text\">Los ind\u00edgenas son capacitados como salvaguardas sociales y ambientales. Foto: Luisa Fernanda Ortiz \u2013 WWF Colombia.<\/figcaption><\/figure>\n<p>El reto ahora est\u00e1 en la formulaci\u00f3n de una propuesta para Visi\u00f3n Amazon\u00eda \u2014una iniciativa del Gobierno de Colombia que busca reducir a cero la deforestaci\u00f3n en la Amazon\u00eda\u2014. El an\u00e1lisis de los servicios ecosist\u00e9micos desde el conocimiento ancestral ind\u00edgena en La Chorrera gust\u00f3 tanto que quieren usarlo como base para el dise\u00f1o del Plan de Manejo Ambiental de la Amazon\u00eda colombiana y completar la caracterizaci\u00f3n en los sitios donde todav\u00eda no se ha hecho.<\/p>\n<figure id=\"attachment_207838\" class=\"wp-caption alignnone\"><img decoding=\"async\" class=\"size-medium wp-image-207838\" src=\"https:\/\/imgs.mongabay.com\/wp-content\/uploads\/sites\/25\/2019\/08\/03163035\/La-Chorrera_2018_taller_LuisaFernandaOrtizLuna-WWF-Colombia-100-768x512.jpg\" sizes=\"(max-width: 768px) 100vw, 768px\" srcset=\"https:\/\/imgs.mongabay.com\/wp-content\/uploads\/sites\/25\/2019\/08\/03163035\/La-Chorrera_2018_taller_LuisaFernandaOrtizLuna-WWF-Colombia-100-768x512.jpg 768w, https:\/\/imgs.mongabay.com\/wp-content\/uploads\/sites\/25\/2019\/08\/03163035\/La-Chorrera_2018_taller_LuisaFernandaOrtizLuna-WWF-Colombia-100-1200x800.jpg 1200w\" alt=\"Territorios ind\u00edgenas de conservaci\u00f3n. Reuni\u00f3n para el an\u00e1lisis de los territorios ind\u00edgenas. Foto: Luisa Fernanda Ortiz - WWF Colombia.\" width=\"768\" height=\"512\" \/><figcaption class=\"wp-caption-text\">Reuni\u00f3n para el an\u00e1lisis de los territorios ind\u00edgenas. Foto: Luisa Fernanda Ortiz \u2013 WWF Colombia.<\/figcaption><\/figure>\n<figure id=\"attachment_207836\" class=\"wp-caption alignnone\"><img loading=\"lazy\" decoding=\"async\" class=\"size-medium wp-image-207836\" src=\"https:\/\/imgs.mongabay.com\/wp-content\/uploads\/sites\/25\/2019\/08\/03162950\/Imd%C3%ADgena-tomando-apuntes-sobre-redd-La-Chorrera_2018_LuisaOrtizLuna-151-768x512.jpg\" sizes=\"(max-width: 768px) 100vw, 768px\" srcset=\"https:\/\/imgs.mongabay.com\/wp-content\/uploads\/sites\/25\/2019\/08\/03162950\/Imd%C3%ADgena-tomando-apuntes-sobre-redd-La-Chorrera_2018_LuisaOrtizLuna-151-768x512.jpg 768w, https:\/\/imgs.mongabay.com\/wp-content\/uploads\/sites\/25\/2019\/08\/03162950\/Imd%C3%ADgena-tomando-apuntes-sobre-redd-La-Chorrera_2018_LuisaOrtizLuna-151-1200x800.jpg 1200w, https:\/\/imgs.mongabay.com\/wp-content\/uploads\/sites\/25\/2019\/08\/03162950\/Imd%C3%ADgena-tomando-apuntes-sobre-redd-La-Chorrera_2018_LuisaOrtizLuna-151-610x407.jpg 610w\" alt=\"Territorios ind\u00edgenas de conservaci\u00f3n. Ind\u00edgenas se capacitan en REDD+. Foto: Luisa Fernanda Ortiz - WWF Colombia.\" width=\"768\" height=\"512\" \/><figcaption class=\"wp-caption-text\">Ind\u00edgenas se capacitan en REDD+. Foto: Luisa Fernanda Ortiz \u2013 WWF Colombia.<\/figcaption><\/figure>\n<p>Por otra parte, WWF est\u00e1 utilizando la informaci\u00f3n base de los an\u00e1lisis para crear materiales pedag\u00f3gicos para que los ni\u00f1os en los colegios tambi\u00e9n puedan aprender sobre servicios ecosist\u00e9micos y biodiversidad. Llevan trabajando en esto un poco m\u00e1s de seis meses. \u201cQueremos que esto no se quede guardado en una biblioteca\u201d, recalca Pia Escobar, l\u00edder del Programa de Gobernanza y Medios de Vida Sostenibles de WWF Colombia.<\/p>\n<p>El estudio fue adem\u00e1s\u00a0reconocido este a\u00f1o por las Naciones Unidas como uno de los proyectos exitosos\u00a0para alcanzar las metas de los Objetivos de Desarrollo Sostenible (ODS) principalmente por su aporte a los objetivos 13 (Acci\u00f3n por el clima) y 15 (Vida de ecosistemas terrestres).<\/p>\n<p>&nbsp;<\/p>\n<p><strong>Lo que protegen los ind\u00edgenas<\/strong><\/p>\n<p>El enfoque ind\u00edgena se sustenta en la integridad del bosque y va m\u00e1s all\u00e1 de la valoraci\u00f3n de sus servicios a partir de la mitigaci\u00f3n del cambio clim\u00e1tico y el carbono que almacenan en su biomasa y suelos. Para las comunidades ind\u00edgenas, se deben tener en cuenta otros servicios ecosist\u00e9micos que estos proveen, como los de abastecimiento, regulaci\u00f3n, culturales, de sustento y clim\u00e1tico.<\/p>\n<p>Lo primero que se hizo en el an\u00e1lisis fue determinar los sitios de uso frecuentes de los ind\u00edgenas, entre los que se encuentran su zona de vivienda, chagra (espacio destinado por los ind\u00edgenas para cultivar), el r\u00edo, el nacimiento de agua, los bosques de tierra firme, la sabana y sus lugares de alta importancia cultural, entre otros. En todos ellos identificaron los servicios ecosist\u00e9micos y m\u00e1s adelante determinaron los espacios que est\u00e1n en riesgo debido a actividades principalmente externas y producto de la mano del hombre.<\/p>\n<p>Los ind\u00edgenas Bora, Uitoto, Muinane y Ocaina se\u00f1alaron varias amenazas en sus bosques. En primer lugar est\u00e1 el tema de orden p\u00fablico, seguido de otros problemas como el aumento desmedido de chagras para cubrir la demanda de productos agr\u00edcolas de poblaciones no ind\u00edgenas, uso de qu\u00edmicos para la pesca, aumento de la demanda de pesca para cubrir necesidades de poblaciones no ind\u00edgenas, aumento de la cacer\u00eda, aumento de la extracci\u00f3n de madera, aumento de la demanda de madera para comercio, la disposici\u00f3n de residuos l\u00edquidos y s\u00f3lidos, adem\u00e1s de dos actividades que tambi\u00e9n preocupan en general en toda la cuenca amaz\u00f3nica: la potrerizaci\u00f3n para ganader\u00eda y la miner\u00eda.<\/p>\n<figure id=\"attachment_207834\" class=\"wp-caption alignnone\"><img loading=\"lazy\" decoding=\"async\" class=\"size-medium wp-image-207834\" src=\"https:\/\/imgs.mongabay.com\/wp-content\/uploads\/sites\/25\/2019\/08\/03162455\/Luisa-Fernanda-Ortiz-WWF-Colombia-3-768x512.jpg\" sizes=\"(max-width: 768px) 100vw, 768px\" srcset=\"https:\/\/imgs.mongabay.com\/wp-content\/uploads\/sites\/25\/2019\/08\/03162455\/Luisa-Fernanda-Ortiz-WWF-Colombia-3-768x512.jpg 768w, https:\/\/imgs.mongabay.com\/wp-content\/uploads\/sites\/25\/2019\/08\/03162455\/Luisa-Fernanda-Ortiz-WWF-Colombia-3-1200x800.jpg 1200w\" alt=\"Territorios ind\u00edgenas de conservaci\u00f3n. Viviendas ind\u00edgenas en la Amazon\u00eda colombiana. Foto: Luisa Fernanda Ortiz - WWF Colombia.\" width=\"768\" height=\"512\" \/><figcaption class=\"wp-caption-text\">Viviendas ind\u00edgenas en la Amazon\u00eda colombiana. Foto: Luisa Fernanda Ortiz \u2013 WWF Colombia.<\/figcaption><\/figure>\n<figure id=\"attachment_207833\" class=\"wp-caption alignnone\"><img loading=\"lazy\" decoding=\"async\" class=\"size-medium wp-image-207833\" src=\"https:\/\/imgs.mongabay.com\/wp-content\/uploads\/sites\/25\/2019\/08\/03162448\/Luisa-Fernanda-Ortiz-WWF-Colombia-2-768x512.jpg\" sizes=\"(max-width: 768px) 100vw, 768px\" srcset=\"https:\/\/imgs.mongabay.com\/wp-content\/uploads\/sites\/25\/2019\/08\/03162448\/Luisa-Fernanda-Ortiz-WWF-Colombia-2-768x512.jpg 768w, https:\/\/imgs.mongabay.com\/wp-content\/uploads\/sites\/25\/2019\/08\/03162448\/Luisa-Fernanda-Ortiz-WWF-Colombia-2-1200x800.jpg 1200w\" alt=\"Territorios ind\u00edgenas de conservaci\u00f3n. La Chorrera es un lugar con grandes recursos h\u00eddricos. Foto: Luisa Fernanda Ortiz - WWF Colombia.\" width=\"768\" height=\"512\" \/><figcaption class=\"wp-caption-text\">La Chorrera es un lugar con grandes recursos h\u00eddricos. Foto: Luisa Fernanda Ortiz \u2013 WWF Colombia.<\/figcaption><\/figure>\n<p>Aunque muchas de estas amenazas son potenciales y todav\u00eda no se presentan en los territorios ind\u00edgenas que realizaron la evaluaci\u00f3n, Pia Escobar considera que esto no significa que se deba dejar el tema en el olvido. \u201cQue los territorios ind\u00edgenas est\u00e9n bien conservados no significa que no necesitan atenci\u00f3n, hay amenazas y riesgos que deben ser atendidos y mitigados\u201d, dice.<\/p>\n<p>Escobar asegura que la vulnerabilidad que tienen estos territorios no est\u00e1 en la biodiversidad o en el bosque sino en la organizaci\u00f3n social y en los procesos de gobernanza. \u201cEn la medida en que rompan asociaciones y la capacidad ind\u00edgena de controlar el territorio, conocerlo y transmitir sus conocimientos, esos territorios estar\u00e1n m\u00e1s expuestos a que otras personas lleguen y lo usen de manera inadecuada\u201d, a\u00f1ade.<\/p>\n<p>Lo anterior se ve reflejado en el documento elaborado cuando se menciona que \u201cde la revisi\u00f3n de los resultados obtenidos en la calificaci\u00f3n de los diferentes aspectos que intervienen en la evaluaci\u00f3n de la vulnerabilidad global del sistema socioecol\u00f3gico, los representantes de los cuatro pueblos concluyen que para disminuir el riesgo de p\u00e9rdida de servicios ecosist\u00e9micos en sus territorios, es m\u00e1s importante emprender acciones para mejorar la capacidad de las comunidades y de sus organizaciones para evitar, suspender o modificar el desarrollo de las diferentes actividades\u201d.<\/p>\n<figure id=\"attachment_207832\" class=\"wp-caption alignnone\"><img loading=\"lazy\" decoding=\"async\" class=\"size-medium wp-image-207832\" src=\"https:\/\/imgs.mongabay.com\/wp-content\/uploads\/sites\/25\/2019\/08\/03162442\/La-Chorrera_2018_taller_LuisaFernandaOrtizLuna-WWF-Colombia-10-768x512.jpg\" sizes=\"(max-width: 768px) 100vw, 768px\" srcset=\"https:\/\/imgs.mongabay.com\/wp-content\/uploads\/sites\/25\/2019\/08\/03162442\/La-Chorrera_2018_taller_LuisaFernandaOrtizLuna-WWF-Colombia-10-768x512.jpg 768w, https:\/\/imgs.mongabay.com\/wp-content\/uploads\/sites\/25\/2019\/08\/03162442\/La-Chorrera_2018_taller_LuisaFernandaOrtizLuna-WWF-Colombia-10-1200x800.jpg 1200w, https:\/\/imgs.mongabay.com\/wp-content\/uploads\/sites\/25\/2019\/08\/03162442\/La-Chorrera_2018_taller_LuisaFernandaOrtizLuna-WWF-Colombia-10-610x407.jpg 610w\" alt=\"Territorios ind\u00edgenas de conservaci\u00f3n. Ind\u00edgenas de la Amazon\u00eda colombiana hicieron un an\u00e1lisis de los servicios ecosist\u00e9micos de sus territorios. Foto: Luisa Fernanda Ortiz - WWF Colombia.\" width=\"768\" height=\"512\" \/><figcaption class=\"wp-caption-text\">Ind\u00edgenas de la Amazon\u00eda colombiana hicieron un an\u00e1lisis de los servicios ecosist\u00e9micos de sus territorios. Foto: Luisa Fernanda Ortiz \u2013 WWF Colombia.<\/figcaption><\/figure>\n<p>Los ind\u00edgenas cada vez m\u00e1s se convencen de su papel como guardianes del bosque. \u201cPensamos que nuestros abuelos son los propios ambientalistas. En nuestra cultura, cada noche aprendemos que toda planta tiene su nombre, su funcionalidad y todo sobre la interacci\u00f3n con la naturaleza. Est\u00e1 en nuestras creencias, hace parte de nosotros y necesitamos que el Gobierno lo reconozca. Estos an\u00e1lisis nos han permitido reafirmar el valor de nuestro territorio, creencias y tarea como cuidadores\u201d, dice Jos\u00e9 Miller Teteye, del pueblo Bora.<\/p>\n<p>Por su parte, \u00c1ngel Cerityatofe, del pueblo Uitoto, reconoce que necesitan seguir capacit\u00e1ndose para hablar en el lenguaje institucional al que no est\u00e1n acostumbrados y as\u00ed tener m\u00e1s facilidades de negociaci\u00f3n y herramientas para defender su territorio y recursos.\u00a0<strong>\u201cNosotros tenemos claras las cosas desde lo cultural, c\u00f3mo se cuida, nuestras pr\u00e1cticas, pero desde lo institucional a veces esos conceptos no encajan, lo nuestro es hol\u00edstico. Lo del blanco es sistem\u00e1tico, l\u00ednea por l\u00ednea\u201d.<\/strong>\u00a0Saber que sus conocimientos ancestrales poco a poco empiezan a ser tenidos en cuenta los llena de esperanza, a la vez que esperan recibir los pagos por cuidar ecosistemas que benefician a todo el pa\u00eds. Quieren que esto no sea algo pasajero.<\/p>\n<p><em><strong>*Imagen principal:<\/strong>\u00a0los ind\u00edgenas Uitoto, Bora, Muinane y Ocaina construyeron el an\u00e1lisis de los servicios ecosist\u00e9micos de sus territorios. Foto: Luisa Fernanda Ortiz \u2013 WWF Colombia.<\/em>[\/vc_column_text][vc_column_text]Tomado de: <a href=\"https:\/\/es.mongabay.com\/2019\/08\/territorios-indigenas-de-conservacion-bosques-colombia\/\">https:\/\/es.mongabay.com\/2019\/08\/territorios-indigenas-de-conservacion-bosques-colombia\/<\/a>[\/vc_column_text][\/vc_column][\/vc_row]<\/p>\n<\/div>","protected":false},"excerpt":{"rendered":"<p>[vc_row][vc_column][vc_column_text] Publicado en: Mongabay Latam Antonio Jos\u00e9 Paz Cardona 9 de agosto de 2019 Colombia [\/vc_column_text][\/vc_column][\/vc_row][vc_row][vc_column][vc_column_text] Los ind\u00edgenas Uitoto, Bora, Ocaina y Muinane, en la Amazon\u00eda colombiana, crearon desde sus saberes ancestrales un an\u00e1lisis de los servicios ecosist\u00e9micos en sus territorios. El resultado fue destacado por Naciones Unidas por su contribuci\u00f3n a los Objetivos de&hellip;<\/p>\n","protected":false},"author":299,"featured_media":9878,"comment_status":"open","ping_status":"open","sticky":false,"template":"","format":"standard","meta":{"_acf_changed":false,"footnotes":""},"categories":[2],"tags":[],"class_list":["post-9877","post","type-post","status-publish","format-standard","has-post-thumbnail","hentry","category-radar","category-2","description-off"],"acf":[],"_links":{"self":[{"href":"https:\/\/www.raisg.org\/es\/wp-json\/wp\/v2\/posts\/9877","targetHints":{"allow":["GET"]}}],"collection":[{"href":"https:\/\/www.raisg.org\/es\/wp-json\/wp\/v2\/posts"}],"about":[{"href":"https:\/\/www.raisg.org\/es\/wp-json\/wp\/v2\/types\/post"}],"author":[{"embeddable":true,"href":"https:\/\/www.raisg.org\/es\/wp-json\/wp\/v2\/users\/299"}],"replies":[{"embeddable":true,"href":"https:\/\/www.raisg.org\/es\/wp-json\/wp\/v2\/comments?post=9877"}],"version-history":[{"count":2,"href":"https:\/\/www.raisg.org\/es\/wp-json\/wp\/v2\/posts\/9877\/revisions"}],"predecessor-version":[{"id":9884,"href":"https:\/\/www.raisg.org\/es\/wp-json\/wp\/v2\/posts\/9877\/revisions\/9884"}],"wp:featuredmedia":[{"embeddable":true,"href":"https:\/\/www.raisg.org\/es\/wp-json\/wp\/v2\/media\/9878"}],"wp:attachment":[{"href":"https:\/\/www.raisg.org\/es\/wp-json\/wp\/v2\/media?parent=9877"}],"wp:term":[{"taxonomy":"category","embeddable":true,"href":"https:\/\/www.raisg.org\/es\/wp-json\/wp\/v2\/categories?post=9877"},{"taxonomy":"post_tag","embeddable":true,"href":"https:\/\/www.raisg.org\/es\/wp-json\/wp\/v2\/tags?post=9877"}],"curies":[{"name":"wp","href":"https:\/\/api.w.org\/{rel}","templated":true}]}}