{"id":10129,"date":"2019-08-28T14:27:33","date_gmt":"2019-08-28T17:27:33","guid":{"rendered":"https:\/\/www.amazoniasocioambiental.org\/radar\/la-amazonia-ecuatoriana-la-mas-deforestada-pero-foco-de-otras-amenazas\/"},"modified":"2019-08-28T14:30:49","modified_gmt":"2019-08-28T17:30:49","slug":"la-amazonia-ecuatoriana-la-mas-deforestada-pero-foco-de-otras-amenazas","status":"publish","type":"post","link":"https:\/\/www.raisg.org\/pt-br\/radar\/la-amazonia-ecuatoriana-la-mas-deforestada-pero-foco-de-otras-amenazas\/","title":{"rendered":"La Amazon\u00eda ecuatoriana, la m\u00e1s deforestada pero foco de otras amenazas"},"content":{"rendered":"<p><img decoding=\"async\" src=\"https:\/\/www.efeverde.com\/wp-content\/blogs.dir\/1\/files_mf\/cache\/th_1cce678baa2865fe866ba90e481edd63_637021936074507421.jpg\" alt=\"La Amazon\u00c3\u00ada ecuatoriana, la m\u00c3\u00a1s deforestada pero foco de otras amenazas\" \/><\/p>\n<p>La presidenta de CEDENMA, Natalia Greene. EFE\/El\u00edas L. Benarroch<\/p>\n<p style=\"text-align: right;\">Publicado en: EFE Verde<br \/>\n25 de agosto de 2019<\/p>\n<p>&nbsp;<\/p>\n<p>&nbsp;<\/p>\n<p class=\"entradilla\">Por Daniela Brik.- La Amazon\u00eda en Ecuador ha perdido hasta un 20 % de su extensi\u00f3n en las \u00faltimas d\u00e9cadas y la deforestaci\u00f3n es tres veces m\u00e1s alta que en Brasil, aunque los incendios no son su principal amenaza, sino la expansi\u00f3n petrolera y la miner\u00eda a gran escala.<\/p>\n<p>Ecuador posee apenas el 2 por ciento de la selva amaz\u00f3nica, sin embargo, la Amazon\u00eda representa alrededor de la mitad del territorio nacional al ser el segundo pa\u00eds m\u00e1s peque\u00f1o de Suram\u00e9rica.<\/p>\n<p><strong>Incendios y m\u00e1s amenazas en la Amazon\u00eda ecuatoriana<\/strong><\/p>\n<p><img fetchpriority=\"high\" decoding=\"async\" class=\"wp-image-134651 size-thumbnail\" src=\"https:\/\/www.efeverde.com\/wp-content\/uploads\/2019\/08\/637021886814177955-300x401.jpg\" sizes=\"(max-width: 300px) 100vw, 300px\" srcset=\"https:\/\/www.efeverde.com\/wp-content\/uploads\/2019\/08\/637021886814177955-300x401.jpg 300w, https:\/\/www.efeverde.com\/wp-content\/uploads\/2019\/08\/637021886814177955-768x1026.jpg 768w, https:\/\/www.efeverde.com\/wp-content\/uploads\/2019\/08\/637021886814177955-1200x1603.jpg 1200w\" alt=\"amazonia ecuatoriana \" width=\"300\" height=\"401\" \/><br \/>\nEl coordinador del programa de cambio clim\u00e1tico y sustentabilidad de la Universidad Andina Sim\u00f3n Bol\u00edvar, Carlos Larrea Maldonado. EFE\/ El\u00edas L. Benarroch<\/p>\n<p>&nbsp;<\/p>\n<p>Pese a tener una tasa de\u00a0deforestaci\u00f3n\u00a0muy superior a la del resto de los pa\u00edses de la cuenca, hasta tres veces m\u00e1s alta que la de Brasil, los incendios no suponen la principal amenaza a este ecosistema \u00fanico porque el cambio clim\u00e1tico en esta regi\u00f3n provoca adem\u00e1s del aumento de temperaturas, una mayor pluviosidad.<\/p>\n<p>As\u00ed lo explica a Efe Carlos Larrea Maldonado, coordinador del programa de cambio clim\u00e1tico y sustentabilidad de la Universidad Andina Sim\u00f3n Bol\u00edvar, con sede en Quito, que calcula entre un 15 y un 20 % del territorio forestal amaz\u00f3nico que se ha perdido en las \u00faltimas dos d\u00e9cadas.<\/p>\n<p>\u201cEn ese sentido, Ecuador tiene una tasa de deforestaci\u00f3n del 0,7 por ciento anual aproximadamente. La de Brasil ser\u00eda en torno al 0,2\u201d, -hect\u00e1reas destruidas anualmente por cada mil hect\u00e1reas- precis\u00f3 el experto, que lamenta que las pol\u00edticas gubernamentales en los \u00faltimos 15 a\u00f1os no han podido frenar esta tendencia.<\/p>\n<p>\u00bfPorqu\u00e9 detener la deforestaci\u00f3n en la Amazon\u00eda es una prioridad mundial?<\/p>\n<p>Larrea apunta que la crisis clim\u00e1tica se ha convertido en \u201cuna amenaza para la supervivencia de nuestra la civilizaci\u00f3n y la biodiversidad\u201d y subraya el papel de la Amazon\u00eda como el reservorio m\u00e1s importante de biodiversidad en el planeta, un mecanismo que limpia la atm\u00f3sfera y donde viven 3 millones de especies.<\/p>\n<p>\u201cEs el espacio posiblemente m\u00e1s significativo del mundo para la mitigaci\u00f3n del cambio clim\u00e1tico, porque los \u00e1rboles amaz\u00f3nicos tienen una gran capacidad en su crecimiento para transformar el di\u00f3xido de carbono, que est\u00e1 contaminando el planeta, en ox\u00edgeno\u201d.<\/p>\n<p>En el caso de Ecuador subraya que casi todas las evaluaciones internacionales independientes, incluida la de la FAO, as\u00ed como datos satelitales sugieren que dentro de los pa\u00edses amaz\u00f3nicos es el que cuenta con una mayor tasa de deforestaci\u00f3n, que se ha mantenido constante en los \u00faltimos a\u00f1os.<\/p>\n<p><strong>Pobreza y sobrevivencia<\/strong><\/p>\n<p>A diferencia de Brasil, donde el fen\u00f3meno viene provocado en gran medida por los grandes hacendados a fin de expandir la ganader\u00eda y otros cultivos a gran escala, en Ecuador la producen colonos pobres que emigran de la sierra y la costa a la Amazon\u00eda y \u201cabren la frontera agr\u00edcola\u201d, donde comienzan a sembrar para sobrevivir.<\/p>\n<p>Dice que esto se ha agudizado en los \u00faltimos tres lustros por la expansi\u00f3n petrolera y que en la actualidad se est\u00e1 enfocando en el sur del suelo amaz\u00f3nico, en el interior del parque nacional de Yasun\u00ed, considerado el lugar m\u00e1s biodiverso del mundo, lo que considera un \u201ccrimen contra la humanidad\u201d.<\/p>\n<p>Tres factores contribuyen a esa megadiversidad -abunda-, como son el ecosistema selv\u00e1tico, la cercan\u00eda de la cordillera de los Andes y que es atravesada por la l\u00ednea ecuatorial, lo que hace que tenga gran \u201cpluviosidad y una estabilidad extraordinaria\u201d.<\/p>\n<p>Tambi\u00e9n resalta la amenaza de la miner\u00eda a gran escala en el sur de la Amazon\u00eda, y cita el proyecto C\u00f3ndor-Mirador, una mina de cobre a cielo abierto, con la contaminaci\u00f3n que conlleva este hecho y el alto riesgo de ruptura de un dique minero.<\/p>\n<div class=\"box shadow\">\n<div class=\"box-inner-block\">Natalia Greene, presidenta del Comit\u00e9 Ecuatoriano para la Defensa de la Naturaleza y el Medio Ambiente (CEDENMA), alerta que adem\u00e1s del impacto de petroleras y mineras, en Ecuador \u201cestamos cortando la Amazon\u00eda en dos\u201d. \u201cEs un porcentaje muy grande de nuestro territorio y necesita la conectividad entre la monta\u00f1a, donde est\u00e1 el agua, y la Amazon\u00eda\u201d.<\/div>\n<\/div>\n<div><\/div>\n<div><\/div>\n<p><strong>Deforestaci\u00f3n y p\u00e9rdida de la deforestaci\u00f3n<\/strong><\/p>\n<p>La tambi\u00e9n secretaria del Tribunal Internacional por los Derechos de la Naturaleza, aclara que la carretera Transversal Amaz\u00f3nica, por ejemplo, se encuentra altamente desforestada a ambos m\u00e1rgenes, con abundante colonizaci\u00f3n y proyectos hidroel\u00e9ctricos y mineros \u201cque realmente est\u00e1n aislando nuestra Amazon\u00eda de los Andes\u201d.<\/p>\n<p>Subraya la importancia de que se mantenga la contig\u00fcidad territorial, porque de lo contrario, advierte que se est\u00e1 interrumpiendo la conexi\u00f3n natural entre sierra y Amazon\u00eda, y sus biocorredores.<\/p>\n<p>Y en un contexto de cambio clim\u00e1tico, las especies necesitar\u00e1n buscar nichos m\u00e1s fr\u00edos y no \u201cvan a poder subir\u201d.<\/p>\n<div class=\"box shadow\">\n<div class=\"box-inner-block\"><i class=\"tieicon-boxicon\"><\/i>Greene afirma que \u201capenas se conoce el 5 % de la biodiversidad del pa\u00eds y la Amazon\u00eda es el lugar m\u00e1s pr\u00edstino que hemos mantenido. Esto se est\u00e1 perdiendo a un rango m\u00e1s alto de lo que estamos descubriendo\u201d.<\/div>\n<div><\/div>\n<div>Recuerda que Ecuador es el \u00fanico pa\u00eds del planeta cuya Constituci\u00f3n reconoce los derechos de la naturaleza y subraya que la sociedad civil apuesta por un modelo diferente y los pueblos ind\u00edgenas est\u00e1n muy empoderados como guardianes del entorno. EFEverde<\/div>\n<div><\/div>\n<\/div>\n<p>Tomado de: <a href=\"https:\/\/www.efeverde.com\/noticias\/amazonia-ecuatoriana-deforestada-amenazas\/\">https:\/\/www.efeverde.com\/noticias\/amazonia-ecuatoriana-deforestada-amenazas\/<\/a><\/p>\n<p>&nbsp;<\/p>\n","protected":false},"excerpt":{"rendered":"<p>La presidenta de CEDENMA, Natalia Greene. EFE\/El\u00edas L. Benarroch Publicado en: EFE Verde 25 de agosto de 2019 &nbsp; &nbsp; Por Daniela Brik.- La Amazon\u00eda en Ecuador ha perdido hasta un 20 % de su extensi\u00f3n en las \u00faltimas d\u00e9cadas y la deforestaci\u00f3n es tres veces m\u00e1s alta que en Brasil, aunque los incendios no&hellip;<\/p>\n","protected":false},"author":327,"featured_media":0,"comment_status":"open","ping_status":"open","sticky":false,"template":"","format":"standard","meta":{"_acf_changed":false,"footnotes":""},"categories":[1],"tags":[],"class_list":["post-10129","post","type-post","status-publish","format-standard","hentry","category-radar","category-1","description-off"],"acf":[],"_links":{"self":[{"href":"https:\/\/www.raisg.org\/pt-br\/wp-json\/wp\/v2\/posts\/10129","targetHints":{"allow":["GET"]}}],"collection":[{"href":"https:\/\/www.raisg.org\/pt-br\/wp-json\/wp\/v2\/posts"}],"about":[{"href":"https:\/\/www.raisg.org\/pt-br\/wp-json\/wp\/v2\/types\/post"}],"author":[{"embeddable":true,"href":"https:\/\/www.raisg.org\/pt-br\/wp-json\/wp\/v2\/users\/327"}],"replies":[{"embeddable":true,"href":"https:\/\/www.raisg.org\/pt-br\/wp-json\/wp\/v2\/comments?post=10129"}],"version-history":[{"count":4,"href":"https:\/\/www.raisg.org\/pt-br\/wp-json\/wp\/v2\/posts\/10129\/revisions"}],"predecessor-version":[{"id":10141,"href":"https:\/\/www.raisg.org\/pt-br\/wp-json\/wp\/v2\/posts\/10129\/revisions\/10141"}],"wp:attachment":[{"href":"https:\/\/www.raisg.org\/pt-br\/wp-json\/wp\/v2\/media?parent=10129"}],"wp:term":[{"taxonomy":"category","embeddable":true,"href":"https:\/\/www.raisg.org\/pt-br\/wp-json\/wp\/v2\/categories?post=10129"},{"taxonomy":"post_tag","embeddable":true,"href":"https:\/\/www.raisg.org\/pt-br\/wp-json\/wp\/v2\/tags?post=10129"}],"curies":[{"name":"wp","href":"https:\/\/api.w.org\/{rel}","templated":true}]}}