{"id":11372,"date":"2019-10-10T16:22:27","date_gmt":"2019-10-10T19:22:27","guid":{"rendered":"https:\/\/www.amazoniasocioambiental.org\/?p=11372"},"modified":"2019-10-17T16:49:43","modified_gmt":"2019-10-17T19:49:43","slug":"delta-amacuro-se-esta-quedando-sin-waraos","status":"publish","type":"post","link":"https:\/\/www.raisg.org\/pt-br\/radar\/delta-amacuro-se-esta-quedando-sin-waraos\/","title":{"rendered":"Delta Amacuro se est\u00e1 quedando sin waraos"},"content":{"rendered":"<p>150 l\u00edderes, capitanes y caciques de los estados Bol\u00edvar y Delta Amacuro debatieron en el Primer Congreso de Ind\u00edgenas, celebrado los d\u00edas 8 y 9 de octubre en Ciudad Bol\u00edvar.<\/p>\n<p style=\"text-align: right;\">El Pitazo<\/p>\n<p style=\"text-align: right;\">Melquiades \u00c1vila<\/p>\n<p style=\"text-align: right;\">10 de Octubre de 2019<\/p>\n<p>&nbsp;<\/p>\n<p>El I Congreso Nacional de Derechos Ind\u00edgenas, organizado por el Observatorio de Derechos de los Pueblos Ind\u00edgenas Kap\u00e9 kap\u00e9 y realizado en Ciudad Bol\u00edvar, determin\u00f3<strong>, como parte de sus conclusiones, que hay \u00e9xodo masivo de waraos en el estado Delta Amacuro<\/strong>. \u201cEl Delta se est\u00e1 quedando sin waraos\u201d, se\u00f1al\u00f3 el reporte de la organizaci\u00f3n ind\u00edgena.<\/p>\n<p>Los miembros de los pueblos ind\u00edgenas\u00a0<strong>analizaron los factores que determinan la problem\u00e1tica que vulnera los derechos fundamentales de los pueblos originarios<\/strong>. Durante los d\u00edas martes 8 y mi\u00e9rcoles 9 de octubre, 150 l\u00edderes, capitanes y caciques de los estados Bol\u00edvar y Delta Amacuro debatieron en el Primer Congreso de Ind\u00edgenas, las diferentes situaciones de vulneraciones a los derechos de los pueblos originarios de los estados Bol\u00edvar y Delta Amacuro.<\/p>\n<p>Organizaciones sociales, representantes de las instituciones p\u00fablicas y las instituciones internacionales acompa\u00f1aron el desarrollo de la actividad. Durante el segundo d\u00eda del evento, investigadores, l\u00edderes ind\u00edgenas y trabajadores m\u00e9dicos hicieron un repaso por la dif\u00edcil situaci\u00f3n que vive el pueblo warao, que, para muchos expertos, se enfrenta a una posible desaparici\u00f3n.<\/p>\n<p>Seg\u00fan Kape kape,\u00a0<strong>est\u00e1 combinaci\u00f3n de situaciones adversas ha provocado el \u00e9xodo masivo de cientos de waraos.<\/strong>\u00a0Durante las ponencias, investigadores de Kap\u00e9 Kap\u00e9 afirmaron que la movilizaci\u00f3n warao ha trascendido Guyana y Brasil y ya ha llegado a Argentina, Chile y Per\u00fa.<\/p>\n<p>La presencia de\u00a0<strong>enfermedades end\u00e9micas y otros factores que perturban la cotidianidad de los waraos\u00a0<\/strong>son el detonante para el desplazamiento masivo de las comunidades. Los investigadores rese\u00f1aron que\u00a0<strong>\u201chay caravanas de ind\u00edgenas waraos traslad\u00e1ndose hacia otras fronteras\u201d<\/strong>.<\/p>\n<div id=\"attachment_11379\" style=\"width: 706px\" class=\"wp-caption aligncenter\"><img fetchpriority=\"high\" decoding=\"async\" aria-describedby=\"caption-attachment-11379\" class=\"wp-image-11379 size-full\" src=\"https:\/\/www.raisg.org\/wp-content\/uploads\/2019\/10\/waraos-delta-amacuro-696x397.jpg\" alt=\"\" width=\"696\" height=\"397\" srcset=\"https:\/\/www.raisg.org\/wp-content\/uploads\/2019\/10\/waraos-delta-amacuro-696x397.jpg 696w, https:\/\/www.raisg.org\/wp-content\/uploads\/2019\/10\/waraos-delta-amacuro-696x397-300x171.jpg 300w, https:\/\/www.raisg.org\/wp-content\/uploads\/2019\/10\/waraos-delta-amacuro-696x397-500x285.jpg 500w\" sizes=\"(max-width: 696px) 100vw, 696px\" \/><p id=\"caption-attachment-11379\" class=\"wp-caption-text\">Seg\u00fan Kape kap\u00e9, los waraos han emigrado a Argentina, Chile y Per\u00fa, y tambi\u00e9n a Brasil, Guyana y Trinidad | Foto: Melquiades \u00c1vila<\/p><\/div>\n<p>Seg\u00fan el reporte del Observatorio de Derechos Ind\u00edgenas, \u201cotra situaci\u00f3n que ha impulsado la salida de los waraos de sus territorios es la cada vez m\u00e1s com\u00fan y amenazante actuaci\u00f3n de grupos armados en sus comunidades\u201d.<\/p>\n<p>De acuerdo con datos de la\u00a0<strong>Organizaci\u00f3n Mundial para las Migraciones<\/strong>, hasta abril del a\u00f1o pasado hab\u00eda m\u00e1s de 4.500 waraos en la frontera con Brasil, pero hoy la cifra puede sobrepasar el doble. La evidencia m\u00e1s certera es la situaci\u00f3n de soledad en que se encuentran varios sectores del Delta, que han sido abandonados por sus habitantes, quienes partieron a otras fronteras.<\/p>\n<p>Tomado de: https:\/\/elpitazo.net\/guayana\/reporte-de-organizacion-indigena-concluye-exodo-masivo-de-waraos-delta-amacuro\/<\/p>\n","protected":false},"excerpt":{"rendered":"<p>150 l\u00edderes, capitanes y caciques de los estados Bol\u00edvar y Delta Amacuro debatieron en el Primer Congreso de Ind\u00edgenas, celebrado los d\u00edas 8 y 9 de octubre en Ciudad Bol\u00edvar. El Pitazo Melquiades \u00c1vila 10 de Octubre de 2019 &nbsp; El I Congreso Nacional de Derechos Ind\u00edgenas, organizado por el Observatorio de Derechos de los&hellip;<\/p>\n","protected":false},"author":321,"featured_media":11379,"comment_status":"open","ping_status":"open","sticky":false,"template":"","format":"standard","meta":{"_acf_changed":false,"footnotes":""},"categories":[2],"tags":[],"class_list":["post-11372","post","type-post","status-publish","format-standard","has-post-thumbnail","hentry","category-radar","category-2","description-off"],"acf":[],"_links":{"self":[{"href":"https:\/\/www.raisg.org\/pt-br\/wp-json\/wp\/v2\/posts\/11372","targetHints":{"allow":["GET"]}}],"collection":[{"href":"https:\/\/www.raisg.org\/pt-br\/wp-json\/wp\/v2\/posts"}],"about":[{"href":"https:\/\/www.raisg.org\/pt-br\/wp-json\/wp\/v2\/types\/post"}],"author":[{"embeddable":true,"href":"https:\/\/www.raisg.org\/pt-br\/wp-json\/wp\/v2\/users\/321"}],"replies":[{"embeddable":true,"href":"https:\/\/www.raisg.org\/pt-br\/wp-json\/wp\/v2\/comments?post=11372"}],"version-history":[{"count":4,"href":"https:\/\/www.raisg.org\/pt-br\/wp-json\/wp\/v2\/posts\/11372\/revisions"}],"predecessor-version":[{"id":11385,"href":"https:\/\/www.raisg.org\/pt-br\/wp-json\/wp\/v2\/posts\/11372\/revisions\/11385"}],"wp:featuredmedia":[{"embeddable":true,"href":"https:\/\/www.raisg.org\/pt-br\/wp-json\/wp\/v2\/media\/11379"}],"wp:attachment":[{"href":"https:\/\/www.raisg.org\/pt-br\/wp-json\/wp\/v2\/media?parent=11372"}],"wp:term":[{"taxonomy":"category","embeddable":true,"href":"https:\/\/www.raisg.org\/pt-br\/wp-json\/wp\/v2\/categories?post=11372"},{"taxonomy":"post_tag","embeddable":true,"href":"https:\/\/www.raisg.org\/pt-br\/wp-json\/wp\/v2\/tags?post=11372"}],"curies":[{"name":"wp","href":"https:\/\/api.w.org\/{rel}","templated":true}]}}