{"id":11791,"date":"2019-10-31T17:21:05","date_gmt":"2019-10-31T20:21:05","guid":{"rendered":"https:\/\/www.amazoniasocioambiental.org\/?p=11791"},"modified":"2019-11-05T17:24:50","modified_gmt":"2019-11-05T20:24:50","slug":"cacique-pemon-es-la-nueva-victima-de-la-falta-de-atencion-medica-en-las-comunidades-indigenas","status":"publish","type":"post","link":"https:\/\/www.raisg.org\/pt-br\/radar\/cacique-pemon-es-la-nueva-victima-de-la-falta-de-atencion-medica-en-las-comunidades-indigenas\/","title":{"rendered":"Cacique pem\u00f3n es la nueva v\u00edctima de la falta de atenci\u00f3n m\u00e9dica en las comunidades ind\u00edgenas"},"content":{"rendered":"<p style=\"text-align: right;\">Kap\u00e9 Kap\u00e9<\/p>\n<p style=\"text-align: right;\">31 de Octubre de 2019<\/p>\n<p style=\"text-align: right;\">\n<p>Este 23 de octubre falleci\u00f3 el capit\u00e1n del pueblo pem\u00f3n, Pasiano Elliman, a causa de una complicaci\u00f3n de la diabetes, enfermedad que en vida no pudo controlar por la falta de atenci\u00f3n m\u00e9dica especializada en la zona y los altos costos de atenderse fuera de su comunidad.<span id=\"more-2278\"><\/span><\/p>\n<p>Pasiano Elliman pertenec\u00eda al sector Kuyuni, espec\u00edficamente a la comunidad ind\u00edgena de Araim\u00f6t\u00fcp\u00fc del km 74, en\u00a0 la parroquia San Isidro. Es uno m\u00e1s de la creciente cifra de ind\u00edgenas que padecen de diabetes, principalmente por el cambio de alimentaci\u00f3n impuesto por la adopci\u00f3n de costumbres criollas producto de la avasallante irrupci\u00f3n en sus espacios y estilos de vida ancestrales.<\/p>\n<p><img fetchpriority=\"high\" decoding=\"async\" class=\"aligncenter size-full wp-image-11795\" src=\"https:\/\/www.raisg.org\/wp-content\/uploads\/2019\/11\/jrjjfccm.png\" alt=\"\" width=\"678\" height=\"381\" srcset=\"https:\/\/www.raisg.org\/wp-content\/uploads\/2019\/11\/jrjjfccm.png 678w, https:\/\/www.raisg.org\/wp-content\/uploads\/2019\/11\/jrjjfccm-300x169.png 300w, https:\/\/www.raisg.org\/wp-content\/uploads\/2019\/11\/jrjjfccm-500x281.png 500w\" sizes=\"(max-width: 678px) 100vw, 678px\" \/><\/p>\n<p>Tambi\u00e9n como tantos otros, fue v\u00edctima del estado de abandono en que se encuentran los ambulatorios y servicios de salud en las comunidades ind\u00edgenas, \u00a0haciendo imposible ponerse en control con un endocrino para tratar su enfermedad, ni tener acceso al tratamiento para mantener a raya la glicemia.<\/p>\n<p>El capit\u00e1n ind\u00edgena, fue ruleteado por varios centros de salud en busca de una atenci\u00f3n m\u00e9dica que no consigui\u00f3 a pesar de los esfuerzos y diligencias de sus familiares.\u00a0 Finalmente falleci\u00f3 en la madrugada del 23 de octubre en su casa.<\/p>\n<p>Habitantes del sector Kuyuni lamentan esta nueva muerte que se suma a la lista de ind\u00edgenas que mueren en el silencio de sus comunidades por el irrespeto de su derecho a la vida y la salud.<\/p>\n<p>Tomado de: https:\/\/kape-kape.org\/2019\/10\/31\/cacique-pemon-es-la-nueva-victima-de-la-falta-de-atencion-medica-en-las-comunidades-indigenas\/<\/p>\n","protected":false},"excerpt":{"rendered":"<p>Kap\u00e9 Kap\u00e9 31 de Octubre de 2019 Este 23 de octubre falleci\u00f3 el capit\u00e1n del pueblo pem\u00f3n, Pasiano Elliman, a causa de una complicaci\u00f3n de la diabetes, enfermedad que en vida no pudo controlar por la falta de atenci\u00f3n m\u00e9dica especializada en la zona y los altos costos de atenderse fuera de su comunidad. Pasiano&hellip;<\/p>\n","protected":false},"author":321,"featured_media":11792,"comment_status":"open","ping_status":"open","sticky":false,"template":"","format":"standard","meta":{"_acf_changed":false,"footnotes":""},"categories":[2],"tags":[],"class_list":["post-11791","post","type-post","status-publish","format-standard","has-post-thumbnail","hentry","category-radar","category-2","description-off"],"acf":[],"_links":{"self":[{"href":"https:\/\/www.raisg.org\/pt-br\/wp-json\/wp\/v2\/posts\/11791","targetHints":{"allow":["GET"]}}],"collection":[{"href":"https:\/\/www.raisg.org\/pt-br\/wp-json\/wp\/v2\/posts"}],"about":[{"href":"https:\/\/www.raisg.org\/pt-br\/wp-json\/wp\/v2\/types\/post"}],"author":[{"embeddable":true,"href":"https:\/\/www.raisg.org\/pt-br\/wp-json\/wp\/v2\/users\/321"}],"replies":[{"embeddable":true,"href":"https:\/\/www.raisg.org\/pt-br\/wp-json\/wp\/v2\/comments?post=11791"}],"version-history":[{"count":1,"href":"https:\/\/www.raisg.org\/pt-br\/wp-json\/wp\/v2\/posts\/11791\/revisions"}],"predecessor-version":[{"id":11798,"href":"https:\/\/www.raisg.org\/pt-br\/wp-json\/wp\/v2\/posts\/11791\/revisions\/11798"}],"wp:featuredmedia":[{"embeddable":true,"href":"https:\/\/www.raisg.org\/pt-br\/wp-json\/wp\/v2\/media\/11792"}],"wp:attachment":[{"href":"https:\/\/www.raisg.org\/pt-br\/wp-json\/wp\/v2\/media?parent=11791"}],"wp:term":[{"taxonomy":"category","embeddable":true,"href":"https:\/\/www.raisg.org\/pt-br\/wp-json\/wp\/v2\/categories?post=11791"},{"taxonomy":"post_tag","embeddable":true,"href":"https:\/\/www.raisg.org\/pt-br\/wp-json\/wp\/v2\/tags?post=11791"}],"curies":[{"name":"wp","href":"https:\/\/api.w.org\/{rel}","templated":true}]}}