{"id":11960,"date":"2019-11-11T13:45:43","date_gmt":"2019-11-11T16:45:43","guid":{"rendered":"https:\/\/www.amazoniasocioambiental.org\/radar\/peru-y-ecuador-se-comprometen-contra-mineria-ilegal-y-narcotrafico-en-gabinete-binacional\/"},"modified":"2019-11-11T13:45:43","modified_gmt":"2019-11-11T16:45:43","slug":"peru-y-ecuador-se-comprometen-contra-mineria-ilegal-y-narcotrafico-en-gabinete-binacional","status":"publish","type":"post","link":"https:\/\/www.raisg.org\/pt-br\/radar\/peru-y-ecuador-se-comprometen-contra-mineria-ilegal-y-narcotrafico-en-gabinete-binacional\/","title":{"rendered":"Per\u00fa y Ecuador se comprometen contra miner\u00eda ilegal y narcotr\u00e1fico en Gabinete Binacional"},"content":{"rendered":"<div class=\"post-thumb-outer\">\n<div class=\"single-thumb post-thumb is-image\"><img fetchpriority=\"high\" decoding=\"async\" class=\"attachment-full size-full wp-post-image jetpack-lazy-image jetpack-lazy-image--handled\" src=\"https:\/\/i2.wp.com\/confirmado.net\/wp-content\/uploads\/2019\/11\/moreno_vizcarra.png?fit=800%2C540&amp;ssl=1\" sizes=\"(max-width: 800px) 100vw, 800px\" srcset=\"https:\/\/i2.wp.com\/confirmado.net\/wp-content\/uploads\/2019\/11\/moreno_vizcarra.png?w=800&amp;ssl=1 800w, https:\/\/i2.wp.com\/confirmado.net\/wp-content\/uploads\/2019\/11\/moreno_vizcarra.png?resize=300%2C203&amp;ssl=1 300w, https:\/\/i2.wp.com\/confirmado.net\/wp-content\/uploads\/2019\/11\/moreno_vizcarra.png?resize=768%2C518&amp;ssl=1 768w, https:\/\/i2.wp.com\/confirmado.net\/wp-content\/uploads\/2019\/11\/moreno_vizcarra.png?resize=650%2C439&amp;ssl=1 650w\" alt=\"\" width=\"800\" height=\"540\" data-attachment-id=\"160565\" data-permalink=\"https:\/\/confirmado.net\/2019\/11\/08\/peru-y-ecuador-se-comprometen-contra-mineria-ilegal-y-narcotrafico-en-gabinete-binacional\/moreno_vizcarra\/\" data-orig-file=\"https:\/\/i2.wp.com\/confirmado.net\/wp-content\/uploads\/2019\/11\/moreno_vizcarra.png?fit=800%2C540&amp;ssl=1\" data-orig-size=\"800,540\" data-comments-opened=\"0\" data-image-meta=\"{&quot;aperture&quot;:&quot;0&quot;,&quot;credit&quot;:&quot;&quot;,&quot;camera&quot;:&quot;&quot;,&quot;caption&quot;:&quot;&quot;,&quot;created_timestamp&quot;:&quot;0&quot;,&quot;copyright&quot;:&quot;&quot;,&quot;focal_length&quot;:&quot;0&quot;,&quot;iso&quot;:&quot;0&quot;,&quot;shutter_speed&quot;:&quot;0&quot;,&quot;title&quot;:&quot;&quot;,&quot;orientation&quot;:&quot;0&quot;}\" data-image-title=\"moreno_vizcarra\" data-image-description=\"\" data-medium-file=\"https:\/\/i2.wp.com\/confirmado.net\/wp-content\/uploads\/2019\/11\/moreno_vizcarra.png?fit=300%2C203&amp;ssl=1\" data-large-file=\"https:\/\/i2.wp.com\/confirmado.net\/wp-content\/uploads\/2019\/11\/moreno_vizcarra.png?fit=650%2C439&amp;ssl=1\" data-lazy-loaded=\"1\" \/><\/div>\n<\/div>\n<div><\/div>\n<div class=\"entry clearfix\">\n<p style=\"text-align: right;\">Confirmado.net<br \/>\nEcuador<br \/>\n8 de noviembre de 2019<\/p>\n<p>&nbsp;<\/p>\n<p>Los gobiernos de Per\u00fa y Ecuador, en el marco del XIII Gabinete Binacional, se comprometieron a luchar contra la miner\u00eda ilegal, el narcotr\u00e1fico, la trata de personas y otros delitos que se desarrollan en la frontera com\u00fan, inform\u00f3 el jueves la Canciller\u00eda peruana.<\/p>\n<p>\u201c(Per\u00fa y Ecuador) reafirmaron el firme compromiso de sus gobiernos en la lucha frontal contra la delincuencia organizada transnacional en todas sus modalidades (\u2026) principalmente para hacer frente a las amenazas emergentes en la zona de frontera, en particular la miner\u00eda y tala ilegal, tr\u00e1fico ilegal de especies silvestres, el tr\u00e1fico il\u00edcito de drogas, la trata de personas y el contrabando\u201d, se indica como parte de un documento denominado Declaraci\u00f3n de Tumbes.<\/p>\n<p>La Declaraci\u00f3n de Tumbes fue suscrita por los mandatarios Mart\u00edn Vizcarra y Len\u00edn Moreno, quienes se dieron cita en la ciudad peruana del mismo nombre para dar por concluida la reuni\u00f3n internacional que empez\u00f3 el mi\u00e9rcoles con coordinaciones previas entre funcionarios de diversos sectores.<\/p>\n<p>Los gobiernos denunciaron en la declaraci\u00f3n que los delitos recurrentes en la zona de frontera producen da\u00f1os ambientales y econ\u00f3micos, as\u00ed como \u201cmenoscaban el Estado de derecho y vulneran el cumplimiento de los objetivos de desarrollo sostenible\u201d.<\/p>\n<p>En el caso de la miner\u00eda ilegal, se anunci\u00f3 la creaci\u00f3n de la Comisi\u00f3n Mixta de Lucha Contra la Miner\u00eda Ilegal, organismo bilateral dedicado a atender esta problem\u00e1tica y cuya primera reuni\u00f3n est\u00e1 programada para el primer trimestre del pr\u00f3ximo a\u00f1o.<\/p>\n<p>Asimismo, los gobiernos se comprometieron a intercambiar informaci\u00f3n e inteligencia para atacar estas \u201camenazas a la sociedad\u201d, a lo cual contribuir\u00e1 la creaci\u00f3n del Comit\u00e9 Binacional de Informaci\u00f3n Estad\u00edstica y Seguridad (CBIES), oficina para el manejo de informaci\u00f3n estad\u00edstica sobre seguridad en la zona de integraci\u00f3n fronteriza.<\/p>\n<p>Por otro lado, Per\u00fa y Ecuador elogiaron las acciones que vienen realizando los equipos especiales de ambos pa\u00edses para el desminado de la frontera, y as\u00ed poner fin a esta problem\u00e1tica surgida luego del conflicto entre ambos pa\u00edses en la d\u00e9cada de los 90.<\/p>\n<p>Asimismo, elogiaron la iniciativa realizada en la pasada Cumbre de la Alianza del Pac\u00edfico en la que se propuso que Ecuador se una al organismo internacional como Estado miembro, resaltando \u201csu satisfacci\u00f3n por los avances alcanzados entre Ecuador y los miembros de dicho bloque para definir los t\u00e9rminos de referencia que guiar\u00e1n la negociaci\u00f3n\u201d.<\/p>\n<p>La Declaraci\u00f3n de Tumbes tambi\u00e9n hace menci\u00f3n a la necesidad de que la comunidad internacional ofrezca ayuda a ambos pa\u00edses en la problem\u00e1tica causada por el fen\u00f3meno migratorio venezolano.<\/p>\n<p>La protecci\u00f3n de las poblaciones originarias, el impulso de la igualdad de g\u00e9nero, as\u00ed como el cuidado de la Amazon\u00eda acordado en el Pacto de Leticia y la erradicaci\u00f3n de la violencia contra ni\u00f1os y mujeres cerraron el acuerdo.<\/p>\n<p>El pr\u00f3ximo Gabinete Binacional ser\u00e1 celebrado en Ecuador en 2020, con fecha a\u00fan por confirmar.<\/p>\n<\/div>\n<p>Tomado de <a href=\"https:\/\/confirmado.net\/2019\/11\/08\/peru-y-ecuador-se-comprometen-contra-mineria-ilegal-y-narcotrafico-en-gabinete-binacional\/\">https:\/\/confirmado.net\/2019\/11\/08\/peru-y-ecuador-se-comprometen-contra-mineria-ilegal-y-narcotrafico-en-gabinete-binacional\/<\/a><\/p>\n","protected":false},"excerpt":{"rendered":"<p>Confirmado.net Ecuador 8 de noviembre de 2019 &nbsp; Los gobiernos de Per\u00fa y Ecuador, en el marco del XIII Gabinete Binacional, se comprometieron a luchar contra la miner\u00eda ilegal, el narcotr\u00e1fico, la trata de personas y otros delitos que se desarrollan en la frontera com\u00fan, inform\u00f3 el jueves la Canciller\u00eda peruana. \u201c(Per\u00fa y Ecuador) reafirmaron&hellip;<\/p>\n","protected":false},"author":327,"featured_media":0,"comment_status":"open","ping_status":"open","sticky":false,"template":"","format":"standard","meta":{"_acf_changed":false,"footnotes":""},"categories":[1],"tags":[],"class_list":["post-11960","post","type-post","status-publish","format-standard","hentry","category-radar","category-1","description-off"],"acf":[],"_links":{"self":[{"href":"https:\/\/www.raisg.org\/pt-br\/wp-json\/wp\/v2\/posts\/11960","targetHints":{"allow":["GET"]}}],"collection":[{"href":"https:\/\/www.raisg.org\/pt-br\/wp-json\/wp\/v2\/posts"}],"about":[{"href":"https:\/\/www.raisg.org\/pt-br\/wp-json\/wp\/v2\/types\/post"}],"author":[{"embeddable":true,"href":"https:\/\/www.raisg.org\/pt-br\/wp-json\/wp\/v2\/users\/327"}],"replies":[{"embeddable":true,"href":"https:\/\/www.raisg.org\/pt-br\/wp-json\/wp\/v2\/comments?post=11960"}],"version-history":[{"count":0,"href":"https:\/\/www.raisg.org\/pt-br\/wp-json\/wp\/v2\/posts\/11960\/revisions"}],"wp:attachment":[{"href":"https:\/\/www.raisg.org\/pt-br\/wp-json\/wp\/v2\/media?parent=11960"}],"wp:term":[{"taxonomy":"category","embeddable":true,"href":"https:\/\/www.raisg.org\/pt-br\/wp-json\/wp\/v2\/categories?post=11960"},{"taxonomy":"post_tag","embeddable":true,"href":"https:\/\/www.raisg.org\/pt-br\/wp-json\/wp\/v2\/tags?post=11960"}],"curies":[{"name":"wp","href":"https:\/\/api.w.org\/{rel}","templated":true}]}}