{"id":12043,"date":"2019-11-15T14:02:08","date_gmt":"2019-11-15T17:02:08","guid":{"rendered":"https:\/\/www.amazoniasocioambiental.org\/radar\/el-pueblo-sarayaku-demanda-al-estado-ecuatoriano\/"},"modified":"2019-11-15T14:27:14","modified_gmt":"2019-11-15T17:27:14","slug":"el-pueblo-sarayaku-demanda-al-estado-ecuatoriano","status":"publish","type":"post","link":"https:\/\/www.raisg.org\/pt-br\/radar\/el-pueblo-sarayaku-demanda-al-estado-ecuatoriano\/","title":{"rendered":"El Pueblo Sarayaku demanda al Estado ecuatoriano"},"content":{"rendered":"<p style=\"text-align: right;\"><strong>La Mula<br \/>\nJaime Plaza<\/strong><br \/>\n<strong>13 de noviembre de 2019<\/strong><\/p>\n<p class=\"Subtitle\">Hace siete a\u00f1os, la Corte Interamericana de Derechos Humanos sentenci\u00f3 a Ecuador a cumplir una serie de medidas reparatorias a favor del pueblo amaz\u00f3nico. Pero hasta ahora incumple con tres reparaciones clave.<\/p>\n<div class=\"intro\"><strong>AMAZON\u00cdA.\u00a0<\/strong>Ni por la sentencia de la\u00a0<strong>Corte Interamericana de Derechos Humanos (CorteIDH)<\/strong>\u00a0ni ante la insistencia de los afectados reacciona. El Estado ecuatoriano incumple con tres medidas de reparaci\u00f3n claves.\u00a0Por eso, este mi\u00e9rcoles 13 de noviembre, los l\u00edderes del\u00a0<strong>Pueblo Kichwa Sarayaku\u00a0<\/strong>presentaron una demanda legal ante la Corte Constitucional.<br \/>\nMirian Cisneros, presidenta del Pueblo Sarayaku, enfatiz\u00f3 que la decisi\u00f3n es para exigir que Ecuador cumpla con lo ordenado en la sentencia de la CorteIDH. &#8220;La Corte Constitucional revisar\u00e1 la demanda y el Presidente de la Rep\u00fablica ser\u00e1 quien responda qu\u00e9 y c\u00f3mo lo va hacer?.En junio del 2012,<strong>\u00a0la CorteIDH conden\u00f3 a Ecuador<\/strong>\u00a0a cumplir con una serie de\u00a0<strong>medidas de reparaci\u00f3n y de no repetici\u00f3n<\/strong>\u00a0en este territorio dentro de la Amazon\u00eda ecuatoriana. Es porque se\u00a0<strong>viol\u00f3 el derecho a la consulta libre, previa e informada<\/strong>\u00a0de este pueblo amaz\u00f3nico cuando se concesion\u00f3 el bloque petrolero 23.Otra agresi\u00f3n fue que el<strong>\u00a0Estado ecuatoriano irrespet\u00f3 el derecho a la vida e integridad f\u00edsica de los sarayaku<\/strong>\u00a0y a la propiedad comunal. Pues entre el 2002 y 2003 se dej\u00f3 que la petrolera argentina CGC entrara a la fuerza y con resguardo militar incluido.A libre albedr\u00edo, sembr\u00f3 tacos\u00a0 de pentolita, un explosivo de alta peligrosidad (m\u00e1s de 1.400 kilogramos), en el territorio Sarayaku.\u00a0 Adem\u00e1s, en la b\u00fasqueda de petr\u00f3leo hizo exploraci\u00f3n s\u00edsmica, abri\u00f3 trochas, arm\u00f3 campamentos y hasta un helipuerto, que afectaron m\u00e1s de 200.000 hect\u00e1reas en plena selva.<\/p>\n<p>No hubo consulta previa ni informaci\u00f3n, peor pleno y libre consentimiento de los due\u00f1os ancestrales.<br \/>\nPor todo eso, este pueblo ind\u00edgena plante\u00f3 un recurso de amparo ante la justicia ecuatoriana, pero sin respuesta alguna. Por lo que, en abril del 2003 acudi\u00f3 al Sistema Interamericano de Derechos Humanos.<\/p>\n<p>Luego de una d\u00e9cada de lucha y tras la visita del Presidente de la CorteIDH, en junio del 2012, logr\u00f3 que se dictara un fallo favorable para Sarayaku.<\/p>\n<p>Sin embargo, siete a\u00f1os despu\u00e9s, el Estado ecuatoriano no ha cumplido varias resoluciones, entre estas tres medidas de reparaci\u00f3n claves.<\/p>\n<figure class=\"\"><img decoding=\"async\" class=\"\" src=\"https:\/\/ojoverdeecuador.lamula.pe\/media\/uploads\/d01ca5e1-8c4a-4141-bdb9-6b5884896647.jpg\" \/><figcaption>\n<p class=\"\">MIRIAN CISNEROS, PRESIDENTA DEL PUEBLO KICHWA SARAYAKU, JUNTO A M\u00c1S DIRIGENTES. ARGUMENT\u00d3 LA DECISI\u00d3N DE DEMANDAR AL ESTADO ECUATORIANO ANTE LA CORTE CONSTITUCIONAL. (FOTOS: PUEBLO SARAYAKU)<\/p>\n<\/figcaption><\/figure>\n<blockquote class=\"highlighted\"><p>Medidas de reparaci\u00f3n incumplidas<\/p><\/blockquote>\n<blockquote class=\"borders\"><p>1.- Retiro de explosivos que sembr\u00f3 la petrolera CGC en territorio Sarayaku o su neutralizaci\u00f3n como lo establece la sentencia.<\/p><\/blockquote>\n<blockquote class=\"borders\"><p>2.- Efectiva realizaci\u00f3n de consultas a Sarayaku antes de realizar nuevos proyectos petroleros en su territorio.<\/p><\/blockquote>\n<blockquote class=\"borders\"><p>3.- Adoptar medidas legislativas, administrativas para poner en marcha el derecho a la consulta previa de los pueblos y comunidades ind\u00edgenas.<\/p><\/blockquote>\n<figure class=\"right white\" data-size=\"2\"><img decoding=\"async\" class=\"\" src=\"https:\/\/ojoverdeecuador.lamula.pe\/media\/uploads\/511f69ad-58f2-4289-aaa4-6a04082ed952.jpg\" \/><figcaption>\n<p class=\"\">M\u00e1s de 1.400 kg de pentolita fueron sembrados en plena selva y hoy la zona es de alto riesgo.<\/p>\n<\/figcaption><\/figure>\n<p>Mirian Cisneros advierte que el Estado ecuatoriano, en vez de cumplir con la sentencia, ha entregado nuevos bloques petroleros: el 74, 79 y 83, que afectan a buena parte del territorio Sarayaku.<\/p>\n<p>Asimismo, la pentolita que no ha sido retirada afecta gravemente a la poblaci\u00f3n, ya que el acceso est\u00e1 restringido a la zona por el serio peligro que representa. Eso imposibilita la caza, pesca y m\u00e1s actividades que constituyen el modo de vida de las comunidades ind\u00edgenas de la Amazon\u00eda.<\/p>\n<\/div>\n<dl class=\"chronicle-block\">\n<dt class=\"chapter\">KAWSAK SACHA O SELVA VIVIENTE<\/dt>\n<dd class=\"story\"><a href=\"https:\/\/ojoverdeecuador.blog\/2018\/07\/28\/kawsak-sacha-o-la-selva-viviente-del-pueblo-sarayaku\/\" target=\"_blank\" rel=\"noopener noreferrer\">El Pueblo Kichwa Sarayaku hizo una propuesta de vida muy novedoso al mundo. Declar\u00f3 a su territorio\u00a0Kawsak Sacha o Selva Viviente, cuyo objetivo es\u00a0preservar y conservar de manera sostenible las 135.000 hect\u00e1reas en que ellos habitan. Pero tambi\u00e9n su relaci\u00f3n material y espiritual con la selva viviente y con los seres a los que cobija.<\/a><br \/>\nEste plan especial naci\u00f3 en el seno del Pueblo Sarayaku, que fuera reconocido legalmente en 1979. Y en su consolidaci\u00f3n participaron l\u00edderesas como Patricia Gualinga, Mirian Cisneros y Nina Gualinga, l\u00edderes, yachaks y el acompa\u00f1amiento de organizaciones como Land is Life.La propuesta Kawsak Sacha incluye planes de vida que se reparten en administraci\u00f3n del territorio, salud, fortalecer la educaci\u00f3n propia, sabidur\u00eda ancestral, reforzar\u00a0el emprendimiento comunitario con artesan\u00edas, ecoturismo, producci\u00f3n, turismo comunitario controlado\u2026<br \/>\nMiriam Cisneros exhort\u00f3 al Gobierno de Ecuador a que reconozca a la propuesta Kawsak Sacha como una categor\u00eda de conservaci\u00f3n desde los pueblos y nacionalidades originarios de la Amazon\u00eda.<\/dd>\n<\/dl>\n<p>Tomado de <a href=\"https:\/\/ojoverdeecuador.lamula.pe\/2019\/11\/13\/el-pueblo-sarayaku-demanda-al-estado-ecuatoriano\/jaimeplaza\/\">https:\/\/ojoverdeecuador.lamula.pe\/2019\/11\/13\/el-pueblo-sarayaku-demanda-al-estado-ecuatoriano\/jaimeplaza\/<\/a><\/p>\n","protected":false},"excerpt":{"rendered":"<p>La Mula Jaime Plaza 13 de noviembre de 2019 Hace siete a\u00f1os, la Corte Interamericana de Derechos Humanos sentenci\u00f3 a Ecuador a cumplir una serie de medidas reparatorias a favor del pueblo amaz\u00f3nico. Pero hasta ahora incumple con tres reparaciones clave. AMAZON\u00cdA.\u00a0Ni por la sentencia de la\u00a0Corte Interamericana de Derechos Humanos (CorteIDH)\u00a0ni ante la insistencia&hellip;<\/p>\n","protected":false},"author":327,"featured_media":0,"comment_status":"open","ping_status":"open","sticky":false,"template":"","format":"standard","meta":{"_acf_changed":false,"footnotes":""},"categories":[1],"tags":[],"class_list":["post-12043","post","type-post","status-publish","format-standard","hentry","category-radar","category-1","description-off"],"acf":[],"_links":{"self":[{"href":"https:\/\/www.raisg.org\/pt-br\/wp-json\/wp\/v2\/posts\/12043","targetHints":{"allow":["GET"]}}],"collection":[{"href":"https:\/\/www.raisg.org\/pt-br\/wp-json\/wp\/v2\/posts"}],"about":[{"href":"https:\/\/www.raisg.org\/pt-br\/wp-json\/wp\/v2\/types\/post"}],"author":[{"embeddable":true,"href":"https:\/\/www.raisg.org\/pt-br\/wp-json\/wp\/v2\/users\/327"}],"replies":[{"embeddable":true,"href":"https:\/\/www.raisg.org\/pt-br\/wp-json\/wp\/v2\/comments?post=12043"}],"version-history":[{"count":2,"href":"https:\/\/www.raisg.org\/pt-br\/wp-json\/wp\/v2\/posts\/12043\/revisions"}],"predecessor-version":[{"id":12058,"href":"https:\/\/www.raisg.org\/pt-br\/wp-json\/wp\/v2\/posts\/12043\/revisions\/12058"}],"wp:attachment":[{"href":"https:\/\/www.raisg.org\/pt-br\/wp-json\/wp\/v2\/media?parent=12043"}],"wp:term":[{"taxonomy":"category","embeddable":true,"href":"https:\/\/www.raisg.org\/pt-br\/wp-json\/wp\/v2\/categories?post=12043"},{"taxonomy":"post_tag","embeddable":true,"href":"https:\/\/www.raisg.org\/pt-br\/wp-json\/wp\/v2\/tags?post=12043"}],"curies":[{"name":"wp","href":"https:\/\/api.w.org\/{rel}","templated":true}]}}