{"id":14100,"date":"2020-03-26T10:37:14","date_gmt":"2020-03-26T13:37:14","guid":{"rendered":"https:\/\/www.amazoniasocioambiental.org\/radar\/latinoamerica-pueblos-indigenas-cierran-sus-territorios-frente-al-avance-del-coronavirus\/"},"modified":"2020-03-31T10:45:30","modified_gmt":"2020-03-31T13:45:30","slug":"latinoamerica-pueblos-indigenas-cierran-sus-territorios-frente-al-avance-del-coronavirus","status":"publish","type":"post","link":"https:\/\/www.raisg.org\/pt-br\/radar\/latinoamerica-pueblos-indigenas-cierran-sus-territorios-frente-al-avance-del-coronavirus\/","title":{"rendered":"Latinoam\u00e9rica: pueblos ind\u00edgenas cierran sus territorios frente al avance del coronavirus"},"content":{"rendered":"<p style=\"text-align: right;\">Mongabay Latam<\/p>\n<p style=\"text-align: right;\">Yvette Sierra Praeli<\/p>\n<p style=\"text-align: right;\">26 de marzo de 2020<\/p>\n<p>&nbsp;<\/p>\n<div class=\"bulletpoints\">\n<ul>\n<li><em>L\u00edder ind\u00edgena en Per\u00fa dio positivo a la prueba del Covid 19 y fue blanco de ataques en redes sociales.<\/em><\/li>\n<li><em>Dirigentes de pueblos originarios de Per\u00fa, Bolivia, Colombia y Ecuador se\u00f1alan que han restringido el paso de personas for\u00e1neas a las comunidades.<\/em><\/li>\n<\/ul>\n<\/div>\n<p><strong>Actualizaci\u00f3n:<\/strong><\/p>\n<p><em>En Colombia se han presentado los dos primeros casos de miembros de una comunidad ind\u00edgena que dieron positivo al COVID-19. Se trata de dos integrantes de la\u00a0<a href=\"https:\/\/es.mongabay.com\/2019\/03\/indigenas-yukpa-deforestacion-desvio-rios-frontera-colombia-venezuela\/?fbclid=IwAR3jlbSQ1DjvfjOSmQTZ0G9azGjyEEcOPyWtLS0otkw2otMhgJE2NSkEkW8\" target=\"_blank\" rel=\"noopener noreferrer\" data-wpel-link=\"internal\">etnia Yukpa<\/a>, en el norte de Santander, en la frontera con Venezuela. El Instituto Departamental de Salud de C\u00facuta inform\u00f3 que las muestras se tomaron luego de que se evidenciaran los s\u00edntomas en un paciente. La alcald\u00eda de C\u00facuta ha indicado que se han activado los protocolos para evitar que el coronavirus llegue al resto de la comunidad, unas 250 personas. En tanto, la Organizaci\u00f3n Nacional Ind\u00edgena de Colombia (ONIC) ha solicitado a las autoridades que atienda a este pueblo que se encuentra en hacinamiento y acordonada por la Polic\u00eda.<\/em><\/p>\n<p>El primer caso de un integrante de una comunidad ind\u00edgena que dio positivo al coronavirus se registr\u00f3 hace unos d\u00edas en Per\u00fa. Se trata de un l\u00edder ind\u00edgena que viaj\u00f3 a Holanda para presentar una queja contra la petrolera Pluspetrol.<\/p>\n<p>Tras su retorno y aunque la prueba que le hizo el personal del Ministerio de Salud al llegar a Lima no mostr\u00f3 ning\u00fan problema, Aurelio Chino, presidente de la Federaci\u00f3n Ind\u00edgena Quechua del Pastaza (Fediquep), decidi\u00f3 hacer cuarentena voluntaria y solicit\u00f3 un despistaje del COVID-19, prueba que result\u00f3 positiva.<\/p>\n<figure id=\"attachment_213453\" class=\"wp-caption alignnone\"><img fetchpriority=\"high\" decoding=\"async\" class=\"wp-image-213453 size-medium\" src=\"https:\/\/imgs.mongabay.com\/wp-content\/uploads\/sites\/25\/2020\/03\/25083901\/Coronavirus-aeropuerto-Agencia-Andina-768x512.jpg\" sizes=\"(max-width: 768px) 100vw, 768px\" srcset=\"https:\/\/imgs.mongabay.com\/wp-content\/uploads\/sites\/25\/2020\/03\/25083901\/Coronavirus-aeropuerto-Agencia-Andina-768x512.jpg 768w, https:\/\/imgs.mongabay.com\/wp-content\/uploads\/sites\/25\/2020\/03\/25083901\/Coronavirus-aeropuerto-Agencia-Andina-1200x800.jpg 1200w\" alt=\"Aeropuerto Jorge Ch\u00e1vez tom\u00f3 mayores medidas de prevenci\u00f3n ante el coronavirus. Foto: Agencia Andina.\" width=\"768\" height=\"512\" \/><figcaption class=\"wp-caption-text\">Aeropuerto Jorge Ch\u00e1vez tom\u00f3 mayores medidas de prevenci\u00f3n ante el coronavirus. Foto: Agencia Andina.<\/figcaption><\/figure>\n<p>\u201cEl \u2018apu\u2019 se encuentra bien y no presenta ning\u00fan s\u00edntoma\u201d, dijo Ely Tangoa, presidente de la Coordinadora de Desarrollo de los Pueblos Ind\u00edgenas de la regi\u00f3n San Mart\u00edn (Codepisan), desde Tarapoto, lugar donde Chino se mantiene en cuarentena.<\/p>\n<p>Sin embargo, lo que m\u00e1s preocup\u00f3 al l\u00edder ind\u00edgena y a las organizaciones afines fue la ola de agresiones que sufri\u00f3 tras hacerse p\u00fablica la noticia. Mediante un comunicado, la Coordinadora de Desarrollo y Defensa de los Pueblos Ind\u00edgenas de San Mart\u00edn (Codepisam) denunci\u00f3 una campa\u00f1a \u201cracista, mal intencionada y criminal\u201d que se desat\u00f3 por las redes sociales contra el dirigente, situaci\u00f3n que puso en riesgo su integridad y la de su familia.<\/p>\n<p>Pero esta es solo una parte de los problemas que enfrentan hoy las comunidades ind\u00edgenas. Muchas de ellas se han visto obligadas a cerrar sus territorios, a prohibir el ingreso de extranjeros o personas for\u00e1neas, han solicitado tambi\u00e9n el apoyo de autoridades para que se cumplan las restricciones, as\u00ed como que se informe en las lenguas ind\u00edgenas sobre los riesgos y las medidas de prevenci\u00f3n del coronavirus.<\/p>\n<p>Mongabay Latam habl\u00f3 con l\u00edderes ind\u00edgenas y expertos de cuatro pa\u00edses de la regi\u00f3n: Bolivia, Colombia, Ecuador y Per\u00fa.<\/p>\n<h3>Un viaje necesario<\/h3>\n<p>El 11 de marzo, el dirigente ind\u00edgena, Aurelio Chino, en representaci\u00f3n de las comunidades nativas de los r\u00edos Corrientes, Mara\u00f1\u00f3n, Tigre y Pastaza, en Loreto, se present\u00f3 ante el Punto de Contacto de la OCDE (Organizaci\u00f3n para la Cooperaci\u00f3n y el Desarrollo Econ\u00f3micos), del gobierno holand\u00e9s, para denunciar la contaminaci\u00f3n de sus territorios ancestrales causados por los derrames de petr\u00f3leo ocurridos en la Amazon\u00eda.<\/p>\n<figure id=\"attachment_213466\" class=\"wp-caption aligncenter\"><img decoding=\"async\" class=\"wp-image-213466 size-full\" src=\"https:\/\/imgs.mongabay.com\/wp-content\/uploads\/sites\/25\/2020\/03\/26085639\/Derrame-de-Petro%CC%81leo-Maran%CC%83on-Fuente-FB-de-Radio-Maran%CC%83o%CC%81n-Jae%CC%81n..jpg\" sizes=\"(max-width: 720px) 100vw, 720px\" srcset=\"https:\/\/imgs.mongabay.com\/wp-content\/uploads\/sites\/25\/2020\/03\/26085639\/Derrame-de-Petro%CC%81leo-Maran%CC%83on-Fuente-FB-de-Radio-Maran%CC%83o%CC%81n-Jae%CC%81n..jpg 720w, https:\/\/imgs.mongabay.com\/wp-content\/uploads\/sites\/25\/2020\/03\/26085639\/Derrame-de-Petro%CC%81leo-Maran%CC%83on-Fuente-FB-de-Radio-Maran%CC%83o%CC%81n-Jae%CC%81n.-610x385.jpg 610w\" alt=\"L\u00edder ind\u00edgena denunci\u00f3 contaminaci\u00f3n por derrame de petr\u00f3leo ante el Punto de Contacto de la OCDE en La Haya, Holanda Fuente: FB de Radio Mara\u00f1\u00f3n-Ja\u00e9n.\" width=\"720\" height=\"455\" \/><figcaption class=\"wp-caption-text\">L\u00edder ind\u00edgena denunci\u00f3 contaminaci\u00f3n por derrame de petr\u00f3leo ante el Punto de Contacto de la OCDE en La Haya, Holanda Fuente: FB de Radio Mara\u00f1\u00f3n-Ja\u00e9n.<\/figcaption><\/figure>\n<p>La raz\u00f3n de su presentaci\u00f3n en Holanda era exigir que la empresa petrolera Pluspetrol, con sede en \u00c1msterdam, asuma su responsabilidad para remediar la contaminaci\u00f3n generada por la exploraci\u00f3n petrolera en los territorios ind\u00edgenas.<\/p>\n<p>Tres d\u00edas despu\u00e9s, el 14 de marzo, regres\u00f3 al Per\u00fa y actu\u00f3 de acuerdo al protocolo del gobierno peruano que ya hab\u00eda establecido la cuarentena para toda persona que llegue del exterior.<\/p>\n<p>La comitiva para la presentaci\u00f3n ante la OCDE estaba integrada por seis personas. Todas ellas se encuentran actualmente en cuarentena luego de haber sido sometidas a revisiones m\u00e9dicas.<\/p>\n<p>Tras el anuncio en una conferencia de prensa en la regi\u00f3n San Mart\u00edn del estado de salud del l\u00edder ind\u00edgena, las redes sociales se llenaron de comentarios amenazantes y acusatorios. No solo Chino fue atacado, sino tambi\u00e9n otros dirigentes.<\/p>\n<p>\u201cFue terrible, no solo lo agredieron a \u00e9l sino a varios de nosotros. Incluso yo me vi afectado\u201d, agrega Tangoa. Mensajes en las redes sociales tildaban de irresponsable al presidente de Fediquep y lo acusaban de haber contagiado a todo el grupo con el que viaj\u00f3. Tambi\u00e9n se dijo que escap\u00f3 de la cuarentena y se propalaron fotograf\u00edas de la vivienda donde estaba recluido. Hubo mensajes en los que se instaba a \u201cmeterle bala\u201d.<\/p>\n<figure id=\"attachment_195098\" class=\"wp-caption aligncenter\"><img decoding=\"async\" class=\"wp-image-195098 size-medium\" src=\"https:\/\/imgs.mongabay.com\/wp-content\/uploads\/sites\/25\/2018\/02\/21201853\/Derrame-de-Petro%CC%81leo-Loreto-Feconar-3-768x512.jpeg\" sizes=\"(max-width: 768px) 100vw, 768px\" srcset=\"https:\/\/imgs.mongabay.com\/wp-content\/uploads\/sites\/25\/2018\/02\/21201853\/Derrame-de-Petro%CC%81leo-Loreto-Feconar-3-768x512.jpeg 768w, https:\/\/imgs.mongabay.com\/wp-content\/uploads\/sites\/25\/2018\/02\/21201853\/Derrame-de-Petro%CC%81leo-Loreto-Feconar-3-1200x800.jpeg 1200w\" alt=\"Los pueblos ind\u00edgenas reclaman atenci\u00f3n y la remediaci\u00f3n de los da\u00f1os ocurridos por los derrames de petr\u00f3leo en la Amazon\u00eda. Foto: Feconacor.\" width=\"768\" height=\"512\" \/><figcaption class=\"wp-caption-text\">Los pueblos ind\u00edgenas reclaman atenci\u00f3n y la remediaci\u00f3n de los da\u00f1os ocurridos por los derrames de petr\u00f3leo en la Amazon\u00eda. Foto: Feconacor.<\/figcaption><\/figure>\n<p>Otros mensajes apuntaban a su fallecimiento y hubo quienes aseguraban que otros l\u00edderes ind\u00edgenas tambi\u00e9n eran portadores del virus. Un comunicado de Codepisam desminti\u00f3 la informaci\u00f3n que circulaba en redes, as\u00ed como la informaci\u00f3n de que el l\u00edder de la comunidad nativa Chumbakiwi hubiera dado positivo al test.<\/p>\n<p>El Observatorio Petrolero de la Amazon\u00eda Norte tambi\u00e9n rechaz\u00f3 los ataques contra el l\u00edder ind\u00edgena. En su comunicado manifiesta que el dirigente \u201cha actuado en comunicaci\u00f3n y coordinaci\u00f3n con las autoridades correspondientes y con la seriedad y responsabilidad que lo caracteriza\u201d.<\/p>\n<p>El abogado ind\u00edgena del pueblo awaj\u00fan, Gil Inoach Shawit, hizo un llamado a las entidades del Estado para que se erradique la discriminaci\u00f3n de la que es v\u00edctima el paciente ind\u00edgena. \u201cNo he escuchado ning\u00fan adjetivo peyorativo y racista ni contra el paciente cero ni contra otros pacientes, pero cuando un ind\u00edgena aparece con el mal, las ganas de propinarle pedradas o quemarlo vivo no faltaron\u00bb, dijo el expresidente de la Asociaci\u00f3n Inter\u00e9tnica de Desarrollo de la Selva Peruana (Aidesep).<\/p>\n<p>Frente a ataques como estos y a la vulnerabilidad de las poblaciones ante el coronavirus, las federaciones y organizaciones ind\u00edgenas de varios pa\u00edses de la regi\u00f3n han tomado la decisi\u00f3n de aislarse y han anunciado el cierre de sus territorios hasta nuevo aviso.<\/p>\n<h3>El peligro sigue presente<\/h3>\n<p>Pese a que muchas comunidades ind\u00edgenas decidieron cerrar sus territorios ante el avance de la pandemia del coronavirus, en Per\u00fa se han presentado casos recientes de turistas extranjeros, que ignorando lo dispuesto por el Estado y las federaciones, han tratado de ingresar a zonas con alta presencia de pueblos ind\u00edgenas. Adem\u00e1s, tambi\u00e9n se ha denunciado el \u00a0tr\u00e1nsito normal de veh\u00edculos por zonas que deber\u00edan permanecer cerradas.<\/p>\n<figure id=\"attachment_204549\" class=\"wp-caption aligncenter\"><img loading=\"lazy\" decoding=\"async\" class=\"wp-image-204549 size-medium\" src=\"https:\/\/imgs.mongabay.com\/wp-content\/uploads\/sites\/25\/2019\/03\/30151430\/San-Fernando-Yvette-Sierra-Praeli-4-768x512.jpg\" sizes=\"(max-width: 768px) 100vw, 768px\" srcset=\"https:\/\/imgs.mongabay.com\/wp-content\/uploads\/sites\/25\/2019\/03\/30151430\/San-Fernando-Yvette-Sierra-Praeli-4-768x512.jpg 768w, https:\/\/imgs.mongabay.com\/wp-content\/uploads\/sites\/25\/2019\/03\/30151430\/San-Fernando-Yvette-Sierra-Praeli-4-1200x800.jpg 1200w\" alt=\"Pueblos ind\u00edgenas son los m\u00e1s vulnerables ante el avance del coronavirus. Foto: Yvette Sierra Praeli.\" width=\"768\" height=\"512\" \/><figcaption class=\"wp-caption-text\">Los pueblos ind\u00edgenas son los m\u00e1s vulnerables ante el avance del coronavirus. Foto: Yvette Sierra Praeli.<\/figcaption><\/figure>\n<p>Zoila Merino, representante de las mujeres ind\u00edgenas en la Organizaci\u00f3n Regional de Pueblos Ind\u00edgenas del Oriente (Orpio), cont\u00f3 a Mongabay Latam que el mi\u00e9rcoles 18 de marzo recibi\u00f3 una llamada en la que le informaban que una embarcaci\u00f3n, proveniente de Brasil, se dirig\u00eda a la comunidad Bora de Paucarquillo, en Loreto, un lugar al que suelen llegar cada a\u00f1o turistas que quieren conocer la Amazon\u00eda peruana.<\/p>\n<p>Los dirigentes de la comunidad acudieron a las autoridades del distrito de Pebas y en coordinaci\u00f3n con ellos lograron impedir el ingreso de los turistas extranjeros cuando se dirig\u00edan a la comunidad nativa.<\/p>\n<p>Merino teme por la salud de los pueblos ind\u00edgenas en Loreto. La dirigente se\u00f1ala que en Iquitos todav\u00eda zarpan embarcaciones que recorren los r\u00edos de la regi\u00f3n y llegan hasta las comunidades. \u201cNo tenemos ning\u00fan caso de un hermano ind\u00edgena que haya resultado positivo, pero tememos que eso pueda suceder\u201d, indica.<\/p>\n<p>La regi\u00f3n Loreto es una de las que ha reportado la mayor cantidad de contagios en Per\u00fa. Hasta el jueves 26 de marzo, las estad\u00edsticas reportaban 29 personas diagnosticadas como positivas para el coronavirus.<\/p>\n<p>En la selva central del pa\u00eds, el Comit\u00e9 de Autodefensa de la Cuenca del R\u00edo Ene (CARE) denuncia el mismo problema a trav\u00e9s de un comunicado. En este caso, se\u00f1alan que\u00a0el tr\u00e1nsito \u00a0es intenso en la carretera Satipo-San Mart\u00edn de Pangoa-Valle Esmeralda-Pichari, una v\u00eda que une las regiones de Jun\u00edn y Cusco. Pese a las medidas de restricci\u00f3n y cierre de v\u00edas que se dictaron en todo el territorio, los veh\u00edculos con pasajeros siguen circulando.<\/p>\n<figure id=\"attachment_213455\" class=\"wp-caption aligncenter\"><img loading=\"lazy\" decoding=\"async\" class=\"wp-image-213455 size-full\" src=\"https:\/\/imgs.mongabay.com\/wp-content\/uploads\/sites\/25\/2020\/03\/25090026\/Carretera-Satipo-Pichari-Google-Maps.png\" sizes=\"(max-width: 688px) 100vw, 688px\" srcset=\"https:\/\/imgs.mongabay.com\/wp-content\/uploads\/sites\/25\/2020\/03\/25090026\/Carretera-Satipo-Pichari-Google-Maps.png 688w, https:\/\/imgs.mongabay.com\/wp-content\/uploads\/sites\/25\/2020\/03\/25090026\/Carretera-Satipo-Pichari-Google-Maps-610x412.png 610w\" alt=\"Pueblos ind\u00edgenas son los m\u00e1s vulnerables ante el avance del coronavirus. Foto: Yvette Sierra Praeli.\" width=\"688\" height=\"465\" \/><figcaption class=\"wp-caption-text\">Pueblos ind\u00edgenas son los m\u00e1s vulnerables ante el avance del coronavirus. Foto: Yvette Sierra Praeli.<\/figcaption><\/figure>\n<p>Los l\u00edderes ash\u00e1ninkas hab\u00edan coordinado con las autoridades y centros poblados el cierre de todos los pasos por r\u00edo y carreteras, pero esta disposici\u00f3n se est\u00e1 incumpliendo en la ruta que llega hasta Pichari, en Cusco.<\/p>\n<p>Irup\u00e9 Ca\u00f1ari, asesora legal de CARE, dijo a Mongabay Latam que los dirigentes ind\u00edgenas del Comit\u00e9 Central de Autodefensa del Valle del R\u00edo Ene han solicitado a la Marina de Guerra del Per\u00fa, a cargo del punto de control instalado en Puerto Anapate, que no permita el ingreso de veh\u00edculos por esa v\u00eda.<\/p>\n<p>\u201cEntran camionetas con pasajeros y se muestran prepotentes. No sabemos hasta d\u00f3nde van. El \u00faltimo control que atraviesan es el Puerto Anapate, donde est\u00e1 la Marina de Guerra\u201d, se\u00f1ala Ca\u00f1ari.<\/p>\n<figure id=\"attachment_204648\" class=\"wp-caption aligncenter\"><img loading=\"lazy\" decoding=\"async\" class=\"wp-image-204648 size-medium\" src=\"https:\/\/imgs.mongabay.com\/wp-content\/uploads\/sites\/25\/2019\/04\/02192012\/Santa-Clotilde-Yvette-Sierra-Praeli-768x512.jpg\" sizes=\"(max-width: 768px) 100vw, 768px\" srcset=\"https:\/\/imgs.mongabay.com\/wp-content\/uploads\/sites\/25\/2019\/04\/02192012\/Santa-Clotilde-Yvette-Sierra-Praeli-768x512.jpg 768w, https:\/\/imgs.mongabay.com\/wp-content\/uploads\/sites\/25\/2019\/04\/02192012\/Santa-Clotilde-Yvette-Sierra-Praeli-1200x800.jpg 1200w\" alt=\"Los pueblos ind\u00edgenas han cerrado v\u00eda fluviales y de carretera. Foto: Yvette Sierra Praeli.\" width=\"768\" height=\"512\" \/><figcaption class=\"wp-caption-text\">Los pueblos ind\u00edgenas han cerrado v\u00eda fluviales y de carretera. Foto: Yvette Sierra Praeli.<\/figcaption><\/figure>\n<p>El problema es que esta carretera pasa por una gran cantidad de centros poblados y comunidades nativas que est\u00e1n en riesgo por el tr\u00e1nsito de personas que llegan de ciudades lejanas como Huancayo, donde hasta el momento ya se han reportado 11 casos de personas positivas para el coronavirus.<\/p>\n<p>La Defensor\u00eda del Pueblo de Per\u00fa ha exhortado al Gobierno que garantice la presencia de personal policial y militar en las regiones donde existe mayor cantidad de poblaci\u00f3n ind\u00edgena, con el \u201cfin de evitar que este sector de la poblaci\u00f3n peruana se vea afectado por la propagaci\u00f3n de este virus, debido a su alta vulnerabilidad\u201d.<\/p>\n<p>En un comunicado, esta instituci\u00f3n record\u00f3 que solo en la regi\u00f3n Loreto existen aproximadamente 1203 comunidades que podr\u00edan estar en riesgo de contagio. El documento tambi\u00e9n indica que, seg\u00fan el censo de 2017, de cada diez comunidades ind\u00edgenas en Per\u00fa, menos de cuatro cuentan con un centro de salud en sus territorios, situaci\u00f3n que coloca a los pueblos ind\u00edgenas en mayor riesgo.<\/p>\n<h3>Territorio cerrados<\/h3>\n<p>En Per\u00fa, los pueblos awaj\u00fan y wamp\u00eds fueron los primeros en cerrar sus fronteras. De igual forma, comunidades de las regiones amaz\u00f3nicas est\u00e1n prohibiendo el ingreso de for\u00e1neos para evitar el contagio del virus.<\/p>\n<p>Hasta ahora no se han registrado casos en los pueblos awaj\u00fan y wampis, \u201cpero les preocupa que el virus pueda ingresar a sus territorios debido a los frecuentes viajes entre Per\u00fa y Ecuador\u201d, se\u00f1ala un comunicado de la organizaci\u00f3n internacional Amazon Watch.<\/p>\n<figure id=\"attachment_203735\" class=\"wp-caption aligncenter\"><img loading=\"lazy\" decoding=\"async\" class=\"wp-image-203735 size-medium\" src=\"https:\/\/imgs.mongabay.com\/wp-content\/uploads\/sites\/25\/2019\/03\/01071754\/Work-2-Awajun-2012-1-768x512.jpg\" sizes=\"(max-width: 768px) 100vw, 768px\" srcset=\"https:\/\/imgs.mongabay.com\/wp-content\/uploads\/sites\/25\/2019\/03\/01071754\/Work-2-Awajun-2012-1-768x512.jpg 768w, https:\/\/imgs.mongabay.com\/wp-content\/uploads\/sites\/25\/2019\/03\/01071754\/Work-2-Awajun-2012-1-1200x800.jpg 1200w\" alt=\"Pueblos ind\u00edgena de Ecuador han cerrado sus territorios. Foto: Archivo Mongabay.\" width=\"768\" height=\"512\" \/><figcaption class=\"wp-caption-text\">Pueblos ind\u00edgenas de Ecuador han cerrado sus territorios. Foto: Archivo Mongabay.<\/figcaption><\/figure>\n<p>La regi\u00f3n de Ucayali en Per\u00fa, por ser zona tur\u00edstica, enfrenta una mayor probabilidad de exposici\u00f3n, agrega Amazon Watch.<\/p>\n<p>Aidesep tambi\u00e9n emiti\u00f3 una declaraci\u00f3n en la que exige que las empresas se adhieran a la cuarentena y proh\u00edban el movimiento de su personal y el tr\u00e1nsito por las comunidades.<\/p>\n<p>El Ministerio de Cultura de Per\u00fa inform\u00f3 que ha coordinado con el Ministerio de Salud la activaci\u00f3n de los protocolos sanitarios de seguridad y la implementaci\u00f3n de las atenciones b\u00e1sicas a los pueblos ind\u00edgenas en situaci\u00f3n de contacto inicial de la Reserva Territorial Kugapakori, Nahua, Nanti y otros (RTKNN) y el Parque Nacional del Manu.<\/p>\n<p>Asimismo, informa que ha coordinado con el Servicio Nacional de \u00c1reas Naturales Protegidas por el Estado (SERNANP) la suspensi\u00f3n de actividades de investigaci\u00f3n, turismo, patrullajes, entre otros, en las \u00e1reas naturales protegidas con presencia de ind\u00edgenas en aislamiento o contacto inicial.<\/p>\n<p>En Bolivia, el l\u00edder ind\u00edgena Alex Villca, de la Coordinadora de Defensa de Territorios Ind\u00edgena, Originario, Campesino y \u00c1reas Protegidas (Contiocap), se\u00f1al\u00f3 en una entrevista con Mongabay Latam que est\u00e1n preocupados por los pueblos ind\u00edgenas que viven dentro de las \u00e1reas protegidas. Si bien el Estado ha decretado recientemente el cierre de las 22 \u00e1reas naturales de Bolivia, la preocupaci\u00f3n sigue latente, pues el dirigente resalta la necesidad de que el Gobierno disponga de un equipo m\u00e9dico para atender a estas poblaciones vulnerables.<\/p>\n<figure id=\"attachment_191629\" class=\"wp-caption aligncenter\"><img loading=\"lazy\" decoding=\"async\" class=\"wp-image-191629 size-medium\" src=\"https:\/\/imgs.mongabay.com\/wp-content\/uploads\/sites\/25\/2017\/07\/26221804\/San-Jos%C3%A9-de-Uchupiamonas-Parque-Nacional-Madidi-La-Paz-Bolivia-%C2%A9-Forment%C3%AD-007-768x512.jpg\" sizes=\"(max-width: 768px) 100vw, 768px\" srcset=\"https:\/\/imgs.mongabay.com\/wp-content\/uploads\/sites\/25\/2017\/07\/26221804\/San-Jos%C3%A9-de-Uchupiamonas-Parque-Nacional-Madidi-La-Paz-Bolivia-%C2%A9-Forment%C3%AD-007-768x512.jpg 768w, https:\/\/imgs.mongabay.com\/wp-content\/uploads\/sites\/25\/2017\/07\/26221804\/San-Jos%C3%A9-de-Uchupiamonas-Parque-Nacional-Madidi-La-Paz-Bolivia-%C2%A9-Forment%C3%AD-007-900x600.jpg 900w, https:\/\/imgs.mongabay.com\/wp-content\/uploads\/sites\/25\/2017\/07\/26221804\/San-Jos%C3%A9-de-Uchupiamonas-Parque-Nacional-Madidi-La-Paz-Bolivia-%C2%A9-Forment%C3%AD-007-200x133.jpg 200w, https:\/\/imgs.mongabay.com\/wp-content\/uploads\/sites\/25\/2017\/07\/26221804\/San-Jos%C3%A9-de-Uchupiamonas-Parque-Nacional-Madidi-La-Paz-Bolivia-%C2%A9-Forment%C3%AD-007.jpg 1280w\" alt=\"San Jos\u00e9 de Uchupiamonas, en el Parque Nacional Madidi, en Bolivia. Foto: Forment\u00ed.\" width=\"768\" height=\"512\" \/><figcaption class=\"wp-caption-text\">San Jos\u00e9 de Uchupiamonas, en el Parque Nacional Madidi, en Bolivia. Foto: Forment\u00ed.<\/figcaption><\/figure>\n<p>\u201cNo hay casos reportados dentro de la poblaci\u00f3n ind\u00edgena, pero estamos pidiendo que se disponga de brigadas m\u00e9dicas que entiendan y puedan ayudar a la sociedad civil en distintos idiomas\u201d, indica Villca.<\/p>\n<p>El l\u00edder ind\u00edgena de la Contiocap\u00a0tambi\u00e9n inform\u00f3 que los ingresos y salidas de los territorios ind\u00edgenas se han restringido antes de que el Gobierno tome medidas de control. \u201cAlgunos representantes ten\u00edamos programados viajes a Colombia, Estados Unidos y Alemania, pero por los riesgos han sido cancelados para no exponernos\u201d, comenta.<\/p>\n<p>En Bolivia se han registrado hasta el momento 20 personas positivas al coronavirus y desde el lunes 23 de marzo rige la cuarentena en todo el pa\u00eds.<\/p>\n<p>Andr\u00e9s Tapia, l\u00edder de comunicaci\u00f3n de la Confederaci\u00f3n de Nacionalidades Ind\u00edgenas de la Amazon\u00eda Ecuatoriana (Confeniae), llama la atenci\u00f3n sobre la falta de informaci\u00f3n sobre el virus en los idiomas nativos.<\/p>\n<figure id=\"attachment_191303\" class=\"wp-caption aligncenter\"><img loading=\"lazy\" decoding=\"async\" class=\"wp-image-191303 size-medium\" src=\"https:\/\/imgs.mongabay.com\/wp-content\/uploads\/sites\/25\/2017\/07\/10010241\/waorani-ecuador-2-768x512.jpg\" sizes=\"(max-width: 768px) 100vw, 768px\" srcset=\"https:\/\/imgs.mongabay.com\/wp-content\/uploads\/sites\/25\/2017\/07\/10010241\/waorani-ecuador-2-768x512.jpg 768w, https:\/\/imgs.mongabay.com\/wp-content\/uploads\/sites\/25\/2017\/07\/10010241\/waorani-ecuador-2-900x600.jpg 900w, https:\/\/imgs.mongabay.com\/wp-content\/uploads\/sites\/25\/2017\/07\/10010241\/waorani-ecuador-2-200x133.jpg 200w, https:\/\/imgs.mongabay.com\/wp-content\/uploads\/sites\/25\/2017\/07\/10010241\/waorani-ecuador-2.jpg 1200w\" alt=\"El pueblo Waorani han cerrado sus fronteras. Foto de Valeria Sorgato.\" width=\"768\" height=\"512\" \/><figcaption class=\"wp-caption-text\">El pueblo Waorani han cerrado sus fronteras. Foto de Valeria Sorgato.<\/figcaption><\/figure>\n<p>Tapia manifiesta que las comunidades ind\u00edgenas del Ecuador est\u00e1n haciendo un control estricto para que nadie ingrese a sus territorios. El movimiento ind\u00edgena, encabezado por la Confederaci\u00f3n de Nacionalidades Ind\u00edgenas del Ecuador (Conaie) y la Confeniae, dispuso el cierre del tr\u00e1nsito en todos los territorios ind\u00edgenas.<\/p>\n<p>\u201cMuchas comunidades ind\u00edgenas est\u00e1n en zonas fronterizas y por tanto se ha restringido tambi\u00e9n el acceso a\u00e9reo. Las zonas fluviales que son vigiladas por las comunidades est\u00e1n controladas y las v\u00edas terrestres tambi\u00e9n\u201d, se\u00f1ala Tapia.<\/p>\n<p>Pese a las restricciones, se han presentado reportes de madereros ilegales que han ingresado al territorio Waorani, seg\u00fan el comunicado de la organizaci\u00f3n internacional Amazon Watch.<\/p>\n<p>Robinson L\u00f3pez, coordinador de cambio clim\u00e1tico y biodiversidad de la Coordinadora de las Organizaciones Ind\u00edgenas de la Cuenca Amaz\u00f3nica (Coica), precis\u00f3 en una entrevista con Mongabay Latam que en Colombia el gobernador del Putumayo y los 13 municipios de este departamento han adoptado las directrices dictadas por el Gobierno de Duque, que orden\u00f3 la cuarentena desde el 24 de marzo hasta el 13 abril.<\/p>\n<figure id=\"attachment_207557\" class=\"wp-caption aligncenter\"><img loading=\"lazy\" decoding=\"async\" class=\"wp-image-207557 size-medium\" src=\"https:\/\/imgs.mongabay.com\/wp-content\/uploads\/sites\/25\/2019\/07\/22063755\/IMG_8810-768x512.jpg\" sizes=\"(max-width: 768px) 100vw, 768px\" srcset=\"https:\/\/imgs.mongabay.com\/wp-content\/uploads\/sites\/25\/2019\/07\/22063755\/IMG_8810-768x512.jpg 768w, https:\/\/imgs.mongabay.com\/wp-content\/uploads\/sites\/25\/2019\/07\/22063755\/IMG_8810-1200x800.jpg 1200w, https:\/\/imgs.mongabay.com\/wp-content\/uploads\/sites\/25\/2019\/07\/22063755\/IMG_8810-610x407.jpg 610w\" alt=\"Comunidades ind\u00edgenas en Colombia tambi\u00e9n decidieron serrar sus accesos. Foto: Instituto SINCHI.\" width=\"768\" height=\"512\" \/><figcaption class=\"wp-caption-text\">Comunidades ind\u00edgenas en Colombia tambi\u00e9n decidieron serrar sus accesos. Foto: Instituto SINCHI.<\/figcaption><\/figure>\n<p>Sobre los pueblos ind\u00edgenas, L\u00f3pez se\u00f1al\u00f3 que se ha prohibido de manera indefinida el ingreso de personas for\u00e1neas a sus territorios. \u201cHasta el momento la guardia ind\u00edgena no ha reportado el ingreso de ning\u00fan extranjero o turista a la Amazon\u00eda\u201d, dijo L\u00f3pez.<\/p>\n<p>\u201cMuchas comunidades han venido ejerciendo su autonom\u00eda para cuidarse, no salir del territorio y protegerlo a trav\u00e9s de la guardia ind\u00edgena u otros mecanismos de protecci\u00f3n de los pueblos\u201d, se\u00f1al\u00f3 Aida Quilcue, consejera de Derechos Humanos y Paz de la Organizaci\u00f3n Nacional Ind\u00edgena de Colombia (ONIC)<\/p>\n<p>Quilcue tambi\u00e9n se refiere a la implementaci\u00f3n de un sistema de monitoreo interno para conocer la situaci\u00f3n de las comunidades, no solamente por la pandemia, sino por otros problemas que enfrentan.<\/p>\n<h3>Videos Mongabay Latam | La situaci\u00f3n de los pueblos ind\u00edgenas de Am\u00e9rica Latina<\/h3>\n<h3><i><iframe class=\"iframe-class\" src=\"https:\/\/www.youtube.com\/embed\/videoseries?list=PLE0MeCHnXYB0a491M9uqlvL5-Bjrz4xmp\" width=\"720\" height=\"405\" frameborder=\"0\" scrolling=\"yes\" data-mce-fragment=\"1\"><\/iframe><br \/>\n<\/i><em>Conoce m\u00e1s sobre la situaci\u00f3n de los pueblos ind\u00edenas en Am\u00e9rica Latina.<\/em><\/h3>\n<p><em>Si quieres conocer m\u00e1s sobre la situaci\u00f3n de los pueblos ind\u00edgenas en Latinoam\u00e9rica,\u00a0<a href=\"https:\/\/es.mongabay.com\/list\/pueblos-indigenas-es\/\" data-wpel-link=\"internal\">puedes revisar nuestra colecci\u00f3n de art\u00edculos.<\/a>\u00a0Y si quieres estar al tanto de las mejores historias de Mongabay Latam,\u00a0<a href=\"https:\/\/es.mongabay.com\/boletin-de-noticias\/\" data-wpel-link=\"internal\">puedes suscribirte al bolet\u00edn aqu\u00ed<\/a>\u00a0o seguirnos en\u00a0<a href=\"https:\/\/www.facebook.com\/MongabayLatam\/\" target=\"_blank\" rel=\"noopener noreferrer external\" data-wpel-link=\"external\">Facebook<\/a>,\u00a0<a href=\"https:\/\/twitter.com\/MongabayLatam\" target=\"_blank\" rel=\"noopener noreferrer external\" data-wpel-link=\"external\">Twitter<\/a>,\u00a0<a href=\"https:\/\/www.instagram.com\/mongabaylatam\/\" target=\"_blank\" rel=\"noopener noreferrer external\" data-wpel-link=\"external\">Instagram<\/a>\u00a0y\u00a0<a href=\"https:\/\/www.youtube.com\/channel\/UCCZH55oRbWMJoH3L2JmSItQ?view_as=subscriber\" target=\"_blank\" rel=\"noopener noreferrer external\" data-wpel-link=\"external\">YouTube<\/a>.<\/em><\/p>\n<p>Tomado de: https:\/\/es.mongabay.com\/2020\/03\/pueblos-indigenas-coronavirus\/<\/p>\n","protected":false},"excerpt":{"rendered":"<p>Mongabay Latam Yvette Sierra Praeli 26 de marzo de 2020 &nbsp; L\u00edder ind\u00edgena en Per\u00fa dio positivo a la prueba del Covid 19 y fue blanco de ataques en redes sociales. Dirigentes de pueblos originarios de Per\u00fa, Bolivia, Colombia y Ecuador se\u00f1alan que han restringido el paso de personas for\u00e1neas a las comunidades. Actualizaci\u00f3n: En&hellip;<\/p>\n","protected":false},"author":321,"featured_media":14097,"comment_status":"open","ping_status":"open","sticky":false,"template":"","format":"standard","meta":{"_acf_changed":false,"footnotes":""},"categories":[1],"tags":[],"class_list":["post-14100","post","type-post","status-publish","format-standard","has-post-thumbnail","hentry","category-radar","category-1","description-off"],"acf":[],"_links":{"self":[{"href":"https:\/\/www.raisg.org\/pt-br\/wp-json\/wp\/v2\/posts\/14100","targetHints":{"allow":["GET"]}}],"collection":[{"href":"https:\/\/www.raisg.org\/pt-br\/wp-json\/wp\/v2\/posts"}],"about":[{"href":"https:\/\/www.raisg.org\/pt-br\/wp-json\/wp\/v2\/types\/post"}],"author":[{"embeddable":true,"href":"https:\/\/www.raisg.org\/pt-br\/wp-json\/wp\/v2\/users\/321"}],"replies":[{"embeddable":true,"href":"https:\/\/www.raisg.org\/pt-br\/wp-json\/wp\/v2\/comments?post=14100"}],"version-history":[{"count":1,"href":"https:\/\/www.raisg.org\/pt-br\/wp-json\/wp\/v2\/posts\/14100\/revisions"}],"predecessor-version":[{"id":14103,"href":"https:\/\/www.raisg.org\/pt-br\/wp-json\/wp\/v2\/posts\/14100\/revisions\/14103"}],"wp:featuredmedia":[{"embeddable":true,"href":"https:\/\/www.raisg.org\/pt-br\/wp-json\/wp\/v2\/media\/14097"}],"wp:attachment":[{"href":"https:\/\/www.raisg.org\/pt-br\/wp-json\/wp\/v2\/media?parent=14100"}],"wp:term":[{"taxonomy":"category","embeddable":true,"href":"https:\/\/www.raisg.org\/pt-br\/wp-json\/wp\/v2\/categories?post=14100"},{"taxonomy":"post_tag","embeddable":true,"href":"https:\/\/www.raisg.org\/pt-br\/wp-json\/wp\/v2\/tags?post=14100"}],"curies":[{"name":"wp","href":"https:\/\/api.w.org\/{rel}","templated":true}]}}