{"id":15094,"date":"2020-05-20T00:34:10","date_gmt":"2020-05-20T03:34:10","guid":{"rendered":"https:\/\/www.amazoniasocioambiental.org\/radar\/comunidad-ai-kofan-de-ecuador-prohibe-ingreso-de-extranos-a-su-territorio-por-covid-19\/"},"modified":"2020-05-20T00:34:10","modified_gmt":"2020-05-20T03:34:10","slug":"comunidad-ai-kofan-de-ecuador-prohibe-ingreso-de-extranos-a-su-territorio-por-covid-19","status":"publish","type":"post","link":"https:\/\/www.raisg.org\/pt-br\/radar\/comunidad-ai-kofan-de-ecuador-prohibe-ingreso-de-extranos-a-su-territorio-por-covid-19\/","title":{"rendered":"Comunidad A&#8217;i Kof\u00e1n de Ecuador proh\u00edbe ingreso de extra\u00f1os a su territorio por COVID-19"},"content":{"rendered":"<p><img decoding=\"async\" src=\"https:\/\/cdnmundo1.img.sputniknews.com\/img\/107095\/27\/1070952774_0:509:3500:2403_1000x541_80_0_0_9a5f924c33e0f462a805f6610585256d.jpg.webp\" alt=\"Un hombre ind\u00edgena de Ecuador (imagen referencial)\" \/><\/p>\n<p style=\"text-align: right;\"><strong>SPUTNIKNEWS<\/strong><br \/>\n<strong>Am\u00e9rica Latina<\/strong><br \/>\n<strong>13 de mayo, 2020<\/strong><\/p>\n<div class=\"b-article__lead\">\n<p>QUITO (Sputnik) \u2014 Una comunidad ancestral del pueblo amaz\u00f3nico A&#8217;i Kof\u00e1n de Ecuador prohibi\u00f3 el acceso de veh\u00edculos y personas extra\u00f1as a sus territorios para prevenir el contagio de COVID-19, enfermedad causada por el nuevo coronavirus.<\/p>\n<\/div>\n<div class=\"b-article__text\">\n<blockquote class=\"marker-quote1\"><p>&#8220;Hemos resuelto cerrar el acceso (\u2026de veh\u00edculos) a nuestra comunidad, con el fin de prevenir el contagio del COVID-19, precautelando el derecho a la vida y seguridad de nuestros habitantes y prohibir el ingreso de personas particulares para realizar cualquier actividad dentro de nuestro territorio ancestral&#8221;, inform\u00f3 en un comunicado el Centro de Asentamiento Ancestral Upiritu Kankhe, de la nacionalidad originaria A&#8217;i Kof\u00e1n de Ecuador.<\/p><\/blockquote>\n<p>Esa comunidad se ubica en la margen derecha del r\u00edo Aguarico, parroquia Dureno del cant\u00f3n Lago Agrio, en la provincia amaz\u00f3nica de Sucumb\u00edos, al noreste de Ecuador.<\/p>\n<div class=\"b-inject m-inject-min\">\n<div class=\"b-inject__media\">El Centro se encuentra rodeado por cooperativas de colonos y empresas petroleras.<\/div>\n<\/div>\n<p>Adem\u00e1s, existe un acceso vehicular desde el cant\u00f3n Shushufindi -localidad con m\u00e1s de 50.000 habitantes ubicada en la misma provincia-, hacia una mina de explotaci\u00f3n de material p\u00e9treo que se encuentra dentro de la comunidad Upiritu Kankhe, del pueblo A&#8217;i Kof\u00e1n.<\/p>\n<p>Seg\u00fan los comuneros, pese al toque de queda decretado por el Gobierno a ra\u00edz de la pandemia de\u00a0<a href=\"https:\/\/mundo.sputniknews.com\/infografia\/202004271091246163-duro-de-roer-a-que-le-teme-el-nuevo-coronavirus\/\" target=\"_blank\" rel=\"noopener noreferrer\">COVID-19<\/a>, colonos, motos y veh\u00edculos particulares est\u00e1n ingresando a la zona sin previo aviso.<\/p>\n<p>La muerte de dos abuelos y la confirmaci\u00f3n de 15 personas de la Nacionalidad Siekopai (asentada tambi\u00e9n en la Amazon\u00eda ecuatoriana) contagiadas por el virus, alert\u00f3 a la comunidad del peligro.<\/p>\n<p>Seg\u00fan el pueblo A&#8217;i Kof\u00e1n, el control de los territorios, conforme al derecho a la libre determinaci\u00f3n y autogobierno, es un mecanismo que ha impedido el contagio masivo en las comunidades ind\u00edgenas.<\/p><\/div>\n<div class=\"b-article__text\">\n<p>Por eso, la prohibici\u00f3n de ingresar a esa comunidad, se desprende de una resoluci\u00f3n de la Confederaci\u00f3n de Nacionalidades Ind\u00edgenas Amaz\u00f3nicas del Ecuador (Confeniae) para hacer frente a la pandemia de COVID-19.<\/p>\n<p>El pueblo A&#8217;i Kof\u00e1n advirti\u00f3 que se mantendr\u00e1 en cuarentena mientras dure la emergencia decretada por el Gobierno de Ecuador.<\/p>\n<p>A mediados de marzo, el Presidente Len\u00edn Moreno, declar\u00f3 el estado de emergencia en todo el pa\u00eds por un plazo de 60 d\u00edas; sin embargo, el 5 de mayo decidi\u00f3 extenderlo por 30 d\u00edas, hasta el pr\u00f3ximo 16 de junio.<\/p>\n<p>De acuerdo con los \u00faltimos datos oficiales, al momento hay en Ecuador 30.486 casos confirmados de COVID-19, 2.334 fallecimientos confirmados y 1.544 fallecidos probables a causa de la pandemia.<\/p>\n<p>Tomado de: <a href=\"https:\/\/mundo.sputniknews.com\/america-latina\/202005131091418795-comunidad-ai-kofan-de-ecuador-prohibe-ingreso-de-extranos-a-su-territorio-por-covid-19\/\">https:\/\/mundo.sputniknews.com\/america-latina\/202005131091418795-comunidad-ai-kofan-de-ecuador-prohibe-ingreso-de-extranos-a-su-territorio-por-covid-19\/<\/a><\/p>\n<\/div>\n","protected":false},"excerpt":{"rendered":"<p>SPUTNIKNEWS Am\u00e9rica Latina 13 de mayo, 2020 QUITO (Sputnik) \u2014 Una comunidad ancestral del pueblo amaz\u00f3nico A&#8217;i Kof\u00e1n de Ecuador prohibi\u00f3 el acceso de veh\u00edculos y personas extra\u00f1as a sus territorios para prevenir el contagio de COVID-19, enfermedad causada por el nuevo coronavirus. &#8220;Hemos resuelto cerrar el acceso (\u2026de veh\u00edculos) a nuestra comunidad, con el&hellip;<\/p>\n","protected":false},"author":327,"featured_media":0,"comment_status":"open","ping_status":"open","sticky":false,"template":"","format":"standard","meta":{"_acf_changed":false,"footnotes":""},"categories":[1],"tags":[],"class_list":["post-15094","post","type-post","status-publish","format-standard","hentry","category-radar","category-1","description-off"],"acf":[],"_links":{"self":[{"href":"https:\/\/www.raisg.org\/pt-br\/wp-json\/wp\/v2\/posts\/15094","targetHints":{"allow":["GET"]}}],"collection":[{"href":"https:\/\/www.raisg.org\/pt-br\/wp-json\/wp\/v2\/posts"}],"about":[{"href":"https:\/\/www.raisg.org\/pt-br\/wp-json\/wp\/v2\/types\/post"}],"author":[{"embeddable":true,"href":"https:\/\/www.raisg.org\/pt-br\/wp-json\/wp\/v2\/users\/327"}],"replies":[{"embeddable":true,"href":"https:\/\/www.raisg.org\/pt-br\/wp-json\/wp\/v2\/comments?post=15094"}],"version-history":[{"count":0,"href":"https:\/\/www.raisg.org\/pt-br\/wp-json\/wp\/v2\/posts\/15094\/revisions"}],"wp:attachment":[{"href":"https:\/\/www.raisg.org\/pt-br\/wp-json\/wp\/v2\/media?parent=15094"}],"wp:term":[{"taxonomy":"category","embeddable":true,"href":"https:\/\/www.raisg.org\/pt-br\/wp-json\/wp\/v2\/categories?post=15094"},{"taxonomy":"post_tag","embeddable":true,"href":"https:\/\/www.raisg.org\/pt-br\/wp-json\/wp\/v2\/tags?post=15094"}],"curies":[{"name":"wp","href":"https:\/\/api.w.org\/{rel}","templated":true}]}}