{"id":15353,"date":"2020-06-02T16:56:26","date_gmt":"2020-06-02T19:56:26","guid":{"rendered":"https:\/\/www.amazoniasocioambiental.org\/radar\/covid-19-se-propaga-en-pueblos-de-la-amazonia\/"},"modified":"2020-06-10T23:49:47","modified_gmt":"2020-06-11T02:49:47","slug":"covid-19-se-propaga-en-pueblos-de-la-amazonia","status":"publish","type":"post","link":"https:\/\/www.raisg.org\/pt-br\/radar\/covid-19-se-propaga-en-pueblos-de-la-amazonia\/","title":{"rendered":"Covid-19 se propaga en pueblos de la Amazon\u00eda"},"content":{"rendered":"<p><img decoding=\"async\" src=\"https:\/\/www.eltiempo.com.ec\/media\/k2\/items\/cache\/ce57f581ccad411066f3635b20abf6cf_XL.jpg\" \/><\/p>\n<p style=\"text-align: right;\"><strong>El Tiempo<\/strong><br \/>\n<strong>Ecuador<\/strong><br \/>\n<strong>2 de junio, 2020<\/strong><\/p>\n<p>&nbsp;<\/p>\n<p>Las comunidades ind\u00edgenas de la Amazon\u00eda se mantienen en alerta debido a los contagios de covid-19 que suman 215 entre seis nacionalidades: Kichwa 104 casos, waorani 46, achuar 15, shuar 32, shiwiar 11 y siekopai siete.<\/p>\n<p>La Confederaci\u00f3n de Nacionalidades Ind\u00edgenas Amaz\u00f3nicas del Ecuador, Confeniae, inform\u00f3 adem\u00e1s que se registran 13 fallecimientos a causa de la pandemia y hay dos pacientes en estado cr\u00edtico.<\/p>\n<p>En un comunicado el organismo detall\u00f3 que existen 354 casos sospechosos, de ellos, 200 son del pueblo achuar, 120 waorani y 34 shuar. Tambi\u00e9n report\u00f3 86 personas recuperadas.<\/p>\n<p>Seg\u00fan la Confeniae, al corte del 31 de mayo, sumaban 668 personas afectadas directamente en el contexto del covid-19 y las alertas se mantienen en las provincias de Orellana, Napo, Pastaza, Sucumb\u00edos, Morona Santiago y Zamora Chinchipe, donde se asientan las nacionalidades afectadas.<\/p>\n<p>La organizaci\u00f3n ind\u00edgena indic\u00f3 que, en un trabajo conjunto con la CONAIE y con el presidente de la nacionalidad achuar, Tiyua Uyunkar, se ha gestionado la aplicaci\u00f3n de 200 pruebas r\u00e1pidas en los territorios shuar y achuar del cant\u00f3n Taisha en Morona, con 198 casos negativos y dos casos IGM positivos.<\/p>\n<p>Tambi\u00e9n dio a conocer que ha canalizado gestiones en estos meses ante la triple emergencia que afrontan los pueblos amaz\u00f3nicos: la pandemia del covid-19, inundaciones hist\u00f3ricas y derrames petroleros. \u201cApoyos que han sido coordinados con los presidentes de las 11 nacionalidades amaz\u00f3nicas, fortaleciendo la solidaridad entre los pueblos\u201d, inform\u00f3 en un comunicado.<\/p>\n<p><img fetchpriority=\"high\" decoding=\"async\" src=\"https:\/\/www.eltiempo.com.ec\/images\/eltiempo\/Cuenca\/2020\/junio\/02\/02-06-20-intercultural-covid1.jpg?ver=1591055191315\" alt=\"\" width=\"1140\" height=\"1140\" \/><br \/>\n<strong>Preocupaci\u00f3n<\/strong><br \/>\nOrganizaciones de Derechos Humanos han denunciado la vulnerabilidad de las comunidades ind\u00edgenas. La Comisi\u00f3n Interamericana de Derechos Humanos, CIDH, expres\u00f3 \u201calarma\u201d por la propagaci\u00f3n del coronavirus en los pueblos amaz\u00f3nicos del Ecuador.<\/p>\n<p>En su cuenta de Twitter el organismo record\u00f3 \u201cla necesidad de extremar medidas que garanticen su derecho a la salud desde enfoques de interculturalidad, g\u00e9nero y solidaridad intergeneracional\u201d. Alert\u00f3 al Estado ecuatoriano \u201csobre la especial vulnerabilidad de los pueblos ind\u00edgenas\u201d.<\/p>\n<p>Vulnerabilidades<br \/>\nEl Consejo Directivo del Fondo para el Desarrollo de los Pueblos Ind\u00edgenas de Am\u00e9rica Latina y El Caribe, FILAC, ha alertado que los pueblos ind\u00edgenas est\u00e1n en grave riesgo frente a la pandemia del coronavirus.<br \/>\nEn un informe regional sobre la lucha de estos grupos contra el brote, el FILAC expone las condiciones de vulnerabilidad extrema en la que viven los pueblos ind\u00edgenas, lo que significa, entre otros aspectos, \u201caltas tasas de desnutrici\u00f3n, inaccesibilidad a servicios de salud, precariedad de infraestructura y en general, imposibilidad de ejercer derechos individuales y colectivos fundamentales\u201d.<\/p>\n<p>Ante este panorama subray\u00f3 que se debe considerar al menos cuatro tipos de vulnerabilidades. Los ind\u00edgenas en aislamiento voluntario cuentan con sistemas inmunol\u00f3gicos mucho m\u00e1s fragilizados frente a agentes pat\u00f3genos externos.<br \/>\nLos pobladores ind\u00edgenas que habitan en centros urbanos, en su mayor\u00eda, est\u00e1n ubicados en barrios marginales con un menor acceso a servicios b\u00e1sicos de agua o alcantarillado.<\/p>\n<p>Algunos pueblos han perdido sus sistemas de vida originarios, modificando sus patrones alimenticios, lo que ha derivado en un cambio de sus perfiles epidemiol\u00f3gicos y en la aparici\u00f3n de enfermedades como la diabetes, presi\u00f3n alta, disfunciones g\u00e1stricas, c\u00e1ncer, entre otras.<br \/>\nLos ind\u00edgenas, principalmente en tierras bajas, enfrentan la mayor epidemia de dengue y malaria de los \u00faltimos tiempos, lo que afecta por la condici\u00f3n clim\u00e1tica y territorial. (F)<\/p>\n<p>&nbsp;<\/p>\n<p>Tomado de: <a href=\"https:\/\/www.eltiempo.com.ec\/noticias\/region\/12\/covid-19-se-propaga-en-pueblos-de-la-amazonia?__cf_chl_jschl_tk__=fa8ced947186f9e5716e829a9c551ca8afee96a2-1591120706-0-AT6kNrYNJlMOqdUxBhiBg3i81IhkQ6qIwqO2L6_7R_mRnNm5d5poI8le2yNKU-8-Exxeni8TtofHffFIOTuxhAzrBMbCyPFkvmGXwLl2Vj_gQ3vy-0mLSAkMABDuGWM66rdUCQXNr7sfvtq6ksWOBstG1FN0fd7EF4d8NK7GL8T7YYBoP6zMPVctSLaXYJygEn8MciDvdmIexF1gezhSj_L9SbLdQfa2CyEojCld30HZnVmoCspXpYRoEmvegY3FRx7HefHq53QqGdZrPV1EQNodUuKnvN3hRVaLHQ4MzthpmeSp8bIhNfc7MS3zQpMX-uCUu1BH979qVPP5IKf9QDJUX_AO1JGKzbLh_wGWcLFV\">https:\/\/bit.ly\/3gGgYjs<\/a><\/p>\n","protected":false},"excerpt":{"rendered":"<p>El Tiempo Ecuador 2 de junio, 2020 &nbsp; Las comunidades ind\u00edgenas de la Amazon\u00eda se mantienen en alerta debido a los contagios de covid-19 que suman 215 entre seis nacionalidades: Kichwa 104 casos, waorani 46, achuar 15, shuar 32, shiwiar 11 y siekopai siete. La Confederaci\u00f3n de Nacionalidades Ind\u00edgenas Amaz\u00f3nicas del Ecuador, Confeniae, inform\u00f3 adem\u00e1s&hellip;<\/p>\n","protected":false},"author":327,"featured_media":15490,"comment_status":"open","ping_status":"open","sticky":false,"template":"","format":"standard","meta":{"_acf_changed":false,"footnotes":""},"categories":[1],"tags":[],"class_list":["post-15353","post","type-post","status-publish","format-standard","has-post-thumbnail","hentry","category-radar","category-1","description-off"],"acf":[],"_links":{"self":[{"href":"https:\/\/www.raisg.org\/pt-br\/wp-json\/wp\/v2\/posts\/15353","targetHints":{"allow":["GET"]}}],"collection":[{"href":"https:\/\/www.raisg.org\/pt-br\/wp-json\/wp\/v2\/posts"}],"about":[{"href":"https:\/\/www.raisg.org\/pt-br\/wp-json\/wp\/v2\/types\/post"}],"author":[{"embeddable":true,"href":"https:\/\/www.raisg.org\/pt-br\/wp-json\/wp\/v2\/users\/327"}],"replies":[{"embeddable":true,"href":"https:\/\/www.raisg.org\/pt-br\/wp-json\/wp\/v2\/comments?post=15353"}],"version-history":[{"count":1,"href":"https:\/\/www.raisg.org\/pt-br\/wp-json\/wp\/v2\/posts\/15353\/revisions"}],"predecessor-version":[{"id":15535,"href":"https:\/\/www.raisg.org\/pt-br\/wp-json\/wp\/v2\/posts\/15353\/revisions\/15535"}],"wp:featuredmedia":[{"embeddable":true,"href":"https:\/\/www.raisg.org\/pt-br\/wp-json\/wp\/v2\/media\/15490"}],"wp:attachment":[{"href":"https:\/\/www.raisg.org\/pt-br\/wp-json\/wp\/v2\/media?parent=15353"}],"wp:term":[{"taxonomy":"category","embeddable":true,"href":"https:\/\/www.raisg.org\/pt-br\/wp-json\/wp\/v2\/categories?post=15353"},{"taxonomy":"post_tag","embeddable":true,"href":"https:\/\/www.raisg.org\/pt-br\/wp-json\/wp\/v2\/tags?post=15353"}],"curies":[{"name":"wp","href":"https:\/\/api.w.org\/{rel}","templated":true}]}}