{"id":17193,"date":"2020-08-05T22:51:52","date_gmt":"2020-08-06T01:51:52","guid":{"rendered":"https:\/\/www.amazoniasocioambiental.org\/radar\/mujeres-indigenas-exigen-mayor-proteccion-en-la-lucha-de-decadas-por-sus-territorios-en-la-amazonia\/"},"modified":"2020-08-05T22:51:52","modified_gmt":"2020-08-06T01:51:52","slug":"mujeres-indigenas-exigen-mayor-proteccion-en-la-lucha-de-decadas-por-sus-territorios-en-la-amazonia","status":"publish","type":"post","link":"https:\/\/www.raisg.org\/pt-br\/radar\/mujeres-indigenas-exigen-mayor-proteccion-en-la-lucha-de-decadas-por-sus-territorios-en-la-amazonia\/","title":{"rendered":"Mujeres ind\u00edgenas exigen mayor protecci\u00f3n en la lucha de d\u00e9cadas por sus territorios en la Amazon\u00eda"},"content":{"rendered":"<p><img decoding=\"async\" src=\"http:\/\/aineupstrmediaprd.blob.core.windows.net\/media\/24151\/stills-medium-res03.png\" \/><\/p>\n<p>Amnist\u00eda Internacional<br \/>\nEcuador<br \/>\n5 de agosto, 2020<\/p>\n<p>Las mujeres ind\u00edgenas ecuatorianas de la selva amaz\u00f3nica piden mayor protecci\u00f3n frente a las amenazas de muerte y los ataques mientras contin\u00faan su lucha en defensa de sus tierras ancestrales.<\/p>\n<p>El colectivo Mujeres Amaz\u00f3nicas lleva muchos a\u00f1os protestando contra el saqueo de sus tierras por empresas petroleras, mineras y madereras. Cuentan con el apoyo de Amnist\u00eda Internacional, que, seg\u00fan la activista ambiental Patricia Gualinga (una de las portavoces del colectivo), lleva a\u00f1os ayudando a llamar la atenci\u00f3n del mundo sobre la campa\u00f1a de estas mujeres.<\/p>\n<figure class=\"figure--article\"><picture><img decoding=\"async\" class=\"image--fullwidth print-hidden lazyloaded\" src=\"data:image\/gif;base64,R0lGODlhAQABAAAAACH5BAEKAAEALAAAAAABAAEAAAICTAEAOw==\" alt=\"\" \/><\/picture><\/figure>\n<p>\u201cDestruir la Amazon\u00eda es la destrucci\u00f3n del mundo\u201d \u2014dijo Gualinga a Amnist\u00eda Internacional en marzo\u2014. \u201cSi no se dan cuenta de eso, estamos perdidos.\u201d<\/p>\n<figure class=\"figure--article\"><picture><source srcset=\"\/remote.axd\/aineupstrmediaprd.blob.core.windows.net\/media\/24150\/stills-low-res02.png?center=0.5%2c0.5&amp;amp;preset=proportional_639, \/remote.axd\/aineupstrmediaprd.blob.core.windows.net\/media\/24150\/stills-low-res02.png?center=0.5%2c0.5&amp;amp;preset=proportional_639_hi 2x\" media=\"(min-width: 346px)\" data-srcset=\"\/remote.axd\/aineupstrmediaprd.blob.core.windows.net\/media\/24150\/stills-low-res02.png?center=0.5%2c0.5&amp;amp;preset=proportional_639, \/remote.axd\/aineupstrmediaprd.blob.core.windows.net\/media\/24150\/stills-low-res02.png?center=0.5%2c0.5&amp;amp;preset=proportional_639_hi 2x\" \/><source srcset=\"\/remote.axd\/aineupstrmediaprd.blob.core.windows.net\/media\/24150\/stills-low-res02.png?center=0.5%2c0.5&amp;amp;preset=proportional_345, \/remote.axd\/aineupstrmediaprd.blob.core.windows.net\/media\/24150\/stills-low-res02.png?center=0.5%2c0.5&amp;amp;preset=proportional_345_hi 2x\" data-srcset=\"\/remote.axd\/aineupstrmediaprd.blob.core.windows.net\/media\/24150\/stills-low-res02.png?center=0.5%2c0.5&amp;amp;preset=proportional_345, \/remote.axd\/aineupstrmediaprd.blob.core.windows.net\/media\/24150\/stills-low-res02.png?center=0.5%2c0.5&amp;amp;preset=proportional_345_hi 2x\" \/><img decoding=\"async\" class=\"image--fullwidth print-hidden lazyloaded\" src=\"data:image\/gif;base64,R0lGODlhAQABAAAAACH5BAEKAAEALAAAAAABAAEAAAICTAEAOw==\" alt=\"\" \/><\/picture><\/figure>\n<p><strong>Explotaci\u00f3n de tierras del pueblo Sarayaku<\/strong><\/p>\n<p>En 2002 y 2003, la petrolera argentina CGC irrumpi\u00f3 en el territorio del pueblo Sarayaku. Despleg\u00f3 guardias de seguridad militares y privados, construy\u00f3 carreteras y deforest\u00f3 terreno, destruyendo \u00e1rboles y plantas de gran valor ecol\u00f3gico, cultural y espiritual para la comunidad ind\u00edgena. Adem\u00e1s, como parte de sus operaciones de perforaci\u00f3n, la empresa enterr\u00f3 1.400 kilos de un explosivo llamado pentolita en territorio de Sarayaku, poniendo en peligro la vida de sus habitantes y oblig\u00e1ndolos a abandonar parte de sus tierras ancestrales.<\/p>\n<figure class=\"figure--article\"><picture><source srcset=\"\/remote.axd\/aineupstrmediaprd.blob.core.windows.net\/media\/24146\/stills-low-res14.png?center=0.5%2c0.5&amp;amp;preset=proportional_639, \/remote.axd\/aineupstrmediaprd.blob.core.windows.net\/media\/24146\/stills-low-res14.png?center=0.5%2c0.5&amp;amp;preset=proportional_639_hi 2x\" media=\"(min-width: 346px)\" data-srcset=\"\/remote.axd\/aineupstrmediaprd.blob.core.windows.net\/media\/24146\/stills-low-res14.png?center=0.5%2c0.5&amp;amp;preset=proportional_639, \/remote.axd\/aineupstrmediaprd.blob.core.windows.net\/media\/24146\/stills-low-res14.png?center=0.5%2c0.5&amp;amp;preset=proportional_639_hi 2x\" \/><source srcset=\"\/remote.axd\/aineupstrmediaprd.blob.core.windows.net\/media\/24146\/stills-low-res14.png?center=0.5%2c0.5&amp;amp;preset=proportional_345, \/remote.axd\/aineupstrmediaprd.blob.core.windows.net\/media\/24146\/stills-low-res14.png?center=0.5%2c0.5&amp;amp;preset=proportional_345_hi 2x\" data-srcset=\"\/remote.axd\/aineupstrmediaprd.blob.core.windows.net\/media\/24146\/stills-low-res14.png?center=0.5%2c0.5&amp;amp;preset=proportional_345, \/remote.axd\/aineupstrmediaprd.blob.core.windows.net\/media\/24146\/stills-low-res14.png?center=0.5%2c0.5&amp;amp;preset=proportional_345_hi 2x\" \/><img decoding=\"async\" class=\"image--fullwidth print-hidden lazyloaded\" src=\"data:image\/gif;base64,R0lGODlhAQABAAAAACH5BAEKAAEALAAAAAABAAEAAAICTAEAOw==\" alt=\"\" \/><\/picture><\/figure>\n<p>\u201cEnterraron 50 cargas explosivas por la noche, y quienes lo hicieron sab\u00edan que era muy peligroso\u201d \u2014explica Gualinga\u2014. \u201cYo me vi obligada a ser una defensora de derechos humanos porque las petroleras violentaban los derechos de mi pueblo Sarayaku.\u201d<\/p>\n<p>En 2012, Amnist\u00eda Internacional ayud\u00f3 al pueblo Sarayaku a denunciar al Estado ecuatoriano ante la Corte Interamericana de Derechos Humanos por haber autorizado a CGC a colocar explosivos y perforar sus tierras ancestrales en busca de petr\u00f3leo sin contar con el consentimiento previo, libre e informado de la comunidad ind\u00edgena, y por no reparar los da\u00f1os ocasionados ni proteger a estas personas frente a abusos en el futuro.<\/p>\n<figure class=\"figure--article\"><picture><source srcset=\"\/remote.axd\/aineupstrmediaprd.blob.core.windows.net\/media\/24135\/stills-medium-res07.png?center=0.5%2c0.5&amp;amp;preset=proportional_639, \/remote.axd\/aineupstrmediaprd.blob.core.windows.net\/media\/24135\/stills-medium-res07.png?center=0.5%2c0.5&amp;amp;preset=proportional_639_hi 2x\" media=\"(min-width: 346px)\" data-srcset=\"\/remote.axd\/aineupstrmediaprd.blob.core.windows.net\/media\/24135\/stills-medium-res07.png?center=0.5%2c0.5&amp;amp;preset=proportional_639, \/remote.axd\/aineupstrmediaprd.blob.core.windows.net\/media\/24135\/stills-medium-res07.png?center=0.5%2c0.5&amp;amp;preset=proportional_639_hi 2x\" \/><source srcset=\"\/remote.axd\/aineupstrmediaprd.blob.core.windows.net\/media\/24135\/stills-medium-res07.png?center=0.5%2c0.5&amp;amp;preset=proportional_345, \/remote.axd\/aineupstrmediaprd.blob.core.windows.net\/media\/24135\/stills-medium-res07.png?center=0.5%2c0.5&amp;amp;preset=proportional_345_hi 2x\" data-srcset=\"\/remote.axd\/aineupstrmediaprd.blob.core.windows.net\/media\/24135\/stills-medium-res07.png?center=0.5%2c0.5&amp;amp;preset=proportional_345, \/remote.axd\/aineupstrmediaprd.blob.core.windows.net\/media\/24135\/stills-medium-res07.png?center=0.5%2c0.5&amp;amp;preset=proportional_345_hi 2x\" \/><img decoding=\"async\" class=\"image--fullwidth print-hidden lazyloaded\" src=\"data:image\/gif;base64,R0lGODlhAQABAAAAACH5BAEKAAEALAAAAAABAAEAAAICTAEAOw==\" alt=\"\" \/><\/picture><\/figure>\n<p>Ganaron la causa, y fue un triunfo hist\u00f3rico. La Corte Interamericana de Derechos Humanos fall\u00f3 en contra de Ecuador por violar el derecho a la integridad f\u00edsica de los miembros de la comunidad Sarayaku y poner en grave peligro su derecho a la vida.<\/p>\n<p>El tribunal resolvi\u00f3 asimismo que el gobierno ecuatoriano era responsable de violar el derecho de la comunidad Sarayaku a ser consultada, as\u00ed como su propiedad comunal y su identidad cultural.<\/p>\n<figure class=\"figure--article\"><picture><source srcset=\"\/remote.axd\/aineupstrmediaprd.blob.core.windows.net\/media\/24147\/stills-low-res12.png?center=0.5%2c0.5&amp;amp;preset=proportional_639, \/remote.axd\/aineupstrmediaprd.blob.core.windows.net\/media\/24147\/stills-low-res12.png?center=0.5%2c0.5&amp;amp;preset=proportional_639_hi 2x\" media=\"(min-width: 346px)\" data-srcset=\"\/remote.axd\/aineupstrmediaprd.blob.core.windows.net\/media\/24147\/stills-low-res12.png?center=0.5%2c0.5&amp;amp;preset=proportional_639, \/remote.axd\/aineupstrmediaprd.blob.core.windows.net\/media\/24147\/stills-low-res12.png?center=0.5%2c0.5&amp;amp;preset=proportional_639_hi 2x\" \/><source srcset=\"\/remote.axd\/aineupstrmediaprd.blob.core.windows.net\/media\/24147\/stills-low-res12.png?center=0.5%2c0.5&amp;amp;preset=proportional_345, \/remote.axd\/aineupstrmediaprd.blob.core.windows.net\/media\/24147\/stills-low-res12.png?center=0.5%2c0.5&amp;amp;preset=proportional_345_hi 2x\" data-srcset=\"\/remote.axd\/aineupstrmediaprd.blob.core.windows.net\/media\/24147\/stills-low-res12.png?center=0.5%2c0.5&amp;amp;preset=proportional_345, \/remote.axd\/aineupstrmediaprd.blob.core.windows.net\/media\/24147\/stills-low-res12.png?center=0.5%2c0.5&amp;amp;preset=proportional_345_hi 2x\" \/><img decoding=\"async\" class=\"image--fullwidth print-hidden lazyloaded\" src=\"data:image\/gif;base64,R0lGODlhAQABAAAAACH5BAEKAAEALAAAAAABAAEAAAICTAEAOw==\" alt=\"\" \/><\/picture><\/figure>\n<p>Sin embargo, a pesar de esta gran victoria, casi ocho a\u00f1os despu\u00e9s las autoridades no han acatado la sentencia de la Corte. Los explosivos contin\u00faan enterrados en territorio de Sarayaku y Patricia sigue sufriendo ataques y recibiendo amenazas de muerte.<\/p>\n<p>Gualinga afirma: \u201cLos explosivos est\u00e1n aqu\u00ed, y esto refleja lo que puede pasarles a otras comunidades si no perseveramos en la lucha. Debemos seguir presionando para que se cumpla todo lo que dispuso el tribunal. Porque sabemos que las empresas internacionales continuar\u00e1n haciendo lo posible por ignorarnos, y no podemos dejar que lo hagan.\u201d<\/p>\n<figure class=\"figure--article\"><picture><source srcset=\"\/remote.axd\/aineupstrmediaprd.blob.core.windows.net\/media\/24134\/stills-medium-res06.png?center=0.5%2c0.5&amp;amp;preset=proportional_639, \/remote.axd\/aineupstrmediaprd.blob.core.windows.net\/media\/24134\/stills-medium-res06.png?center=0.5%2c0.5&amp;amp;preset=proportional_639_hi 2x\" media=\"(min-width: 346px)\" data-srcset=\"\/remote.axd\/aineupstrmediaprd.blob.core.windows.net\/media\/24134\/stills-medium-res06.png?center=0.5%2c0.5&amp;amp;preset=proportional_639, \/remote.axd\/aineupstrmediaprd.blob.core.windows.net\/media\/24134\/stills-medium-res06.png?center=0.5%2c0.5&amp;amp;preset=proportional_639_hi 2x\" \/><source srcset=\"\/remote.axd\/aineupstrmediaprd.blob.core.windows.net\/media\/24134\/stills-medium-res06.png?center=0.5%2c0.5&amp;amp;preset=proportional_345, \/remote.axd\/aineupstrmediaprd.blob.core.windows.net\/media\/24134\/stills-medium-res06.png?center=0.5%2c0.5&amp;amp;preset=proportional_345_hi 2x\" data-srcset=\"\/remote.axd\/aineupstrmediaprd.blob.core.windows.net\/media\/24134\/stills-medium-res06.png?center=0.5%2c0.5&amp;amp;preset=proportional_345, \/remote.axd\/aineupstrmediaprd.blob.core.windows.net\/media\/24134\/stills-medium-res06.png?center=0.5%2c0.5&amp;amp;preset=proportional_345_hi 2x\" \/><img decoding=\"async\" class=\"image--fullwidth print-hidden lazyloaded\" src=\"data:image\/gif;base64,R0lGODlhAQABAAAAACH5BAEKAAEALAAAAAABAAEAAAICTAEAOw==\" alt=\"\" \/><\/picture><\/figure>\n<p><strong>La uni\u00f3n hace la fuerza<\/strong><\/p>\n<p>Gualinga piensa que, a trav\u00e9s del movimiento de protesta de las mujeres, la uni\u00f3n hace la fuerza de las mujeres ind\u00edgenas. \u201cEn 2018 amenazaron con matarnos\u201d \u2014cuenta de sus agresores, a quienes las autoridades ecuatorianas no han identificado y llevado ante la justicia\u2014, \u201cy a algunas de mis compa\u00f1eras dirigentes les quemaron la casa hasta los cimientos. No fue una amenaza contra mi pueblo; fue una amenaza directa contra m\u00ed.\u201d<\/p>\n<p>\u201cPor definici\u00f3n, las mujeres corren mayor peligro que los hombres. Se las puede amenazar sexual y f\u00edsicamente; para los hombres es diferente. Las mujeres nos unimos porque tenemos que hacerlo, porque sabemos que juntas somos m\u00e1s fuertes y estamos m\u00e1s protegidas en m\u00faltiples niveles.\u201d<\/p>\n<figure class=\"figure--article\"><picture><source srcset=\"\/remote.axd\/aineupstrmediaprd.blob.core.windows.net\/media\/24132\/stills-medium-res04.png?center=0.5%2c0.5&amp;amp;preset=proportional_639, \/remote.axd\/aineupstrmediaprd.blob.core.windows.net\/media\/24132\/stills-medium-res04.png?center=0.5%2c0.5&amp;amp;preset=proportional_639_hi 2x\" media=\"(min-width: 346px)\" data-srcset=\"\/remote.axd\/aineupstrmediaprd.blob.core.windows.net\/media\/24132\/stills-medium-res04.png?center=0.5%2c0.5&amp;amp;preset=proportional_639, \/remote.axd\/aineupstrmediaprd.blob.core.windows.net\/media\/24132\/stills-medium-res04.png?center=0.5%2c0.5&amp;amp;preset=proportional_639_hi 2x\" \/><source srcset=\"\/remote.axd\/aineupstrmediaprd.blob.core.windows.net\/media\/24132\/stills-medium-res04.png?center=0.5%2c0.5&amp;amp;preset=proportional_345, \/remote.axd\/aineupstrmediaprd.blob.core.windows.net\/media\/24132\/stills-medium-res04.png?center=0.5%2c0.5&amp;amp;preset=proportional_345_hi 2x\" data-srcset=\"\/remote.axd\/aineupstrmediaprd.blob.core.windows.net\/media\/24132\/stills-medium-res04.png?center=0.5%2c0.5&amp;amp;preset=proportional_345, \/remote.axd\/aineupstrmediaprd.blob.core.windows.net\/media\/24132\/stills-medium-res04.png?center=0.5%2c0.5&amp;amp;preset=proportional_345_hi 2x\" \/><img decoding=\"async\" class=\"image--fullwidth print-hidden lazyloaded\" src=\"data:image\/gif;base64,R0lGODlhAQABAAAAACH5BAEKAAEALAAAAAABAAEAAAICTAEAOw==\" alt=\"\" \/><\/picture><\/figure>\n<p>\u201cAl agruparnos, nos protegemos. Esa es la raz\u00f3n de ser de Mujeres Amaz\u00f3nicas: no estar solas para no ser tan vulnerables.\u201d<\/p>\n<p>El 13 de noviembre de 2019, la comunidad Sarayaku present\u00f3 una demanda ante la Corte Constitucional del Ecuador para reclamar que las autoridades cumplieran lo dispuesto por la Corte Interamericana en 2012. Y en marzo de 2020, Mujeres Amaz\u00f3nicas organiz\u00f3 una marcha multitudinaria de mujeres ind\u00edgenas por las calles de la capital, Quito, para entregar al gobierno ecuatoriano una petici\u00f3n de mayor protecci\u00f3n.<\/p>\n<figure class=\"figure--article\"><picture><source srcset=\"\/remote.axd\/aineupstrmediaprd.blob.core.windows.net\/media\/24148\/stills-low-res09.png?center=0.5%2c0.5&amp;amp;preset=proportional_639, \/remote.axd\/aineupstrmediaprd.blob.core.windows.net\/media\/24148\/stills-low-res09.png?center=0.5%2c0.5&amp;amp;preset=proportional_639_hi 2x\" media=\"(min-width: 346px)\" data-srcset=\"\/remote.axd\/aineupstrmediaprd.blob.core.windows.net\/media\/24148\/stills-low-res09.png?center=0.5%2c0.5&amp;amp;preset=proportional_639, \/remote.axd\/aineupstrmediaprd.blob.core.windows.net\/media\/24148\/stills-low-res09.png?center=0.5%2c0.5&amp;amp;preset=proportional_639_hi 2x\" \/><source srcset=\"\/remote.axd\/aineupstrmediaprd.blob.core.windows.net\/media\/24148\/stills-low-res09.png?center=0.5%2c0.5&amp;amp;preset=proportional_345, \/remote.axd\/aineupstrmediaprd.blob.core.windows.net\/media\/24148\/stills-low-res09.png?center=0.5%2c0.5&amp;amp;preset=proportional_345_hi 2x\" data-srcset=\"\/remote.axd\/aineupstrmediaprd.blob.core.windows.net\/media\/24148\/stills-low-res09.png?center=0.5%2c0.5&amp;amp;preset=proportional_345, \/remote.axd\/aineupstrmediaprd.blob.core.windows.net\/media\/24148\/stills-low-res09.png?center=0.5%2c0.5&amp;amp;preset=proportional_345_hi 2x\" \/><img decoding=\"async\" class=\"image--fullwidth print-hidden lazyloaded\" src=\"data:image\/gif;base64,R0lGODlhAQABAAAAACH5BAEKAAEALAAAAAABAAEAAAICTAEAOw==\" alt=\"\" \/><\/picture><\/figure>\n<p>El 19 de junio de 2020, la Corte Constitucional del Ecuador admiti\u00f3 la demanda, pero podr\u00eda tardar a\u00f1os en dictar sentencia. Desde marzo de 2020, la comunidad Sarayaku tambi\u00e9n se enfrenta a graves dificultades a causa de las inundaciones y, m\u00e1s recientemente, de la propagaci\u00f3n de la COVID-19 entre sus habitantes, que se suman a las que ya atravesaba esta remota comunidad de la selva tropical.<\/p>\n<p>\u201cSolamente piensan que los pueblos ind\u00edgenas est\u00e1n luchando porque violentan\u00a0<em>nuestros<\/em>\u00a0derechos\u201d \u2014afirma Gualinga\u2014, \u201cpero estamos luchando por el bienestar de\u00a0<em>sus<\/em>\u00a0hijos, que tienen tanto derecho como nosotros a respirar aire limpio. Luchamos para defender su ox\u00edgeno, el futuro de su planeta. Luchamos por su bienestar.\u201d<\/p>\n<figure class=\"figure--article\"><picture><source srcset=\"\/remote.axd\/aineupstrmediaprd.blob.core.windows.net\/media\/24145\/stills-low-res11.png?center=0.5%2c0.5&amp;amp;preset=proportional_639, \/remote.axd\/aineupstrmediaprd.blob.core.windows.net\/media\/24145\/stills-low-res11.png?center=0.5%2c0.5&amp;amp;preset=proportional_639_hi 2x\" media=\"(min-width: 346px)\" data-srcset=\"\/remote.axd\/aineupstrmediaprd.blob.core.windows.net\/media\/24145\/stills-low-res11.png?center=0.5%2c0.5&amp;amp;preset=proportional_639, \/remote.axd\/aineupstrmediaprd.blob.core.windows.net\/media\/24145\/stills-low-res11.png?center=0.5%2c0.5&amp;amp;preset=proportional_639_hi 2x\" \/><source srcset=\"\/remote.axd\/aineupstrmediaprd.blob.core.windows.net\/media\/24145\/stills-low-res11.png?center=0.5%2c0.5&amp;amp;preset=proportional_345, \/remote.axd\/aineupstrmediaprd.blob.core.windows.net\/media\/24145\/stills-low-res11.png?center=0.5%2c0.5&amp;amp;preset=proportional_345_hi 2x\" data-srcset=\"\/remote.axd\/aineupstrmediaprd.blob.core.windows.net\/media\/24145\/stills-low-res11.png?center=0.5%2c0.5&amp;amp;preset=proportional_345, \/remote.axd\/aineupstrmediaprd.blob.core.windows.net\/media\/24145\/stills-low-res11.png?center=0.5%2c0.5&amp;amp;preset=proportional_345_hi 2x\" \/><img decoding=\"async\" class=\"image--fullwidth print-hidden lazyloaded\" src=\"data:image\/gif;base64,R0lGODlhAQABAAAAACH5BAEKAAEALAAAAAABAAEAAAICTAEAOw==\" alt=\"\" \/><\/picture><\/figure>\n<p>Amnist\u00eda Internacional lleva muchos a\u00f1os apoyando a Mujeres Amaz\u00f3nicas y pide a las autoridades ecuatorianas que garanticen la protecci\u00f3n efectiva de defensores y defensoras de los derechos humanos como Patricia, para que puedan hacer o\u00edr su voz en condiciones seguras y continuar su labor de defensa de los derechos humanos sin miedo a sufrir represalias.<\/p>\n<p>Gualinga afirma que el apoyo de Amnist\u00eda Internacional al movimiento de protesta ha sido fundamental, porque ha sacado a relucir los rostros de las mujeres que luchan para defender la naturaleza y los derechos humanos. \u201cHemos servido de inspiraci\u00f3n a otras comunidades \u2014asegura\u2014, hemos permitido que mujeres marginadas alcen su voz y hemos obligado a petroleras a marcharse del pa\u00eds.\u201d<\/p>\n<figure class=\"figure--article\"><picture><source srcset=\"\/remote.axd\/aineupstrmediaprd.blob.core.windows.net\/media\/24128\/stills-medium-res00.png?center=0.5%2c0.5&amp;amp;preset=proportional_639, \/remote.axd\/aineupstrmediaprd.blob.core.windows.net\/media\/24128\/stills-medium-res00.png?center=0.5%2c0.5&amp;amp;preset=proportional_639_hi 2x\" media=\"(min-width: 346px)\" data-srcset=\"\/remote.axd\/aineupstrmediaprd.blob.core.windows.net\/media\/24128\/stills-medium-res00.png?center=0.5%2c0.5&amp;amp;preset=proportional_639, \/remote.axd\/aineupstrmediaprd.blob.core.windows.net\/media\/24128\/stills-medium-res00.png?center=0.5%2c0.5&amp;amp;preset=proportional_639_hi 2x\" \/><source srcset=\"\/remote.axd\/aineupstrmediaprd.blob.core.windows.net\/media\/24128\/stills-medium-res00.png?center=0.5%2c0.5&amp;amp;preset=proportional_345, \/remote.axd\/aineupstrmediaprd.blob.core.windows.net\/media\/24128\/stills-medium-res00.png?center=0.5%2c0.5&amp;amp;preset=proportional_345_hi 2x\" data-srcset=\"\/remote.axd\/aineupstrmediaprd.blob.core.windows.net\/media\/24128\/stills-medium-res00.png?center=0.5%2c0.5&amp;amp;preset=proportional_345, \/remote.axd\/aineupstrmediaprd.blob.core.windows.net\/media\/24128\/stills-medium-res00.png?center=0.5%2c0.5&amp;amp;preset=proportional_345_hi 2x\" \/><img decoding=\"async\" class=\"image--fullwidth print-hidden lazyloaded\" src=\"data:image\/gif;base64,R0lGODlhAQABAAAAACH5BAEKAAEALAAAAAABAAEAAAICTAEAOw==\" alt=\"\" \/><\/picture><\/figure>\n<p>\u201cTodo ello a costa de correr graves riesgos e invertir mucho tiempo y energ\u00eda. Merece la pena. Porque el planeta a\u00fan existe; porque la naturaleza est\u00e1 de nuestra parte. Y que el mundo sepa que la Amazon\u00eda es rica en biodiversidad, en cultura y en vida.\u201d<\/p>\n<p>&nbsp;<\/p>\n<p>Tomado de: <a href=\"https:\/\/www.amnesty.org\/es\/latest\/impact\/2020\/08\/indigenous-women-demand-more-protection-in-decades-long-fight-for-amazon-homelands\/\">https:\/\/www.amnesty.org\/es\/latest\/impact\/2020\/08\/indigenous-women-demand-more-protection-in-decades-long-fight-for-amazon-homelands\/<\/a><\/p>\n","protected":false},"excerpt":{"rendered":"<p>Las mujeres ind\u00edgenas ecuatorianas de la selva amaz\u00f3nica piden mayor protecci\u00f3n frente a las amenazas de muerte y los ataques mientras contin\u00faan su lucha en defensa de sus tierras ancestrales.<\/p>\n<p>El colectivo Mujeres Amaz\u00f3nicas lleva muchos a\u00f1os protestando contra el saqueo de sus tierras por empresas petroleras, mineras y madereras. Cuentan con el apoyo de Amnist\u00eda Internacional, que, seg\u00fan la activista ambiental Patricia Gualinga (una de las portavoces del colectivo), lleva a\u00f1os ayudando a llamar la atenci\u00f3n del mundo sobre la campa\u00f1a de estas mujeres.<\/p>\n","protected":false},"author":327,"featured_media":0,"comment_status":"open","ping_status":"open","sticky":false,"template":"","format":"standard","meta":{"_acf_changed":false,"footnotes":""},"categories":[1],"tags":[],"class_list":["post-17193","post","type-post","status-publish","format-standard","hentry","category-radar","category-1","description-off"],"acf":[],"_links":{"self":[{"href":"https:\/\/www.raisg.org\/pt-br\/wp-json\/wp\/v2\/posts\/17193","targetHints":{"allow":["GET"]}}],"collection":[{"href":"https:\/\/www.raisg.org\/pt-br\/wp-json\/wp\/v2\/posts"}],"about":[{"href":"https:\/\/www.raisg.org\/pt-br\/wp-json\/wp\/v2\/types\/post"}],"author":[{"embeddable":true,"href":"https:\/\/www.raisg.org\/pt-br\/wp-json\/wp\/v2\/users\/327"}],"replies":[{"embeddable":true,"href":"https:\/\/www.raisg.org\/pt-br\/wp-json\/wp\/v2\/comments?post=17193"}],"version-history":[{"count":0,"href":"https:\/\/www.raisg.org\/pt-br\/wp-json\/wp\/v2\/posts\/17193\/revisions"}],"wp:attachment":[{"href":"https:\/\/www.raisg.org\/pt-br\/wp-json\/wp\/v2\/media?parent=17193"}],"wp:term":[{"taxonomy":"category","embeddable":true,"href":"https:\/\/www.raisg.org\/pt-br\/wp-json\/wp\/v2\/categories?post=17193"},{"taxonomy":"post_tag","embeddable":true,"href":"https:\/\/www.raisg.org\/pt-br\/wp-json\/wp\/v2\/tags?post=17193"}],"curies":[{"name":"wp","href":"https:\/\/api.w.org\/{rel}","templated":true}]}}