{"id":19667,"date":"2020-11-13T17:18:24","date_gmt":"2020-11-13T20:18:24","guid":{"rendered":"https:\/\/www.amazoniasocioambiental.org\/?p=19667"},"modified":"2020-11-23T18:41:02","modified_gmt":"2020-11-23T21:41:02","slug":"deforestacion-en-la-amazonia-al-alza-por-primera-vez-en-cuatro-meses","status":"publish","type":"post","link":"https:\/\/www.raisg.org\/pt-br\/radar\/deforestacion-en-la-amazonia-al-alza-por-primera-vez-en-cuatro-meses\/","title":{"rendered":"Deforestaci\u00f3n en la Amazon\u00eda al alza por primera vez en cuatro meses"},"content":{"rendered":"<p style=\"text-align: right;\">Revista Dinero<\/p>\n<p style=\"text-align: right;\">13 de noviembre de 2020<\/p>\n<p>&nbsp;<\/p>\n<p>Los sat\u00e9lites del Instituto Nacional de Investigaciones Espaciales (INPE) detectaron en octubre 836 km\u00b2 de\u00a0<a href=\"https:\/\/www.dinero.com\/noticias\/bosques\/3399\" target=\"_blank\" rel=\"noopener noreferrer\">bosque tropical<\/a>\u00a0deforestado.\u00a0<strong>Es la primera vez desde junio que la cifra mensual supera a la de 2019, a\u00f1o en que se rompieron todos los r\u00e9cords.<\/strong><\/p>\n<p>El mayor bosque tropical del mundo acumula 7.899 km\u00b2 destruidos en los primeros diez meses del a\u00f1o, un 6% por debajo de igual periodo de 2019, con 8.425 km\u00b2.\u00a0<strong>De<\/strong>\u00a0<strong>enero a septiembre se hab\u00eda registrado un 10% menos de \u00e1rea deforestada, frente a igual periodo del a\u00f1o pasado.<\/strong><\/p>\n<p>La deforestaci\u00f3n en lo que va de 2020 es ya muy superior al total anual registrado en los a\u00f1os previos a la llegada del ultraderechista\u00a0<a href=\"https:\/\/www.dinero.com\/noticias\/jair-bolsonaro\/9930\" target=\"_blank\" rel=\"noopener noreferrer\">Jair Bolsonaro<\/a>\u00a0al poder, en enero de 2019: fueron 4.951 km\u00b2 en todo 2018, 3.551 km\u00b2 en 2017, 6.032 km\u00b2 en 2016 y 2.195 km\u00b2 en 2015.<\/p>\n<p><strong>La situaci\u00f3n es, adem\u00e1s, muy preocupante por los incendios en la Amazon\u00eda.<\/strong><\/p>\n<p>En octubre pasado se registraron m\u00e1s del doble de incendios en el\u00a0<a href=\"https:\/\/www.dinero.com\/noticias\/bosques\/3399\" target=\"_blank\" rel=\"noopener noreferrer\">bosque tropical<\/a>\u00a0frente al mismo mes de 2019, seg\u00fan datos del INPE de inicios de noviembre.<\/p>\n<p><strong>En los diez primeros meses del a\u00f1o, hubo 93.356 focos de calor contra unos 89.176 en todo 2019.<\/strong><\/p>\n<p><strong>&#8220;Los incendios y <a href=\"https:\/\/www.dinero.com\/noticias\/deforestacion\/3585\" target=\"_blank\" rel=\"noopener noreferrer\">la deforestaci\u00f3n<\/a>\u00a0son dos caras de la misma moneda: lo que est\u00e1 pasando en la selva es reflejo de la falta de una pol\u00edtica ambiental en el pa\u00eds&#8221;,<\/strong>\u00a0denunci\u00f3 la semana pasada el portavoz de Greenpeace Brasil, R\u00f4mulo Batista.<\/p>\n<p>El vicepresidente del pa\u00eds, Hamilton Mourao, sobrevol\u00f3 la semana pasada la Amazon\u00eda junto a diplom\u00e1ticos de una decena de pa\u00edses para\u00a0<strong>intentar mejorar la imagen<\/strong>\u00a0del gobierno brasile\u00f1o, foco de cr\u00edticas por sus pol\u00edticas ambientales.<\/p>\n<p>Varias ONG criticaron el recorrido porque excluy\u00f3 las zonas m\u00e1s afectadas por la deforestaci\u00f3n y los incendios.<\/p>\n<p>Bolsonaro, que todav\u00eda no ha felicitado a\u00a0<a href=\"https:\/\/www.dinero.com\/noticias\/joe-biden\/17855\" target=\"_blank\" rel=\"noopener noreferrer\">Joe Biden<\/a>\u00a0tras su victoria en las presidenciales en Estados Unidos, advirti\u00f3 el martes, en una declaraci\u00f3n en la que evit\u00f3 nombrar al dem\u00f3crata, que\u00a0<strong>Brasil no tiene la intenci\u00f3n de recibir presiones sobre la Amazon\u00eda.<\/strong><\/p>\n<p>Durante la campa\u00f1a, Biden amenaz\u00f3 al gobierno brasile\u00f1o con\u00a0<strong>&#8220;consecuencias econ\u00f3micas significativas&#8221; si contin\u00faa deforestando la Amazon\u00eda.<\/strong><\/p>\n<p>Tomado de: <a href=\"https:\/\/www.dinero.com\/internacional\/articulo\/deforestacion-en-la-amazonia-al-alza-por-primera-vez-en-cuatro-meses\/306809\">https:\/\/www.dinero.com\/internacional\/articulo\/deforestacion-en-la-amazonia-al-alza-por-primera-vez-en-cuatro-meses\/306809<\/a><\/p>\n","protected":false},"excerpt":{"rendered":"<p>Revista Dinero 13 de noviembre de 2020 &nbsp; Los sat\u00e9lites del Instituto Nacional de Investigaciones Espaciales (INPE) detectaron en octubre 836 km\u00b2 de\u00a0bosque tropical\u00a0deforestado.\u00a0Es la primera vez desde junio que la cifra mensual supera a la de 2019, a\u00f1o en que se rompieron todos los r\u00e9cords. El mayor bosque tropical del mundo acumula 7.899 km\u00b2&hellip;<\/p>\n","protected":false},"author":324,"featured_media":19573,"comment_status":"open","ping_status":"open","sticky":false,"template":"","format":"standard","meta":{"_acf_changed":false,"footnotes":""},"categories":[1],"tags":[],"class_list":["post-19667","post","type-post","status-publish","format-standard","has-post-thumbnail","hentry","category-radar","category-1","description-off"],"acf":[],"_links":{"self":[{"href":"https:\/\/www.raisg.org\/pt-br\/wp-json\/wp\/v2\/posts\/19667","targetHints":{"allow":["GET"]}}],"collection":[{"href":"https:\/\/www.raisg.org\/pt-br\/wp-json\/wp\/v2\/posts"}],"about":[{"href":"https:\/\/www.raisg.org\/pt-br\/wp-json\/wp\/v2\/types\/post"}],"author":[{"embeddable":true,"href":"https:\/\/www.raisg.org\/pt-br\/wp-json\/wp\/v2\/users\/324"}],"replies":[{"embeddable":true,"href":"https:\/\/www.raisg.org\/pt-br\/wp-json\/wp\/v2\/comments?post=19667"}],"version-history":[{"count":1,"href":"https:\/\/www.raisg.org\/pt-br\/wp-json\/wp\/v2\/posts\/19667\/revisions"}],"predecessor-version":[{"id":19671,"href":"https:\/\/www.raisg.org\/pt-br\/wp-json\/wp\/v2\/posts\/19667\/revisions\/19671"}],"wp:featuredmedia":[{"embeddable":true,"href":"https:\/\/www.raisg.org\/pt-br\/wp-json\/wp\/v2\/media\/19573"}],"wp:attachment":[{"href":"https:\/\/www.raisg.org\/pt-br\/wp-json\/wp\/v2\/media?parent=19667"}],"wp:term":[{"taxonomy":"category","embeddable":true,"href":"https:\/\/www.raisg.org\/pt-br\/wp-json\/wp\/v2\/categories?post=19667"},{"taxonomy":"post_tag","embeddable":true,"href":"https:\/\/www.raisg.org\/pt-br\/wp-json\/wp\/v2\/tags?post=19667"}],"curies":[{"name":"wp","href":"https:\/\/api.w.org\/{rel}","templated":true}]}}