{"id":20590,"date":"2020-11-30T17:02:10","date_gmt":"2020-11-30T20:02:10","guid":{"rendered":"https:\/\/www.amazoniasocioambiental.org\/radar\/la-deforestacion-en-la-amazonia-brasilena-crecio-95-en-el-ultimo-ano\/"},"modified":"2020-12-10T17:27:07","modified_gmt":"2020-12-10T20:27:07","slug":"la-deforestacion-en-la-amazonia-brasilena-crecio-95-en-el-ultimo-ano","status":"publish","type":"post","link":"https:\/\/www.raisg.org\/pt-br\/radar\/la-deforestacion-en-la-amazonia-brasilena-crecio-95-en-el-ultimo-ano\/","title":{"rendered":"La deforestaci\u00f3n en la Amazon\u00eda brasile\u00f1a creci\u00f3 9,5% en el \u00faltimo a\u00f1o"},"content":{"rendered":"<p style=\"text-align: right;\">El Nacional<\/p>\n<p style=\"text-align: right;\">30 de noviembre de 2020<\/p>\n<p>&nbsp;<\/p>\n<p>La deforestaci\u00f3n en la Amazon\u00eda brasile\u00f1a aument\u00f3 9,5% entre agosto de 2019 y julio de 2020, y alcanz\u00f3 su mayor nivel desde 2008, seg\u00fan los datos divulgados este lunes por el gobierno.<\/p>\n<p>En n\u00fameros absolutos, el \u00e1rea devastada en el bioma tropical lleg\u00f3 a los 11.088 kil\u00f3metros cuadrados en el \u00faltimo a\u00f1o, de acuerdo con el Instituto Nacional de Pesquisas Espaciales (INPE) de Brasil.<\/p>\n<p>La cifra equivale a cerca de 9 veces la superficie de la ciudad de R\u00edo de Janeiro y supera a la registrada entre agosto de 2018 y julio de 2019, cuando la deforestaci\u00f3n afect\u00f3 10.129 kil\u00f3metros cuadrados de la Amazon\u00eda. Esta zona selv\u00e1tica abarca alrededor de 60% del territorio brasile\u00f1o.<\/p>\n<p>El balance de este a\u00f1o es el primero completo bajo el mandato de\u00a0<a href=\"https:\/\/twitter.com\/jairbolsonaro\" target=\"_blank\" rel=\"noopener noreferrer\">Jair Bolsonaro<\/a>, en el poder desde el 1 de enero de 2019 y quien defiende la explotaci\u00f3n de los recursos naturales de la selva amaz\u00f3nica.<\/p>\n<h3>Tala e incendios<\/h3>\n<p>Las organizaciones medioambientales hab\u00edan alertado de un aumento de la tala ilegal de \u00e1rboles en el mayor bosque tropical del planeta, que atribuyen en parte a la ret\u00f3rica antiecologista del jefe de Estado brasile\u00f1o.<\/p>\n<p>La deforestaci\u00f3n tambi\u00e9n est\u00e1 estrechamente relacionada con los incendios en el ecosistema, que han vuelto a aumentar este a\u00f1o. Hasta la fecha se contabilizan 99.586 focos, lo que representa m\u00e1s de 10.000 focos m\u00e1s que en todo 2019, cuando se registraron 89.176, cuando las im\u00e1genes de los frentes de fuego avanzando por la Amazon\u00eda dieron la vuelta al mundo.<\/p>\n<p>La situaci\u00f3n de este a\u00f1o se agrav\u00f3 adem\u00e1s con una seria sequ\u00eda en la regi\u00f3n que favorece la propagaci\u00f3n de las llamas por las \u00e1reas previamente deforestadas.<\/p>\n<p>Seg\u00fan diversos informes de organizaciones no gubernamentales, la deforestaci\u00f3n y la posterior quema de esas zonas forman parte de un proceso que tiene como punto final la utilizaci\u00f3n de tierras para la agricultura.<\/p>\n<p>Asimismo, el aumento de la destrucci\u00f3n de la Amazon\u00eda llev\u00f3 a algunos pa\u00edses europeos a amenazar con no ratificar el acuerdo de libre comercio firmado el a\u00f1o pasado entre la Uni\u00f3n Europea y el Mercosur.<\/p>\n<p>Igualmente ha provocado la reacci\u00f3n de millonarios fondos internacionales y grandes empresas privadas que advierten al gobierno de Bolsonaro de un descenso dram\u00e1tico en las inversiones al pa\u00eds si no hay compromiso real de protecci\u00f3n del medioambiente.<\/p>\n<p>&nbsp;<\/p>\n<p>Tomado de: <a href=\"https:\/\/www.elnacional.com\/mundo\/la-deforestacion-en-la-amazonia-brasilena-crecio-95-en-el-ultimo-ano\/\">https:\/\/www.elnacional.com\/mundo\/la-deforestacion-en-la-amazonia-brasilena-crecio-95-en-el-ultimo-ano\/<\/a><\/p>\n","protected":false},"excerpt":{"rendered":"<p>El Nacional 30 de noviembre de 2020 &nbsp; La deforestaci\u00f3n en la Amazon\u00eda brasile\u00f1a aument\u00f3 9,5% entre agosto de 2019 y julio de 2020, y alcanz\u00f3 su mayor nivel desde 2008, seg\u00fan los datos divulgados este lunes por el gobierno. En n\u00fameros absolutos, el \u00e1rea devastada en el bioma tropical lleg\u00f3 a los 11.088 kil\u00f3metros&hellip;<\/p>\n","protected":false},"author":324,"featured_media":20585,"comment_status":"open","ping_status":"open","sticky":false,"template":"","format":"standard","meta":{"_acf_changed":false,"footnotes":""},"categories":[1],"tags":[],"class_list":["post-20590","post","type-post","status-publish","format-standard","has-post-thumbnail","hentry","category-radar","category-1","description-off"],"acf":[],"_links":{"self":[{"href":"https:\/\/www.raisg.org\/pt-br\/wp-json\/wp\/v2\/posts\/20590","targetHints":{"allow":["GET"]}}],"collection":[{"href":"https:\/\/www.raisg.org\/pt-br\/wp-json\/wp\/v2\/posts"}],"about":[{"href":"https:\/\/www.raisg.org\/pt-br\/wp-json\/wp\/v2\/types\/post"}],"author":[{"embeddable":true,"href":"https:\/\/www.raisg.org\/pt-br\/wp-json\/wp\/v2\/users\/324"}],"replies":[{"embeddable":true,"href":"https:\/\/www.raisg.org\/pt-br\/wp-json\/wp\/v2\/comments?post=20590"}],"version-history":[{"count":1,"href":"https:\/\/www.raisg.org\/pt-br\/wp-json\/wp\/v2\/posts\/20590\/revisions"}],"predecessor-version":[{"id":20592,"href":"https:\/\/www.raisg.org\/pt-br\/wp-json\/wp\/v2\/posts\/20590\/revisions\/20592"}],"wp:featuredmedia":[{"embeddable":true,"href":"https:\/\/www.raisg.org\/pt-br\/wp-json\/wp\/v2\/media\/20585"}],"wp:attachment":[{"href":"https:\/\/www.raisg.org\/pt-br\/wp-json\/wp\/v2\/media?parent=20590"}],"wp:term":[{"taxonomy":"category","embeddable":true,"href":"https:\/\/www.raisg.org\/pt-br\/wp-json\/wp\/v2\/categories?post=20590"},{"taxonomy":"post_tag","embeddable":true,"href":"https:\/\/www.raisg.org\/pt-br\/wp-json\/wp\/v2\/tags?post=20590"}],"curies":[{"name":"wp","href":"https:\/\/api.w.org\/{rel}","templated":true}]}}