{"id":20735,"date":"2020-12-16T13:06:06","date_gmt":"2020-12-16T16:06:06","guid":{"rendered":"https:\/\/www.amazoniasocioambiental.org\/?p=20735"},"modified":"2020-12-16T13:13:08","modified_gmt":"2020-12-16T16:13:08","slug":"orpia-realiza-en-puerto-ayacucho-el-viii-congreso-de-los-pueblos-indigenas-de-amazonas","status":"publish","type":"post","link":"https:\/\/www.raisg.org\/pt-br\/radar\/orpia-realiza-en-puerto-ayacucho-el-viii-congreso-de-los-pueblos-indigenas-de-amazonas\/","title":{"rendered":"ORPIA realiza en Puerto Ayacucho el VIII Congreso de los Pueblos Ind\u00edgenas de Amazonas."},"content":{"rendered":"<p style=\"text-align: right;\">Wataniba<\/p>\n<p style=\"text-align: right;\">Amazonia Venezolana<\/p>\n<p>La Organizaci\u00f3n Regional de Pueblos Ind\u00edgenas de\u00a0Amazonas (ORPIA), ha realizado este 15 de diciembre de 2020, su\u00a0<strong>\u201cVIII Congreso Regional\u201d<\/strong>, con la participaci\u00f3n de importantes\u00a0delegados de\u00a0las\u00a0organizaciones de base.\u00a0De acuerdo a la reforma de los Estatutos de la Organizaci\u00f3n Regional\u00a0<em>\u201cArt\u00edculo XXVI:\u00a0<strong>El Congreso:<\/strong>\u00a0es la m\u00e1xima autoridad de la organizaci\u00f3n, siendo un \u00f3rgano deliberativo que est\u00e1 conformado por los delegados de las comunidades y organizaciones de base que asisten al evento, se re\u00fane cada tres (3) a\u00f1os para evaluar y rendir cuentas sobre las gestiones realizadas por la organizaci\u00f3n ORPIA, que es el \u00f3rgano ejecutor de las pol\u00edticas ind\u00edgenas de \u00edndole autogestionaria, tiene la facultad de elegir a la Asamblea Inter\u00e9tnica, la Junta Directiva (Coordinador, Vice coordinador, Coordinadores de \u00c1reas y sus suplentes) y Coordinadores Sectoriales\u201d.<\/em><\/p>\n<p>Por otra parte, seg\u00fan el Art\u00edculo 4 del Reglamento aprobado para el evento, el VIII Congreso tendr\u00e1 como finalidad principal la elecci\u00f3n de la nueva junta directiva\u00a0de Orpia para el periodo (2020 \u2013 2023), a fin de elegir a sus autoridades espec\u00edficas y hacer las reestructuraciones necesarias para su funcionamiento interno.<\/p>\n<p>El VIII Congreso fue instalado por el Coordinador General actual, Eligio Dacosta, quien\u00a0hizo un llamado a buscar el consenso entre las diferentes organizaciones en relaci\u00f3n a aspectos fundamentales para la organizaci\u00f3n. Seguidamente tomaron la palabra importantes l\u00edderes y lideresas miembros fundadores de la organizaci\u00f3n, quienes invitaron a los presentes a asumir los retos que para el movimiento ind\u00edgena tiene este momento hist\u00f3rico tan importante.<\/p>\n<p><strong>El Grupo\u00a0de Trabajo Socioambiental de la Amazon\u00eda\u00a0<\/strong>\u201c<strong>WATANIBA<\/strong>\u201d, tuvo una participaci\u00f3n fundamental en todo el evento, no solo el d\u00eda de su realizaci\u00f3n sino en toda la preparaci\u00f3n preliminar, con acompa\u00f1amiento jur\u00eddico y t\u00e9cnico a diferentes niveles. En el marco del congreso\u00a0 representantes de\u00a0la asociaci\u00f3n WATANIBA realizaron una importante motivaci\u00f3n a la asamblea para asumir la relevante misi\u00f3n de materializar las luchas hist\u00f3ricas a favor de los derechos de los pueblos ind\u00edgenas de la Amazon\u00eda venezolana como se\u00f1alan los estatutos originales.<\/p>\n<figure class=\"wp-block-image size-large\"><img fetchpriority=\"high\" decoding=\"async\" class=\"wp-image-2408\" src=\"https:\/\/watanibasocioambiental.org\/wp-content\/uploads\/2020\/12\/IMG_20201216_101146.jpg\" sizes=\"(max-width: 996px) 100vw, 996px\" srcset=\"https:\/\/watanibasocioambiental.org\/wp-content\/uploads\/2020\/12\/IMG_20201216_101146.jpg 996w, https:\/\/watanibasocioambiental.org\/wp-content\/uploads\/2020\/12\/IMG_20201216_101146-300x170.jpg 300w, https:\/\/watanibasocioambiental.org\/wp-content\/uploads\/2020\/12\/IMG_20201216_101146-768x436.jpg 768w\" alt=\"\" width=\"996\" height=\"565\" \/><figcaption><em>Guardianes Territoriales Ind\u00edgenas<\/em><\/figcaption><\/figure>\n<p>En efecto, en la Amazon\u00eda venezolana se viven en este momento situaciones muy graves que afectan la vida de los pueblos y comunidades ind\u00edgenas de la regi\u00f3n. En su mayor\u00eda estos problemas est\u00e1n vinculado al extractivismo minero (miner\u00eda ilegal) y nueva pol\u00edtica minera del Estado, con sus graves impactos ambientales y socioculturales, la presencia de grupos externos generadores de violencia (grupos armados) vinculados a diferentes actividades il\u00edcitas, como protecci\u00f3n de la actividad minera, contrabando y narcotr\u00e1fico, afectando el normal desarrollo de la vida de los pueblos originarios en sus territorios ancestrales.<\/p>\n<p>De igual manera se destacaron los graves problemas de salud vividos en la regi\u00f3n debido a la presencia de enfermedades end\u00e9micas y epid\u00e9micas como el paludismo, la hepatitis, el sarampi\u00f3n y las gastrointestinales, vinculadas a la movilidad de agentes externos (mineros, grupos armados). En este contexto, la pandemia del Covid-19 ha representado un verdadero desaf\u00edo para ORPIA, para dar respuesta a la gravedad del problema de la introducci\u00f3n de la enfermedad en territorios ind\u00edgenas.<\/p>\n<figure class=\"wp-block-image size-large\"><img decoding=\"async\" class=\"wp-image-2406\" src=\"https:\/\/watanibasocioambiental.org\/wp-content\/uploads\/2020\/12\/IMG_20201216_100747.jpg\" sizes=\"(max-width: 997px) 100vw, 997px\" srcset=\"https:\/\/watanibasocioambiental.org\/wp-content\/uploads\/2020\/12\/IMG_20201216_100747.jpg 997w, https:\/\/watanibasocioambiental.org\/wp-content\/uploads\/2020\/12\/IMG_20201216_100747-300x173.jpg 300w, https:\/\/watanibasocioambiental.org\/wp-content\/uploads\/2020\/12\/IMG_20201216_100747-768x443.jpg 768w\" alt=\"\" width=\"997\" height=\"575\" \/><figcaption><em>VIII Congreso Regional de Orpia<\/em><\/figcaption><\/figure>\n<p>Finalmente, el VIII Congreso realiz\u00f3 la elecci\u00f3n de la nueva junta directiva para el pr\u00f3ximo periodo, la cual qued\u00f3 constituida de la siguiente manera:<\/p>\n<p>1. Coordinador General: Eligio Dacosta (Baniva-Kubawy)<\/p>\n<p>2. Vice Coordinadora: Amelia Conde (Uwottuja-Omida)<\/p>\n<p>3. Area Territorio: Enrique Mart\u00ednez (Uwottuja \u2013 Opuhj)<\/p>\n<p>4. Area Cambio Clim\u00e1tico: Guillermo Arana (Uwottuja-Oipus))<\/p>\n<p>5. Area de Juventud: Miguel Rojas (Piapoco-Rajia)<\/p>\n<p>6. Area Mujer y Familia: Mar\u00eda Fernanda P\u00e9rez (Yabarana-Oiyapam)<\/p>\n<p>7. Area Desarrollo Econ\u00f3mico: Claudia Alvarez (Jivi-Omida)<\/p>\n<p>8. Area Derechos Humanos: Jos\u00e9 Alves (Bar\u00e9-Kubawy)<\/p>\n<p>9. Area de Educaci\u00f3n: Regina Asiza (Ye\u2019kwana-Kuyunu)<\/p>\n<p>10. Area Cultura y Deporte: Dix\u00f3n Dacosta (Bar\u00e9)<\/p>\n<p>11. Area de Salud: Kenia Guti\u00e9rrez (Bar\u00e9-Opiba)<\/p>\n<p class=\"has-text-align-center\" style=\"text-align: center;\"><strong>Facebook:\u00a0\u00a0<\/strong>Grupo de Trabajo Socioambiental de la Amazon\u00eda Wataniba<br \/>\n<strong>Instagram<\/strong>:\u00a0\u00a0@wataniba<br \/>\n<strong>Twitter<\/strong>:\u00a0\u00a0@Wataniba_ve<\/p>\n","protected":false},"excerpt":{"rendered":"<p>Wataniba Amazonia Venezolana La Organizaci\u00f3n Regional de Pueblos Ind\u00edgenas de\u00a0Amazonas (ORPIA), ha realizado este 15 de diciembre de 2020, su\u00a0\u201cVIII Congreso Regional\u201d, con la participaci\u00f3n de importantes\u00a0delegados de\u00a0las\u00a0organizaciones de base.\u00a0De acuerdo a la reforma de los Estatutos de la Organizaci\u00f3n Regional\u00a0\u201cArt\u00edculo XXVI:\u00a0El Congreso:\u00a0es la m\u00e1xima autoridad de la organizaci\u00f3n, siendo un \u00f3rgano deliberativo que est\u00e1&hellip;<\/p>\n","protected":false},"author":305,"featured_media":20736,"comment_status":"open","ping_status":"open","sticky":false,"template":"","format":"standard","meta":{"_acf_changed":false,"footnotes":""},"categories":[2],"tags":[222,366,223,82,365,220,221,81],"class_list":["post-20735","post","type-post","status-publish","format-standard","has-post-thumbnail","hentry","category-radar","tag-amazonia-venezolana","tag-congreso-orpia","tag-estado-amazonas","tag-indigenas","tag-organizacion","tag-orpia","tag-pueblos-indigenas","tag-venezuela","category-2","description-off"],"acf":[],"_links":{"self":[{"href":"https:\/\/www.raisg.org\/pt-br\/wp-json\/wp\/v2\/posts\/20735","targetHints":{"allow":["GET"]}}],"collection":[{"href":"https:\/\/www.raisg.org\/pt-br\/wp-json\/wp\/v2\/posts"}],"about":[{"href":"https:\/\/www.raisg.org\/pt-br\/wp-json\/wp\/v2\/types\/post"}],"author":[{"embeddable":true,"href":"https:\/\/www.raisg.org\/pt-br\/wp-json\/wp\/v2\/users\/305"}],"replies":[{"embeddable":true,"href":"https:\/\/www.raisg.org\/pt-br\/wp-json\/wp\/v2\/comments?post=20735"}],"version-history":[{"count":3,"href":"https:\/\/www.raisg.org\/pt-br\/wp-json\/wp\/v2\/posts\/20735\/revisions"}],"predecessor-version":[{"id":20742,"href":"https:\/\/www.raisg.org\/pt-br\/wp-json\/wp\/v2\/posts\/20735\/revisions\/20742"}],"wp:featuredmedia":[{"embeddable":true,"href":"https:\/\/www.raisg.org\/pt-br\/wp-json\/wp\/v2\/media\/20736"}],"wp:attachment":[{"href":"https:\/\/www.raisg.org\/pt-br\/wp-json\/wp\/v2\/media?parent=20735"}],"wp:term":[{"taxonomy":"category","embeddable":true,"href":"https:\/\/www.raisg.org\/pt-br\/wp-json\/wp\/v2\/categories?post=20735"},{"taxonomy":"post_tag","embeddable":true,"href":"https:\/\/www.raisg.org\/pt-br\/wp-json\/wp\/v2\/tags?post=20735"}],"curies":[{"name":"wp","href":"https:\/\/api.w.org\/{rel}","templated":true}]}}