{"id":21081,"date":"2020-12-29T18:09:13","date_gmt":"2020-12-29T21:09:13","guid":{"rendered":"https:\/\/www.amazoniasocioambiental.org\/radar\/anticipan-colapso-de-la-amazonia-para-2064\/"},"modified":"2021-01-11T18:13:26","modified_gmt":"2021-01-11T21:13:26","slug":"anticipan-colapso-de-la-amazonia-para-2064","status":"publish","type":"post","link":"https:\/\/www.raisg.org\/pt-br\/radar\/anticipan-colapso-de-la-amazonia-para-2064\/","title":{"rendered":"Anticipan colapso de la Amazonia para 2064"},"content":{"rendered":"<p style=\"text-align: right;\">Digital Trends<\/p>\n<p style=\"text-align: right;\">29 de diciembre de 2020<\/p>\n<p>&nbsp;<\/p>\n<p>&nbsp;<\/p>\n<p>La\u00a0<a href=\"https:\/\/es.digitaltrends.com\/tendencias\/amazonas-hallan-aldeas-abandonadas-llamativa-forma\/\">Amazonia\u00a0<\/a>es considerada una de las \u00e1reas verdes m\u00e1s importantes del mundo. Sin embargo, \u00faltimamente hemos visto una lamentable destrucci\u00f3n de este rico ecosistema.<\/p>\n<p>La deforestaci\u00f3n y el aumento de la temperatura global amenazan a la selva amaz\u00f3nica tanto que ya hay algunos que pronostican un inminente colapso.<\/p>\n<p>Un alarmante estudio desarrollado en la Universidad de Florida se\u00f1ala que la Amazonia colapsar\u00e1 para el a\u00f1o 2064 debido, precisamente, al cambio clim\u00e1tico y la deforestaci\u00f3n.<\/p>\n<p>El trabajo, publicado en\u00a0<em><a href=\"https:\/\/www.tandfonline.com\/doi\/full\/10.1080\/00139157.2021.1842711\" target=\"_blank\" rel=\"noopener noreferrer\">Environment<\/a><\/em>, constituye el primer estudio en revelar una fecha espec\u00edfica para la desaparici\u00f3n de este bosque tropical.<\/p>\n<figure id=\"attachment_777474\" class=\"wp-caption aligncenter\" aria-describedby=\"caption-attachment-777474\"><img decoding=\"async\" class=\"size-large wp-image-777474 dt-lazy-load dt-lazy-loaded\" src=\"https:\/\/icdn6.digitaltrends.com\/image\/digitaltrends_es\/shutterstock_1086630587-768x768.jpg\" alt=\"La imagen muestra grandes extensiones de bosque en la selva amaz\u00f3nica.\" data-dt-lazy-src=\"https:\/\/icdn6.digitaltrends.com\/image\/digitaltrends_es\/shutterstock_1086630587-720x720.jpg\" \/><figcaption id=\"caption-attachment-777474\" class=\"wp-caption-text\"><span class=\"credit\">Shutterstock.<\/span><\/figcaption><\/figure>\n<p>\u201cLa mejor manera de pensar en el ecosistema forestal es que es una bomba\u201d, se\u00f1al\u00f3 el profesor Robert Walker a la\u00a0<a href=\"https:\/\/www.upi.com\/Science_News\/2020\/12\/29\/Florida-professor-predicts-Amazon-rainforest-collapse-by-2064\/8881608822676\/\" target=\"_blank\" rel=\"noopener noreferrer\">United Press International<\/a>\u00a0(UPI).<\/p>\n<div id=\"dtads-leaderboard-si8hdynu75\" class=\"dtads-slot dtads-slot-leaderboard callout solid dtads-is-rendered\" data-google-query-id=\"CK_uwubjlO4CFXXE4Qod6YEP-w\">\u201cEl bosque recicla la humedad, lo cual apoya la lluvia regional. Si contin\u00faas destruyendo el bosque, la cantidad de lluvia disminuye\u2026 y eventualmente, arruinas la bomba\u201d.<\/div>\n<div data-google-query-id=\"CK_uwubjlO4CFXXE4Qod6YEP-w\">\n<h2>Falta de preocupaci\u00f3n<\/h2>\n<p>El principal autor del estudio tambi\u00e9n afirma que la pobreza y el uso deficiente de los recursos del Estado han incentivado la deforestaci\u00f3n de manera reciente.<\/p>\n<p>\u201cLa gente de all\u00ed no se preocupa tanto por la biodiversidad, el medio ambiente, cuando tienen que preocuparse por comer su pr\u00f3xima comida\u201d, explica.<\/p>\n<p>Si bien las sequ\u00edas han ayudado a agravar el problema, el profesor Walker culpa a los pol\u00edticos y su falta de preocupaci\u00f3n, en especial a partir de la administraci\u00f3n de Jair Bolsonaro.<\/p>\n<p>Sobre el actual mandatario de Brasil, el acad\u00e9mico se\u00f1ala que su gesti\u00f3n \u201cparece decidida a eliminar todas las restricciones restantes a la explotaci\u00f3n sin restricciones de los recursos naturales de la Amazonia\u201d.<\/p>\n<p>De esta manera, y debido al irresponsable actuar de los seres humanos, inmensas zonas boscosas terminar\u00e1n convertidas en pastizales y nunca m\u00e1s volver\u00e1n a su estado original de selva tropical.<\/p>\n<p>La pregunta ahora es si alcanzaremos a evitar esta cat\u00e1strofe.<\/p>\n<\/div>\n<p>&nbsp;<\/p>\n<p>Tomado de: <a href=\"https:\/\/es.digitaltrends.com\/tendencias\/anticipan-colapso-amazonia-2064\/\">https:\/\/es.digitaltrends.com\/tendencias\/anticipan-colapso-amazonia-2064\/<\/a><\/p>\n<p>&nbsp;<\/p>\n","protected":false},"excerpt":{"rendered":"<p>Digital Trends 29 de diciembre de 2020 &nbsp; &nbsp; La\u00a0Amazonia\u00a0es considerada una de las \u00e1reas verdes m\u00e1s importantes del mundo. Sin embargo, \u00faltimamente hemos visto una lamentable destrucci\u00f3n de este rico ecosistema. La deforestaci\u00f3n y el aumento de la temperatura global amenazan a la selva amaz\u00f3nica tanto que ya hay algunos que pronostican un inminente&hellip;<\/p>\n","protected":false},"author":324,"featured_media":21078,"comment_status":"open","ping_status":"open","sticky":false,"template":"","format":"standard","meta":{"_acf_changed":false,"footnotes":""},"categories":[1],"tags":[],"class_list":["post-21081","post","type-post","status-publish","format-standard","has-post-thumbnail","hentry","category-radar","category-1","description-off"],"acf":[],"_links":{"self":[{"href":"https:\/\/www.raisg.org\/pt-br\/wp-json\/wp\/v2\/posts\/21081","targetHints":{"allow":["GET"]}}],"collection":[{"href":"https:\/\/www.raisg.org\/pt-br\/wp-json\/wp\/v2\/posts"}],"about":[{"href":"https:\/\/www.raisg.org\/pt-br\/wp-json\/wp\/v2\/types\/post"}],"author":[{"embeddable":true,"href":"https:\/\/www.raisg.org\/pt-br\/wp-json\/wp\/v2\/users\/324"}],"replies":[{"embeddable":true,"href":"https:\/\/www.raisg.org\/pt-br\/wp-json\/wp\/v2\/comments?post=21081"}],"version-history":[{"count":1,"href":"https:\/\/www.raisg.org\/pt-br\/wp-json\/wp\/v2\/posts\/21081\/revisions"}],"predecessor-version":[{"id":21083,"href":"https:\/\/www.raisg.org\/pt-br\/wp-json\/wp\/v2\/posts\/21081\/revisions\/21083"}],"wp:featuredmedia":[{"embeddable":true,"href":"https:\/\/www.raisg.org\/pt-br\/wp-json\/wp\/v2\/media\/21078"}],"wp:attachment":[{"href":"https:\/\/www.raisg.org\/pt-br\/wp-json\/wp\/v2\/media?parent=21081"}],"wp:term":[{"taxonomy":"category","embeddable":true,"href":"https:\/\/www.raisg.org\/pt-br\/wp-json\/wp\/v2\/categories?post=21081"},{"taxonomy":"post_tag","embeddable":true,"href":"https:\/\/www.raisg.org\/pt-br\/wp-json\/wp\/v2\/tags?post=21081"}],"curies":[{"name":"wp","href":"https:\/\/api.w.org\/{rel}","templated":true}]}}