{"id":21353,"date":"2021-01-13T11:10:20","date_gmt":"2021-01-13T14:10:20","guid":{"rendered":"https:\/\/www.amazoniasocioambiental.org\/radar\/amazonia-colombiana-y-el-darien-dos-grandes-focos-de-deforestacion-en-el-mundo\/"},"modified":"2021-01-22T11:34:52","modified_gmt":"2021-01-22T14:34:52","slug":"amazonia-colombiana-y-el-darien-dos-grandes-focos-de-deforestacion-en-el-mundo","status":"publish","type":"post","link":"https:\/\/www.raisg.org\/pt-br\/radar\/amazonia-colombiana-y-el-darien-dos-grandes-focos-de-deforestacion-en-el-mundo\/","title":{"rendered":"Amazonia colombiana y el Dari\u00e9n, dos grandes focos de deforestaci\u00f3n en el mundo"},"content":{"rendered":"<p style=\"text-align: right;\">Revista Semana<\/p>\n<p style=\"text-align: right;\">13 de enero de 2021<\/p>\n<p>&nbsp;<\/p>\n<p><strong>M\u00e1s de 43 millones de hect\u00e1reas se perdieron en 24 frentes de deforestaci\u00f3n en el mundo, seg\u00fan el \u00faltimo informe del\u00a0Fondo Mundial para la Naturaleza (WWF), en el cual se indica que esta\u00a0<\/strong>cifra representa un \u00e1rea aproximada del tama\u00f1o de Marruecos.<\/p>\n<p>Estos frentes, que se concentran especialmente en Am\u00e9rica Latina,\u00a0<strong>fueron identificados por la oeneg\u00e9 con base en el an\u00e1lisis de puntos cr\u00edticos de deforestaci\u00f3n emergentes en los tr\u00f3picos y subtr\u00f3picos, identificando lugares donde la deforestaci\u00f3n aument\u00f3 significativamente entre 2004 y 2017.<\/strong><\/p>\n<p>Mediante el uso de mapas, la entidad destac\u00f3 cada uno de estos lugares.<strong>\u00a0En Colombia, la\u00a0Amazonia y el Dari\u00e9n son las dos regiones naturales del pa\u00eds que aparecen\u00a0en el listado de frentes analizados.<\/strong><\/p>\n<p><strong><img decoding=\"async\" src=\"http:\/\/static.iris.net.co\/sostenibilidad\/upload\/images\/\/2021\/1\/13\/58751_1.jpg\" \/><\/strong><\/p>\n<p><sub>Mapa de la WWF con los focos en Latinoam\u00e9rica. Foto: informe WWF.<\/sub><\/p>\n<p>&nbsp;<\/p>\n<p>En el documento, se se\u00f1ala que\u00a0<strong>la cr\u00eda de ganado, la infraestructura vial y la agricultura son impulsores de este proceso en la Amazonia.<\/strong>\u00a0Tambi\u00e9n, de acuerdo con la entidad, e<strong>n la zona del Choc\u00f3 Biogeogr\u00e1fico, que pasa tambi\u00e9n por el litoral de Ecuador, la ganader\u00eda, la agricultura a peque\u00f1a y gran escala y la miner\u00eda son los mayores responsables de este agotamiento de la superficie forestal.<\/strong><\/p>\n<p>Al respecto, la WWF indica, al final del documento, que las diferentes acciones para hacerle frente a la deforestaci\u00f3n\u00a0<strong>deben ir acompa\u00f1adas de condiciones que aseguren su permanencia en el tiempo, como el apoyo pol\u00edtico.<\/strong><\/p>\n<p>Al respecto, la organizaci\u00f3n manifest\u00f3 en un comunicado que\u00a0<strong>\u201cColombia est\u00e1 ante una oportunidad \u00fanica en t\u00e9rminos pol\u00edticos para abordar esta problem\u00e1tica, pues justamente el pasado 29 de diciembre, el Gobierno nacional present\u00f3 ante Naciones Unidas su Contribuci\u00f3n Determinada a Nivel Nacional (NDC) como aporte para el cumplimiento del Acuerdo de Par\u00eds de Cambio Clim\u00e1tico\u201d<\/strong>.<\/p>\n<p>De igual forma, la oeneg\u00e9 destac\u00f3 la aprobaci\u00f3n de la pol\u00edtica nacional para el control de la deforestaci\u00f3n y la gesti\u00f3n sostenible de los bosques. \u201cLas medidas de esta pol\u00edtica deber\u00e1n estar articuladas con otros instrumentos y compromisos regionales asumidos por Colombia como el Pacto de Leticia, y la NDC actualizada, entre otros\u201d, indic\u00f3.<\/p>\n<h3>Los otros focos<\/h3>\n<p><strong>Nueve de los 24 focos se hallan en Am\u00e9rica Latina,<\/strong>\u00a08 en \u00c1frica y 7 en Asia-Ocean\u00eda, seg\u00fan WWF, que incluy\u00f3 nuevas regiones respecto a su lista de 2015, como la Amazonia de Venezuela y Guyana y la Selva Maya de M\u00e9xico y Guatemala.<\/p>\n<p><strong>Las zonas m\u00e1s afectadas por la deforestaci\u00f3n se encuentran en la Amazonia brasile\u00f1a y la regi\u00f3n de Cerrado en Brasil, la Amazon\u00eda boliviana, as\u00ed como en Paraguay, Argentina, Madagascar y las islas asi\u00e1ticas de Sumatra y Borneo.<\/strong><\/p>\n<p><center><\/center>Por ejemplo, el Cerrado perdi\u00f3 3 millones de hect\u00e1reas de bosques entre 2004 y 2017, es decir, m\u00e1s del 30% desde 2000, debido especialmente al cultivo de soja destinado a los mercados nacional e internacional.<\/p>\n<p><strong>Esta regi\u00f3n brasile\u00f1a, que alberga el 5% de las especies animales y vegetales del planeta, es especialmente vulnerable debido a que menos del 8% de su superficie est\u00e1 protegida<\/strong>, frente a 50% en el caso de la Amazon\u00eda, seg\u00fan el informe.<\/p>\n<p>WWF indica paralelamente que la extracci\u00f3n de oro es una de las principales causas de la deforestaci\u00f3n en la regi\u00f3n amaz\u00f3nica del Macizo Guayan\u00e9s, entre el este de Venezuela y el norte de Brasil, y que el &#8220;frente Venezuela-Guyana&#8221; sufri\u00f3 una p\u00e9rdida de 200.000 hect\u00e1reas entre 2004 y 2017.<\/p>\n<h3><strong>Deforestaci\u00f3n y zoonosis, de la mano\u00a0<\/strong><\/h3>\n<p>Por otro lado,\u00a0<strong>el 45 %<\/strong>\u00a0<strong>de los bosques todav\u00eda en pie sufrieron fragmentaciones o degradaciones,<\/strong>\u00a0lo que los vuelve m\u00e1s vulnerables a los incendios y los choques clim\u00e1ticos y m\u00e1s permeables a la actividad humana al ser m\u00e1s f\u00e1cilmente accesibles.<\/p>\n<p><strong>WWF recuerda, adem\u00e1s, el efecto devastador de los megaincendios de 2019, que se multiplicaron en los bosques de la Amazonia brasile\u00f1a, Bolivia, Indonesia y Australia.<\/strong><\/p>\n<p>Los bosques tropicales son pozos de carbono esenciales, puesto que almacenan siete veces m\u00e1s del total emitido por la actividad humana anualmente.<\/p>\n<p><strong>A la vez, albergan gran parte de la biodiversidad mundial y su degradaci\u00f3n multiplica los contactos entre el hombre y el mundo animal, favoreciendo la emergencia de zoonosis (enfermedades que saltan del animal al ser humano), como el covid-19.<\/strong><\/p>\n<p>El Fondo se\u00f1ala a gobiernos y empresas como responsables de esta lacra, pero se dirige tambi\u00e9n a los ciudadanos de todo el mundo para pedirles que limiten el consumo de prote\u00ednas animales con el fin de disminuir la presi\u00f3n sobre los bosques y que exijan a sus dirigentes medidas concretas.<\/p>\n<p>Finalmente<strong>, aboga por que la Comisi\u00f3n Europea adopte este a\u00f1o una legislaci\u00f3n &#8220;ambiciosa&#8221; que garantice un mercado europeo sin productos vinculados con la deforestaci\u00f3n<\/strong>, recordando la consulta p\u00fablica realizada en diciembre pasado, #Together4Forests, en la que m\u00e1s de un mill\u00f3n de ciudadanos se mostraron partidarios de esta iniciativa.<\/p>\n<p>Seg\u00fan datos de la Comisi\u00f3n Europea citados por WWF, el consumo en la UE es reponsable de m\u00e1s del 10% de la deforestaci\u00f3n mundial debido a la demanda de productos como carne bovina, soja, caf\u00e9, cacao y aceite de palma.<\/p>\n<p><em>Con informaci\u00f3n de AFP*<\/em><\/p>\n<p>Tomado de: <a href=\"https:\/\/sostenibilidad.semana.com\/actualidad\/articulo\/la-amazonia-y-el-darien-focos-de-deforestacion-en-el-pais\/58749\">https:\/\/sostenibilidad.semana.com\/actualidad\/articulo\/la-amazonia-y-el-darien-focos-de-deforestacion-en-el-pais\/58749<\/a><\/p>\n<p>&nbsp;<\/p>\n","protected":false},"excerpt":{"rendered":"<p>Revista Semana 13 de enero de 2021 &nbsp; M\u00e1s de 43 millones de hect\u00e1reas se perdieron en 24 frentes de deforestaci\u00f3n en el mundo, seg\u00fan el \u00faltimo informe del\u00a0Fondo Mundial para la Naturaleza (WWF), en el cual se indica que esta\u00a0cifra representa un \u00e1rea aproximada del tama\u00f1o de Marruecos. Estos frentes, que se concentran especialmente&hellip;<\/p>\n","protected":false},"author":324,"featured_media":21351,"comment_status":"open","ping_status":"open","sticky":false,"template":"","format":"standard","meta":{"_acf_changed":false,"footnotes":""},"categories":[1],"tags":[],"class_list":["post-21353","post","type-post","status-publish","format-standard","has-post-thumbnail","hentry","category-radar","category-1","description-off"],"acf":[],"_links":{"self":[{"href":"https:\/\/www.raisg.org\/pt-br\/wp-json\/wp\/v2\/posts\/21353","targetHints":{"allow":["GET"]}}],"collection":[{"href":"https:\/\/www.raisg.org\/pt-br\/wp-json\/wp\/v2\/posts"}],"about":[{"href":"https:\/\/www.raisg.org\/pt-br\/wp-json\/wp\/v2\/types\/post"}],"author":[{"embeddable":true,"href":"https:\/\/www.raisg.org\/pt-br\/wp-json\/wp\/v2\/users\/324"}],"replies":[{"embeddable":true,"href":"https:\/\/www.raisg.org\/pt-br\/wp-json\/wp\/v2\/comments?post=21353"}],"version-history":[{"count":1,"href":"https:\/\/www.raisg.org\/pt-br\/wp-json\/wp\/v2\/posts\/21353\/revisions"}],"predecessor-version":[{"id":21356,"href":"https:\/\/www.raisg.org\/pt-br\/wp-json\/wp\/v2\/posts\/21353\/revisions\/21356"}],"wp:featuredmedia":[{"embeddable":true,"href":"https:\/\/www.raisg.org\/pt-br\/wp-json\/wp\/v2\/media\/21351"}],"wp:attachment":[{"href":"https:\/\/www.raisg.org\/pt-br\/wp-json\/wp\/v2\/media?parent=21353"}],"wp:term":[{"taxonomy":"category","embeddable":true,"href":"https:\/\/www.raisg.org\/pt-br\/wp-json\/wp\/v2\/categories?post=21353"},{"taxonomy":"post_tag","embeddable":true,"href":"https:\/\/www.raisg.org\/pt-br\/wp-json\/wp\/v2\/tags?post=21353"}],"curies":[{"name":"wp","href":"https:\/\/api.w.org\/{rel}","templated":true}]}}