{"id":22831,"date":"2021-02-16T16:27:18","date_gmt":"2021-02-16T19:27:18","guid":{"rendered":"https:\/\/www.amazoniasocioambiental.org\/?p=22831"},"modified":"2021-03-24T17:17:54","modified_gmt":"2021-03-24T20:17:54","slug":"vozes-dos-biomas-atlas-expoe-pressoes-sobre-a-amazonia","status":"publish","type":"post","link":"https:\/\/www.raisg.org\/pt-br\/radar\/vozes-dos-biomas-atlas-expoe-pressoes-sobre-a-amazonia\/","title":{"rendered":"Vozes dos Biomas: Atlas exp\u00f5e press\u00f5es sobre a Amaz\u00f4nia"},"content":{"rendered":"<div class=\"wpb-content-wrapper\"><p>[vc_row][vc_column][vc_video link=&#8221;https:\/\/youtu.be\/PqzEwEff5SI&#8221; align=&#8221;center&#8221;][\/vc_column][\/vc_row][vc_row][vc_column][vc_column_text]<span class=\"style-scope yt-formatted-string\" dir=\"auto\">Em um trabalho que envolveu diversos pesquisadores, a Rede Amaz\u00f4nica de Informa\u00e7\u00e3o Socioambiental Georreferenciada (RAISG) elaborou o Atlas Amaz\u00f4nia sob press\u00e3o 2020, no contexto sul-americano, que incorpora a Panamaz\u00f4nia, sendo que a primeira vers\u00e3o foi publicada em 2012. A an\u00e1lise destaca que 7% do territ\u00f3rio se encontra sob uma press\u00e3o muito alta e 26%, alta. Um alerta sobre o avan\u00e7o do comprometimento ao bioma. <\/span><\/p>\n<p><span class=\"style-scope yt-formatted-string\" dir=\"auto\">Para falar a respeito desta apura\u00e7\u00e3o detalhada, nossa 59\u00aa entrevistada no Programa Vozes dos Biomas\/Blog Cidad\u00e3os do Mundo \u2013 jornalista Sucena Shkrada Resk, \u00e9 a ge\u00f3grafa J\u00falia Jacomini, formada pela Unesp \u2013Rio Claro, especialista em Geoprocessamento Aplicado (UFSCar), Mestre em Integra\u00e7\u00e3o da Am\u00e9rica Latina (USP) e doutoranda em Geografia Humana (USP). Atualmente ela \u00e9 pesquisadora no Instituto Socioambiental (ISA) e na RAISG. <\/span><\/p>\n<p><span class=\"style-scope yt-formatted-string\" dir=\"auto\">Para saber mais a respeito do levantamento, acesse a \u00edntegra do Atlas em: <\/span><a class=\"yt-simple-endpoint style-scope yt-formatted-string\" dir=\"auto\" spellcheck=\"false\" href=\"https:\/\/www.youtube.com\/redirect?event=video_description&amp;redir_token=QUFFLUhqbnljejc4TWQ4VXZVUnRKb1JUQ1JSVlFiYk9KQXxBQ3Jtc0ttd3lZMDUwaERiMGhCRk9CT1NlTEgwcDQyRmRIZm1fZmNYM3VaWnFlY2FrcVVXczJMTTFYWU04aGZPcVl0RzFaNUFZU3drSzBpUnljb1RFZC1nNDJka042ZG83ekV0RkRqek5sRno3UTVBV0gxZW44MA&amp;q=https%3A%2F%2Fwww.amazoniasocioambiental.org%2Fpt-br%2Fpublicacao%2Famazonia-sob-pressao-2020%2F\" target=\"_blank\" rel=\"nofollow noopener\">https:\/\/www.amazoniasocioambiental.or&#8230;<\/a><span class=\"style-scope yt-formatted-string\" dir=\"auto\">\u200b<\/span><\/p>\n<p>&nbsp;<\/p>\n<p><span class=\"style-scope yt-formatted-string\" dir=\"auto\">\u2022 59\u00aa Entrevista \u2013 Vozes dos Biomas\/ Blog Cidad\u00e3os do Mundo &#8211; jornalista Sucena Shkrada Resk &#8211; Tema: Atlas exp\u00f5e press\u00f5es atuais sobre a Amaz\u00f4nia &#8211; Entrevistada: ge\u00f3grafa e Doutoranda em Geografia Humana J\u00falia Jacomini &#8211; Pauta, produ\u00e7\u00e3o, media\u00e7\u00e3o e edi\u00e7\u00e3o: jornalista Sucena Shkrada Resk &#8211; Quando: 29\/01\/2021 (no ar em 16\/02\/2021) &#8211; Onde: Canal Youtube \u2013 jornalista Sucena Shkrada Resk <\/span><a class=\"yt-simple-endpoint style-scope yt-formatted-string\" dir=\"auto\" spellcheck=\"false\" href=\"https:\/\/www.youtube.com\/c\/SucenaShkradaResk\" rel=\"nofollow\">https:\/\/www.youtube.com\/c\/SucenaShkra&#8230;<\/a><span class=\"style-scope yt-formatted-string\" dir=\"auto\">\u200b<\/span><span class=\"style-scope yt-formatted-string\" dir=\"auto\"> -Link: <\/span><a class=\"yt-simple-endpoint style-scope yt-formatted-string\" dir=\"auto\" spellcheck=\"false\" href=\"https:\/\/www.youtube.com\/watch?v=PqzEwEff5SI&amp;t=0s\">https:\/\/youtu.be\/PqzEwEff5SI<\/a>[\/vc_column_text][\/vc_column][\/vc_row]<\/p>\n<\/div>","protected":false},"excerpt":{"rendered":"<p>[vc_row][vc_column][vc_video link=&#8221;https:\/\/youtu.be\/PqzEwEff5SI&#8221; align=&#8221;center&#8221;][\/vc_column][\/vc_row][vc_row][vc_column][vc_column_text]Em um trabalho que envolveu diversos pesquisadores, a Rede Amaz\u00f4nica de Informa\u00e7\u00e3o Socioambiental Georreferenciada (RAISG) elaborou o Atlas Amaz\u00f4nia sob press\u00e3o 2020, no contexto sul-americano, que incorpora a Panamaz\u00f4nia, sendo que a primeira vers\u00e3o foi publicada em 2012. A an\u00e1lise destaca que 7% do territ\u00f3rio se encontra sob uma press\u00e3o muito alta e&hellip;<\/p>\n","protected":false},"author":11,"featured_media":22851,"comment_status":"open","ping_status":"open","sticky":false,"template":"","format":"standard","meta":{"_acf_changed":false,"footnotes":""},"categories":[1],"tags":[],"class_list":["post-22831","post","type-post","status-publish","format-standard","has-post-thumbnail","hentry","category-radar","category-1","description-off"],"acf":[],"_links":{"self":[{"href":"https:\/\/www.raisg.org\/pt-br\/wp-json\/wp\/v2\/posts\/22831","targetHints":{"allow":["GET"]}}],"collection":[{"href":"https:\/\/www.raisg.org\/pt-br\/wp-json\/wp\/v2\/posts"}],"about":[{"href":"https:\/\/www.raisg.org\/pt-br\/wp-json\/wp\/v2\/types\/post"}],"author":[{"embeddable":true,"href":"https:\/\/www.raisg.org\/pt-br\/wp-json\/wp\/v2\/users\/11"}],"replies":[{"embeddable":true,"href":"https:\/\/www.raisg.org\/pt-br\/wp-json\/wp\/v2\/comments?post=22831"}],"version-history":[{"count":1,"href":"https:\/\/www.raisg.org\/pt-br\/wp-json\/wp\/v2\/posts\/22831\/revisions"}],"predecessor-version":[{"id":22832,"href":"https:\/\/www.raisg.org\/pt-br\/wp-json\/wp\/v2\/posts\/22831\/revisions\/22832"}],"wp:featuredmedia":[{"embeddable":true,"href":"https:\/\/www.raisg.org\/pt-br\/wp-json\/wp\/v2\/media\/22851"}],"wp:attachment":[{"href":"https:\/\/www.raisg.org\/pt-br\/wp-json\/wp\/v2\/media?parent=22831"}],"wp:term":[{"taxonomy":"category","embeddable":true,"href":"https:\/\/www.raisg.org\/pt-br\/wp-json\/wp\/v2\/categories?post=22831"},{"taxonomy":"post_tag","embeddable":true,"href":"https:\/\/www.raisg.org\/pt-br\/wp-json\/wp\/v2\/tags?post=22831"}],"curies":[{"name":"wp","href":"https:\/\/api.w.org\/{rel}","templated":true}]}}