{"id":22884,"date":"2021-03-23T17:08:14","date_gmt":"2021-03-23T20:08:14","guid":{"rendered":"https:\/\/www.amazoniasocioambiental.org\/?p=22884"},"modified":"2021-03-25T17:18:39","modified_gmt":"2021-03-25T20:18:39","slug":"observatorio-wataniba-orpiacovid-19-en-la-amazonia-venezolana-boletin-numero-20","status":"publish","type":"post","link":"https:\/\/www.raisg.org\/pt-br\/radar\/observatorio-wataniba-orpiacovid-19-en-la-amazonia-venezolana-boletin-numero-20\/","title":{"rendered":"OBSERVATORIO WATANIBA-ORPIA: COVID-19 EN LA AMAZONIA VENEZOLANA. Bolet\u00edn n\u00famero 20"},"content":{"rendered":"<p class=\"has-text-align-right\" style=\"text-align: right;\">Corte de la data: 7 de marzo de 2021<\/p>\n<p class=\"has-text-align-right\" style=\"text-align: right;\">Wataniba<\/p>\n<p><img decoding=\"async\" src=\"https:\/\/watanibasocioambiental.org\/wp-content\/uploads\/2021\/03\/EtiquetaBoletin20-e1616537444847.png\" alt=\"OBSERVATORIO WATANIBA-ORPIA:COVID-19 EN LA AMAZONIA VENEZOLANA. Bolet\u00edn n\u00famero 20\" \/><\/p>\n<p class=\"has-text-align-center\" style=\"text-align: center;\"><em>Para el 7 de marzo se han cumplido doce meses del distanciamiento social en Venezuela a causa del coronavirus. La Amazonia venezolana comienza a reportar un ascenso en el n\u00famero de contagios, que pudieran indicar que, probablemente, se enfrenta a la segunda ola de contagios por COVID-19 que ya muchos de los pa\u00edses que conforman la Panamazonia y el mundo enfrentan desde hace dos meses. El estado Bol\u00edvar concentra la mayor cantidad de nuevos casos e inclusive reporta casos de la variante P1 que se conoci\u00f3 por primera vez en el estado Amazonas brasile\u00f1o. Frente a este nuevo escenario, el registro de casos positivos y fallecidos en el pa\u00eds, a escala regional y local, as\u00ed como la incidencia en pueblos ind\u00edgenas contin\u00faa siendo dif\u00edcil de calcular por falta de estad\u00edsticas oficiales, desconocimiento sobre el n\u00famero de pruebas r\u00e1pidas (PDR) y confirmatorias (PCR) que se han aplicado, as\u00ed como el seguimiento que se ha realizado. Por ello, es complejo saber con certeza de qu\u00e9 manera han sido afectados los pueblos ind\u00edgenas por la pandemia. Se reconocen casos de contagios y fallecidos por COVID-19, siguiendo la sintomatolog\u00eda cl\u00ednica, entre los Arawak, Jivi, Pem\u00f3n, Uwott\u00fcja, Warao, Yanomami, Ye\u2019kwana y Yeral en el marco de la Amazonia venezolana. Esto sin contar con los casos referidos para pueblos y comunidades del occidente del pa\u00eds.<\/em><\/p>\n<p>CONTEXTO REGIONAL<br \/>\nDesde los inicios de la pandemia en 2020 hasta el 7 de marzo de 2021 (fecha de corte del presente bolet\u00edn), se han notificado 2.674.474 casos y 74.248 fallecidos en la Panamazonia debido a COVID-19 (Figura 1 y 2). Estos datos muestran un aumento del 7% con relaci\u00f3n al n\u00famero de contagiados (2.504.909) y 6% respecto a los fallecidos (69.858) al contrastarlos con los datos reportados el 21 de febrero en el bolet\u00edn n\u00famero 19. Para el 7 de marzo, la tasa de incidencia (contagios por cada 100.000 habitantes) en la regi\u00f3n es de 3.638 y la letalidad (personas fallecidas por cada 1.000 contagios) es 28. El n\u00famero de casos se ha incrementado a un ritmo mayor desde principios de enero. Entre el 10 de enero y el 7 marzo el n\u00famero de contagios aument\u00f3 en 31% y el n\u00famero de fallecidos en 35% (Tabla 1). El mayor incremento respecto a nuevos casos y fallecidos se present\u00f3 en la semana del 21 al 28 de febrero (Figura 2 y 4).<\/p>\n<figure class=\"wp-block-image size-large\"><img fetchpriority=\"high\" decoding=\"async\" class=\"wp-image-2577\" src=\"https:\/\/watanibasocioambiental.org\/wp-content\/uploads\/2021\/03\/Fig1-1024x690.png\" sizes=\"(max-width: 1024px) 100vw, 1024px\" srcset=\"https:\/\/watanibasocioambiental.org\/wp-content\/uploads\/2021\/03\/Fig1-1024x690.png 1024w, https:\/\/watanibasocioambiental.org\/wp-content\/uploads\/2021\/03\/Fig1-300x202.png 300w, https:\/\/watanibasocioambiental.org\/wp-content\/uploads\/2021\/03\/Fig1-768x518.png 768w, https:\/\/watanibasocioambiental.org\/wp-content\/uploads\/2021\/03\/Fig1-1536x1035.png 1536w, https:\/\/watanibasocioambiental.org\/wp-content\/uploads\/2021\/03\/Fig1-2048x1380.png 2048w\" alt=\"\" width=\"1024\" height=\"690\" \/><\/figure>\n<figure class=\"wp-block-image size-large\"><img decoding=\"async\" class=\"wp-image-2578\" src=\"https:\/\/watanibasocioambiental.org\/wp-content\/uploads\/2021\/03\/Fig2-1024x673.png\" sizes=\"(max-width: 1024px) 100vw, 1024px\" srcset=\"https:\/\/watanibasocioambiental.org\/wp-content\/uploads\/2021\/03\/Fig2-1024x673.png 1024w, https:\/\/watanibasocioambiental.org\/wp-content\/uploads\/2021\/03\/Fig2-300x197.png 300w, https:\/\/watanibasocioambiental.org\/wp-content\/uploads\/2021\/03\/Fig2-768x504.png 768w, https:\/\/watanibasocioambiental.org\/wp-content\/uploads\/2021\/03\/Fig2-1536x1009.png 1536w, https:\/\/watanibasocioambiental.org\/wp-content\/uploads\/2021\/03\/Fig2-2048x1345.png 2048w\" alt=\"\" width=\"1024\" height=\"673\" \/><\/figure>\n<p>En t\u00e9rminos absolutos, hasta el 7 de marzo, la Amazonia brasile\u00f1a present\u00f3 el mayor n\u00famero de contagios, seguido por la Amazonia peruana y la colombiana (Figura 1). Los pa\u00edses con un incremento porcentual m\u00e1s acelerado en el n\u00famero de casos entre el 10 de enero 2020 y el 7 de marzo son Bolivia (49%), Guyana Francesa (42%) y Guyana (34%) (Tabla 1). La Amazonia nacional con mayor incidencia es Brasil (5.820), seguido por y Guyana Francesa (5.767) (Tabla 2). Los pa\u00edses con menor incidencia de contagio son Venezuela (235) y Ecuador (790).<\/p>\n<figure class=\"wp-block-image size-large\"><img decoding=\"async\" class=\"wp-image-2580\" src=\"https:\/\/watanibasocioambiental.org\/wp-content\/uploads\/2021\/03\/Fig3-1024x562.png\" sizes=\"(max-width: 1024px) 100vw, 1024px\" srcset=\"https:\/\/watanibasocioambiental.org\/wp-content\/uploads\/2021\/03\/Fig3-1024x562.png 1024w, https:\/\/watanibasocioambiental.org\/wp-content\/uploads\/2021\/03\/Fig3-300x165.png 300w, https:\/\/watanibasocioambiental.org\/wp-content\/uploads\/2021\/03\/Fig3-768x422.png 768w, https:\/\/watanibasocioambiental.org\/wp-content\/uploads\/2021\/03\/Fig3-1536x843.png 1536w, https:\/\/watanibasocioambiental.org\/wp-content\/uploads\/2021\/03\/Fig3-2048x1124.png 2048w\" alt=\"\" width=\"1024\" height=\"562\" \/><\/figure>\n<figure class=\"wp-block-image size-large\"><img loading=\"lazy\" decoding=\"async\" class=\"wp-image-2579\" src=\"https:\/\/watanibasocioambiental.org\/wp-content\/uploads\/2021\/03\/Mapa-1.png\" sizes=\"(max-width: 956px) 100vw, 956px\" srcset=\"https:\/\/watanibasocioambiental.org\/wp-content\/uploads\/2021\/03\/Mapa-1.png 956w, https:\/\/watanibasocioambiental.org\/wp-content\/uploads\/2021\/03\/Mapa-1-300x226.png 300w, https:\/\/watanibasocioambiental.org\/wp-content\/uploads\/2021\/03\/Mapa-1-768x578.png 768w\" alt=\"\" width=\"956\" height=\"720\" \/><\/figure>\n<figure class=\"wp-block-image size-large\"><img loading=\"lazy\" decoding=\"async\" class=\"wp-image-2581\" src=\"https:\/\/watanibasocioambiental.org\/wp-content\/uploads\/2021\/03\/Tabla-1-1.png\" sizes=\"(max-width: 869px) 100vw, 869px\" srcset=\"https:\/\/watanibasocioambiental.org\/wp-content\/uploads\/2021\/03\/Tabla-1-1.png 869w, https:\/\/watanibasocioambiental.org\/wp-content\/uploads\/2021\/03\/Tabla-1-1-300x249.png 300w, https:\/\/watanibasocioambiental.org\/wp-content\/uploads\/2021\/03\/Tabla-1-1-768x636.png 768w\" alt=\"\" width=\"869\" height=\"720\" \/><\/figure>\n<p>Para el 7 de marzo, los diez estados de la Panamazonia con mayor n\u00famero de contagios por coronavirus se distribuyen, al igual que en el bolet\u00edn anterior, entre Brasil (Par\u00e1, Amazonas, Mato Grosso, Maranh\u00e3o, Rond\u00f4nia, Tocantins, Amap\u00e1 y Roraima) y Bolivia (Santa Cruz y La Paz, en s\u00e9ptimo y d\u00e9cimo lugar, respectivamente) (Mapa Contagios acumulados e Incidencia). Este grupo acumula el 66,4% de los casos regionales. En cuanto a la incidencia, se observan cambios notorios con respecto al bolet\u00edn 19. De acuerdo a las estad\u00edsticas, al 7 de marzo, los primeros siete lugares lo ocupan estados brasile\u00f1os, al octavo sube el departamento Amazonas, de Colombia, todos ellos con un aumento importante de casos, mientras Cayenne y Madre de Dios experimentaron aumentos absolutos y porcentuales muy bajos (Roraima-Br1 \u2013 13.841, Amap\u00e1-Br \u2013 10.119, Rond\u00f4nia-Br \u2013 8.834, Amazonas-Br \u2013 7.820, Tocantins-Br \u2013 7.676, Mato Grosso-Br \u2013 7.446, Acre-Br \u2013 6.836, Amazonas-Co \u2013 6.831, Cayenne-GF \u2013 6.792 y Madre de Dios-Pe \u2013 6.627. El estado Amazonas de Per\u00fa sigue ocupando el onceavo lugar. En el extremo opuesto se encuentran Par\u00e1-Sr, Loja-Ec y Bol\u00edvar-Ve, con incidencias de 168, 205 y 206 contagios por cada 100 mil habitantes, respectivamente.<\/p>\n<figure class=\"wp-block-image size-large\"><img loading=\"lazy\" decoding=\"async\" class=\"wp-image-2582\" src=\"https:\/\/watanibasocioambiental.org\/wp-content\/uploads\/2021\/03\/Fig4-1024x484.png\" sizes=\"(max-width: 1024px) 100vw, 1024px\" srcset=\"https:\/\/watanibasocioambiental.org\/wp-content\/uploads\/2021\/03\/Fig4-1024x484.png 1024w, https:\/\/watanibasocioambiental.org\/wp-content\/uploads\/2021\/03\/Fig4-300x142.png 300w, https:\/\/watanibasocioambiental.org\/wp-content\/uploads\/2021\/03\/Fig4-768x363.png 768w, https:\/\/watanibasocioambiental.org\/wp-content\/uploads\/2021\/03\/Fig4-1536x726.png 1536w, https:\/\/watanibasocioambiental.org\/wp-content\/uploads\/2021\/03\/Fig4-2048x968.png 2048w\" alt=\"\" width=\"1024\" height=\"484\" \/><\/figure>\n<figure class=\"wp-block-image size-large\"><img loading=\"lazy\" decoding=\"async\" class=\"wp-image-2583\" src=\"https:\/\/watanibasocioambiental.org\/wp-content\/uploads\/2021\/03\/Tabla-2-1.png\" sizes=\"(max-width: 892px) 100vw, 892px\" srcset=\"https:\/\/watanibasocioambiental.org\/wp-content\/uploads\/2021\/03\/Tabla-2-1.png 892w, https:\/\/watanibasocioambiental.org\/wp-content\/uploads\/2021\/03\/Tabla-2-1-300x176.png 300w, https:\/\/watanibasocioambiental.org\/wp-content\/uploads\/2021\/03\/Tabla-2-1-768x449.png 768w\" alt=\"\" width=\"892\" height=\"522\" \/><\/figure>\n<p>Para ese mismo momento, los diez estados o provincias panamaz\u00f3nicos con mayor cantidad de defunciones se encuentran en Brasil (Amazonas, Par\u00e1, Mato Grosso, Maranh\u00e3o, Rond\u00f4nia), Bolivia (Santa Cruz, quinto lugar), Per\u00fa (La Libertad, Piura y Lambayeque, en sexto, s\u00e9ptimo y noveno lugar, respectivamente) y Colombia (Huila, en d\u00e9cimo lugar) (Mapa Decesos acumulados y letalidad). Es decir, La Paz (Bolivia) pasa al puesto once y sube Huila (Colombia), variaci\u00f3n que ya se observ\u00f3 previamente. El conjunto de estas diez unidades administrativas re\u00fane, nuevamente, el 64% de los decesos de la Panamazonia.<\/p>\n<p>En lo que se refiere a la letalidad (fallecidos por cada mil contagios) los estados o provincias que lideran estas lamentables estad\u00edsticas presentan variaciones con respecto al bolet\u00edn anterior, a\u00fan cuando los valores m\u00e1s altos tienden a concentrarse encuentran en los mismos pa\u00edses (Mapa Decesos y letalidad): Ecuador (Tungurahua: 73), Bolivia (Cochabamba: 62, Pando: 60, Beni: 45), Per\u00fa (La Libertad: 62, Lambayeque: 56, Piura: 48) y Colombia (Caquet\u00e1 y Putumayo: 43), con el ingreso de Suriname a este grupo (Paramaribo: 43).<\/p>\n<p>Un aspecto a destacar es que, aunque los valores m\u00e1ximos de incidencia siguen aumentando, la letalidad viene disminuyendo (73 comparada con 77) y eso es una buena noticia.<\/p>\n<figure class=\"wp-block-image size-large\"><img loading=\"lazy\" decoding=\"async\" class=\"wp-image-2584\" src=\"https:\/\/watanibasocioambiental.org\/wp-content\/uploads\/2021\/03\/Mapa-2.png\" sizes=\"(max-width: 813px) 100vw, 813px\" srcset=\"https:\/\/watanibasocioambiental.org\/wp-content\/uploads\/2021\/03\/Mapa-2.png 813w, https:\/\/watanibasocioambiental.org\/wp-content\/uploads\/2021\/03\/Mapa-2-300x229.png 300w, https:\/\/watanibasocioambiental.org\/wp-content\/uploads\/2021\/03\/Mapa-2-768x586.png 768w\" alt=\"\" width=\"813\" height=\"620\" \/><\/figure>\n<p>AMAZONIA VENEZOLANA<br \/>\nAl 7 de marzo se han notificado 5.430 contagios en la Amazonia venezolana, 263 casos adicionales a los reportados al 21 de febrero, lo que representa un aumento del 5% respecto a esa fecha y un 12% respecto a los casos reportados al 10 de enero. Si bien la incidencia se mantiene como la m\u00e1s baja en la Panamazonia, el aumento en el n\u00famero de casos en tan solo dos semanas es alto e indica que la velocidad de transmisi\u00f3n en la Amazonia nacional est\u00e1 incrementando. Situaci\u00f3n que habr\u00e1 que monitorear con cautela durante las pr\u00f3ximas semanas para determinar si la Amazonia nacional enfrenta una segunda ola de contagios como buena parte de la Panamazonia la enfrenta desde hace dos meses.<\/p>\n<p>De los estados que conforman la Amazonia venezolana, para el 7 de marzo el estado Amazonas report\u00f3 791 casos (15%), Bol\u00edvar 3.909 (72%) y Delta Amacuro 730 (13%) (Figura 5). En los \u00faltimos tres meses, el estado Amazonas notific\u00f3 22 casos adicionales, Bol\u00edvar 526 y Delta Amacuro 27. Esto representa un incremento relativo del 3% para Amazonas, 16% para Bol\u00edvar y 4% para Delta Amacuro.<\/p>\n<figure class=\"wp-block-image size-large\"><img loading=\"lazy\" decoding=\"async\" class=\"wp-image-2585\" src=\"https:\/\/watanibasocioambiental.org\/wp-content\/uploads\/2021\/03\/Fig5-1024x760.png\" sizes=\"(max-width: 1024px) 100vw, 1024px\" srcset=\"https:\/\/watanibasocioambiental.org\/wp-content\/uploads\/2021\/03\/Fig5-1024x760.png 1024w, https:\/\/watanibasocioambiental.org\/wp-content\/uploads\/2021\/03\/Fig5-300x223.png 300w, https:\/\/watanibasocioambiental.org\/wp-content\/uploads\/2021\/03\/Fig5-768x570.png 768w, https:\/\/watanibasocioambiental.org\/wp-content\/uploads\/2021\/03\/Fig5-1536x1141.png 1536w, https:\/\/watanibasocioambiental.org\/wp-content\/uploads\/2021\/03\/Fig5-2048x1521.png 2048w\" alt=\"\" width=\"1024\" height=\"760\" \/><\/figure>\n<p>Para el 7 de marzo, la incidencia de la Amazonia nacional fue de 235, con variaciones entre 390 y 206 (Tabla 3). El estado Amazonas mantiene el valor m\u00e1s alto. El incremento significativo con relaci\u00f3n a los datos de incidencia reportados en los boletines anteriores (especialmente en el estado Bol\u00edvar) podr\u00eda tomarse como indicativo del inicio de una segunda ola de propagaci\u00f3n del virus. A pesar de ello, contin\u00faa llamando la atenci\u00f3n la diferencia entre los valores de incidencia de la Amazonia venezolana con respecto a los dem\u00e1s pa\u00edses y, en especial, con los fronterizos (Mapas de Contagios e incidencia y Decesos y letalidad). La diferencia en los datos puede reflejar vac\u00edos de informaci\u00f3n sobre la cantidad de pruebas r\u00e1pidas y pruebas confirmatorias administradas, as\u00ed como el n\u00famero de casos activos, recuperados y hospitalizados. En este sentido, una investigaci\u00f3n de la agencia de noticias Bloomberg, revela que las cifras oficiales de coronavirus est\u00e1n muy por debajo de las reales, pues s\u00f3lo dan cuenta sobre las pruebas PCR procesadas por laboratorios estatales que excluye los resultados proporcionados por los centros de salud privados.<\/p>\n<figure class=\"wp-block-image size-large\"><img loading=\"lazy\" decoding=\"async\" class=\"wp-image-2586\" src=\"https:\/\/watanibasocioambiental.org\/wp-content\/uploads\/2021\/03\/Tabla-3-1.png\" sizes=\"(max-width: 813px) 100vw, 813px\" srcset=\"https:\/\/watanibasocioambiental.org\/wp-content\/uploads\/2021\/03\/Tabla-3-1.png 813w, https:\/\/watanibasocioambiental.org\/wp-content\/uploads\/2021\/03\/Tabla-3-1-300x137.png 300w, https:\/\/watanibasocioambiental.org\/wp-content\/uploads\/2021\/03\/Tabla-3-1-768x350.png 768w\" alt=\"\" width=\"813\" height=\"370\" \/><\/figure>\n<p>Durante las dos semanas de an\u00e1lisis del presente bolet\u00edn, se report\u00f3 una nueva defunci\u00f3n por COVID-19 en la Amazonia nacional. Para el 7 de marzo se reconocieron oficialmente 45 decesos en la Amazonia nacional: 28 personas en el estado Amazonas, catorce en Bol\u00edvar y tres en Delta Amacuro, lo cual resulta en una tasa de letalidad de 8 fallecidos por cada mil contagios, manteni\u00e9ndose como lo que es la m\u00e1s baja en la regi\u00f3n luego de Guyana Francesa. A pesar de la baja letalidad, existen diferencias importantes entre los tres estados amaz\u00f3nicos venezolanos (Tabla 3). El estado Bol\u00edvar y Delta Amacuro est\u00e1n muy por debajo del par\u00e1metro panamaz\u00f3nico, pero el estado Amazonas lo supera (34,4 versus 27).<\/p>\n<p>En el territorio fronterizo, la curva de contagios contin\u00faa en ascenso en buena parte de los departamentos y estados que conforman la zona. El n\u00famero de contagios aumenta a un ritmo acelerado en el estado Amazonas y Roraima brasile\u00f1o, as\u00ed como en los departamentos Arauca, Caquet\u00e1 y Guain\u00eda en Colombia, mientras que en el departamento de Vichada, la velocidad de transmisi\u00f3n ha disminuido. Brasil contin\u00faa luchando por controlar el segundo brote de COVID-19. Que, lejos de mostrar signos en la disminuci\u00f3n en la velocidad de transmisi\u00f3n, se contin\u00faa agravando y es causa de alarma en mundo tras reportar m\u00e1s de 2.000 fallecidos diarios a nivel nacional3. Manaos, la capital del estado Amazonas brasile\u00f1o, y lugar donde se conoci\u00f3 por primera vez la nueva variante del virus conocida como P1, ha sido afectada de manera \u00fanica. La variante no s\u00f3lo ha demostrado ser al menos dos veces m\u00e1s contagiosa, sino que los contagiados pueden reinfectarse comprometiendo la efectividad de vacunaci\u00f3n4. As\u00ed mismo, se conoce c\u00f3mo la variante se ha expandido r\u00e1pidamente fuera de las fronteras del estado Amazonas brasile\u00f1o y el mundo5. Esta situaci\u00f3n amenaza de manera importante a la ya vulnerable Amazonia venezolana. El peligro de la llegada de la variante a Venezuela y su posible r\u00e1pida propagaci\u00f3n que alertamos en n\u00fameros anteriores del bolet\u00edn, fue confirmado el 3 de marzo, fecha en la que el gobierno de Nicol\u00e1s Maduro anunci\u00f3 la detecci\u00f3n de los primeros diez casos de la variante brasile\u00f1a en Venezuela. Seis, de los contagios reportados provienen del estado Bol\u00edvar (estado lim\u00edtrofe con Brasil), espec\u00edficamente de Tumeremo, municipios Sifontes y el Callao6. Seg\u00fan denuncias de prensa, la confirmaci\u00f3n de la llegada de la variante P1 a territorio venezolano, est\u00e1 relacionada con la autorizaci\u00f3n de la realizaci\u00f3n del carnaval del Callao semanas atr\u00e1s y con la flexibilizaci\u00f3n de las medidas de bioseguridad7. A su vez, se estima que el repunte es muy superior al reportado, ya que s\u00f3lo el Instituto Venezolano de Investigaciones Cient\u00edficas (IVIC) y el Instituto Nacional de Higiene Rafael Rangel (Inhrr) pueden diagnosticar la variante amaz\u00f3nica8. El aumento en la velocidad de transmisi\u00f3n en el estado ha sido impulsado por la falta de dotaci\u00f3n de medicamentos e insumos en los centros de salud, como el ox\u00edgeno requerido para atender a los enfermos de COVID-19 y el colapso que buena parte de los hospitales que se encuentran al m\u00e1ximo de su capacidad. En respuesta a estas las necesidades, la gobernaci\u00f3n del estado Bol\u00edvar ha trasladado unos 450 cilindros de ox\u00edgeno al hospital Rosario Vera Zurita de la Gran Sabana.<\/p>\n<p>El aumento en la velocidad de transmisi\u00f3n de contagio en la Amazonia nacional, y la confirmaci\u00f3n de la variante P1 a en el estado Bol\u00edvar y otros estados del pa\u00eds, hacen necesario que las medidas de bioseguridad y controles para contener el la transmisi\u00f3n del virus sean reforzadas. El gobernador del estado Bol\u00edvar ha hecho un llamado a los ciudadanos a acudir a los centros de atenci\u00f3n m\u00e9dica al presentarse cualquier de los s\u00edntomas del virus, pero no se han decretado medidas extraordinarias que vayan m\u00e1s all\u00e1 del esquema 7+7. Las autoridades de los estados Amazonas y Delta Amacuro tampoco han anunciado medidas adicionales para controlar la propagaci\u00f3n del virus, luego de que se recibieron y se inici\u00f3 el proceso de vacunaci\u00f3n entre personal m\u00e9dico con las dosis de vacunas Sputnik V, que en Puerto Ayacucho tuvo lugar el 25 de febrero.<\/p>\n<figure class=\"wp-block-image size-large\"><img loading=\"lazy\" decoding=\"async\" class=\"wp-image-2587\" src=\"https:\/\/watanibasocioambiental.org\/wp-content\/uploads\/2021\/03\/Fotografia-1-1024x661.png\" sizes=\"(max-width: 1024px) 100vw, 1024px\" srcset=\"https:\/\/watanibasocioambiental.org\/wp-content\/uploads\/2021\/03\/Fotografia-1-1024x661.png 1024w, https:\/\/watanibasocioambiental.org\/wp-content\/uploads\/2021\/03\/Fotografia-1-300x194.png 300w, https:\/\/watanibasocioambiental.org\/wp-content\/uploads\/2021\/03\/Fotografia-1-768x496.png 768w, https:\/\/watanibasocioambiental.org\/wp-content\/uploads\/2021\/03\/Fotografia-1.png 1115w\" alt=\"\" width=\"1024\" height=\"661\" \/><figcaption>Fotograf\u00eda Wataniba\/Jes\u00fas-Chucho-Sosa<\/figcaption><\/figure>\n<p>POBLACI\u00d3N IND\u00cdGENA<br \/>\nLa informaci\u00f3n sobre los casos de COVID-19 en pueblos ind\u00edgenas contin\u00faa siendo dif\u00edcil de adquirir. Los reportes p\u00fablicos nacionales no segmentan la poblaci\u00f3n seg\u00fan esta caracter\u00edstica y la informaci\u00f3n proporcionada a nivel local es escasa. No obstante, el aumento de las cifras en estados y municipios de poblaci\u00f3n ind\u00edgena sugiere, l\u00f3gicamente, que estos pueblos tambi\u00e9n est\u00e1n experimentando un mayor n\u00famero de casos, al menos de contagio. Esta informaci\u00f3n ha sido se\u00f1alada en especial para los municipios Antonio D\u00edaz, Pedernales y Tucupita en el estado Delta Amacuro, en el municipio Sifontes del estado Bol\u00edvar, en el sector de Cuyun\u00ed (comunidades Araima e Inawai) y en el estado Amazonas, se habla de un n\u00famero de casos activos superior al reconocido en los reportes nacionales.<\/p>\n<figure class=\"wp-block-image size-large\"><img loading=\"lazy\" decoding=\"async\" class=\"wp-image-2588\" src=\"https:\/\/watanibasocioambiental.org\/wp-content\/uploads\/2021\/03\/Tejido.png\" sizes=\"(max-width: 707px) 100vw, 707px\" srcset=\"https:\/\/watanibasocioambiental.org\/wp-content\/uploads\/2021\/03\/Tejido.png 707w, https:\/\/watanibasocioambiental.org\/wp-content\/uploads\/2021\/03\/Tejido-300x257.png 300w\" alt=\"\" width=\"707\" height=\"605\" \/><\/figure>\n<p>Por otro lado, la presencia de la variante brasile\u00f1a, detectada en Manaus, ya se reconoce oficialmente en el pa\u00eds. Su v\u00eda de entrada parece seguir la v\u00eda del movimiento minero, lo que hace pensar, dada la presencia de actividades mineras alrededor de los estados Amazonas y Bol\u00edvar, que puede haber m\u00e1s contagios entre poblaci\u00f3n ind\u00edgena de la rese\u00f1ada. En el estado Amazonas, se han iniciado jornadas de detecci\u00f3n y atenci\u00f3n al pueblo Yanomami, seg\u00fan lo refiere la m\u00e1xima autoridad de ese estado. Esto es muy importante considerando que el coronavirus ha sido ampliamente reportado en el territorio Yanomami de Brasil, donde incluso se ha reconocido la muerte de Yanomami venezolanos. Es de recordar que para este, como para muchos otros pueblos, las fronteras nacionales, no son un impedimento de tr\u00e1nsito a lo largo y ancho de su territorio hist\u00f3rico que est\u00e1 casi igualmente repartido entre Venezuela y Brasil.<\/p>\n<figure class=\"wp-block-image size-large\"><img loading=\"lazy\" decoding=\"async\" class=\"wp-image-2589\" src=\"https:\/\/watanibasocioambiental.org\/wp-content\/uploads\/2021\/03\/image-1024x681.png\" sizes=\"(max-width: 1024px) 100vw, 1024px\" srcset=\"https:\/\/watanibasocioambiental.org\/wp-content\/uploads\/2021\/03\/image-1024x681.png 1024w, https:\/\/watanibasocioambiental.org\/wp-content\/uploads\/2021\/03\/image-300x200.png 300w, https:\/\/watanibasocioambiental.org\/wp-content\/uploads\/2021\/03\/image-768x511.png 768w, https:\/\/watanibasocioambiental.org\/wp-content\/uploads\/2021\/03\/image-1536x1021.png 1536w, https:\/\/watanibasocioambiental.org\/wp-content\/uploads\/2021\/03\/image.png 1842w\" alt=\"\" width=\"1024\" height=\"681\" \/><\/figure>\n<p>En los estados vecinos a la Amazonia venezolana, en Brasil y Colombia se se\u00f1ala un alto n\u00famero de ind\u00edgenas contagiados. Para el 8 de marzo, la Amazonia brasile\u00f1a report\u00f3 5.615 casos en el estado Roraima y 8.948 en el estado Amazonas brasile\u00f1o, los cuales se asocian a 45 grupos (siete en Roraima y 38 en Amazonas). Esto se traduce en 142 casos adicionales a los contagios acumulados reportados el 12 de febrero. Por su parte, en la actualizaci\u00f3n m\u00e1s reciente para Colombia, del 12 de marzo, los departamentos de Guain\u00eda, Arauca, Vichada y Casanare reportaron, respectivamente, 324, 54, 100 y 39 casos confirmados para 18 pueblos ind\u00edgenas (Cubeo, Piapoco, Tucano, Wayuu, Wiwa, Zenu, Sikuani-Guahibo, U\u2019Wa, Zen\u00fa, Pijao, Curripaco, Embera, Pasto, Nasa Pa\u00e9z, Wayuu, Rond\u00f3n, S\u00e1liva y Puinave), lo cual representa cinco casos adicionales a los se\u00f1alados el 12 de febrero.<\/p>\n<p>En cuanto a las personas fallecidas, la actualizaci\u00f3n del 8 de marzo en Brasil destaca 109 defunciones en el estado Roraima, pertenecientes a los grupos: Macuxi (20), Pem\u00f3n (proveniente de la Amazonia Venezolana) (1), Taurepang (2), Wapichana (8), Wai Wai (2), Waraos provenientes desde Venezuela (2), Yanomami (17) y no identificados (57). Para la fecha, en el estado Amazonas brasile\u00f1o hab\u00edan fallecido 291 ind\u00edgenas, pertenecientes a 27 grupos: Apurin\u00e3 (7), Arapaso (1), Bar\u00e9 (15), Baniwa (11), Desana (1), Hixcaryana (3), Madija (1), Marubo (2), Matses-Mayoruna (1), Mirititapuya (1), Munduruku (1), Mura (4), Nadob (1), Krapana (2), Kacoma (58), Koripako (2), Omagua-Kambeba (7), Paumari (1), Parintintin (1), Sater\u00e9 Maw\u00e9 (11), Tariano (1), Tikuna (17), Tora (1), Tukano (9), Tuyuca (1), Yanomami (7), Werekena (1) y no identificados (121).<\/p>\n<p>Espec\u00edficamente, en el territorio Yanomami de Brasil, que se extiende por los estados Roraima y Amazonas de ese pa\u00eds, la red Pro Yanomami-Ye\u2019kwana, al 5 de marzo reporta 21 fallecidos y 13 ind\u00edgenas que se sospecha murieron por esta enfermedad y diez casos bajo investigaci\u00f3n entre los pueblos Yanomami y Ye\u2019kwana. En esta \u00faltima actualizaci\u00f3n no se compartieron nuevos datos sobre el n\u00famero de casos confirmados a los reportados el 2 de febrero:1.641 casos confirmados y 30 sospechosos.<\/p>\n<p>Durante la primera semana de marzo un helic\u00f3ptero del ej\u00e9rcito brasile\u00f1o vol\u00f3 hasta dos pueblos ind\u00edgenas en aislamiento para vacunar a la vulnerable poblaci\u00f3n en el Alto R\u00edo Negro fronterizo con Colombia. Las comunidades de Hudpa recibieron sus vacunas sin resistencia por verla como una alternativa y complemento al uso de su medicina tradicional. Seg\u00fan la noticia para el 5 de marzo, 265.244 ind\u00edgenas han recibido una primera dosis y 124.063 la segunda dosis.<\/p>\n<p>El control de la miner\u00eda ilegal y de las v\u00edas de entrada y salida entre Brasil y Venezuela por el R\u00edo Negro, as\u00ed como entre Venezuela y Colombia, otorgar\u00edan un mayor nivel de protecci\u00f3n hacia toda la poblaci\u00f3n y, en particular, a los pueblos originarios de la Amazonia venezolana. Dichos controles necesitan tener un enfoque diferenciado para respetar las tradiciones y costumbres de estos pueblos. Al mismo tiempo es necesario reforzar la pr\u00e1ctica de la medicina tradicional y la generaci\u00f3n de estad\u00edsticas que diferencien entre poblaci\u00f3n ind\u00edgena y criolla, as\u00ed como la publicaci\u00f3n de todo lo relativo a los operativos de salud, cantidad de pruebas administradas, pol\u00edticas de bioseguridad implementadas y los resultados de estas acciones.<\/p>\n<p>Descarga aqu\u00ed el\u00a0<a href=\"https:\/\/watanibasocioambiental.org\/wp-content\/uploads\/2021\/03\/BoletinNo20_Final.pdf\" target=\"_blank\" rel=\"noreferrer noopener\">Bolet\u00edn n\u00famero 20<\/a>\u00a0en formato PDF<\/p>\n<p>Fuentes (22 febrero \u2013 7 marzo 2021)<\/p>\n<ul>\n<li>Agence r\u00e9gionale de sant\u00e9 (https:\/\/www.guyane.ars.sante.fr\/)<\/li>\n<li>Rede Pro Yanomami-Ye\u2019kwana (https:\/\/www.facebook.com\/RedeProYanomamiYekwana)<\/li>\n<li>Covid-19 \u2013 Patria Blog https:\/\/covid19.patria.org.ve\/<\/li>\n<li>COIAB https:\/\/coiab.org.br\/documentos<\/li>\n<li>Instituto Nacional de Salud de Colombia (https:\/\/www.ins.gov.co\/)<\/li>\n<li>Instituto Socioambiental (https:\/\/www.socioambiental.org\/)<\/li>\n<li>Ministerie van volksgezondheid (https:\/\/covid-19.sr\/)<\/li>\n<li>Ministerio de Salud de Bolivia (https:\/\/www.minsalud.gob.bo)<\/li>\n<li>Ministerio de Salud del Per\u00fa (https:\/\/www.minsa.gob.pe\/)<\/li>\n<li>Ministerio de Salud p\u00fablica de Ecuador (https:\/\/www.salud.gob.ec\/)<\/li>\n<li>Minist\u00e9rio de Sa\u00fade do Brasil (https:\/\/susanalitico.saude.gov.br\/extensions\/covid-19_html\/covid-19_html.html)<\/li>\n<li>Ministry of Public Health of Guyana ( https:\/\/health.gov.gy\/)<\/li>\n<li>Organizaci\u00f3n Nacional de Ind\u00edgenas de Colombia (https:\/\/www.onic.org.co\/)<\/li>\n<li>Rede Pr\u00f3 Yanomami e Ye\u2019kwana (@redeProYY)<\/li>\n<li>Ruedas de prensa de autoridades Venezuela<\/li>\n<li>Secretaria de Sa\u00fade Amazonas (Brasil) (http:\/\/www.saude.am.gov.br\/)<\/li>\n<li>Secretaria de Saude de Roraima (Brasil) (https:\/\/www.saude.rr.gov.br\/)<\/li>\n<li>DANE \u2013 Sistema Estad\u00edstico Nacional \u2013 Colombia (https:\/\/www.dane.gov.co\/index.php\/estadisticas-por-tema\/demografia-<br \/>\ny-poblacion)<\/li>\n<li>Instituto Nacional de Estad\u00edstica \u2013 Estado Plurinacional de Bolivia (https:\/\/www.ine.gob.bo\/index.php\/censos-y-proyecciones-<br \/>\nde-poblacion-sociales\/)<\/li>\n<li>Instituto Nacional de Estad\u00edstica e Inform\u00e1tica \u2013 Per\u00fa (http:\/\/censo2017.inei.gob.pe\/)<\/li>\n<li>Instituto Nacional de Estad\u00edsticas y Censos \u2013 Ecuador (https:\/\/www.ecuadorencifras.gob.ec\/censo-de-poblacion-y-vivienda\/)<\/li>\n<li>Instituto Nacional de Estad\u00edsticas \u2013 Venezuela (http:\/\/www.ine.gov.ve\/index.php?option=com_content&amp;view=category&amp;<br \/>\nid=98&amp;Itemid=51)<\/li>\n<li>City Population (https:\/\/www.citypopulation.de\/en\/guyana\/, https:\/\/www.citypopulation.de\/en\/france\/cities\/guyane\/,<br \/>\nhttps:\/\/www.citypopulation.de\/en\/suriname\/cities\/)<\/li>\n<li>Orgainzaci\u00f3n Panamericana de la Salud ( https:\/\/www.paho.org\/es\/file\/73306\/download?token=AMtVXDit<br \/>\n-https:\/\/indigenascovid19.red\/wp-content\/uploads\/2020\/09\/FILAC_FIAY_tercer-informe-PI_COVID19_final.pdf)<br \/>\n\u2013https:\/\/www.npr.org\/2021\/01\/22\/959567446\/coronavirus-crisis-gets-even-worse-in-brazilian-amazon-city-of-manaus<br \/>\n-Prensa nacional e internacional<br \/>\nhttps:\/\/www.france24.com\/es\/minuto-a-minuto\/20210311-brasil-registra-por-primera-vez-m\u00e1s-de-2-000-muertos-porcoronavirus-<br \/>\nen-24-horas<br \/>\nhttps:\/\/www.nytimes.com\/2021\/03\/01\/health\/covid-19-coronavirus-brazil-variant.htm<br \/>\nhttps:\/\/foreignpolicy.com\/2021\/03\/02\/brazils-covid-19-crisis-is-only-getting-wors<br \/>\nhttps:\/\/apnews.com\/article\/noticias-4b3191d94a7f65062a4a0173c4586fde<br \/>\nhttps:\/\/efectococuyo.com\/coronavirus\/casos-de-variante-brasilena-en-bolivar-provienen-de-el-callao-y-tumeremo-afirma-<br \/>\nautoridad-de-salud\/<br \/>\nhttps:\/\/efectococuyo.com\/coronavirus\/casos-de-variante-brasilena-en-bolivar-provienen-de-el-callao-y-tumeremo-afirma-<br \/>\nautoridad-de-salud\/<br \/>\nhttps:\/\/www.elnacional.com\/venezuela\/bloomberg-hay-indicadores-que-apuntan-a-una-mayor-expansion-de-coronavirus-<br \/>\nen-venezuela\/?utm_source=Twitter&amp;utm_medium=Social&amp;utm_campaign=social<\/p>\n<blockquote class=\"wp-embedded-content\" data-secret=\"r9eF9V7BA4\"><p><a href=\"https:\/\/elpitazo.net\/guayana\/bolivar-diputado-de-grazia-denuncia-falta-de-oxigeno-en-hospital-de-gran-sabana\/\">Bol\u00edvar | Diputado De Grazia denuncia falta de ox\u00edgeno en hospital de Gran Sabana<\/a><\/p><\/blockquote>\n<p><iframe class=\"wp-embedded-content\" sandbox=\"allow-scripts\" security=\"restricted\" style=\"position: absolute; clip: rect(1px, 1px, 1px, 1px);\" title=\"&#171;Bol\u00edvar | Diputado De Grazia denuncia falta de ox\u00edgeno en hospital de Gran Sabana&#187; &#8212; El Pitazo\" src=\"https:\/\/elpitazo.net\/guayana\/bolivar-diputado-de-grazia-denuncia-falta-de-oxigeno-en-hospital-de-gran-sabana\/embed\/#?secret=r9eF9V7BA4\" data-secret=\"r9eF9V7BA4\" width=\"600\" height=\"338\" frameborder=\"0\" marginwidth=\"0\" marginheight=\"0\" scrolling=\"no\"><\/iframe><\/p>\n<blockquote class=\"wp-embedded-content\" data-secret=\"K734HRorNR\"><p><a href=\"https:\/\/elpitazo.net\/guayana\/gobernador-de-bolivar-sobre-cepa-brasilena-al-primer-sintoma-acudan-al-hospital\/\">Gobernador de Bol\u00edvar sobre cepa brasile\u00f1a: \u201cAl primer s\u00edntoma acudan al hospital\u201d<\/a><\/p><\/blockquote>\n<p><iframe class=\"wp-embedded-content\" sandbox=\"allow-scripts\" security=\"restricted\" style=\"position: absolute; clip: rect(1px, 1px, 1px, 1px);\" title=\"&#171;Gobernador de Bol\u00edvar sobre cepa brasile\u00f1a: \u201cAl primer s\u00edntoma acudan al hospital\u201d&#187; &#8212; El Pitazo\" src=\"https:\/\/elpitazo.net\/guayana\/gobernador-de-bolivar-sobre-cepa-brasilena-al-primer-sintoma-acudan-al-hospital\/embed\/#?secret=K734HRorNR\" data-secret=\"K734HRorNR\" width=\"600\" height=\"338\" frameborder=\"0\" marginwidth=\"0\" marginheight=\"0\" scrolling=\"no\"><\/iframe><br \/>\nhttps:\/\/www.reuters.com\/article\/salud-coronavirus-brasil-indigenas-idESKCN2AX2C5<\/li>\n<\/ul>\n<p>Todas las figuras y mapas son elaborados por Wataniba con datos a partir de fuentes publicadas.<\/p>\n<p class=\"has-text-align-center\" style=\"text-align: center;\"><strong>Facebook:\u00a0\u00a0<\/strong>Grupo de Trabajo Socioambiental de la Amazon\u00eda Wataniba<br \/>\n<strong>Instagram<\/strong>:\u00a0\u00a0@wataniba<br \/>\n<strong>Twitter<\/strong>:\u00a0\u00a0@Wataniba_ve<\/p>\n","protected":false},"excerpt":{"rendered":"<p>Corte de la data: 7 de marzo de 2021 Wataniba Para el 7 de marzo se han cumplido doce meses del distanciamiento social en Venezuela a causa del coronavirus. La Amazonia venezolana comienza a reportar un ascenso en el n\u00famero de contagios, que pudieran indicar que, probablemente, se enfrenta a la segunda ola de contagios&hellip;<\/p>\n","protected":false},"author":305,"featured_media":0,"comment_status":"open","ping_status":"open","sticky":false,"template":"","format":"standard","meta":{"_acf_changed":false,"footnotes":""},"categories":[1],"tags":[222,249,243,357,206,242],"class_list":["post-22884","post","type-post","status-publish","format-standard","hentry","category-radar","tag-amazonia-venezolana","tag-coronavirus","tag-covid19","tag-observatorio-covid19","tag-panamazonia","tag-pandemia","category-1","description-off"],"acf":[],"_links":{"self":[{"href":"https:\/\/www.raisg.org\/pt-br\/wp-json\/wp\/v2\/posts\/22884","targetHints":{"allow":["GET"]}}],"collection":[{"href":"https:\/\/www.raisg.org\/pt-br\/wp-json\/wp\/v2\/posts"}],"about":[{"href":"https:\/\/www.raisg.org\/pt-br\/wp-json\/wp\/v2\/types\/post"}],"author":[{"embeddable":true,"href":"https:\/\/www.raisg.org\/pt-br\/wp-json\/wp\/v2\/users\/305"}],"replies":[{"embeddable":true,"href":"https:\/\/www.raisg.org\/pt-br\/wp-json\/wp\/v2\/comments?post=22884"}],"version-history":[{"count":7,"href":"https:\/\/www.raisg.org\/pt-br\/wp-json\/wp\/v2\/posts\/22884\/revisions"}],"predecessor-version":[{"id":22893,"href":"https:\/\/www.raisg.org\/pt-br\/wp-json\/wp\/v2\/posts\/22884\/revisions\/22893"}],"wp:attachment":[{"href":"https:\/\/www.raisg.org\/pt-br\/wp-json\/wp\/v2\/media?parent=22884"}],"wp:term":[{"taxonomy":"category","embeddable":true,"href":"https:\/\/www.raisg.org\/pt-br\/wp-json\/wp\/v2\/categories?post=22884"},{"taxonomy":"post_tag","embeddable":true,"href":"https:\/\/www.raisg.org\/pt-br\/wp-json\/wp\/v2\/tags?post=22884"}],"curies":[{"name":"wp","href":"https:\/\/api.w.org\/{rel}","templated":true}]}}