{"id":23632,"date":"2021-04-17T02:19:15","date_gmt":"2021-04-17T05:19:15","guid":{"rendered":"https:\/\/www.amazoniasocioambiental.org\/radar\/francia-financia-proyecto-para-proteger-millones-de-hectareas-en-la-amazonia\/"},"modified":"2021-04-17T02:19:15","modified_gmt":"2021-04-17T05:19:15","slug":"francia-financia-proyecto-para-proteger-millones-de-hectareas-en-la-amazonia","status":"publish","type":"post","link":"https:\/\/www.raisg.org\/pt-br\/radar\/francia-financia-proyecto-para-proteger-millones-de-hectareas-en-la-amazonia\/","title":{"rendered":"Francia financia proyecto para proteger millones de hect\u00e1reas en la Amazon\u00eda"},"content":{"rendered":"<p><img decoding=\"async\" src=\"https:\/\/www.infobae.com\/new-resizer\/4kvpn8jv3IIm8kn8NYAkt6sR6Ag=\/1024x512\/filters:format(jpg):quality(85)\/\/cloudfront-us-east-1.images.arcpublishing.com\/infobae\/PL3EP2VC75A6DF6UWFARALOAFU.jpg\" alt=\"Francia financia proyecto para proteger millones de hect\u00e1reas en la  Amazon\u00eda - Infobae\" \/>VFotograf\u00eda de archivo de una vista panor\u00e1mica de la ciudad de Manaos en la amazon\u00eda brasile\u00f1a. EFE\/ Marianna Wachelke\/Archivo<\/p>\n<p>Infobae<br \/>\n17 de abril, 2021<\/p>\n<p>Quito, 17 abr (EFE).- La Agencia Francesa de Desarrollo (AFD) y el Fondo Franc\u00e9s para el Medio Ambiente Mundial (FFEM) presentaron el proyecto TerrInd\u00edgena, que busca acompa\u00f1ar los procesos organizativos de 18 comunidades ind\u00edgenas en la Amazon\u00eda de Colombia, Brasil y Ecuador.<\/p>\n<p>El proyecto destinar\u00e1 5,72 millones de euros (unos 6,8 millones de d\u00f3lares) para fortalecer la protecci\u00f3n de m\u00e1s de 17 millones de hect\u00e1reas en la regi\u00f3n amaz\u00f3nica del norte de los mencionados pa\u00edses, indic\u00f3 este s\u00e1bado la Embajada de Francia en Ecuador.<\/p>\n<p>Anot\u00f3 que esta es una de las \u00e1reas amaz\u00f3nicas mejor conservadas que, sin embargo, enfrenta crecientes amenazas ambientales (deforestaci\u00f3n, contaminaci\u00f3n del agua y del suelo) que ponen en un alto grado de vulnerabilidad a las comunidades ind\u00edgenas.<\/p>\n<p>La iniciativa se desarrollar\u00e1 en conjunto con la Fundaci\u00f3n Gaia Amazonas (Colombia), la Fundaci\u00f3n EcoCiencia (Ecuador) y el Instituto de Pesquisa e Forma\u00e7\u00e3o Ind\u00edgena &#8211; Iep\u00e9 (Brasil).<\/p>\n<div class=\"nd-body-article\">\n<p class=\"paragraph\">Adem\u00e1s con organizaciones de la sociedad civil u ONG, que cuentan con amplia experiencia de trabajo conjunto con los gobiernos ind\u00edgenas que protegen uno de los bosques tropicales m\u00e1s importantes del planeta.<\/p>\n<p>TerrIndigena se estructura alrededor de cuatro componentes: fortalecimiento de las herramientas de gobernanza para asegurar una mejor representaci\u00f3n de los derechos ind\u00edgenas y la protecci\u00f3n de los territorios y monitoreo comunitario de presiones y amenazas end\u00f3genas y ex\u00f3genas.<\/p>\n<p>Asimismo, el establecimiento de actividades generadoras de ingresos en l\u00ednea con los valores y las culturas tradicionales, respetando los ecosistemas; y el intercambio de conocimientos y experiencias a nivel regional y coordinaci\u00f3n de actores.<\/p>\n<p>La regi\u00f3n amaz\u00f3nica est\u00e1 amenazada por la deforestaci\u00f3n, la degradaci\u00f3n de sus ecosistemas y la sobreexplotaci\u00f3n de sus recursos.<\/p>\n<p>La legaci\u00f3n anot\u00f3 que entre las principales herramientas para protegerlo y frenar la deforestaci\u00f3n figuran la creaci\u00f3n de \u00c1reas Protegidas y el reconocimiento de Territorios Ind\u00edgenas, como figuras de conservaci\u00f3n ambiental que actualmente representan el 47,2 % de toda la Panamazon\u00eda (RAISG &#8211; Red Amaz\u00f3nica de Informaci\u00f3n Socioambiental Georreferenciada), indic\u00f3.<\/p>\n<\/div>\n<div class=\"nd-article-tags-container\">\n<div class=\"nd-article-tags-headline\"><\/div>\n<\/div>\n<p>Tomado de: <a href=\"https:\/\/www.infobae.com\/america\/agencias\/2021\/04\/17\/francia-financia-proyecto-para-proteger-millones-de-hectareas-en-la-amazonia\/\">https:\/\/www.infobae.com\/america\/agencias\/2021\/04\/17\/francia-financia-proyecto-para-proteger-millones-de-hectareas-en-la-amazonia\/<\/a><\/p>\n<p>&nbsp;<\/p>\n<p>&nbsp;<\/p>\n","protected":false},"excerpt":{"rendered":"<p>Quito, 17 abr (EFE).- La Agencia Francesa de Desarrollo (AFD) y el Fondo Franc\u00e9s para el Medio Ambiente Mundial (FFEM) presentaron el proyecto TerrInd\u00edgena, que busca acompa\u00f1ar los procesos organizativos de 18 comunidades ind\u00edgenas en la Amazon\u00eda de Colombia, Brasil y Ecuador.<\/p>\n<p>El proyecto destinar\u00e1 5,72 millones de euros (unos 6,8 millones de d\u00f3lares) para fortalecer la protecci\u00f3n de m\u00e1s de 17 millones de hect\u00e1reas en la regi\u00f3n amaz\u00f3nica del norte de los mencionados pa\u00edses, indic\u00f3 este s\u00e1bado la Embajada de Francia en Ecuador.<\/p>\n<p>Anot\u00f3 que esta es una de las \u00e1reas amaz\u00f3nicas mejor conservadas que, sin embargo, enfrenta crecientes amenazas ambientales (deforestaci\u00f3n, contaminaci\u00f3n del agua y del suelo) que ponen en un alto grado de vulnerabilidad a las comunidades ind\u00edgena<\/p>\n","protected":false},"author":327,"featured_media":0,"comment_status":"open","ping_status":"open","sticky":false,"template":"","format":"standard","meta":{"_acf_changed":false,"footnotes":""},"categories":[1],"tags":[],"class_list":["post-23632","post","type-post","status-publish","format-standard","hentry","category-radar","category-1","description-off"],"acf":[],"_links":{"self":[{"href":"https:\/\/www.raisg.org\/pt-br\/wp-json\/wp\/v2\/posts\/23632","targetHints":{"allow":["GET"]}}],"collection":[{"href":"https:\/\/www.raisg.org\/pt-br\/wp-json\/wp\/v2\/posts"}],"about":[{"href":"https:\/\/www.raisg.org\/pt-br\/wp-json\/wp\/v2\/types\/post"}],"author":[{"embeddable":true,"href":"https:\/\/www.raisg.org\/pt-br\/wp-json\/wp\/v2\/users\/327"}],"replies":[{"embeddable":true,"href":"https:\/\/www.raisg.org\/pt-br\/wp-json\/wp\/v2\/comments?post=23632"}],"version-history":[{"count":0,"href":"https:\/\/www.raisg.org\/pt-br\/wp-json\/wp\/v2\/posts\/23632\/revisions"}],"wp:attachment":[{"href":"https:\/\/www.raisg.org\/pt-br\/wp-json\/wp\/v2\/media?parent=23632"}],"wp:term":[{"taxonomy":"category","embeddable":true,"href":"https:\/\/www.raisg.org\/pt-br\/wp-json\/wp\/v2\/categories?post=23632"},{"taxonomy":"post_tag","embeddable":true,"href":"https:\/\/www.raisg.org\/pt-br\/wp-json\/wp\/v2\/tags?post=23632"}],"curies":[{"name":"wp","href":"https:\/\/api.w.org\/{rel}","templated":true}]}}