{"id":24824,"date":"2021-06-23T15:13:50","date_gmt":"2021-06-23T18:13:50","guid":{"rendered":"https:\/\/www.amazoniasocioambiental.org\/?p=24824"},"modified":"2021-06-24T15:29:13","modified_gmt":"2021-06-24T18:29:13","slug":"bosques-tropicales-cada-dia-es-mas-urgente-su-conservacion","status":"publish","type":"post","link":"https:\/\/www.raisg.org\/pt-br\/radar\/bosques-tropicales-cada-dia-es-mas-urgente-su-conservacion\/","title":{"rendered":"Bosques Tropicales: cada d\u00eda es m\u00e1s urgente su conservaci\u00f3n"},"content":{"rendered":"<p>Mongabay<br \/>\n3 de junio, 2021<\/p>\n<ul>\n<li><em>La deforestaci\u00f3n sigue siendo una preocupaci\u00f3n para los bosques tropicales en Latinoam\u00e9rica. Tambi\u00e9n es indispensable hacer m\u00e1s estudios sobre el fen\u00f3meno de degradaci\u00f3n que aqueja a las selvas pero que, seg\u00fan expertos, es m\u00e1s dif\u00edcil de monitorear.<\/em><\/li>\n<li><em>Brasil, Bolivia, Per\u00fa y Colombia est\u00e1n entre los 10 pa\u00edses que m\u00e1s perdieron este tipo de bosques en el 2020 seg\u00fan Global Forest Watch. La ampliaci\u00f3n de la frontera agropecuaria y el acaparamiento de tierras siguen entre las principales causas de deforestaci\u00f3n. La restauraci\u00f3n es importante pero, en el D\u00eda Internacional de los Bosques Tropicales, uno de los mensajes prioritarios de los investigadores es insistir en la conservaci\u00f3n.<\/em><\/li>\n<\/ul>\n<p>&nbsp;<\/p>\n<p>El planeta sigue perdiendo bosques tropicales a un ritmo acelerado. De acuerdo con datos publicados por\u00a0<a href=\"https:\/\/www.globalforestwatch.org\/blog\/es\/data-and-research\/datos-globales-de-perdida-de-cobertura-arborea-2020\/\" target=\"_blank\" rel=\"noopener external noreferrer\" data-wpel-link=\"external\">Global Forest Watch<\/a>, en el 2020 se perdieron\u00a0<strong>12.2 millones de hect\u00e1reas de estos ecosistemas<\/strong>. De esas hect\u00e1reas, 4.2 millones, una superficie del tama\u00f1o de los Pa\u00edses Bajos, pertenec\u00edan a bosques primarios tropicales h\u00famedos, los cuales son especialmente importantes para el almacenamiento de carbono y la preservaci\u00f3n de la biodiversidad.<\/p>\n<p>La p\u00e9rdida de bosque primario fue un\u00a0<strong>12 % mayor que la de 2019<\/strong>, y 2020 fue el segundo a\u00f1o consecutivo en que esa p\u00e9rdida empeor\u00f3 en los tr\u00f3picos. Adem\u00e1s, las emisiones de carbono producto de esa deforestaci\u00f3n representaron 2,64 gigatoneladas (GT) de CO2, lo que equivale a las emisiones anuales de 570 millones de carros.<\/p>\n<p>Cinco de los 10 pa\u00edses que m\u00e1s cobertura arb\u00f3rea primaria perdieron se encuentran en Latinoam\u00e9rica:\u00a0<strong>Brasil (en el puesto 1), Bolivia (3), Per\u00fa (5), Colombia (6) y M\u00e9xico (10).<\/strong>\u00a0\u201cLos seres humanos hemos olvidado algunas nociones fundamentales respecto a c\u00f3mo funciona el planeta en el que vivimos y una de esas ideas es que existen l\u00edmites y si los excedes, pierdes la vida. Lo otro que no hemos terminado de entender es que existen procesos irreversibles y que no se pueden echar para atr\u00e1s. Por ejemplo, no importa cu\u00e1nta tecnolog\u00eda le metas a un bosque de 500 a\u00f1os, no puedes reponer esos \u00e1rboles, solo puedes hacer una restauraci\u00f3n aproximada\u201d, comenta Ernesto R\u00e1ez, ec\u00f3logo y director ejecutivo de la organizaci\u00f3n\u00a0<a href=\"https:\/\/ibcperu.org\/\" target=\"_blank\" rel=\"noopener external noreferrer\" data-wpel-link=\"external\">Instituto del Bien Com\u00fan<\/a>\u00a0en Per\u00fa.<\/p>\n<figure id=\"attachment_219893\" class=\"wp-caption alignnone\"><img fetchpriority=\"high\" decoding=\"async\" class=\"wp-image-219893 size-medium\" src=\"https:\/\/imgs.mongabay.com\/wp-content\/uploads\/sites\/25\/2020\/10\/07130058\/Incendios-en-Bolivia-Noel-Kempff-Mercado-14-768x450.jpg\" alt=\"El 8 de octubre de 2020 el gobierno boliviano declar\u00f3 desastre natural debido a la fuerte temporada de incendios. Foto: Fundaci\u00f3n Noel Kempff Mercado.\" width=\"768\" height=\"450\" \/><figcaption class=\"wp-caption-text\">El 8 de octubre de 2020 el gobierno boliviano declar\u00f3 desastre natural debido a la fuerte temporada de incendios. Foto: Fundaci\u00f3n Noel Kempff Mercado.<\/figcaption><\/figure>\n<p>&nbsp;<\/p>\n<h3><strong>Atenci\u00f3n urgente a la degradaci\u00f3n<\/strong><\/h3>\n<p>La mayor parte de la cobertura boscosa perdida durante 2020, en cuatro de los cinco pa\u00edses m\u00e1s afectados en Latinoam\u00e9rica, corresponde a bosques amaz\u00f3nicos.\u00a0<a href=\"https:\/\/www.raisg.org\/es\/publicacion\/amazonia-bajo-presion-2020\/\" target=\"_blank\" rel=\"noopener external noreferrer\" data-wpel-link=\"external\">La Red Amaz\u00f3nica de Informaci\u00f3n Socioambiental Georreferenciada (RAISG)<\/a>\u00a0destaca algunas de las principales causas en su informe Amazon\u00eda Bajo Fuego, donde indica que \u201cm\u00e1s de la mitad de las unidades de an\u00e1lisis en la Amazon\u00eda (65,8 %) se encuentran sometidas a alg\u00fan tipo de presi\u00f3n instalada o en curso: sean actividades extractivas como\u00a0<strong>la explotaci\u00f3n de petr\u00f3leo y minerales, el desarrollo de infraestructura vial, la actividad agropecuaria o la presencia de hidroel\u00e9ctricas<\/strong>\u201d.<\/p>\n<p>Para R\u00e1ez, un flagelo que ha ca\u00eddo sobre casi todos los pa\u00edses de Latinoam\u00e9rica es el de la miner\u00eda aur\u00edfera aluvial e ilegal. Seg\u00fan dice, en algunos lugares se ha convertido en la principal causa de deforestaci\u00f3n, como en el caso de la Amazon\u00eda suroriental peruana, en Madre de Dios, donde se concentran bosques de alt\u00edsima biodiversidad que se est\u00e1n perdiendo y donde no solo se est\u00e1 afectando la cobertura vegetal sino que se contamina el agua y se movilizan mercurio y otros metales que avanzan en la cadena tr\u00f3fica y llegan al ser humano.<\/p>\n<p>Detr\u00e1s del creciente fen\u00f3meno de deforestaci\u00f3n en Am\u00e9rica Latina hay otro problema que no suele tener el mismo protagonismo pero que cada vez preocupa m\u00e1s a los expertos:\u00a0<strong>la degradaci\u00f3n.<\/strong><\/p>\n<p>Este es un problema generalizado pero que es muy dif\u00edcil de monitorear, a menos que los investigadores est\u00e9n realizando trabajo en campo. \u201cPor encima ves cobertura boscosa pero debajo nuestros bosques est\u00e1n cambiando, con consecuencias que a\u00fan no est\u00e1n bien medidas pero que, sin duda, tienen impactos en la biodiversidad y los servicios ecosist\u00e9micos\u201d, comenta Carmen Josse, directora de la\u00a0<a href=\"https:\/\/ecociencia.org\/\" target=\"_blank\" rel=\"noopener external noreferrer\" data-wpel-link=\"external\">Fundaci\u00f3n Ecociencia en Ecuador<\/a>.<\/p>\n<figure id=\"attachment_189259\" class=\"wp-caption alignnone\"><img decoding=\"async\" class=\"size-medium wp-image-189259\" src=\"https:\/\/imgs.mongabay.com\/wp-content\/uploads\/sites\/25\/2017\/02\/22145052\/BOSQUE-YASUN%C3%8D-768x510.jpg\" sizes=\"(max-width: 768px) 100vw, 768px\" srcset=\"https:\/\/imgs.mongabay.com\/wp-content\/uploads\/sites\/25\/2017\/02\/22145052\/BOSQUE-YASUN%C3%8D-768x510.jpg 768w, https:\/\/imgs.mongabay.com\/wp-content\/uploads\/sites\/25\/2017\/02\/22145052\/BOSQUE-YASUN%C3%8D-904x600.jpg 904w, https:\/\/imgs.mongabay.com\/wp-content\/uploads\/sites\/25\/2017\/02\/22145052\/BOSQUE-YASUN%C3%8D-200x133.jpg 200w, https:\/\/imgs.mongabay.com\/wp-content\/uploads\/sites\/25\/2017\/02\/22145052\/BOSQUE-YASUN%C3%8D.jpg 1000w\" alt=\"Bosque del Parque Nacional Yasun\u00ed. Este lugar megadiverso en fauna y flora est\u00e1 ubicado en Pastaza y Orellana. Foto de Jos\u00e9 Schreckinger\" width=\"768\" height=\"510\" \/><figcaption class=\"wp-caption-text\">Bosque del Parque Nacional Yasun\u00ed, Ecuador. Este lugar megadiverso en fauna y flora est\u00e1 ubicado en Pastaza y Orellana. Foto de Jos\u00e9 Schreckinger<\/figcaption><\/figure>\n<p>Algunos de los principales motores de la degradaci\u00f3n suelen ser<strong>\u00a0la tala ilegal selectiva, la miner\u00eda ilegal e incluso el tr\u00e1fico de fauna silvestre<\/strong>. \u201cSuponemos, err\u00f3neamente, que si vemos \u00e1rboles desde un sat\u00e9lite entonces el bosque est\u00e1 en pie y no tiene problema, pero ocurren muchas cosas por debajo. La degradaci\u00f3n m\u00e1s importante ocurre justamente en las fronteras agrarias de deforestaci\u00f3n: el bosque que queda enfrentado al nuevo desbroce es el que m\u00e1s r\u00e1pidamente empieza a degradarse, a secarse y es m\u00e1s propenso al fuego\u201d, asegura Ernesto R\u00e1ez y agrega que los bosques no son solamente \u00e1rboles y definirlos as\u00ed es un error en el que caen, incluso, algunos organismos internacionales.<\/p>\n<p>Para Miguel Pacheco, coordinador de Recursos Naturales y Medios de Vida de\u00a0<a href=\"https:\/\/www.wwf.org.co\/\" target=\"_blank\" rel=\"noopener external noreferrer\" data-wpel-link=\"external\">WWF Colombia<\/a>, la degradaci\u00f3n va en aumento d\u00eda a d\u00eda pero no se hace tan evidente. Seg\u00fan dice, un bosque tiene funciones ecol\u00f3gicas como la captura de carbono, la evapotranspiraci\u00f3n, la provisi\u00f3n de alimentos, adem\u00e1s de ser corredores para muchas especies. Cuando un bosque es degradado esas funciones ecol\u00f3gicas se pierden, \u201ces como un reloj, si le quitas una pieza ya no da la hora real, aunque el resto de sus partes sigan funcionando\u201d.<\/p>\n<p>Para Pacheco, es importante que haya un mayor acercamiento de los gobiernos nacionales hacia los locales para aplicar adecuadamente las pol\u00edticas ambientales y seguir fortaleciendo las capacidades, no solo de las comunidades que viven del bosque, sino de las industrias que se abastecen de materias primas. \u201cTambi\u00e9n se necesita generar condiciones para que las alternativas econ\u00f3micas que generan menor impacto a los bosques [como el aprovechamiento sostenible de madera, frutos, resinas, etc] sean una realidad y no solo se queden en el papel o en un peque\u00f1o proyecto piloto\u201d, comenta.<\/p>\n<p>Otro asunto que llama la atenci\u00f3n de los investigadores es que tanto en deforestaci\u00f3n como en degradaci\u00f3n se est\u00e1 viendo\u00a0<strong>una participaci\u00f3n creciente del crimen organizado<\/strong>\u00a0que ha llegado a los bosques y es responsable de la p\u00e9rdida de ecosistemas valiosos.<\/p>\n<figure id=\"attachment_225285\" class=\"wp-caption alignnone\"><img decoding=\"async\" class=\"size-medium wp-image-225285\" src=\"https:\/\/imgs.mongabay.com\/wp-content\/uploads\/sites\/25\/2021\/05\/17234658\/Finca-proveedor-indirecto2-768x512.jpg\" sizes=\"(max-width: 768px) 100vw, 768px\" srcset=\"https:\/\/imgs.mongabay.com\/wp-content\/uploads\/sites\/25\/2021\/05\/17234658\/Finca-proveedor-indirecto2-768x513.jpg 768w, https:\/\/imgs.mongabay.com\/wp-content\/uploads\/sites\/25\/2021\/05\/17234658\/Finca-proveedor-indirecto2-1200x800.jpg 1200w, https:\/\/imgs.mongabay.com\/wp-content\/uploads\/sites\/25\/2021\/05\/17234658\/Finca-proveedor-indirecto2-1536x1026.jpg 1536w, https:\/\/imgs.mongabay.com\/wp-content\/uploads\/sites\/25\/2021\/05\/17234658\/Finca-proveedor-indirecto2-2048x1368.jpg 2048w, https:\/\/imgs.mongabay.com\/wp-content\/uploads\/sites\/25\/2021\/05\/17234658\/Finca-proveedor-indirecto2-610x407.jpg 610w\" alt=\"As\u00ed se ve la finca de donde sale ganado que ha llegado a varios supermercados de Colombia. Foto: EIA.\" width=\"768\" height=\"512\" \/><figcaption class=\"wp-caption-text\">As\u00ed se ve la finca en el Parque Nacional Chiribiquete, Colombia,\u00a0 de donde sale ganado que ha llegado a varios supermercados. Foto: EIA.<\/figcaption><\/figure>\n<p>&nbsp;<\/p>\n<h3><strong>El bosque perdido en Colombia, Per\u00fa y Bolivia<\/strong><\/h3>\n<p>Colombia ven\u00eda con una tendencia de disminuci\u00f3n en la deforestaci\u00f3n durante 2018 y 2019. Sin embargo, los datos de Global Forest Watch muestran que la p\u00e9rdida de bosques primarios en 2020 aument\u00f3 y se ubic\u00f3 en 166 485 hect\u00e1reas, mientras que en 2019, seg\u00fan datos oficiales del\u00a0<a href=\"http:\/\/www.ideam.gov.co\/\" target=\"_blank\" rel=\"noopener external noreferrer\" data-wpel-link=\"external\">Instituto de Hidrolog\u00eda, Meteorolog\u00eda y Estudios Ambientales (IDEAM)<\/a>, la deforestaci\u00f3n en el pa\u00eds fue de 158 894 hect\u00e1reas.<\/p>\n<p>Pr\u00f3ximos a terminar el primer semestre del 2021, el IDEAM a\u00fan no ha publicado la cifra oficial de deforestaci\u00f3n de 2020. Fuentes del Ministerio de Ambiente le confirmaron a Mongabay Latam que esta informaci\u00f3n la dar\u00e1n a conocer en el mes de julio.<\/p>\n<p>\u201cLa deforestaci\u00f3n contin\u00faa profundiz\u00e1ndose en la selva amaz\u00f3nica colombiana, as\u00ed como en varias \u00e1reas protegidas, como los\u00a0<strong>Parques Nacionales Chiribiquete, Tinigua y Sierra de la Macarena<\/strong>. Los grupos armados tomaron el control en varias de las \u00e1reas protegidas del pa\u00eds y el personal se vio obligado a abandonar 10 parques en febrero de 2020 debido a amenazas a su seguridad\u201d, dice Global Forest Watch en su reporte.<\/p>\n<p><strong>Miguel Pacheco de WWF Colombia<\/strong>\u00a0afirma que hay acciones que se vienen desarrollando entre el gobierno, autoridades ambientales, ONG, organizaciones de la sociedad civil, comunidades y la cooperaci\u00f3n internacional. \u201cSin embargo, la pregunta ac\u00e1 es si eso es suficiente. Como organizaci\u00f3n nos acercamos a territorio y todav\u00eda vemos una econom\u00eda que gira alrededor de agentes de deforestaci\u00f3n como la ganader\u00eda y la agricultura. Necesitamos m\u00e1s acci\u00f3n, no solo en desarrollo de pol\u00edticas sino en su desarrollo en campo y su financiamiento\u201d.<\/p>\n<figure id=\"attachment_224624\" class=\"wp-caption alignnone\"><img loading=\"lazy\" decoding=\"async\" class=\"size-medium wp-image-224624\" src=\"https:\/\/imgs.mongabay.com\/wp-content\/uploads\/sites\/25\/2021\/04\/26045551\/2020-10-16-15.49.59-Foto-2-macarena-copy-768x512.jpg\" sizes=\"(max-width: 768px) 100vw, 768px\" srcset=\"https:\/\/imgs.mongabay.com\/wp-content\/uploads\/sites\/25\/2021\/04\/26045551\/2020-10-16-15.49.59-Foto-2-macarena-copy-768x512.jpg 768w, https:\/\/imgs.mongabay.com\/wp-content\/uploads\/sites\/25\/2021\/04\/26045551\/2020-10-16-15.49.59-Foto-2-macarena-copy-1200x800.jpg 1200w, https:\/\/imgs.mongabay.com\/wp-content\/uploads\/sites\/25\/2021\/04\/26045551\/2020-10-16-15.49.59-Foto-2-macarena-copy-610x407.jpg 610w, https:\/\/imgs.mongabay.com\/wp-content\/uploads\/sites\/25\/2021\/04\/26045551\/2020-10-16-15.49.59-Foto-2-macarena-copy.jpg 1500w\" alt=\"Lotes deforestados en el parque Sierra de La Macarena, contiguo al parque Tinigua. Foto: FCDS.\" width=\"768\" height=\"512\" \/><figcaption class=\"wp-caption-text\">Lotes deforestados en el parque Sierra de La Macarena, contiguo al parque Tinigua, Colombia. Foto: FCDS.<\/figcaption><\/figure>\n<p>Pacheco asegura que\u00a0<strong>el acaparamiento de tierras, la agricultura y la ganader\u00eda<\/strong>\u00a0siguen estando entre los principales agentes de deforestaci\u00f3n, pero menciona que la\u00a0<a href=\"https:\/\/fcds.org.co\/\" target=\"_blank\" rel=\"noopener external noreferrer\" data-wpel-link=\"external\">Fundaci\u00f3n para la Conservaci\u00f3n y el Desarrollo Sostenible (FCDS)<\/a>\u00a0desde hace algunos a\u00f1os llama la atenci\u00f3n por\u00a0<strong>el tema de infraestructura<\/strong>\u00a0\u201cy esto tiene un orden l\u00f3gico: para que entren los acaparadores se necesitan v\u00edas y estas est\u00e1n creciendo en la ilegalidad sobre todo en los departamentos de Caquet\u00e1, Meta y Guaviare. Luego se utilizan estas v\u00edas para entrar a zonas m\u00e1s alejadas y acaparar m\u00e1s tierras\u201d, menciona.<\/p>\n<p>De acuerdo con Global Forest Watch, Per\u00fa ocup\u00f3 el quinto lugar en el listado de pa\u00edses con mayor p\u00e9rdida de bosques tropicales y gran parte de esa deforestaci\u00f3n<strong>\u00a0(190 199 hect\u00e1reas)<\/strong>\u00a0se debe a actividades agr\u00edcolas y ganaderas. \u201cLos datos tambi\u00e9n muestran una serie de nuevos caminos de tala a lo largo de la selva amaz\u00f3nica peruana en 2020. Hist\u00f3ricamente, el pa\u00eds ha enfrentado tasas altas de extracci\u00f3n ilegal de madera\u201d, dice el reporte de la instituci\u00f3n.<\/p>\n<p>Para Ernesto R\u00e1ez, la principal causa por la que se tumba bosque en Latinoam\u00e9rica suele ser la ampliaci\u00f3n de la\u00a0<strong>frontera agropecuaria por parte de grandes grupos econ\u00f3micos.<\/strong>\u00a0Sin embargo, en Per\u00fa la principal causa inmediata es la agricultura a peque\u00f1a escala. Seg\u00fan dice, pobladores de zonas altoandinas se vienen movilizando hacia la Amazon\u00eda para abrir peque\u00f1as chacras (peque\u00f1os campos agr\u00edcolas) que poco tiempo despu\u00e9s dejan de ser productivas, haciendo que se siga avanzando al interior de la selva y se deje la tierra degradada a las espaldas.<\/p>\n<p>\u201cEsto viene ocurriendo hace tiempo pero se est\u00e1 acelerando porque ya se han ido incorporando varios cultivos comerciales como\u00a0<strong>caf\u00e9, cacao, e incluso coca<\/strong>, principalmente destinada al tr\u00e1fico il\u00edcito de estupefacientes\u201d, asegura R\u00e1ez.<\/p>\n<figure id=\"attachment_219500\" class=\"wp-caption alignnone\"><img loading=\"lazy\" decoding=\"async\" class=\"size-medium wp-image-219500\" src=\"https:\/\/imgs.mongabay.com\/wp-content\/uploads\/sites\/25\/2020\/09\/27232608\/mineria-ilegal-pariamanu-peru-5-DRAGA-1-768x512.jpg\" sizes=\"(max-width: 768px) 100vw, 768px\" srcset=\"https:\/\/imgs.mongabay.com\/wp-content\/uploads\/sites\/25\/2020\/09\/27232608\/mineria-ilegal-pariamanu-peru-5-DRAGA-1-768x512.jpg 768w, https:\/\/imgs.mongabay.com\/wp-content\/uploads\/sites\/25\/2020\/09\/27232608\/mineria-ilegal-pariamanu-peru-5-DRAGA-1-1200x800.jpg 1200w\" alt=\"Mineria ilegal pariamanu\" width=\"768\" height=\"512\" \/><figcaption class=\"wp-caption-text\">Los ind\u00edgenas amahuacas que viven en las comunidades colindantes a estos nuevos focos de miner\u00eda\u00a0 en Per\u00fa llamaban a este sector de creciente deforestaci\u00f3n \u2018La nueva Pampa\u2019. Foto: FEMA Madre de Dios.<\/figcaption><\/figure>\n<p>Y no solo preocupan los bosques amaz\u00f3nicos sino que el pa\u00eds tambi\u00e9n viene, hist\u00f3ricamente, con\u00a0<strong>una proporci\u00f3n muy peque\u00f1a de cobertura original de bosques secos<\/strong>, que antes se distribu\u00edan a lo largo de toda la costa peruana. \u201cAhora solo quedan pr\u00e1cticamente en el norte y est\u00e1n constantemente amenazados\u201d, afirma el director del Instituto del Bien Com\u00fan.<\/p>\n<p>El caso de los bosques altoandinos peruanos es el m\u00e1s dram\u00e1tico porque ah\u00ed solamente quedan relictos, \u201cincluso ecol\u00f3gicamente inviables, con su biodiversidad muy degradada\u201d, dice R\u00e1ez, quien a\u00f1ade que es muy importante conservar lo que se encuentre de esos\u00a0<strong>\u00faltimos refugios llenos de endemismos<\/strong>, sobre todo porque los incendios causados por quemas agropecuarias los han venido afectando mucho en los \u00faltimos a\u00f1os.<\/p>\n<p>Otro pa\u00eds que sufre fuertemente por la deforestaci\u00f3n es Bolivia. Seg\u00fan el Global Forest Watch, a pesar de una leve ca\u00edda en la p\u00e9rdida de bosques primarios con respecto a 2019,\u00a0<strong>Bolivia ascendi\u00f3 al n\u00famero tres en la lista de pa\u00edses con una mayor p\u00e9rdida de bosques primarios tropicales h\u00famedos en 2020<\/strong>\u00a0(con 276 883 hect\u00e1reas), y super\u00f3 a Indonesia por primera vez.<\/p>\n<p>\u201cAl igual que en 2019, los incendios forestales jugaron un papel importante. En particular, afectaron varias \u00e1reas protegidas, incluido el Parque Nacional Noel Kempff Mercado. Al igual que en Brasil, la mayor\u00eda de los incendios en Bolivia probablemente fueron provocados por personas para limpiar el suelo, pero se descontrolaron debido a las condiciones de sequ\u00eda y al clima caluroso. La actividad agropecuaria a gran escala tambi\u00e9n afect\u00f3 a los bosques, incluidos numerosos claros nuevos en el departamento de Santa Cruz\u201d, dice el reporte.<\/p>\n<figure id=\"attachment_209117\" class=\"wp-caption alignnone\"><img loading=\"lazy\" decoding=\"async\" class=\"size-medium wp-image-209117\" src=\"https:\/\/imgs.mongabay.com\/wp-content\/uploads\/sites\/25\/2019\/09\/23080909\/Incendios-Bolivia-7-Natura-768x512.jpg\" sizes=\"(max-width: 768px) 100vw, 768px\" srcset=\"https:\/\/imgs.mongabay.com\/wp-content\/uploads\/sites\/25\/2019\/09\/23080909\/Incendios-Bolivia-7-Natura-768x512.jpg 768w, https:\/\/imgs.mongabay.com\/wp-content\/uploads\/sites\/25\/2019\/09\/23080909\/Incendios-Bolivia-7-Natura-1200x800.jpg 1200w, https:\/\/imgs.mongabay.com\/wp-content\/uploads\/sites\/25\/2019\/09\/23080909\/Incendios-Bolivia-7-Natura-610x407.jpg 610w, https:\/\/imgs.mongabay.com\/wp-content\/uploads\/sites\/25\/2019\/09\/23080909\/Incendios-Bolivia-7-Natura.jpg 2000w\" alt=\"Zona devastada en \u00d1embi Guasu. Foto: Nativa\" width=\"768\" height=\"512\" \/><figcaption class=\"wp-caption-text\">Zona devastada en \u00d1embi Guasu, Bolivia. Foto: Nativa<\/figcaption><\/figure>\n<p>Estudios recientes han analizado los impactos de los fuertes incendios de 2019 y 2020. Uno de ellos estim\u00f3 que\u00a0<a href=\"http:\/\/www.scielo.org.bo\/scielo.php?script=sci_abstract&amp;pid=S1605-25282021000100002&amp;lng=es&amp;nrm=iso\" target=\"_blank\" rel=\"noopener external noreferrer\" data-wpel-link=\"external\">casi seis millones de animales murieron durante los incendios forestales de 2019<\/a>, solo en la Chiquitan\u00eda. Este n\u00famero es el resultado de una investigaci\u00f3n realizada por el Instituto de Ecolog\u00eda de la Universidad Mayor de San Andr\u00e9s, que fue publicada recientemente en la revista Ecolog\u00eda en Bolivia.<\/p>\n<p>Sixto Angulo, investigador del Observatorio del Bosque Seco Chiquitano de la Fundaci\u00f3n para la Conservaci\u00f3n del Bosque Chiquitano (FCBC) se\u00f1ala que un aspecto importante a considerar es el efecto borde, que es el desplazamiento de animales a zonas que no se quemaron, por tanto, en los lugares a los que migraron los animales sobrevivientes posiblemente aument\u00f3 la densidad de las especies, lo que genera un impacto en el ecosistema y puede significar una mayor mortandad para aquellos animales que son el alimento de los que huyeron del incendio.<\/p>\n<p><strong>Aunque Ecuador no aparece en el listado de Global Forest Watch de los 10 pa\u00edses m\u00e1s deforestados en 2020,<\/strong>\u00a0con un aumento del 68 %, su Amazon\u00eda experiment\u00f3 el mayor incremento en la p\u00e9rdida de bosque primario, en t\u00e9rminos porcentuales, entre los pa\u00edses amaz\u00f3nicos. Bolier Torres, investigador de la Universidad Regional Amaz\u00f3nica IKIAM, piensa que la crisis econ\u00f3mica de Ecuador, anterior al COVID-19 pero agravada por la pandemia, puede estar impulsando la migraci\u00f3n de m\u00e1s personas de las ciudades a las zonas rurales, lo que repercute en el aumento de la tala de bosques.<\/p>\n<p>Por su parte, Carmen Josse de la Fundaci\u00f3n Ecociencia resalta que la situaci\u00f3n de los bosques ecuatorianos podr\u00eda ser a\u00fan m\u00e1s preocupante si se considera que la degradaci\u00f3n es la causa de la p\u00e9rdida de cerca del<strong>\u00a078 % de la biomasa forestal<\/strong>\u00a0y \u201cni siquiera entra en los n\u00fameros del Estado porque este solo reporta deforestaci\u00f3n\u201d.<\/p>\n<p><em><strong>*Imagen principal:<\/strong>Deforestaci\u00f3n en los bosques de Colombia.\u00a0<strong>Foto:<\/strong>\u00a0Fundaci\u00f3n Natura.<\/em><\/p>\n<p>Tomado de <a href=\"https:\/\/es.mongabay.com\/2021\/06\/bosques-tropicales-urgente-su-conservacion\/\">https:\/\/es.mongabay.com\/2021\/06\/bosques-tropicales-urgente-su-conservacion\/<\/a><\/p>\n","protected":false},"excerpt":{"rendered":"<p>La deforestaci\u00f3n sigue siendo una preocupaci\u00f3n para los bosques tropicales en Latinoam\u00e9rica. Tambi\u00e9n es indispensable hacer m\u00e1s estudios sobre el fen\u00f3meno de degradaci\u00f3n que aqueja a las selvas pero que, seg\u00fan expertos, es m\u00e1s dif\u00edcil de monitorear.<br \/>\nBrasil, Bolivia, Per\u00fa y Colombia est\u00e1n entre los 10 pa\u00edses que m\u00e1s perdieron este tipo de bosques en el 2020 seg\u00fan Global Forest Watch. La ampliaci\u00f3n de la frontera agropecuaria y el acaparamiento de tierras siguen entre las principales causas de deforestaci\u00f3n. La restauraci\u00f3n es importante pero, en el D\u00eda Internacional de los Bosques Tropicales, uno de los mensajes prioritarios de los investigadores es insistir en la conservaci\u00f3n.<\/p>\n","protected":false},"author":327,"featured_media":24829,"comment_status":"open","ping_status":"open","sticky":false,"template":"","format":"standard","meta":{"_acf_changed":false,"footnotes":""},"categories":[1],"tags":[],"class_list":["post-24824","post","type-post","status-publish","format-standard","has-post-thumbnail","hentry","category-radar","category-1","description-off"],"acf":[],"_links":{"self":[{"href":"https:\/\/www.raisg.org\/pt-br\/wp-json\/wp\/v2\/posts\/24824","targetHints":{"allow":["GET"]}}],"collection":[{"href":"https:\/\/www.raisg.org\/pt-br\/wp-json\/wp\/v2\/posts"}],"about":[{"href":"https:\/\/www.raisg.org\/pt-br\/wp-json\/wp\/v2\/types\/post"}],"author":[{"embeddable":true,"href":"https:\/\/www.raisg.org\/pt-br\/wp-json\/wp\/v2\/users\/327"}],"replies":[{"embeddable":true,"href":"https:\/\/www.raisg.org\/pt-br\/wp-json\/wp\/v2\/comments?post=24824"}],"version-history":[{"count":1,"href":"https:\/\/www.raisg.org\/pt-br\/wp-json\/wp\/v2\/posts\/24824\/revisions"}],"predecessor-version":[{"id":24832,"href":"https:\/\/www.raisg.org\/pt-br\/wp-json\/wp\/v2\/posts\/24824\/revisions\/24832"}],"wp:featuredmedia":[{"embeddable":true,"href":"https:\/\/www.raisg.org\/pt-br\/wp-json\/wp\/v2\/media\/24829"}],"wp:attachment":[{"href":"https:\/\/www.raisg.org\/pt-br\/wp-json\/wp\/v2\/media?parent=24824"}],"wp:term":[{"taxonomy":"category","embeddable":true,"href":"https:\/\/www.raisg.org\/pt-br\/wp-json\/wp\/v2\/categories?post=24824"},{"taxonomy":"post_tag","embeddable":true,"href":"https:\/\/www.raisg.org\/pt-br\/wp-json\/wp\/v2\/tags?post=24824"}],"curies":[{"name":"wp","href":"https:\/\/api.w.org\/{rel}","templated":true}]}}