{"id":26219,"date":"2021-08-12T21:15:37","date_gmt":"2021-08-13T00:15:37","guid":{"rendered":"https:\/\/www.amazoniasocioambiental.org\/radar\/indigenas-venezolanos-denuncian-que-mineros-de-brasil-invaden-su-territorio\/"},"modified":"2021-09-01T21:20:23","modified_gmt":"2021-09-02T00:20:23","slug":"indigenas-venezolanos-denuncian-que-mineros-de-brasil-invaden-su-territorio","status":"publish","type":"post","link":"https:\/\/www.raisg.org\/pt-br\/radar\/indigenas-venezolanos-denuncian-que-mineros-de-brasil-invaden-su-territorio\/","title":{"rendered":"Ind\u00edgenas venezolanos denuncian que mineros de Brasil invaden su territorio"},"content":{"rendered":"<p style=\"text-align: right;\">Swiss Info<\/p>\n<p style=\"text-align: right;\">12 de agosto de 2021<\/p>\n<p>&nbsp;<\/p>\n<p>Varias organizaciones ind\u00edgenas de Venezuela denunciaron ante la Defensor\u00eda Delegada del Pueblo la presencia de m\u00e1s de 400 &#8220;garimpeiros&#8221; (mineros del oro) brasile\u00f1os &#8220;fuertemente armados&#8221; en su territorio, inform\u00f3 este mi\u00e9rcoles la ONG Provea.<\/p>\n<p>El abogado Gumersindo Castro, defensor del Pueblo en la entidad amazonense, dio a conocer la denuncia, que catalog\u00f3 como &#8220;muy grave&#8221;, al tratarse de &#8220;la presencia ilegal de brasileros armados en territorio venezolano, situaci\u00f3n que se traduce en una amenaza para los ind\u00edgenas pobladores de la zona&#8221;.<\/p>\n<p>Castro se\u00f1al\u00f3 que los pueblos ind\u00edgenas est\u00e1n siendo &#8220;sometidos a situaci\u00f3n de esclavitud&#8221; en las comunidades m\u00e1s alejadas y de dif\u00edcil acceso del municipio Manapiare, del estado Amazonas, en la frontera entre Venezuela y Brasil.<\/p>\n<p>&#8220;La presencia de estas personas, de forma ilegal, en territorio venezolano corresponde a la pr\u00e1ctica de la actividad minera&#8221;, se\u00f1al\u00f3 el abogado, quien revel\u00f3 que las organizaciones que presentaron la denuncia aseguraron que los &#8220;garimpeiros&#8221; poseen unas 30 m\u00e1quinas usadas para la extracci\u00f3n de minerales.<\/p>\n<div class=\"si-grid\">\n<article class=\"si-teaser si-teaser--focus beat--switzerland\" data-beat=\"direct democracy\" data-group=\"44685898\">\n<h2 class=\"show-for-sr\"><span style=\"font-size: 14px; font-weight: normal;\">Adem\u00e1s, los habitantes de los pueblos originarios de la zona aseguraron que se cometieron asesinatos de l\u00edderes ind\u00edgenas que promovieron la denuncia sobre la &#8220;irregularidad&#8221; que viven en esa jurisdicci\u00f3n.<\/span><\/h2>\n<\/article>\n<\/div>\n<p>Castro, quien exhort\u00f3 a las autoridades a que investiguen esta &#8220;situaci\u00f3n irregular de incursi\u00f3n ilegal en territorio venezolano&#8221;, explic\u00f3 que el Ministerio P\u00fablico &#8220;est\u00e1 en conocimiento del hecho denunciado&#8221; y asegur\u00f3 que comenz\u00f3 a trabajar en el caso.<\/p>\n<p>Seg\u00fan el abogado, diversas organizaciones Ye&#8217;kwana, desde el estado Bol\u00edvar hasta Alto Orinoco (Amazonas), se unieron y delegaron una comisi\u00f3n &#8220;para que se encargue de visibilizar este problema que afecta gravemente a los ind\u00edgenas venezolanos&#8221;.<\/p>\n<div class=\"si-grid\">\n<article class=\"si-teaser si-teaser--newsletter-subscription\">\n<div class=\"si-teaser__content\">\n<p class=\"si-teaser__lead\">El defensor del Pueblo concluy\u00f3 que &#8220;se debe castigar a los responsables de estos hechos que se traducen en la violaci\u00f3n de la soberan\u00eda venezolana y falta de protecci\u00f3n a los pueblos ind\u00edgenas&#8221;.<\/p>\n<p>&nbsp;<\/p>\n<\/div>\n<\/article>\n<\/div>\n<p>Tomado de: <a href=\"https:\/\/www.swissinfo.ch\/spa\/venezuela-ind%C3%ADgenas_ind%C3%ADgenas-venezolanos-denuncian-que-mineros-de-brasil-invaden-su-territorio\/46861636\">https:\/\/www.swissinfo.ch\/spa\/venezuela-ind%C3%ADgenas_ind%C3%ADgenas-venezolanos-denuncian-que-mineros-de-brasil-invaden-su-territorio\/46861636<\/a><\/p>\n<p>&nbsp;<\/p>\n","protected":false},"excerpt":{"rendered":"<p>Swiss Info 12 de agosto de 2021 &nbsp; Varias organizaciones ind\u00edgenas de Venezuela denunciaron ante la Defensor\u00eda Delegada del Pueblo la presencia de m\u00e1s de 400 &#8220;garimpeiros&#8221; (mineros del oro) brasile\u00f1os &#8220;fuertemente armados&#8221; en su territorio, inform\u00f3 este mi\u00e9rcoles la ONG Provea. El abogado Gumersindo Castro, defensor del Pueblo en la entidad amazonense, dio a&hellip;<\/p>\n","protected":false},"author":324,"featured_media":26216,"comment_status":"open","ping_status":"open","sticky":false,"template":"","format":"standard","meta":{"_acf_changed":false,"footnotes":""},"categories":[1],"tags":[],"class_list":["post-26219","post","type-post","status-publish","format-standard","has-post-thumbnail","hentry","category-radar","category-1","description-off"],"acf":[],"_links":{"self":[{"href":"https:\/\/www.raisg.org\/pt-br\/wp-json\/wp\/v2\/posts\/26219","targetHints":{"allow":["GET"]}}],"collection":[{"href":"https:\/\/www.raisg.org\/pt-br\/wp-json\/wp\/v2\/posts"}],"about":[{"href":"https:\/\/www.raisg.org\/pt-br\/wp-json\/wp\/v2\/types\/post"}],"author":[{"embeddable":true,"href":"https:\/\/www.raisg.org\/pt-br\/wp-json\/wp\/v2\/users\/324"}],"replies":[{"embeddable":true,"href":"https:\/\/www.raisg.org\/pt-br\/wp-json\/wp\/v2\/comments?post=26219"}],"version-history":[{"count":1,"href":"https:\/\/www.raisg.org\/pt-br\/wp-json\/wp\/v2\/posts\/26219\/revisions"}],"predecessor-version":[{"id":26221,"href":"https:\/\/www.raisg.org\/pt-br\/wp-json\/wp\/v2\/posts\/26219\/revisions\/26221"}],"wp:featuredmedia":[{"embeddable":true,"href":"https:\/\/www.raisg.org\/pt-br\/wp-json\/wp\/v2\/media\/26216"}],"wp:attachment":[{"href":"https:\/\/www.raisg.org\/pt-br\/wp-json\/wp\/v2\/media?parent=26219"}],"wp:term":[{"taxonomy":"category","embeddable":true,"href":"https:\/\/www.raisg.org\/pt-br\/wp-json\/wp\/v2\/categories?post=26219"},{"taxonomy":"post_tag","embeddable":true,"href":"https:\/\/www.raisg.org\/pt-br\/wp-json\/wp\/v2\/tags?post=26219"}],"curies":[{"name":"wp","href":"https:\/\/api.w.org\/{rel}","templated":true}]}}