{"id":26805,"date":"2021-10-09T02:02:06","date_gmt":"2021-10-09T05:02:06","guid":{"rendered":"https:\/\/www.amazoniasocioambiental.org\/radar\/monitores-indigenas-de-seis-paises-amazonicos-protegen-sus-territorios-con-el-uso-de-tecnologia\/"},"modified":"2021-10-11T02:08:18","modified_gmt":"2021-10-11T05:08:18","slug":"monitores-indigenas-de-seis-paises-amazonicos-protegen-sus-territorios-con-el-uso-de-tecnologia","status":"publish","type":"post","link":"https:\/\/www.raisg.org\/pt-br\/radar\/monitores-indigenas-de-seis-paises-amazonicos-protegen-sus-territorios-con-el-uso-de-tecnologia\/","title":{"rendered":"Monitores ind\u00edgenas de seis pa\u00edses amaz\u00f3nicos protegen sus territorios con el uso de tecnolog\u00eda"},"content":{"rendered":"<p>Mongabay<br \/>\n9 de octubre, 2021<br \/>\n<a href=\"https:\/\/es.mongabay.com\/by\/debora-pinto\/\" rel=\"tag\" data-wpel-link=\"internal\">D\u00e9bora Pinto<\/a><\/p>\n<p>&nbsp;<\/p>\n<div class=\"bulletpoints\">\n<ul>\n<li><em>Desde 2017, el proyecto Amazon\u00eda 2.0 utiliza nuevas tecnolog\u00edas de la informaci\u00f3n para fortalecer el monitoreo y conservaci\u00f3n de territorios ind\u00edgenas y comunidades tradicionales en seis pa\u00edses del bioma amaz\u00f3nico.<\/em><\/li>\n<li><em>Las infracciones y anomal\u00edas son monitoreadas in situ por la propia comunidad, que luego env\u00eda los datos para alimentar una plataforma virtual, GeoVisor, con la m\u00e1xima agilidad posible.<\/em><\/li>\n<\/ul>\n<\/div>\n<p>Los pueblos ind\u00edgenas y las poblaciones tradicionales son los mayores\u00a0<strong>guardianes de los bosques en Am\u00e9rica Latina y el Caribe<\/strong>. Esto es lo que afirma categ\u00f3ricamente el\u00a0<a href=\"http:\/\/www.fao.org\/americas\/publicaciones-audio-video\/indigenas-y-gobernanza-de-bosques\/es\/\" rel=\"external noopener noreferrer\" data-wpel-link=\"external\">informe<\/a>\u00a0publicado en marzo por la Organizaci\u00f3n de las Naciones Unidas para la Agricultura y la Alimentaci\u00f3n (FAO). Estos habitantes son a menudo los primeros en\u00a0<strong>detectar a los taladores, mineros ilegales, acaparadores de tierra, narcotraficantes y otros actores ilegales mientras avanzan devastando los bosques<\/strong>. Con su conocimiento, tambi\u00e9n pueden percibir cambios ambientales que indican desequilibrios, como los provocados por el cambio clim\u00e1tico. Para potenciar y reconocer la acci\u00f3n de estas poblaciones, el mismo informe sugiere transformarla en tecnolog\u00eda social.<\/p>\n<p>El uso de nuevas tecnolog\u00edas de la informaci\u00f3n, a trav\u00e9s de proyectos como\u00a0<a href=\"https:\/\/amazoniadospuntocero.com\/index.php\/pt\/projeto\" rel=\"external noopener noreferrer\" data-wpel-link=\"external\">Amaz\u00f4nia 2.0<\/a>, una iniciativa implementada por la UICN (Uni\u00f3n Internacional para la Conservaci\u00f3n de la Naturaleza) con recursos de la Uni\u00f3n Europea, ha ayudado a fortalecer modelos de gobernanza forestal en territorios ind\u00edgenas y comunitarios en varios pa\u00edses del bioma amaz\u00f3nico:\u00a0<strong>Ecuador, Per\u00fa, Colombia, Guyana, Surinam y, desde 2019, Brasil.\u00a0<\/strong><\/p>\n<p>\u201cEl proyecto respeta la autonom\u00eda de las poblaciones tradicionales e ind\u00edgenas y su autodeterminaci\u00f3n; as\u00ed, facilita y ofrece asistencia en coordinaci\u00f3n con sus organizaciones representativas para salvaguardar los territorios, fortalecer la gobernabilidad y mejorar sus medios de vida\u201d, explica el peruano Braulio Buend\u00eda, coordinador regional del Amazon\u00eda 2.0, proyecto que\u00a0est\u00e1 programado para finalizar este 2021. \u00abNo estamos destinados a imponer nada, pero nos sumamos a las luchas por los derechos en las regiones amaz\u00f3nicas donde interviene el proyecto\u00bb. De hecho, cada territorio tiene una lucha diferente, y pueden ir desde la tala ilegal en Per\u00fa hasta la amenaza de los l\u00edderes comunitarios por parte de los narcotraficantes en Colombia, pasando por la falta de respeto ambiental de la industria petrolera en Ecuador.<\/p>\n<p>En la pr\u00e1ctica, en cada territorio cubierto por el proyecto se eligen a los monitores entre los l\u00edderes reconocidos de las comunidades. Estos participan en la capacitaci\u00f3n tanto para el trabajo de campo como sobre la importancia de fortalecer la movilizaci\u00f3n y organizaci\u00f3n de la comunidad. Esta es la base para el uso de las nuevas tecnolog\u00edas de la informaci\u00f3n, que, si bien var\u00edan en cada regi\u00f3n, tienen el objetivo com\u00fan de s<strong>e\u00f1alar anomal\u00edas e infracciones con la m\u00e1xima agilidad posible, alimentando una plataforma virtual, el\u00a0<a href=\"https:\/\/amazoniadospuntocero.com\/index.php\/pt\/geovisor-po\" rel=\"external noopener noreferrer\" data-wpel-link=\"external\">GeoVisor<\/a>.<\/strong><\/p>\n<p>Los datos e informaci\u00f3n tambi\u00e9n son procesados por los coordinadores del proyecto, quienes, seg\u00fan el caso, facilitan el di\u00e1logo con el gobierno en la b\u00fasqueda de soluciones. \u201cTodo basado en una l\u00f3gica de abajo hacia arriba\u201d, apunta Buend\u00eda. Tambi\u00e9n se realizan encuentros (ahora solo virtuales) entre coordinadores y monitores de diferentes regiones amaz\u00f3nicas, para que puedan compartir sus luchas y logros, adem\u00e1s de apoyar el desarrollo econ\u00f3mico de estas comunidades a partir, por ejemplo, de los productos que provee el bosque.<\/p>\n<figure id=\"attachment_223600\" class=\"wp-caption alignnone\"><img fetchpriority=\"high\" decoding=\"async\" class=\"size-medium wp-image-223600\" src=\"https:\/\/imgs.mongabay.com\/wp-content\/uploads\/sites\/25\/2021\/03\/11075941\/12-768x512.jpg\" sizes=\"(max-width: 768px) 100vw, 768px\" srcset=\"https:\/\/imgs.mongabay.com\/wp-content\/uploads\/sites\/25\/2021\/03\/11075941\/12-768x512.jpg 768w, https:\/\/imgs.mongabay.com\/wp-content\/uploads\/sites\/25\/2021\/03\/11075941\/12-1200x800.jpg 1200w, https:\/\/imgs.mongabay.com\/wp-content\/uploads\/sites\/25\/2021\/03\/11075941\/12-610x408.jpg 610w\" alt=\"\" width=\"768\" height=\"512\" \/><figcaption class=\"wp-caption-text\">Personas aisladas voluntariamente en el valle de Javari en la Amazon\u00eda brasile\u00f1a. Brasil, Colombia y Per\u00fa han reservado grandes \u00e1reas de bosque para las llamadas \u00abtribus aisladas\u00bb o Pueblos Ind\u00edgenas que viven en aislamiento voluntario del resto de la humanidad. Cr\u00e9dito de la foto: FUNAI.<\/figcaption><\/figure>\n<h3><strong>En Brasil, el monitoreo se fortalece en la frontera<\/strong><\/h3>\n<p>En la Amazon\u00eda brasile\u00f1a, se contemplaron tres territorios en el estado de Acre: las tierras ind\u00edgenas Mamoadate y Alto R\u00edo Purus, y el Parque Estadual Chandless. \u201cEstas \u00e1reas est\u00e1n cercanas a la frontera con Bolivia y Per\u00fa, lo que respeta el aspecto de integraci\u00f3n regional del proyecto\u201d, explica Carolle Alarcon, coordinadora de Amazon\u00eda 2.0 en Brasil. Si bien las articulaciones para la realizaci\u00f3n comenzaron un a\u00f1o antes, 2020 era el a\u00f1o previsto para su ejecuci\u00f3n en campo con los pobladores ind\u00edgenas y ribere\u00f1os, proceso interrumpido por la pandemia del COVID-19. \u201cFue muy frustrante porque nos est\u00e1bamos preparando para estar con ellos en los territorios. As\u00ed que tuvimos que seguir con el proyecto a distancia, manteni\u00e9ndonos en contacto con los monitores y la comunidad, consolidando informaci\u00f3n y trabajando en alianza con el gobierno local\u201d, agrega Alarc\u00f3n.<\/p>\n<p>Naides Peres fue uno de las pobladores ind\u00edgenas elegidos por Amazon\u00eda 2.0, habiendo participado incluso en jornadas de formaci\u00f3n. Adem\u00e1s del deseo de integrar efectivamente una iniciativa que abarque diferentes territorios amaz\u00f3nicos, Peres se\u00f1ala otro aspecto de la importancia local del proyecto: la generaci\u00f3n de ingresos. \u201cAhora soy parte del Monitora, por eso salgo de casa todas las ma\u00f1anas por la ma\u00f1ana y vuelvo a primera hora de la tarde haciendo este trabajo de monitoreo y aprendizaje de la naturaleza, atento a ver si hay alg\u00fan tipo de cambio\u201d, dice.<\/p>\n<p>El\u00a0<a href=\"https:\/\/www.gov.br\/icmbio\/pt-br\/assuntos\/monitoramento\" rel=\"external noopener noreferrer\" data-wpel-link=\"external\">Monitora<\/a>\u00a0al que Peres se refiere es el programa de monitoreo del territorio que sigue los protocolos del ICMBio (Instituto Chico Mendes para a Biodiversidade), y que, en Acre, es operado por Sema (Secretaria de Estado do Medio Ambiente), en el Parque Estadual Chandless. Peres se integr\u00f3 al programa y comenz\u00f3 a actuar como guardi\u00e1n forestal remunerado. \u201cEs muy importante porque aqu\u00ed casi no hay opci\u00f3n de apoyo familiar\u201d, agrega Peres.<\/p>\n<p>\u201cEl Amazon\u00eda 2.0 tiene como objetivo insertar el monitoreo de amenazas y presiones al parque, lo que no solo complementa el monitoreo de la biodiversidad, sino que tambi\u00e9n apoyar\u00e1 la toma de decisiones de manejo, ya que las amenazas y presiones se reflejan directamente en el mantenimiento de la biodiversidad\u201d, explica Ricardo Pl\u00e1cido, gerente de Sema-Acre responsable de PE Chandless. Seg\u00fan el gerente, la retribuci\u00f3n de estos agentes es fundamental, ya que no realizan sus actividades tradicionales para cumplir con el expediente de monitoreo.<\/p>\n<p>Incluso si el proyecto no se est\u00e1 llevando a cabo como se esperaba, el conocimiento recibido por los monitores permite, al menos en parte, su influencia inmediata. Y est\u00e1 previsto donar tel\u00e9fonos celulares a la comunidad, que tiene acceso a internet, para que se garantice la apropiaci\u00f3n y la experiencia de usar GeoVisor. \u201cQueremos que el conocimiento se reproduzca, que se den cuenta cada vez m\u00e1s del poder que tienen para hacer valer sus derechos\u201d, a\u00f1ade Carolle Alarcon.<\/p>\n<figure id=\"attachment_188035\" class=\"wp-caption alignnone\"><img decoding=\"async\" class=\"wp-image-188035 size-full\" src=\"https:\/\/imgs.mongabay.com\/wp-content\/uploads\/sites\/29\/2021\/04\/14153644\/Parque_Estadual_Chandless_01.jpeg\" alt=\"\" width=\"1280\" height=\"850\" \/><figcaption class=\"wp-caption-text\">Parque Estadual Chandless, Acre, Brasil. Foto: Ag\u00eancia de Not\u00edcias do Acre.<\/figcaption><\/figure>\n<p>En las tierras ind\u00edgenas Mamoadate y Alto Purus, Amazon\u00eda 2.0 vuelve a ser parte de un programa existente, la formaci\u00f3n de\u00a0<a href=\"https:\/\/cpiacre.org.br\/formacao-de-agentes-agroflorestais-indigenas\/\" rel=\"external noopener noreferrer\" data-wpel-link=\"external\">agentes agroforestales ind\u00edgenas<\/a>, implementado por la Comiss\u00e3o Pr\u00f3-\u00cdndio de Acre, Brasil. Presente en once tierras ind\u00edgenas entre Bolivia y Per\u00fa, cuenta con j\u00f3venes de diferentes etnias que, adem\u00e1s de producir una variedad de pl\u00e1ntulas ex\u00f3ticas y nativas, trabajan en la implantaci\u00f3n y manejo de sistemas agroforestales en sus comunidades, realizando, en paralelo, diagn\u00f3sticos ambientales, identificando problemas de manejo y proponiendo soluciones. A estos agentes tambi\u00e9n se les paga, y entre ellos fueron elegidos los monitores para Amazon\u00eda 2.0.<\/p>\n<p>Cabe recordar que una diferencia entre Brasil y los dem\u00e1s pa\u00edses del proyecto es el hecho de que los ind\u00edgenas brasile\u00f1os no tienen una organizaci\u00f3n representativa \u00fanica y pol\u00edticamente estructurada, por lo que el Estado es responsable del manejo de los territorios. Por esta raz\u00f3n, el trabajo junto a las autoridades es a\u00fan m\u00e1s importante.<\/p>\n<p>Mientras todav\u00eda se espera la llegada de internet a las TI Mamoadate y Alto R\u00edo Pur\u00fas, lo cual debe ocurrir en breve, las informaciones son comunicadas por los monitores directamente a la coordinaci\u00f3n a trav\u00e9s de la estructura de defensa que ya existe en la zona. Al igual que en el parque Chandless, las capacitaciones ofrecidas permiten ampliar el manejo y el diagn\u00f3stico a partir de un aumento de la percepci\u00f3n de presiones y amenazas, adem\u00e1s de incentivar la estructuraci\u00f3n de la movilizaci\u00f3n por derechos. Los monitores del parque Chandless recibir\u00e1n un ingreso adicional del proyecto durante cuatro meses, una forma de favorecer y alentar a estos guardianes.<\/p>\n<p>En total, B<strong>rasil cuenta con 16 monitores con entrenamiento b\u00e1sico, adem\u00e1s de una aplicaci\u00f3n m\u00f3vil creada especialmente para permitir informes instant\u00e1neos de amenazas<\/strong>. Si bien las tres \u00e1reas tienen un nivel de deforestaci\u00f3n casi nulo \u2014aproximadamente el 0,3 %\u2014, la idea es que el proyecto prepare a los agentes y comunidades tambi\u00e9n para posibles amenazas futuras, especialmente aquellas que pueden ser provocadas por la construcci\u00f3n de carreteras planeadas en la regi\u00f3n, que tambi\u00e9n cuenta con la presencia de ind\u00edgenas aislados.<\/p>\n<figure id=\"attachment_188031\" class=\"wp-caption alignnone\"><img decoding=\"async\" class=\"size-full wp-image-188031\" src=\"https:\/\/imgs.mongabay.com\/wp-content\/uploads\/sites\/29\/2021\/04\/14153404\/XXVI-Curso-de-AAFIs_Leilane-Marinho-84-1-scaled-1.jpeg\" alt=\"\" width=\"2339\" height=\"1313\" \/><figcaption class=\"wp-caption-text\">Agentes agroforestales ind\u00edgenas de Acre en una clase pr\u00e1ctica de huerto org\u00e1nico. Foto: Leilane Marinho \/ CPI-Acre.<\/figcaption><\/figure>\n<h3><strong>Al otro lado de la frontera, victoria contra los madereros<\/strong><\/h3>\n<p>En Per\u00fa, el proyecto opera en la Reserva Comunal El Sira, en la provincia de Atalaya, en 12 comunidades ind\u00edgenas Ash\u00e1ninka de la regi\u00f3n Ucayali, zona fronteriza con Brasil. \u201cAlgo que considero importante, incluso como criterio de elecci\u00f3n, es el involucramiento de las comunidades\u201d, explica Rebeca Dumet, coordinadora peruana de Amazon\u00eda 2.0. A diferencia de lo que ocurre en Brasil, donde se estima que al menos el 70 % de la madera extra\u00edda de la Amazon\u00eda es de origen ilegal, en Per\u00fa la legislaci\u00f3n permite a las poblaciones tradicionales cortar madera para su propio beneficio econ\u00f3mico dentro de los l\u00edmites preestablecidos y \u00e1reas predeterminadas. Esta es la fuente de ingresos del 80 % de las comunidades cubiertas por el proyecto en El Sira.<\/p>\n<p>Los monitores de Amazon\u00eda 2.0, junto con la comunidad, se dieron cuenta de un esquema abusivo en el que los madereros actuaban de manera predatoria, en algunos casos pretendiendo ser socios comerciales de las comunidades. Cuando las autoridades locales percibieron la deforestaci\u00f3n por encima de lo permitido por la ley, los habitantes del bosque fueron sancionados con multas muy elevadas, lo que gener\u00f3 un ciclo de debilitamiento de la estructura social, factor que favorece la propagaci\u00f3n de la ilegalidad.<\/p>\n<p>\u201cUna de las principales v\u00edas de acci\u00f3n de Amazon\u00eda 2.0 es el seguimiento de las cuestiones planteadas por la comunidad a las autoridades. Las amenazas notificadas se transforman en informaci\u00f3n capaz de, en caso necesario, movilizar a las instituciones competentes. Es una herramienta para que las poblaciones tradicionales tengan voz en la defensa de sus territorios y su forma de vida\u201d, explica Dumet.<\/p>\n<p>En el caso de\u00a0<a href=\"https:\/\/es.mongabay.com\/2021\/10\/catoteni-comunidad-asheninka-tala-ilegal-narcotrafico-peru\/\" data-wpel-link=\"internal\">El Sira<\/a>, el proceso condujo a una disminuci\u00f3n casi completa de las actividades de tala predatoria en la reserva, a partir de la acci\u00f3n del gobierno, adem\u00e1s de la revisi\u00f3n de las multas impuestas a los habitantes locales. La victoria result\u00f3 del trabajo de transmisi\u00f3n mensual de informaci\u00f3n sobre amenazas en informes en papel, que fueron procesados e insertados por el coordinador en la plataforma GeoVisor. En Per\u00fa, el Amazon\u00eda 2.0 ya est\u00e1 reconocido por el Estado, y se considera un modelo de manejo y gobernanza de bosques y tierras ind\u00edgenas.<\/p>\n<p>Tambi\u00e9n se mapearon grupos que ya realizan su trabajo en la regi\u00f3n fronteriza entre Brasil y Per\u00fa, lo que result\u00f3 en un informe que incluye el an\u00e1lisis de iniciativas colaborativas, como el Grupo de Trabajo para la Protecci\u00f3n Transfronteriza Brasil-Per\u00fa, el Comit\u00e9 Fronterizo Local I\u00f1apari-Asis Brasil y la cooperaci\u00f3n entre la Comisi\u00f3n Pro Ind\u00edgena (CPI-Acre) y la Federaci\u00f3n Nativa del R\u00edo Madre de Dios y Afluentes (Fenamad), que act\u00faan para proteger a los pueblos ind\u00edgenas aislados en la frontera.<\/p>\n<p>Se han creado tambi\u00e9n 31 observatorios ind\u00edgenas o sistemas de monitoreo comunitario, con 57 observadores capacitados y empoderados \u2014quienes ya han realizado m\u00e1s de\u00a0<strong>1800 informes de monitoreo, no solo sobre cobertura forestal sino tambi\u00e9n sobre gobernanza forestal y monitoreo ambiental.<\/strong>\u00a0El impacto m\u00e1s profundo, sin embargo, es la sensibilizaci\u00f3n de estas poblaciones y la reuni\u00f3n de diferentes necesidades, idiomas y desaf\u00edos territoriales. Una forma de que los guardianes de los bosques en Am\u00e9rica Latina hagan valer sus derechos y sean reconocidos por el servicio que prestan al planeta al permanecer en el bosque y, as\u00ed, practicar su forma de vida.<\/p>\n<figure id=\"attachment_188032\" class=\"wp-caption alignnone\"><img loading=\"lazy\" decoding=\"async\" class=\"wp-image-188032 size-full\" src=\"https:\/\/imgs.mongabay.com\/wp-content\/uploads\/sites\/29\/2021\/04\/14153409\/slide_ecuador_07-2554b8f0.jpeg\" alt=\"\" width=\"900\" height=\"600\" \/><figcaption class=\"wp-caption-text\">Monitores ind\u00edgenas en acci\u00f3n de campo en Ecuador. Foto: Amazon\u00eda 2.0 \/ UICN.<\/figcaption><\/figure>\n<p><em><strong>Imagen principal:<\/strong>\u00a0Monitoras ind\u00edgenas en acci\u00f3n de campo en Ecuador. Foto: Amazon\u00eda 2.0 \/ UICN.<\/em><\/p>\n<p>&nbsp;<\/p>\n<p>Tomado de: <a href=\"https:\/\/es.mongabay.com\/2021\/10\/monitores-indigenas-amazonia-protegen-territorios-tecnologia\/\">https:\/\/es.mongabay.com\/2021\/10\/monitores-indigenas-amazonia-protegen-territorios-tecnologia\/<\/a><\/p>\n","protected":false},"excerpt":{"rendered":"<p>Desde 2017, el proyecto Amazon\u00eda 2.0 utiliza nuevas tecnolog\u00edas de la informaci\u00f3n para fortalecer el monitoreo y conservaci\u00f3n de territorios ind\u00edgenas y comunidades tradicionales en seis pa\u00edses del bioma amaz\u00f3nico.<br \/>\nLas infracciones y anomal\u00edas son monitoreadas in situ por la propia comunidad, que luego env\u00eda los datos para alimentar una plataforma virtual, GeoVisor, con la m\u00e1xima agilidad posible.<\/p>\n<p>Los pueblos ind\u00edgenas y las poblaciones tradicionales son los mayores\u00a0guardianes de los bosques en Am\u00e9rica Latina y el Caribe. Esto es lo que afirma categ\u00f3ricamente el\u00a0informe\u00a0publicado en marzo por la Organizaci\u00f3n de las Naciones Unidas para la Agricultura y la Alimentaci\u00f3n (FAO). Estos habitantes son a menudo los primeros en\u00a0detectar a los taladores, mineros ilegales, acaparadores de tierra, narcotraficantes y otros actores ilegales mientras avanzan devastando los bosques. Con su conocimiento, tambi\u00e9n pueden percibir cambios ambientales que indican desequilibrios, como los provocados por el cambio clim\u00e1tico. Para potenciar y reconocer la acci\u00f3n de estas poblaciones, el mismo informe sugiere transformarla en tecnolog\u00eda social.<\/p>\n","protected":false},"author":327,"featured_media":26802,"comment_status":"open","ping_status":"open","sticky":false,"template":"","format":"standard","meta":{"_acf_changed":false,"footnotes":""},"categories":[1],"tags":[],"class_list":["post-26805","post","type-post","status-publish","format-standard","has-post-thumbnail","hentry","category-radar","category-1","description-off"],"acf":[],"_links":{"self":[{"href":"https:\/\/www.raisg.org\/pt-br\/wp-json\/wp\/v2\/posts\/26805","targetHints":{"allow":["GET"]}}],"collection":[{"href":"https:\/\/www.raisg.org\/pt-br\/wp-json\/wp\/v2\/posts"}],"about":[{"href":"https:\/\/www.raisg.org\/pt-br\/wp-json\/wp\/v2\/types\/post"}],"author":[{"embeddable":true,"href":"https:\/\/www.raisg.org\/pt-br\/wp-json\/wp\/v2\/users\/327"}],"replies":[{"embeddable":true,"href":"https:\/\/www.raisg.org\/pt-br\/wp-json\/wp\/v2\/comments?post=26805"}],"version-history":[{"count":1,"href":"https:\/\/www.raisg.org\/pt-br\/wp-json\/wp\/v2\/posts\/26805\/revisions"}],"predecessor-version":[{"id":26809,"href":"https:\/\/www.raisg.org\/pt-br\/wp-json\/wp\/v2\/posts\/26805\/revisions\/26809"}],"wp:featuredmedia":[{"embeddable":true,"href":"https:\/\/www.raisg.org\/pt-br\/wp-json\/wp\/v2\/media\/26802"}],"wp:attachment":[{"href":"https:\/\/www.raisg.org\/pt-br\/wp-json\/wp\/v2\/media?parent=26805"}],"wp:term":[{"taxonomy":"category","embeddable":true,"href":"https:\/\/www.raisg.org\/pt-br\/wp-json\/wp\/v2\/categories?post=26805"},{"taxonomy":"post_tag","embeddable":true,"href":"https:\/\/www.raisg.org\/pt-br\/wp-json\/wp\/v2\/tags?post=26805"}],"curies":[{"name":"wp","href":"https:\/\/api.w.org\/{rel}","templated":true}]}}