{"id":32679,"date":"2022-02-23T14:30:21","date_gmt":"2022-02-23T17:30:21","guid":{"rendered":"https:\/\/dev.amazoniasocioambiental.org\/radar\/organizaciones-indigenas-y-sociales-promueven-plan-para-proteger-el-80-de-la-amazonia-en-peru-y-ecuador\/"},"modified":"2022-04-26T15:30:51","modified_gmt":"2022-04-26T18:30:51","slug":"organizaciones-indigenas-y-sociales-promueven-plan-para-proteger-el-80-de-la-amazonia-en-peru-y-ecuador","status":"publish","type":"post","link":"https:\/\/www.raisg.org\/pt-br\/radar\/organizaciones-indigenas-y-sociales-promueven-plan-para-proteger-el-80-de-la-amazonia-en-peru-y-ecuador\/","title":{"rendered":"Organizaciones ind\u00edgenas y sociales promueven plan para proteger el 80 % de la Amazon\u00eda en Per\u00fa y Ecuador"},"content":{"rendered":"<p>MONGABAY<br \/>\n23 de febrero, 2022<br \/>\n<a href=\"https:\/\/es.mongabay.com\/by\/latoya-abulu\/\" rel=\"tag\" data-wpel-link=\"internal\">Latoya Abulu<\/a>,\u00a0<a href=\"https:\/\/es.mongabay.com\/by\/laurel-sutherland\/\" rel=\"tag\" data-wpel-link=\"internal\">Laurel Sutherland<\/a> | Traducido por <a href=\"https:\/\/es.mongabay.com\/by\/yolanda-alvarez\" data-wpel-link=\"internal\">Yolanda \u00c1lvarez<\/a><\/p>\n<div class=\"bulletpoints\">\n<ul>\n<li><em>Un nuevo plan denominado Iniciativa de las Cuencas Sagradas del Amazonas propone la protecci\u00f3n del 80 % de la Amazon\u00eda en Per\u00fa y Ecuador para 2025, una superficie de 35 millones de hect\u00e1reas de selva tropical.<\/em><\/li>\n<li><em>Las organizaciones ind\u00edgenas amaz\u00f3nicas que lideran el plan tienen como objetivo centrar la gesti\u00f3n forestal y la propiedad de las tierras llevada a cabo por los ind\u00edgenas para proteger las especies end\u00e9micas y prevenir la emisi\u00f3n de, aproximadamente, 2 mil millones de toneladas de emisiones de gases de efecto invernadero a la atm\u00f3sfera.<\/em><\/li>\n<\/ul>\n<\/div>\n<p>Las promesas y soluciones propuestas por los l\u00edderes mundiales para abordar la crisis clim\u00e1tica y de biodiversidad durante la cumbre clim\u00e1tica de las Naciones Unidas, COP26, y la conferencia de la biodiversidad, COP15, no van a ser suficientes, seg\u00fan algunos l\u00edderes ind\u00edgenas en Per\u00fa y Ecuador. Una propuesta en concreto que ha sido objeto de cr\u00edticas por parte de los pueblos ind\u00edgenas y las comunidades locales es un objetivo dentro del borrador del marco global de biodiversidad 2020 de las Naciones Unidas,<strong>\u00a0la iniciativa 30 por 30<\/strong>.<br \/>\nLa iniciativa tiene como objetivo conservar\u00a0<strong>el 30 % de las tierras y los oc\u00e9anos del planeta para 2030 a trav\u00e9s de \u00e1reas protegidas<\/strong>\u00a0con la esperanza de proporcionar un salvavidas a las especies en peligro de extinci\u00f3n y conservar cobertura forestal para cumplir con los objetivos clim\u00e1ticos. Se cree que los bosques absorben una tercera parte de las emisiones de CO2 mundiales al a\u00f1o.<br \/>\nAlgunos l\u00edderes y acad\u00e9micos han\u00a0<a href=\"https:\/\/news.mongabay.com\/2021\/08\/as-cop15-approaches-30-by-30-becomes-a-conservation-battleground\/\" rel=\"external noopener noreferrer\" data-wpel-link=\"external\">criticado<\/a>\u00a0la propuesta para crear m\u00e1s \u00e1reas protegidas, considerando que estas, en algunos casos, han provocado el desplazamiento de las comunidades de sus territorios ancestrales ubicados dentro de los epicentros de biodiversidad. Seg\u00fan un\u00a0<a href=\"https:\/\/oxford.universitypressscholarship.com\/view\/10.1093\/acprof:oso\/9780190637385.001.0001\/acprof-9780190637385\" rel=\"external noopener noreferrer\" data-wpel-link=\"external\">an\u00e1lisis<\/a>\u00a0de la Universidad de Oxford,\u00a0<strong>250 000 individuos fueron desplazados en 15 pa\u00edses<\/strong>\u00a0<strong>entre 1990 y 2014 para la creaci\u00f3n de \u00e1reas protegidas.<\/strong><\/p>\n<figure id=\"attachment_250190\" class=\"wp-caption alignnone\"><img fetchpriority=\"high\" decoding=\"async\" class=\"size-medium wp-image-250190\" src=\"https:\/\/imgs.mongabay.com\/wp-content\/uploads\/sites\/20\/2021\/12\/03174730\/IMG_7641crop-768x512.jpg\" alt=\"\" width=\"768\" height=\"512\" \/><figcaption class=\"wp-caption-text\">La Amazon\u00eda ecuatoriana. Imagen cortes\u00eda de la Iniciativa Cuencas Sagradas.<\/figcaption><\/figure>\n<p>Sin embargo, para las organizaciones ind\u00edgenas en Per\u00fa y Ecuador,<strong>\u00a0la cr\u00edtica principal al objetivo de proteger el 30 % de las tierras y los oc\u00e9anos es que simplemente no es suficiente<\/strong>\u00a0para evitar efectivamente la crisis clim\u00e1tica. Para estos grupos, merece la pena proteger la mayor parte de la Amazon\u00eda dentro de estos dos pa\u00edses.<br \/>\n\u201cUno de los puntos clave que debemos subrayar es que los gobiernos est\u00e1n considerando proteger solo el 30 % del \u00e1rea que incluye 35 millones de hect\u00e1reas de tierra para 2030\u201d, dijo un portavoz de los l\u00edderes ind\u00edgenas amaz\u00f3nicos en COP26 a Mongabay en un correo electr\u00f3nico.\u00a0<strong>\u201cLo que queremos alcanzar es la protecci\u00f3n de, al menos, el 80 % para 2025\u201d.<\/strong><br \/>\nUna alianza de organizaciones ind\u00edgenas y no gubernamentales propone un plan biorregional, conocido como\u00a0<strong>Cuencas Sagradas del Amazonas<\/strong>, para que act\u00fae como modelo para los esfuerzos futuros de conservaci\u00f3n. El objetivo de la iniciativa, compuesta por las federaciones ind\u00edgenas amaz\u00f3nicas COICA, AIDESEP y ORPIO, y una colaboraci\u00f3n con la Alianza Pachamama y Rainforest Foundation US, es proteger de forma permanente<strong>\u00a0el 80 % de 35 millones hect\u00e1reas de terreno.<\/strong><br \/>\nEsto incluye unos\u00a0<strong>33 millones de hect\u00e1reas de selvas tropicales<\/strong>\u00a0cerca de las cuencas de los r\u00edos Napo, Pastaza y Mara\u00f1\u00f3n de Ecuador y Per\u00fa que contienen\u00a0<strong>3,8 mil millones de toneladas m\u00e9tricas de carbono<\/strong>. El objetivo es declarar la zona prohibida para las industrias extractivas.<\/p>\n<h3><strong>La log\u00edstica del plan<\/strong><\/h3>\n<p>La alianza espera\u00a0<strong>evitar que se emitan unos 2 mil millones de toneladas m\u00e9tricas de emisiones de gas de efecto invernadero<\/strong>\u00a0a la atm\u00f3sfera al detener la deforestaci\u00f3n, la miner\u00eda y la extracci\u00f3n de petr\u00f3leo y gas. El objetivo del plan se centra en las tierras ind\u00edgenas y los derechos sobre los recursos, sobre la base de que la administraci\u00f3n de los bosques ind\u00edgenas se encuentra entre las estrategias m\u00e1s efectivas para prevenir la deforestaci\u00f3n y evitar emisiones significativas de GEI.<br \/>\nPara proteger las Cuencas Sagradas, los l\u00edderes ind\u00edgenas dicen que esperan finalizar las negociaciones sobre los t\u00edtulos de propiedad de las tierras, que consisten en m\u00e1s de 8,9 millones de hect\u00e1reas de territorios ind\u00edgenas. La regi\u00f3n es el hogar de m\u00e1s de 30 nacionalidades ind\u00edgenas que abarca a m\u00e1s de 600 000 personas. Para asegurarse estas tierras y derechos sobre los recursos, la organizaci\u00f3n tambi\u00e9n planea atraer financiamiento e inter\u00e9s mundial hacia la iniciativa.<\/p>\n<figure id=\"attachment_250198\" class=\"wp-caption aligncenter\"><a href=\"https:\/\/imgs.mongabay.com\/wp-content\/uploads\/sites\/20\/2021\/12\/03181102\/AW_Ecuador13_Kapawi071-e1638555081224.jpg\" rel=\"external noopener noreferrer\" data-wpel-link=\"external\"><img decoding=\"async\" class=\"size-medium wp-image-250198\" src=\"https:\/\/imgs.mongabay.com\/wp-content\/uploads\/sites\/20\/2021\/12\/03181102\/AW_Ecuador13_Kapawi071-e1638555081224-768x512.jpg\" alt=\"\" width=\"768\" height=\"512\" \/><\/a><figcaption class=\"wp-caption-text\">El r\u00edo Capahuari atraviesa el territorio ind\u00edgena Achuar en la Amazon\u00eda ecuatoriana. Imagen cortes\u00eda de \u00a9 Caroline Bennett\/Amazon Watch.<\/figcaption><\/figure>\n<p>La restauraci\u00f3n de m\u00e1s de 8,7 millones de hect\u00e1reas (21,4 millones de acres) de bosque, necesario para proteger especies en peligro de extinci\u00f3n y mantener la conectividad del ecosistema Andino Amaz\u00f3nico tambi\u00e9n contribuir\u00e1 a los objetivos globales. La regi\u00f3n de las Cuencas Sagradas contiene el ecosistema m\u00e1s diverso biol\u00f3gicamente del planeta y juega un papel crucial en la generaci\u00f3n de precipitaciones y el mantenimiento del ciclo hidrol\u00f3gico de las Am\u00e9ricas.<br \/>\nLee m\u00e1s |\u00a0<a href=\"https:\/\/es.mongabay.com\/2022\/01\/nuevo-derrame-en-ecuador-se-suma-a-la-cadena-de-desastres-provocados-por-la-erosion-del-rio-coca\/\" data-wpel-link=\"internal\">Nuevo derrame de petr\u00f3leo en Ecuador se suma a la cadena de desastres provocados por la erosi\u00f3n del r\u00edo Coca<\/a><br \/>\nVarias especies en peligro cr\u00edtico de extinci\u00f3n se pueden encontrar en la regi\u00f3n, incluidos el tit\u00ed de r\u00edo Mayo (<em>Callicebus oenanthe<\/em>) y el capuchino de frente blanca (<em>Cebus aequatorialis<\/em>), ninguno de ellos se encuentra en ning\u00fan otro lugar de la Tierra.<br \/>\nEl plan biorregional no se limita a la protecci\u00f3n forestal, sino que tambi\u00e9n propone una posible transici\u00f3n del actual modelo econ\u00f3mico extractivo basado en la explotaci\u00f3n petrolera, la tala y la miner\u00eda, a\u00a0<strong>un modelo centrado en la sostenibilidad empresarial, el turismo comunitario y los conceptos ind\u00edgenas de bienestar (Buen Vivir).<\/strong>\u00a0La alianza tiene como objeto alcanzar esto con la creaci\u00f3n de acuerdos entre estados, empresas y organizaciones ind\u00edgenas y de la sociedad civil para asegurar que ninguna actividad relativa a las industrias extractivas tenga lugar en la zona.<\/p>\n<figure id=\"attachment_250193\" class=\"wp-caption alignnone\"><img decoding=\"async\" class=\"size-medium wp-image-250193\" src=\"https:\/\/imgs.mongabay.com\/wp-content\/uploads\/sites\/20\/2021\/12\/03175324\/AW_16Ecuador2013-768x512.jpg\" alt=\"\" width=\"768\" height=\"512\" \/><figcaption class=\"wp-caption-text\">Un ind\u00edgena navega su embarcaci\u00f3n a trav\u00e9s de la Amazon\u00eda ecuatoriana. Imagen cortes\u00eda de \u00a9 Amazon Watch.<\/figcaption><\/figure>\n<p>Sin embargo,\u00a0<strong>el \u00e9xito del plan depende del apoyo de los gobiernos ecuatorianos y peruanos.<\/strong><br \/>\n\u201cQueremos una relaci\u00f3n de colaboraci\u00f3n con el gobierno\u201d, dijo Uyunkar Domingo Peas Nampichkai, coordinador de la iniciativa las Cuencas Sagradas del Amazonas a Mongabay en un correo electr\u00f3nico. \u201cAunque con autonom\u00eda\u201d.<br \/>\nCuando se present\u00f3 el plan biorregional en agosto y octubre a los representantes de ambos gobiernos, estos expresaron su apoyo a la iniciativa y prometieron realzar el plan a nivel internacional. El ministro peruano de econom\u00eda y finanzas, Pedro Francke, dijo a la alianza que estaba comprometido a ayudar en la b\u00fasqueda de financiaci\u00f3n.<\/p>\n<figure id=\"attachment_250194\" class=\"wp-caption alignnone\"><img loading=\"lazy\" decoding=\"async\" class=\"size-medium wp-image-250194\" src=\"https:\/\/imgs.mongabay.com\/wp-content\/uploads\/sites\/20\/2021\/12\/03175557\/Ecodeo_UNPFII_2019_MG_4193-768x512.jpg\" alt=\"\" width=\"768\" height=\"512\" \/><figcaption class=\"wp-caption-text\">Jos\u00e9 Gregorio D\u00edaz Mirabal, Coordinador General de la Coordinadora de las Organizaciones Ind\u00edgenas de la Cuenca Amaz\u00f3nica (COICA), habla en el Foro Permanente para las Cuestiones Ind\u00edgenas de las Naciones Unidas. Imagen cortes\u00eda de \u00a9Ecodeo.<\/figcaption><\/figure>\n<p>\u201cCreo que es muy importante que estemos volviendo a la idea del Buen Vivir [y] de la autonom\u00eda de los pueblos ind\u00edgenas\u201d, dijo Francke. \u201cEl ministerio de Econom\u00eda y Finanzas puede apoyar y buscar los medios [y] procesos\u201d.<br \/>\nEl ministro de Ambiente, Agua y Transici\u00f3n Ecol\u00f3gica de Ecuador, Gustavo Manrique, dijo que \u201cla iniciativa ser\u00e1 en punto focal\u201d del trabajo de su ministerio cuando le presenten los detalles del plan de las Cuencas Sagradas.<\/p>\n<h3><strong>Las industrias extractivas y la deuda externa plantean un desaf\u00edo<\/strong><\/h3>\n<p>A pesar de las respuestas positivas a la iniciativa por parte de los funcionarios de los gobiernos de Ecuador y Per\u00fa en la COP26, le han dicho a la alianza que el asunto del pago de la deuda externa plantea un desaf\u00edo.\u00a0<strong>En la actualidad, ambos pa\u00edses dependen en gran medida de los ingresos de sus respectivas industrias extractivas,<\/strong>\u00a0las cuales tambi\u00e9n operan dentro de la Amazon\u00eda, para ayudar a pagar sus deudas.<br \/>\n\u201c[Los representantes gubernamentales] han declarado p\u00fablicamente que van a trabajar mano a mano con las comunidades ind\u00edgenas. As\u00ed que, la respuesta ha sido positiva\u201d, dijo Nampichkai. \u201cAunque la deuda internacional es un problema, es pura destrucci\u00f3n. Est\u00e1n atrapados en ese sentido\u201d.<\/p>\n<figure id=\"attachment_250196\" class=\"wp-caption alignnone\"><img loading=\"lazy\" decoding=\"async\" class=\"size-medium wp-image-250196\" src=\"https:\/\/imgs.mongabay.com\/wp-content\/uploads\/sites\/20\/2021\/12\/03180323\/AW_Ecuador13_ToxicTour02-768x512.jpg\" alt=\"\" width=\"768\" height=\"512\" \/><figcaption class=\"wp-caption-text\">Infraestructura de oleoductos en la Amazon\u00eda ecuatoriana. Imagen cortes\u00eda de \u00a9Amazon Watch.<\/figcaption><\/figure>\n<p>En Ecuador, la extracci\u00f3n de petr\u00f3leo es una de las principales fuentes de ingresos del pa\u00eds para el pago de la deuda externa. Seg\u00fan un informe del Banco Mundial, en 2020 la deuda externa de Ecuador era de 58,5 mil millones de d\u00f3lares, o m\u00e1s de la mitad del tama\u00f1o de su econom\u00eda.<br \/>\nLa actividad petrolera tanto en Ecuador como en Per\u00fa empez\u00f3 hace d\u00e9cadas, lo que provoc\u00f3 una serie de da\u00f1os medioambientales e impactos en los territorios ind\u00edgenas y de las comunidades locales. El gigante petrolero estadounidense Chevron y su filial, Texaco, est\u00e1n asociados con el\u00a0<a href=\"https:\/\/news.mongabay.com\/2018\/08\/chevron-must-pay-for-environmental-damage-in-ecuador-court-rules\/\" rel=\"external noopener noreferrer\" data-wpel-link=\"external\">mayor derrame de petr\u00f3leo<\/a>\u00a0en la historia de Ecuador. Se vertieron m\u00e1s de 73 mil millones de litros de residuos t\u00f3xicos y se abandonaron unas 1000 fosas s\u00e9pticas t\u00f3xicas con pruebas de altos niveles de contaminaci\u00f3n en el suelo y el agua en la Amazon\u00eda ecuatoriana.<br \/>\n<a href=\"https:\/\/oem.bmj.com\/content\/58\/8\/517\" rel=\"external noopener noreferrer\" data-wpel-link=\"external\">Seg\u00fan evaluaciones de salud<\/a>, muchos pobladores han muerto de c\u00e1ncer y enfermedades relacionadas con el petr\u00f3leo en las zonas afectadas.<br \/>\n\u201cAqu\u00ed no crecen los cultivos de alimentos\u201d, dijo Servio Curipoma, un agricultor de la provincia ecuatoriana de Orellana, en un\u00a0<a href=\"https:\/\/news.mongabay.com\/2021\/10\/a-new-100-page-report-raises-alarm-over-chevrons-impact-on-planet\/\" rel=\"external noopener noreferrer\" data-wpel-link=\"external\">informe<\/a>\u00a0sobre el impacto medioambiental global de Chevron. \u201cLas plantas mueren, los animales y las personas enferman\u201d.<br \/>\nLa mayor\u00eda de los yacimientos petrol\u00edferos de la regi\u00f3n se encuentran en la parte nororiental de las Cuencas Sagradas, con oleoductos ubicados dentro de las comunidades de Siona, Cuyabeno-Imuya y Kichwa. Estas zonas han sido despejadas para facilitar el desarrollo.<br \/>\nLee m\u00e1s |\u00a0<a href=\"https:\/\/es.mongabay.com\/2022\/02\/colombia-las-aguas-del-resguardo-kiwnas-cxhab-siguen-manchadas-de-petroleo\/\" data-wpel-link=\"internal\">Colombia: las aguas del resguardo Kiwnas Cxhab siguen manchadas de petr\u00f3leo<\/a><br \/>\nSin embargo, en Per\u00fa, la producci\u00f3n petrolera ha ido en declive desde 2007, con derrames ocasionales asociados al Oleoducto Norperuano. Una de las principales fuentes de ingresos del pa\u00eds para pagar 37,6 mil millones de d\u00f3lares de deuda externa es la miner\u00eda, incluida la de cobre y oro.<\/p>\n<figure id=\"attachment_250195\" class=\"wp-caption alignnone\"><img loading=\"lazy\" decoding=\"async\" class=\"size-medium wp-image-250195\" src=\"https:\/\/imgs.mongabay.com\/wp-content\/uploads\/sites\/20\/2021\/12\/03180202\/20110322-dsc_0590-768x512.jpg\" alt=\"\" width=\"768\" height=\"512\" \/><figcaption class=\"wp-caption-text\">Mar\u00eda Aguinda, la demandante principal en el caso Aguinda v. Chevron, muestra parte del crudo que todav\u00eda est\u00e1 contaminando la Amazon\u00eda ecuatoriana, 35 a\u00f1os despu\u00e9s del derrame. Imagen cortes\u00eda de \u00a9Amazon Watch.<\/figcaption><\/figure>\n<p>La alianza de organizaciones ind\u00edgenas dijo que una posible soluci\u00f3n al desaf\u00edo de proteger el 80 % de la selva tropical de la Amazon\u00eda de ambas naciones es en forma de alivio o compensaci\u00f3n de la deuda por parte de las instituciones financieras internacionales y los pa\u00edses industrializados. Esto tiene como finalidad dejar sitio para los esfuerzos de conservaci\u00f3n en la regi\u00f3n. Los l\u00edderes ind\u00edgenas dijeron que, para abordar el cambio clim\u00e1tico, es imprescindible que las partes interesadas de todo el mundo trabajen juntas de manera sincronizada.<br \/>\n<strong>\u201cSi no tenemos unidad global fracasaremos\u201d, dijo Nampichkai. \u201cTodos ganamos o perdemos\u201d.<\/strong><br \/>\nSeg\u00fan el plan biorregional, la transici\u00f3n no conducir\u00eda a una p\u00e9rdida importante de ingresos para ninguno de los pa\u00edses. Un\u00a0<a href=\"https:\/\/www.conservation.cam.ac.uk\/files\/waldron_report_30_by_30_publish.pdf\" rel=\"external noopener noreferrer\" data-wpel-link=\"external\">informe<\/a>\u00a0de la Coalici\u00f3n de Alta Ambici\u00f3n (HAC, por sus siglas en ingl\u00e9s) -un grupo integrado por m\u00e1s de 50 pa\u00edses que trabaja por un acuerdo mundial por la naturaleza y las personas- \u00a0dice que si se implementa la iniciativa 30 por 30, los resultados econ\u00f3micos del ecoturismo ser\u00edan mayores que si no fuera implementada. Esto se basa en un an\u00e1lisis econ\u00f3mico que se centra en los bosques y los manglares.<br \/>\n\u201cSolo para esos biomas, el objetivo del 30 % ten\u00eda un valor de p\u00e9rdida evitada de entre 170 y 534 mil millones de d\u00f3lares al a\u00f1o para 2050\u201d, dice el informe, \u201cque refleja en gran medida los beneficios de evitar las inundaciones, el cambio clim\u00e1tico, la p\u00e9rdida de suelo y los da\u00f1os en la costa causados por las marejadas cicl\u00f3nicas que ocurren cuando se elimina la vegetaci\u00f3n natural\u201d.<br \/>\nLee m\u00e1s |\u00a0<a href=\"https:\/\/es.mongabay.com\/2022\/02\/entrevista-estamos-en-guerra-nos-la-han-declarado-a-los-pueblos-indigenas-ruth-alipaz\/\" data-wpel-link=\"internal\">ENTREVISTA | \u00abEstamos en guerra, nos la han declarado a los pueblos ind\u00edgenas\u00bb: Ruth Alipaz, lideresa uchupiamona<\/a><br \/>\nSin embargo, la financiaci\u00f3n todav\u00eda es un problema. Los l\u00edderes ind\u00edgenas ahora est\u00e1n planeando completar un plan econ\u00f3mico ecol\u00f3gico regional, desarrollar soluciones para financiar la conservaci\u00f3n y formar una fuerte alianza regional de las partes interesadas clave para garantizar el \u00e9xito de la iniciativa Cuencas Sagradas.<br \/>\n\u201cQueremos que esto sea un modelo a nivel internacional\u201d, dijo Nampichkai. \u201cComenzar en Ecuador y Per\u00fa y luego reproducirlo internacionalmente. Si los fondos llegan, queremos tomar medidas. Con nuestro plan ya tenemos una hoja de ruta\u201d.<br \/>\n<i><strong>Imagen principal:\u00a0<\/strong>El r\u00edo Capahuari atraviesa el territorio ind\u00edgena achuar en la Amazon\u00eda ecuatoriana. Imagen cortes\u00eda de \u00a9 Caroline Bennett\/Amazon Watch.<\/i><br \/>\n<em><strong>Art\u00edculo original:<\/strong>\u00a0<a href=\"https:\/\/news.mongabay.com\/2021\/12\/indigenous-groups-unveil-plan-to-protect-80-of-the-amazon-in-peru-and-ecuador\/\" target=\"_blank\" rel=\"noopener external noreferrer\" data-wpel-link=\"external\">https:\/\/news.mongabay.com\/2021\/12\/indigenous-groups-unveil-plan-to-protect-80-of-the-amazon-in-peru-and-ecuador\/<\/a><\/em><br \/>\nTomado de: <a href=\"https:\/\/es.mongabay.com\/2022\/02\/organizaciones-indigenas-y-sociales-promueven-plan-para-proteger-la-amazonia-en-peru-y-ecuador\/\">https:\/\/es.mongabay.com\/2022\/02\/organizaciones-indigenas-y-sociales-promueven-plan-para-proteger-la-amazonia-en-peru-y-ecuador\/<\/a><\/p>\n","protected":false},"excerpt":{"rendered":"<p>Un nuevo plan denominado Iniciativa de las Cuencas Sagradas del Amazonas propone la protecci\u00f3n del 80 % de la Amazon\u00eda en Per\u00fa y Ecuador para 2025, una superficie de 35 millones de hect\u00e1reas de selva tropical.<br \/>\nLas organizaciones ind\u00edgenas amaz\u00f3nicas que lideran el plan tienen como objetivo centrar la gesti\u00f3n forestal y la propiedad de las tierras llevada a cabo por los ind\u00edgenas para proteger las especies end\u00e9micas y prevenir la emisi\u00f3n de, aproximadamente, 2 mil millones de toneladas de emisiones de gases de efecto invernadero a la atm\u00f3sfera.<br \/>\nLas promesas y soluciones propuestas por los l\u00edderes mundiales para abordar la crisis clim\u00e1tica y de biodiversidad durante la cumbre clim\u00e1tica de las Naciones Unidas, COP26, y la conferencia de la biodiversidad, COP15, no van a ser suficientes, seg\u00fan algunos l\u00edderes ind\u00edgenas en Per\u00fa y Ecuador. Una propuesta en concreto que ha sido objeto de cr\u00edticas por parte de los pueblos ind\u00edgenas y las comunidades locales es un objetivo dentro del borrador del marco global de biodiversidad 2020 de las Naciones Unidas, la iniciativa 30 por 30.<\/p>\n","protected":false},"author":327,"featured_media":0,"comment_status":"open","ping_status":"open","sticky":false,"template":"","format":"standard","meta":{"_acf_changed":false,"footnotes":""},"categories":[1],"tags":[],"class_list":["post-32679","post","type-post","status-publish","format-standard","hentry","category-radar","category-1","description-off"],"acf":[],"_links":{"self":[{"href":"https:\/\/www.raisg.org\/pt-br\/wp-json\/wp\/v2\/posts\/32679","targetHints":{"allow":["GET"]}}],"collection":[{"href":"https:\/\/www.raisg.org\/pt-br\/wp-json\/wp\/v2\/posts"}],"about":[{"href":"https:\/\/www.raisg.org\/pt-br\/wp-json\/wp\/v2\/types\/post"}],"author":[{"embeddable":true,"href":"https:\/\/www.raisg.org\/pt-br\/wp-json\/wp\/v2\/users\/327"}],"replies":[{"embeddable":true,"href":"https:\/\/www.raisg.org\/pt-br\/wp-json\/wp\/v2\/comments?post=32679"}],"version-history":[{"count":1,"href":"https:\/\/www.raisg.org\/pt-br\/wp-json\/wp\/v2\/posts\/32679\/revisions"}],"predecessor-version":[{"id":32690,"href":"https:\/\/www.raisg.org\/pt-br\/wp-json\/wp\/v2\/posts\/32679\/revisions\/32690"}],"wp:attachment":[{"href":"https:\/\/www.raisg.org\/pt-br\/wp-json\/wp\/v2\/media?parent=32679"}],"wp:term":[{"taxonomy":"category","embeddable":true,"href":"https:\/\/www.raisg.org\/pt-br\/wp-json\/wp\/v2\/categories?post=32679"},{"taxonomy":"post_tag","embeddable":true,"href":"https:\/\/www.raisg.org\/pt-br\/wp-json\/wp\/v2\/tags?post=32679"}],"curies":[{"name":"wp","href":"https:\/\/api.w.org\/{rel}","templated":true}]}}