{"id":32852,"date":"2022-01-24T14:34:39","date_gmt":"2022-01-24T17:34:39","guid":{"rendered":"https:\/\/dev.amazoniasocioambiental.org\/radar\/bolsonaro-corta-r86-mi-de-controle-de-incendios-florestais-em-orcamento\/"},"modified":"2022-04-26T16:54:47","modified_gmt":"2022-04-26T19:54:47","slug":"bolsonaro-corta-r86-mi-de-controle-de-incendios-florestais-em-orcamento","status":"publish","type":"post","link":"https:\/\/www.raisg.org\/pt-br\/radar\/bolsonaro-corta-r86-mi-de-controle-de-incendios-florestais-em-orcamento\/","title":{"rendered":"Bolsonaro corta R$8,6 mi de controle de inc\u00eandios florestais em Or\u00e7amento"},"content":{"rendered":"<p style=\"text-align: right;\"><strong>UOL (Reuters)<\/strong><br \/>\n<strong>Ricardo Brito e Bernardo Caram<\/strong><br \/>\n<strong>24 de janeiro de 2022<\/strong><br \/>\n<strong>Amaz\u00f4nia brasileira<\/strong><\/p>\n<p>O presidente <a href=\"https:\/\/noticias.uol.com.br\/politica\/governo-bolsonaro\/\">Jair Bolsonaro<\/a> cortou 8,6 milh\u00f5es de reais em verbas para combate ao desmatamento que seriam utilizadas na preven\u00e7\u00e3o e no controle de inc\u00eandios florestais em \u00e1reas federais priorit\u00e1rias, conforme a lista de vetos que o chefe do Executivo fez ao Or\u00e7amento da Uni\u00e3o deste ano.<br \/>\nEsse corte milion\u00e1rio de recursos foi feito especificamente no or\u00e7amento do Instituto Brasileiro do Meio Ambiente e dos Recursos Naturais Renov\u00e1veis (Ibama) e publicado no Di\u00e1rio Oficial da Uni\u00e3o (DOU) desta segunda-feira.<br \/>\nBolsonaro tamb\u00e9m fez mais um corte no or\u00e7amento do Ibama, de 4,3 milh\u00f5es de reais, na rubrica Gest\u00e3o do Uso Sustent\u00e1vel e Recupera\u00e7\u00e3o Ambiental.<br \/>\nProcuradas, a Secretaria de Comunica\u00e7\u00e3o Social da Presid\u00eancia da Rep\u00fablica e o Ibama n\u00e3o responderam de imediato aos pedidos de coment\u00e1rio acerca dos cortes.<br \/>\nNo Di\u00e1rio Oficial, sem apresentar justificativas para esses e outros vetos, Bolsonaro disse que decidiu vetar parcialmente o or\u00e7amento por considerar inconstitucional e contrariar o interesse p\u00fablico, ap\u00f3s ouvir o Minist\u00e9rio da Economia.<br \/>\nA \u00e1rea ambiental do governo tem sido alvo de cr\u00edticas dentro e fora do pa\u00eds por marcas negativas e falta de atua\u00e7\u00e3o, embora o governo negue.<br \/>\nEm novembro passado, por exemplo, o desmatamento da Amaz\u00f4nia atingiu a marca de 13.235 quil\u00f4metros quadrados entre 1 de agosto de 2020 a 31 julho de 2021, alta de 21,97% na compara\u00e7\u00e3o com o ano anterior, informou o Instituto Nacional de Pesquisas Espaciais (Inpe).<br \/>\nOs dados foram apurados pelo Projeto de Monitoramento do Desmatamento na Amaz\u00f4nia Legal por Sat\u00e9lite (Prodes) e divuldados em um documento no site do pr\u00f3prio governo federal.<br \/>\nEm outro veto, desta vez em uma rubrica do or\u00e7amento do Minist\u00e9rio do Desenvolvimento Regional (MDR), Bolsonaro decidiu cortar 102 milh\u00f5es de reais em recursos para a compra de equipamentos no Estado do Amazonas para o apoio a projetos de Desenvolvimento Sustent\u00e1vel Local Integrado.<br \/>\nTamb\u00e9m procurado, o minist\u00e9rio n\u00e3o respondeu de imediato a pedido de coment\u00e1rio.<br \/>\n<strong>Texto original dispon\u00edvel em:<a href=\"https:\/\/noticias.uol.com.br\/ultimas-noticias\/reuters\/2022\/01\/24\/bolsonaro-corta-r86-mi-de-controle-de-incendios-florestais-em-orcamento.htm\"> https:\/\/noticias.uol.com.br\/ultimas-noticias\/reuters\/2022\/01\/24\/bolsonaro-corta-r86-mi-de-controle-de-incendios-florestais-em-orcamento.htm<\/a><\/strong><\/p>\n","protected":false},"excerpt":{"rendered":"<p>UOL (Reuters) Ricardo Brito e Bernardo Caram 24 de janeiro de 2022 Amaz\u00f4nia brasileira O presidente Jair Bolsonaro cortou 8,6 milh\u00f5es de reais em verbas para combate ao desmatamento que seriam utilizadas na preven\u00e7\u00e3o e no controle de inc\u00eandios florestais em \u00e1reas federais priorit\u00e1rias, conforme a lista de vetos que o chefe do Executivo fez&hellip;<\/p>\n","protected":false},"author":333,"featured_media":32859,"comment_status":"open","ping_status":"open","sticky":false,"template":"","format":"standard","meta":{"_acf_changed":false,"footnotes":""},"categories":[],"tags":[],"class_list":["post-32852","post","type-post","status-publish","format-standard","has-post-thumbnail","hentry","description-off"],"acf":[],"_links":{"self":[{"href":"https:\/\/www.raisg.org\/pt-br\/wp-json\/wp\/v2\/posts\/32852","targetHints":{"allow":["GET"]}}],"collection":[{"href":"https:\/\/www.raisg.org\/pt-br\/wp-json\/wp\/v2\/posts"}],"about":[{"href":"https:\/\/www.raisg.org\/pt-br\/wp-json\/wp\/v2\/types\/post"}],"author":[{"embeddable":true,"href":"https:\/\/www.raisg.org\/pt-br\/wp-json\/wp\/v2\/users\/333"}],"replies":[{"embeddable":true,"href":"https:\/\/www.raisg.org\/pt-br\/wp-json\/wp\/v2\/comments?post=32852"}],"version-history":[{"count":2,"href":"https:\/\/www.raisg.org\/pt-br\/wp-json\/wp\/v2\/posts\/32852\/revisions"}],"predecessor-version":[{"id":32862,"href":"https:\/\/www.raisg.org\/pt-br\/wp-json\/wp\/v2\/posts\/32852\/revisions\/32862"}],"wp:featuredmedia":[{"embeddable":true,"href":"https:\/\/www.raisg.org\/pt-br\/wp-json\/wp\/v2\/media\/32859"}],"wp:attachment":[{"href":"https:\/\/www.raisg.org\/pt-br\/wp-json\/wp\/v2\/media?parent=32852"}],"wp:term":[{"taxonomy":"category","embeddable":true,"href":"https:\/\/www.raisg.org\/pt-br\/wp-json\/wp\/v2\/categories?post=32852"},{"taxonomy":"post_tag","embeddable":true,"href":"https:\/\/www.raisg.org\/pt-br\/wp-json\/wp\/v2\/tags?post=32852"}],"curies":[{"name":"wp","href":"https:\/\/api.w.org\/{rel}","templated":true}]}}