{"id":33070,"date":"2022-02-26T21:25:52","date_gmt":"2022-02-27T00:25:52","guid":{"rendered":"https:\/\/dev.amazoniasocioambiental.org\/radar\/encorto-cuatro-historias-de-mujeres-indigenas-que-estan-cambiando-el-rumbo-de-sus-comunidades-en-la-amazonia\/"},"modified":"2022-04-26T17:18:14","modified_gmt":"2022-04-26T20:18:14","slug":"encorto-cuatro-historias-de-mujeres-indigenas-que-estan-cambiando-el-rumbo-de-sus-comunidades-en-la-amazonia","status":"publish","type":"post","link":"https:\/\/www.raisg.org\/pt-br\/radar\/encorto-cuatro-historias-de-mujeres-indigenas-que-estan-cambiando-el-rumbo-de-sus-comunidades-en-la-amazonia\/","title":{"rendered":"#EnCorto: Cuatro historias de mujeres ind\u00edgenas que est\u00e1n cambiando el rumbo de sus comunidades en la Amazon\u00eda"},"content":{"rendered":"<p>MONGABAY Latam<\/p>\n<div class=\"bulletpoints\">\n<ul>\n<li><em>Estas son cuatro historias que debes conocer sobre mujeres ind\u00edgenas que encabezan la lucha de defensa por sus derechos y sus territorios en la Amazon\u00eda de Colombia, Ecuador y Per\u00fa.<\/em><\/li>\n<\/ul>\n<\/div>\n<p>Las luchas de las mujeres ind\u00edgenas abarcan frentes como la defensa del territorio, del medio ambiente y los derechos de sus pueblos. En la Amazon\u00eda, ellas se han dedicado a contribuir al fortalecimiento de los liderazgos femeninos, han detenido proyectos extractivistas y, en algunos casos, han logrado que los gobiernos atiendan sus demandas.<br \/>\nMongabay Latam presenta cuatro historias de mujeres que, desde su trabajo cotidiano, est\u00e1n cambiando el rumbo de sus comunidades y hoy heredan sus conocimientos a las nuevas generaciones.<\/p>\n<h3><img decoding=\"async\" class=\"wp-image-228187 alignleft\" src=\"https:\/\/imgs.mongabay.com\/wp-content\/uploads\/sites\/25\/2021\/09\/09202358\/lista-verde.png\" alt=\"\" width=\"105\" height=\"114\" \/>Noem\u00ed Gualinga<\/h3>\n<p>Aunque su personalidad es silenciosa, es una de las l\u00edderes m\u00e1s activas del pueblo kichwa. Desde poner lo que tiene al alcance de personas enfermas, madres desempleadas o mujeres v\u00edctimas de violencia, hasta defender sus derechos y fortalecer el rol de todas ellas en su comunidad, Noem\u00ed Gualinga siempre encuentra la manera de ayudar. Por eso, en el pueblo ind\u00edgena Sarayaku de la nacionalidad kichwa, en Ecuador, la conocen como la \u00abmadre de la selva\u00bb.<br \/>\nNoem\u00ed Gualinga es una activista por los derechos de los pueblos y, desde 2017, dirige la\u00a0Asociaci\u00f3n de Mujeres Sarayaku. Durante el inicio de la pandemia de COVID-19 en los territorios ind\u00edgenas, una nueva emergencia lleg\u00f3 a su pueblo: al desbordarse los r\u00edos Bobonaza y Arajun, una inundaci\u00f3n violenta que dej\u00f3 a muchos sin nada. Y ah\u00ed estuvo Noem\u00ed Gualinga para hacer lo suyo.<br \/>\n\u00abNo solo puedes ser parte de una lucha cuando eres dirigente, t\u00fa puedes ser l\u00edder desde tu casa o cuando ves una injusticia\u00bb, asegura Gualinga.<br \/>\n<a href=\"https:\/\/es.mongabay.com\/2020\/12\/noemi-gualinga-la-madre-de-la-selva-ecuador\/\" data-wpel-link=\"internal\">Lee aqu\u00ed la historia completa<\/a>.<\/p>\n<figure id=\"attachment_221861\" class=\"wp-caption alignnone\"><img fetchpriority=\"high\" decoding=\"async\" class=\"size-medium wp-image-221861\" src=\"https:\/\/imgs.mongabay.com\/wp-content\/uploads\/sites\/25\/2020\/12\/14213809\/NoemiGualinga-768x512.png\" sizes=\"(max-width: 768px) 100vw, 768px\" srcset=\"https:\/\/imgs.mongabay.com\/wp-content\/uploads\/sites\/25\/2020\/12\/14213809\/NoemiGualinga-768x512.png 768w, https:\/\/imgs.mongabay.com\/wp-content\/uploads\/sites\/25\/2020\/12\/14213809\/NoemiGualinga-1200x800.png 1200w\" alt=\"NoemiGualinga\" width=\"768\" height=\"512\" \/><figcaption class=\"wp-caption-text\">Noem\u00ed Gualinga. Ilustraci\u00f3n elaborada por la artista visual Marlene Solorio.<\/figcaption><\/figure>\n<p>&nbsp;<\/p>\n<h3><img decoding=\"async\" class=\"wp-image-228190 alignleft\" src=\"https:\/\/imgs.mongabay.com\/wp-content\/uploads\/sites\/25\/2021\/09\/09204858\/verde-2.png\" alt=\"\" width=\"110\" height=\"120\" \/>Nazareth Cabrera<\/h3>\n<p>Es una lideresa colombiana del pueblo Uitoto, de la selva amaz\u00f3nica colombiana. En Araracuara, Caquet\u00e1, Nazareth Cabrera defiende a la gente y a la tierra de la\u00a0amenaza minera, del acoso de los grupos armados ilegales\u00a0y de las imposiciones occidentales. Es firme con sus acciones y, junto a m\u00e1s mujeres, ha impedido por la v\u00eda legal que la miner\u00eda llegue a su comunidad.<br \/>\nPero Cabrera no solo ha sido clave en la lucha ambiental, sino tambi\u00e9n ha asumido la protecci\u00f3n de poblaciones en riesgo. Por eso se desempe\u00f1a como Coordinadora de Mujer, Juventud, Ni\u00f1ez y Familia del Consejo Regional Ind\u00edgena del Medio Amazonas (Crima).<br \/>\n\u00abPara tratar temas de medio ambiente o para ser l\u00edder, a uno le toca defenderse con la sabidur\u00eda ancestral. En mi caso, para protegerme, yo tengo el amb\u00edl (producto tradicional Uitoto a base de tabaco). Luego en el sue\u00f1o, por medio de \u00e9l, los ancianos se me presentan y me dicen: \u201ctu camino es este, coge fuerza, sigue adelante\u201d, cuenta la lideresa.<br \/>\n<a href=\"https:\/\/es.mongabay.com\/2020\/12\/nazareth-cabrera-defensora-amazonia\/\" data-wpel-link=\"internal\">Lee su historia aqu\u00ed.<\/a><\/p>\n<figure id=\"attachment_221908\" class=\"wp-caption alignnone\"><img loading=\"lazy\" decoding=\"async\" class=\"size-medium wp-image-221908\" src=\"https:\/\/imgs.mongabay.com\/wp-content\/uploads\/sites\/25\/2020\/12\/16200906\/Nazareth-768x512.png\" sizes=\"(max-width: 768px) 100vw, 768px\" srcset=\"https:\/\/imgs.mongabay.com\/wp-content\/uploads\/sites\/25\/2020\/12\/16200906\/Nazareth-768x512.png 768w, https:\/\/imgs.mongabay.com\/wp-content\/uploads\/sites\/25\/2020\/12\/16200906\/Nazareth-1200x800.png 1200w\" alt=\"\" width=\"768\" height=\"512\" \/><figcaption class=\"wp-caption-text\">Nazareth Cabrera. Ilustraci\u00f3n elaborada por la artista visual Marlene Solorio.<\/figcaption><\/figure>\n<p>&nbsp;<\/p>\n<h3><img loading=\"lazy\" decoding=\"async\" class=\"wp-image-228191 alignleft\" src=\"https:\/\/imgs.mongabay.com\/wp-content\/uploads\/sites\/25\/2021\/09\/09204932\/verde3.png\" alt=\"\" width=\"115\" height=\"125\" \/>Las mujeres de Cuninico<\/h3>\n<p>Luego del derrame de casi 3000 barriles de petr\u00f3leo que contaminaron desde la quebrada de la comunidad nativa de Cuninico hasta el r\u00edo Mara\u00f1\u00f3n, en 2014, las mujeres de la comunidad kukama kukamiria no se quedaron quietas. Consolidaron tres organizaciones para atender los problemas de salud, medioambientales y econ\u00f3micos del pueblo, pero tambi\u00e9n se unieron para reclamarle al Estado por la remediaci\u00f3n pendiente tras el derrame.<br \/>\n\u00abYa no somos las mujeres calladas de antes. Hemos contado nuestra realidad: de c\u00f3mo sufrimos por el da\u00f1o a nuestra agua, a nuestra alimentaci\u00f3n\u00bb, dice Flor de Mar\u00eda Paran\u00e1, lideresa kukama kukamiria de Cuninico.<br \/>\n<a href=\"https:\/\/es.mongabay.com\/2020\/12\/peru-las-mujeres-que-son-la-voz-de-cuninico\/\" data-wpel-link=\"internal\">Lee su historia aqu\u00ed.<\/a><\/p>\n<figure id=\"attachment_221957\" class=\"wp-caption alignnone\"><img loading=\"lazy\" decoding=\"async\" class=\"size-medium wp-image-221957\" src=\"https:\/\/imgs.mongabay.com\/wp-content\/uploads\/sites\/25\/2020\/12\/17203946\/Cuninico-768x512.png\" sizes=\"(max-width: 768px) 100vw, 768px\" srcset=\"https:\/\/imgs.mongabay.com\/wp-content\/uploads\/sites\/25\/2020\/12\/17203946\/Cuninico-768x512.png 768w, https:\/\/imgs.mongabay.com\/wp-content\/uploads\/sites\/25\/2020\/12\/17203946\/Cuninico-1200x800.png 1200w\" alt=\"\" width=\"768\" height=\"512\" \/><figcaption class=\"wp-caption-text\">Mujeres de Cuninico. Ilustraci\u00f3n elaborada por la artista visual Marlene Solorio.<\/figcaption><\/figure>\n<p>&nbsp;<\/p>\n<h3><img loading=\"lazy\" decoding=\"async\" class=\"wp-image-228192 alignleft\" src=\"https:\/\/imgs.mongabay.com\/wp-content\/uploads\/sites\/25\/2021\/09\/09204957\/verde4.png\" alt=\"\" width=\"111\" height=\"121\" \/>Clemencia Herrera<\/h3>\n<p>Fue una pieza clave en la fundaci\u00f3n la Escuela de Formaci\u00f3n Pol\u00edtica de la Organizaci\u00f3n Nacional de los Pueblos Ind\u00edgenas de la Amazon\u00eda (OPIAC), un espacio para preparar a los j\u00f3venes en la protecci\u00f3n del territorio. Pero Clemencia Herrera, del pueblo Uitoto, no se detiene ah\u00ed: cuenta que su sue\u00f1o es crear la universidad intercultural en el coraz\u00f3n de la selva.<br \/>\n\u00ab\u00bfC\u00f3mo lo lograr\u00e9?\u00bb, se pregunta. Todav\u00eda no lo sabe, pero tiene claro que lo har\u00e1 realidad, pues, en su trayectoria de m\u00e1s de 30 a\u00f1os trabajando en empoderar a las mujeres amaz\u00f3nicas a trav\u00e9s de la educaci\u00f3n, ha demostrado de lo que es capaz.<br \/>\n\u00abLas mujeres tienen un rol muy importante para preservar la cultura y mi inter\u00e9s es que todos aprendan a valorar el trabajo que las ind\u00edgenas hacemos, que haya un sentido de pertenencia y un respeto\u201d, expresa Herrera.<br \/>\n<a href=\"https:\/\/es.mongabay.com\/2020\/12\/clemencia-herrera-universidad-indigena-amazonia\/\" data-wpel-link=\"internal\">Lee aqu\u00ed su historia.<\/a><\/p>\n<figure id=\"attachment_221886\" class=\"wp-caption alignnone\"><img loading=\"lazy\" decoding=\"async\" class=\"size-medium wp-image-221886\" src=\"https:\/\/imgs.mongabay.com\/wp-content\/uploads\/sites\/25\/2020\/12\/15201623\/Clemencia-768x512.png\" sizes=\"(max-width: 768px) 100vw, 768px\" srcset=\"https:\/\/imgs.mongabay.com\/wp-content\/uploads\/sites\/25\/2020\/12\/15201623\/Clemencia-768x512.png 768w, https:\/\/imgs.mongabay.com\/wp-content\/uploads\/sites\/25\/2020\/12\/15201623\/Clemencia-1200x800.png 1200w\" alt=\"Clemencia Herrera\" width=\"768\" height=\"512\" \/><figcaption class=\"wp-caption-text\">Clemencia Herrera. Ilustraci\u00f3n elaborada por la artista visual Marlene Solorio.<\/figcaption><\/figure>\n<p><em><strong>Imagen principal:<\/strong>\u00a0Noem\u00ed Gualinga es una de las l\u00edderes del pueblo kichwa Sarayaku. Foto: Amazon Frontlines.<\/em><\/p>\n<p>Tomado de: <a href=\"https:\/\/es.mongabay.com\/2022\/02\/encorto-cuatro-historias-de-mujeres-indigenas-que-estan-cambiando-el-rumbo-de-sus-comunidades-en-la-amazonia\/\">https:\/\/es.mongabay.com\/2022\/02\/encorto-cuatro-historias-de-mujeres-indigenas-que-estan-cambiando-el-rumbo-de-sus-comunidades-en-la-amazonia\/<\/a><\/p>\n","protected":false},"excerpt":{"rendered":"<p>Estas son cuatro historias que debes conocer sobre mujeres ind\u00edgenas que encabezan la lucha de defensa por sus derechos y sus territorios en la Amazon\u00eda de Colombia, Ecuador y Per\u00fa.<br \/>\nLas luchas de las mujeres ind\u00edgenas abarcan frentes como la defensa del territorio, del medio ambiente y los derechos de sus pueblos. En la Amazon\u00eda, ellas se han dedicado a contribuir al fortalecimiento de los liderazgos femeninos, han detenido proyectos extractivistas y, en algunos casos, han logrado que los gobiernos atiendan sus demandas.<br \/>\nMongabay Latam presenta cuatro historias de mujeres que, desde su trabajo cotidiano, est\u00e1n cambiando el rumbo de sus comunidades y hoy heredan sus conocimientos a las nuevas generaciones.<\/p>\n","protected":false},"author":327,"featured_media":0,"comment_status":"open","ping_status":"open","sticky":false,"template":"","format":"standard","meta":{"_acf_changed":false,"footnotes":""},"categories":[1],"tags":[],"class_list":["post-33070","post","type-post","status-publish","format-standard","hentry","category-radar","category-1","description-off"],"acf":[],"_links":{"self":[{"href":"https:\/\/www.raisg.org\/pt-br\/wp-json\/wp\/v2\/posts\/33070","targetHints":{"allow":["GET"]}}],"collection":[{"href":"https:\/\/www.raisg.org\/pt-br\/wp-json\/wp\/v2\/posts"}],"about":[{"href":"https:\/\/www.raisg.org\/pt-br\/wp-json\/wp\/v2\/types\/post"}],"author":[{"embeddable":true,"href":"https:\/\/www.raisg.org\/pt-br\/wp-json\/wp\/v2\/users\/327"}],"replies":[{"embeddable":true,"href":"https:\/\/www.raisg.org\/pt-br\/wp-json\/wp\/v2\/comments?post=33070"}],"version-history":[{"count":1,"href":"https:\/\/www.raisg.org\/pt-br\/wp-json\/wp\/v2\/posts\/33070\/revisions"}],"predecessor-version":[{"id":33072,"href":"https:\/\/www.raisg.org\/pt-br\/wp-json\/wp\/v2\/posts\/33070\/revisions\/33072"}],"wp:attachment":[{"href":"https:\/\/www.raisg.org\/pt-br\/wp-json\/wp\/v2\/media?parent=33070"}],"wp:term":[{"taxonomy":"category","embeddable":true,"href":"https:\/\/www.raisg.org\/pt-br\/wp-json\/wp\/v2\/categories?post=33070"},{"taxonomy":"post_tag","embeddable":true,"href":"https:\/\/www.raisg.org\/pt-br\/wp-json\/wp\/v2\/tags?post=33070"}],"curies":[{"name":"wp","href":"https:\/\/api.w.org\/{rel}","templated":true}]}}