{"id":35644,"date":"2022-10-17T13:56:24","date_gmt":"2022-10-17T16:56:24","guid":{"rendered":"https:\/\/www.raisg.org\/radar\/pueblos-indigenas-exigen-medidas-urgentes-para-proteger-la-amazonia\/"},"modified":"2022-10-20T14:02:19","modified_gmt":"2022-10-20T17:02:19","slug":"pueblos-indigenas-exigen-medidas-urgentes-para-proteger-la-amazonia","status":"publish","type":"post","link":"https:\/\/www.raisg.org\/pt-br\/radar\/pueblos-indigenas-exigen-medidas-urgentes-para-proteger-la-amazonia\/","title":{"rendered":"Pueblos ind\u00edgenas exigen medidas urgentes para proteger la Amazon\u00eda"},"content":{"rendered":"<p>Adolescentes quechua en el R\u00edo Napo, en Ecuador. La Amazon\u00eda ecuatoriana representa el 2% de la superficie del bioma y concentra el 18% de las hidroel\u00e9ctricas, que cambian la din\u00e1mica h\u00eddrica natural. (Imagen:\u00a0<a class=\"cursor-pointer copyrightlink dark-navy\" href=\"https:\/\/www.alamy.com\/search\/imageresults.aspx?pseudoid=%7bDFA61E25-43BE-45BB-BA8D-845A2C8FFC4F%7d&amp;name=Alexandre%2bRotenberg&amp;st=11&amp;mode=0&amp;comp=1\"><span id=\"automationNormalName\">Alexandre Rotenberg<\/span><\/a>\u00a0\/ Alamy)<\/p>\n<p>&nbsp;<\/p>\n<p>Di\u00e1logo Chino<br \/>\n<a class=\"fn\" href=\"https:\/\/dialogochino.net\/es\/authors\/sally-jabiel\/\" rel=\"author\">Sally Jabiel<\/a><br \/>\n17 de octubre, 2022<\/p>\n<h5>El bosque tropical podr\u00eda alcanzar un punto de no retorno en 2025. Los t\u00edtulos de propiedad, la restauraci\u00f3n y los canjes de deuda por naturaleza podr\u00edan ayudar a proteger el 80%<\/h5>\n<p>&nbsp;<\/p>\n<p>Las alarmas ya ven\u00edan sonando. En los \u00faltimos dos a\u00f1os, diversos estudios cient\u00edficos alertaron del punto de no retorno de la Amazon\u00eda, debido a las altas tasas de deforestaci\u00f3n y degradaci\u00f3n. Ahora, una reciente investigaci\u00f3n advierte que en menos de tres a\u00f1os el mayor bosque tropical del mundo \u2014847 millones de hect\u00e1reas\u2014 llegar\u00e1 a un punto irreversible que dar\u00eda paso a su muerte progresiva: el aumento de las emisiones de carbono que podr\u00edan desestabilizar el clima del planeta y los esfuerzos para mitigar el calentamiento global.<\/p>\n<div class=\"post-pullout\">\n<blockquote>\n<div class=\"post-pullout__number\">26% de la superficie de la Amazonia ha sido deforestada o degradada, seg\u00fan un nuevo informe de la Red Amaz\u00f3nica de Informaci\u00f3n Socioambiental Georreferenciada (RAISG)<\/div>\n<\/blockquote>\n<div><\/div>\n<\/div>\n<p>A inicios de septiembre, la Red Amaz\u00f3nica de Informaci\u00f3n Socioambiental Georreferenciada (RAISG) public\u00f3 el informe\u00a0<a href=\"https:\/\/burness.com\/assets\/pdf_files\/diagramacion-espanol-2-1662391872.pdf\">La Amazon\u00eda a contrarreloj: d\u00f3nde y c\u00f3mo proteger el 80% al 2025<\/a>\u00a0en medio de las actividades de la V Cumbre Amaz\u00f3nica de Pueblos Ind\u00edgenas realizada en Lima. Y los resultados son preocupantes, hasta poco optimistas. Seg\u00fan datos analizados desde 1985 hasta 2020, la deforestaci\u00f3n y la degradaci\u00f3n afectan el 26% de toda la regi\u00f3n amaz\u00f3nica. De ese porcentaje, el 20% (un \u00e1rea tres veces el tama\u00f1o de Francia) ha sido transformado principalmente en cultivos o pastizales para ganado.<\/p>\n<p>Para el ec\u00f3logo y director ejecutivo del Instituto del Bien Com\u00fan, Ernesto R\u00e1ez Luna, los plazos ya se vencieron. \u201cEl 2025 no es un tiempo l\u00edmite, sino el reflejo de la urgencia de tomar acciones en\u00e9rgicas\u201d, dijo a Di\u00e1logo Chino. \u201cEl punto de no retorno implica un gigantesco pulso de emisiones (de di\u00f3xido de carbono) que descarrilar\u00e1 cualquier esfuerzo humano por frenar un trastorno clim\u00e1tico catastr\u00f3fico\u201d. De hecho, algunas zonas de la Amazon\u00eda, en particular en Brasil, ya est\u00e1n emitiendo m\u00e1s carbono del que capturan, de acuerdo a\u00a0<a href=\"https:\/\/www.nature.com\/articles\/s41586-021-03629-6.epdf?sharing_token\">un estudio<\/a>\u00a0publicado por la revista Nature en 2021.<\/p>\n<p>&nbsp;<\/p>\n<blockquote><p>Necesitamos otro modelo econ\u00f3mico que respete y permita la vida. Si no lo hacemos, nos estamos condenando a la extinci\u00f3n<\/p><\/blockquote>\n<p>En ese sentido,\u00a0la protecci\u00f3n\u00a0de la Amazon\u00eda es urgente. Ese es el llamado que encabeza la Coordinadora de las Organizaciones Ind\u00edgenas de la Cuenca Amaz\u00f3nica (COICA) \u2014que representa a 511 pueblos ind\u00edgenas de los nueve pa\u00edses amaz\u00f3nicos\u2014 con el fin de proteger el 80% de los bosques y evitar el temido punto de inflexi\u00f3n. Se trata de\u00a0<a href=\"https:\/\/www.iucncongress2020.org\/es\/motion\/129\">una meta<\/a>\u00a0aprobada el a\u00f1o pasado en el Congreso de la Uni\u00f3n Internacional para la Conservaci\u00f3n de la Naturaleza (UICN), de la que surgi\u00f3 la coalici\u00f3n\u00a0<a href=\"https:\/\/amazonia80x2025.earth\/es\/inicio\/\">Amazon\u00eda por la vida: proteger 80% al 2025<\/a>.<\/p>\n<p>\u201cQueremos hacer un quiebre porque los gobiernos no van a cumplir la meta del 2030, y despu\u00e9s dir\u00e1n que para el 2060 y ya no hay tiempo\u201d, dijo a Di\u00e1logo Chino, Jos\u00e9 Gregorio D\u00edaz Mirabal, coordinador de la COICA, en referencia al ritmo de las\u00a0<a href=\"https:\/\/dialogochino.net\/es\/clima-y-energia-es\/57581-america-latina-mira-a-la-cop27-se-acabo-el-tiempo-de-vernos-como-victimas-del-clima\/\">negociaciones clim\u00e1ticas<\/a>. \u201cNosotros queremos proteger el 80% de la Amazon\u00eda y para eso necesitamos otro modelo econ\u00f3mico que respete y permita la vida. Si no lo hacemos, nos estamos condenando a la extinci\u00f3n\u201d.<\/p>\n<h2>La agon\u00eda de la Amazon\u00eda<\/h2>\n<p>Solo Brasil y Bolivia son responsables del 90% de la deforestaci\u00f3n y degradaci\u00f3n amaz\u00f3nica,\u00a0seg\u00fan el\u00a0<a href=\"https:\/\/amazonia80x2025.earth\/es\/inicio\/\">informe<\/a>\u00a0de la RAISG.\u00a0En ambos pa\u00edses, la sabanizaci\u00f3n \u2014transformaci\u00f3n de los bosques tropicales en entornos similares a la sabana\u2014, es una realidad que impacta el 34% del lado brasile\u00f1o y el 24% del boliviano.<\/p>\n<p>Por si fuera poco, el pasado agosto, Brasil registr\u00f3\u00a0<a href=\"https:\/\/dialogochino.net\/es\/sin-categorizar\/57867-amazonia-las-elecciones-presidenciales-motivaron-la-carrera-por-la-destruccion-de-los-bosques\/\">un nuevo r\u00e9cord de incendios forestales<\/a>, que es el m\u00e1s alto de los \u00faltimos 12 a\u00f1os, de acuerdo al Instituto Nacional de Investigaciones Espaciales.<\/p>\n<p>Algo para resaltar, es que la mayor parte de la deforestaci\u00f3n amaz\u00f3nica (86%) tuvo lugar fuera de las \u00e1reas protegidas y los territorios ind\u00edgenas. Para Marlene Quintanilla, autora principal del estudio, es la evidencia de que \u201cun \u00e1rea titulada bajo territorio ind\u00edgena tiene una alta garant\u00eda de ser conservada\u201d. \u201cAunque los pueblos ind\u00edgenas no tienen presupuestos nacionales, sus medios de vida y la forma en que miran a la Amazon\u00eda han incidido de manera muy positiva en su conservaci\u00f3n\u201d, precis\u00f3 la directora de investigaci\u00f3n y gesti\u00f3n del conocimiento en la Fundaci\u00f3n Amigos de la Naturaleza.<\/p>\n<p>Sin embargo, los territorios ind\u00edgenas no est\u00e1n exentos\u00a0de amenazas. La ampliaci\u00f3n de la frontera agr\u00edcola \u2014una de las\u00a0<a href=\"https:\/\/dialogochino.net\/es\/clima-y-energia-es\/57158-como-la-amazonia-se-convirtio-en-un-centro-mundial-de-exportaciones-agricolas\/\">principales causas de deforestaci\u00f3n<\/a>\u2014 fue del 160% en tierras ind\u00edgenas y de 220% en \u00e1reas protegidas entre los a\u00f1os 2001 y 2018.<\/p>\n<blockquote><p>Los medios de vida y la forma en que los pueblo ind\u00edgenas miran a la Amazon\u00eda han incidido de manera muy positiva en su conservaci\u00f3n<\/p><\/blockquote>\n<p>A eso se suma el asesinato de sus l\u00edderes, siendo la Amazon\u00eda de Per\u00fa y Brasil la zona de mayor riesgo, seg\u00fan un r<a href=\"https:\/\/www.globalwitness.org\/es\/last-line-defence-es\/\">eporte de Global Witness<\/a>. En 2020, tres de cada cuatro cr\u00edmenes contra defensores ambientales tuvo lugar en la regi\u00f3n amaz\u00f3nica de ambos pa\u00edses, que siguen sin ratificar el\u00a0<a href=\"https:\/\/dialogochino.net\/es\/clima-y-energia-es\/42377-el-historico-acuerdo-de-escazu-entra-oficialmente-en-vigor\/\">Acuerdo de Escaz\u00fa<\/a>.<\/p>\n<p>\u201cLa cuenca amaz\u00f3nica ha sido blanco de muchos gobiernos que la usan como moneda de cambio, como el actual de Brasil\u201d, dijo al respecto Angela Kaxuyana de la Coordinadora de las Organizaciones Ind\u00edgenas de la Amazon\u00eda Brasile\u00f1a, durante la presentaci\u00f3n de la investigaci\u00f3n. \u201cLa falta de conciencia con los pueblos ind\u00edgenas y el intercambio de nuestros territorios ha ocasionado tambi\u00e9n la muerte de quienes defienden la Amazon\u00eda, una masacre que no podemos seguir permitiendo\u201d, demand\u00f3 en relaci\u00f3n al asesinato de\u00a0<a href=\"https:\/\/www.hrw.org\/pt\/news\/2022\/09\/07\/forest-guardian-slaying-overshadows-amazon-day\">dos defensores guajajara<\/a>\u00a0en Maranhao la primera semana de septiembre.<\/p>\n<h2>Las amenazas latentes<\/h2>\n<p>A pesar de que la actividad agropecuaria \u2014sobre todo la\u00a0<a href=\"https:\/\/dialogochino.net\/es\/agricultura-es\/58442-como-la-ganaderia-se-convirtio-en-el-mayor-impulsor-de-la-deforestacion-de-la-amazonia\/\">ganadera<\/a>\u2014 sigue siendo la principal impulsora de la deforestaci\u00f3n,\u00a0el 66% de la Amazon\u00eda\u00a0est\u00e1 sujeta a otros tipos de presiones fijas o permanentes, como la\u00a0<a href=\"https:\/\/dialogochino.net\/es\/actividades-extractivas-es\/53258-empresa-minera-es-acusada-de-coaccionar-a-indigenas-para-explotar-potasa-en-la-amazonia\/\">miner\u00eda<\/a>, la\u00a0<a href=\"https:\/\/dialogochino.net\/es\/actividades-extractivas-es\/53777-en-peru-los-derrames-de-petroleo-manchan-a-la-amazonia-por-que-se-actua-tan-lentamente\/\">industria petrolera<\/a>, las\u00a0<a href=\"https:\/\/dialogochino.net\/es\/clima-y-energia-es\/51950-hidroelectricas-en-la-amazonia-vuelven-a-ser-el-centro-de-atencion-en-ano-electoral\/\">centrales hidroel\u00e9ctricas<\/a>, y la\u00a0<a href=\"https:\/\/dialogochino.net\/es\/infraestructura-es\/52642-una-nueva-carretera-en-la-amazonia-peruana-pone-en-riesgo-a-poblacion-en-aislamiento\/\">construcci\u00f3n de carreteras<\/a>, seg\u00fan el estudio de RAISG. \u201cSi bien estas vienen generando cambios que no se pueden detectar de forma tan profunda por im\u00e1genes satelitales, en su conjunto s\u00ed est\u00e1n creando una presi\u00f3n permanente\u201d, dijo la investigadora Quintanilla.<\/p>\n<p>Los bloques petroleros ocupan poco m\u00e1s del 9% de la Amazon\u00eda, 80 millones de hect\u00e1reas que son equivalentes a casi dos veces el tama\u00f1o de Jap\u00f3n. En toda la regi\u00f3n, el caso m\u00e1s inquietante es\u00a0<a href=\"https:\/\/dialogochino.net\/es\/actividades-extractivas-es\/52121-parque-nacional-yasuni-entre-la-explotacion-y-la-conservacion\/\">Ecuador<\/a>, donde m\u00e1s de la mitad de sus bosques amaz\u00f3nicos ya son un bloque petrolero\u00a0\u2014o est\u00e1n destinados a serlo\u2014\u00a0del cual proviene cerca del 90% del crudo exportado con destino principal a los Estados Unidos. Le siguen Per\u00fa con el 31% cubierto por campos petrol\u00edferos, Bolivia con 29% y Colombia con 28%.<\/p>\n<p>Tambi\u00e9n la Amazon\u00eda ecuatoriana, que representa el 2% de la superficie del bioma, concentra el 18% de las hidroel\u00e9ctricas, un alto porcentaje solo superado por Brasil que tiene la mitad de las centrales. \u201cLas hidroel\u00e9ctricas ejercen una presi\u00f3n muy importante porque cambian completamente la din\u00e1mica h\u00eddrica natural, a lo que se suma la red de v\u00edas que ha ido en aumento, fragmentando a\u00fan m\u00e1s los ecosistemas\u201d, precis\u00f3 Quintanilla.<\/p>\n<p>Al respecto, el ec\u00f3logo R\u00e1ez Luna enfatiz\u00f3 que los pa\u00edses amaz\u00f3nicos\u00a0\u201cdeben abandonar estos proyectos de inversi\u00f3n en v\u00edas de penetraci\u00f3n y explotaci\u00f3n de hidrocarburos\u201d.\u00a0\u201cHay que repeler los procesos activos destructivos sobre la Amazon\u00eda, como el cuadr\u00e1ngulo criminal de la miner\u00eda de oro, la tala ilegal, el tr\u00e1fico de fauna silvestre y el narcotr\u00e1fico\u201d, a\u00f1adi\u00f3.<\/p>\n<h2>Titulaci\u00f3n de tierras en disputa en la Amazon\u00eda<\/h2>\n<p>Para evitar el punto de no retorno, el informe de RAISG propone una serie de soluciones, entre las cuales la principal es garantizar los derechos de los pueblos ind\u00edgenas y el reconocimiento de 100 millones de hect\u00e1reas de sus territorios todav\u00eda sin titular.<\/p>\n<div class=\"post-pullout\">\n<blockquote>\n<div class=\"post-pullout__number\">48%\u00a0 de la Amazonia es una zona protegida o un territorio ind\u00edgena reconocido. Sin embargo, el 86% de la deforestaci\u00f3n se produce fuera de estas zonas, lo que pone de manifiesto la necesidad de ampliar las protecciones<\/div>\n<\/blockquote>\n<\/div>\n<div><\/div>\n<p>Tanto las \u00e1reas protegidas y los territorios ind\u00edgenas salvaguardan la mitad de la Amazon\u00eda; sin embargo, el resto no tiene ning\u00fan tipo de designaci\u00f3n y corre el peligro de desaparecer. Seg\u00fan el reporte, las \u00e1reas no designadas registran los niveles m\u00e1s altos de transformaci\u00f3n y degradaci\u00f3n, que llegan a ser hasta ocho veces mayores que en territorios ind\u00edgenas.<\/p>\n<p>Para D\u00edaz Mirabal, coordinador de la COICA y l\u00edder de la etnia wakuenai kurripaco de Venezuela, la titulaci\u00f3n es una obligaci\u00f3n moral y ambiental con toda la humanidad. \u201cEl\u00a0<a href=\"https:\/\/www.laamazoniaquequeremos.org\/\">Panel Cient\u00edfico por la Amazon\u00eda<\/a>\u00a0y otros estudios est\u00e1n diciendo que el 80% de los ecosistemas mejor conservados del planeta est\u00e1n en nuestros territorios. Entonces, \u00bfqu\u00e9 m\u00e1s esperan los pa\u00edses para titular?\u201d, dijo D\u00edaz a Di\u00e1logo Chino. \u201cAdem\u00e1s hay una relaci\u00f3n directa entre la destrucci\u00f3n de nuestro hogar y los asesinatos a l\u00edderes y lideresas, por eso el reconocimiento de nuestros derechos es una soluci\u00f3n urgente\u201d, sentenci\u00f3.<\/p>\n<p>&nbsp;<\/p>\n<p>Aunque la titulaci\u00f3n es imperativa, seg\u00fan el ec\u00f3logo R\u00e1ez Luna, es insuficiente. \u201cEs necesario reparar el da\u00f1o ya causado a la Amazon\u00eda\u201d, indic\u00f3. Precisamente, en el informe de la RAISG se demanda la restauraci\u00f3n del 6% de tierras con alta degradaci\u00f3n. \u201cSe deben restaurar incluso muchos territorios ind\u00edgenas ya titulados, pero ecol\u00f3gicamente degradados, que ya no ofrecen medios de vida suficientes para el bienestar de las comunidades\u201d, dijo el experto.<\/p>\n<h2>Canjear deuda externa para proteger la Amazon\u00eda<\/h2>\n<p>Otra de las soluciones que anunci\u00f3 la coalici\u00f3n tiene que ver con la deuda externa de los nueves pa\u00edses que conforman la Amazon\u00eda. La propuesta es la condonaci\u00f3n a cambio del compromiso de proteger el 80% de los bosques amaz\u00f3nicos. Dicho en otras palabras:\u00a0<a href=\"https:\/\/dialogochino.net\/es\/comercio-y-inversiones-es\/47862-que-son-los-canjes-de-deuda-por-naturaleza\/\">canje de deuda por naturaleza<\/a>.<\/p>\n<p>Para Tuntiak Kat\u00e1n, vicecoordinador de la COICA, la deuda externa impulsa de forma sist\u00e9mica las actividades extractivas y la destrucci\u00f3n en toda la regi\u00f3n. \u201cPlanteamos la condonaci\u00f3n como una medida de protecci\u00f3n inmediata para paliar los desaf\u00edos econ\u00f3micos que atraviesan nuestros pa\u00edses\u201d, afirm\u00f3. \u201cLos pa\u00edses industrializados y las instituciones financieras internacionales asumir\u00edan as\u00ed la responsabilidad de salvaguardar el planeta, mitigar el cambio clim\u00e1tico y aliviar la presi\u00f3n sobre la Amazon\u00eda\u201d.<\/p>\n<p>Por ejemplo, en Colombia, que ostenta cerca del 6% de la Amazon\u00eda, el canje de la deuda externa por salvar y recuperarla ya est\u00e1 en la\u00a0<a href=\"https:\/\/www.bloomberglinea.com\/2022\/08\/07\/gustavo-petro-propondremos-una-reforma-tributaria-que-genere-justicia\/\">agenda del nuevo gobierno de Gustavo Petro<\/a>. Para los l\u00edderes ind\u00edgenas, esta es una se\u00f1al de esperanza en la regi\u00f3n.\u00a0\u201cEn nuestros pa\u00edses tenemos muchos recursos naturales, pero ni han nacido nuestros hijos y ya tienen la deuda externa. La condonaci\u00f3n de la deuda es una aspiraci\u00f3n muy antigua de Am\u00e9rica Latina\u201d, dijo D\u00edaz Mirabal.<\/p>\n<p>De esa misma manera, expertos en Ecuador ven como una opci\u00f3n viable el canje de deuda por naturaleza, y\u00a0<a href=\"https:\/\/dialogochino.net\/es\/clima-y-energia-es\/50895-opinion-los-canjes-de-deuda-por-naturaleza-con-china-podrian-impulsar-la-conservacion-en-ecuador\/\">opinan<\/a>\u00a0que el nivel de endeudamiento limita mucho la capacidad de los pa\u00edses para conservar estos recursos o desarrollar usos sostenibles de los mismos.<\/p>\n<p>Tambi\u00e9n destacan las posibilidades de que acreedores como China \u2014que ha dado un giro discursivo hacia la &#8220;<a href=\"https:\/\/dialogochino.net\/es\/sin-categorizar\/57166-opinion-que-significa-la-civilizacion-ecologica-de-china-para-america-latina\/\">civilizaci\u00f3n ecol\u00f3gica<\/a>&#8220;\u2014 desempe\u00f1en un papel en estos intercambios potencialmente transformadores. \u201cSi Ecuador y China se ponen de acuerdo para reorientar las finanzas p\u00fablicas hacia la resiliencia a largo plazo de la Amazon\u00eda ecuatoriana, es posible empezar a construir un futuro post-petr\u00f3leo para el pa\u00eds, basado en el desarrollo sostenible de sus vastos recursos naturales\u201d.<\/p>\n<p>Tomado de: <a href=\"https:\/\/dialogochino.net\/es\/clima-y-energia-es\/59515-pueblos-indigenas-exigen-medidas-urgentes-para-evitar-la-pronta-destruccion-de-la-amazonia\/\">https:\/\/dialogochino.net\/es\/clima-y-energia-es\/59515-pueblos-indigenas-exigen-medidas-urgentes-para-evitar-la-pronta-destruccion-de-la-amazonia\/<\/a><\/p>\n","protected":false},"excerpt":{"rendered":"<p>Las alarmas ya ven\u00edan sonando. En los \u00faltimos dos a\u00f1os, diversos estudios cient\u00edficos alertaron del punto de no retorno de la Amazon\u00eda, debido a las altas tasas de deforestaci\u00f3n y degradaci\u00f3n. Ahora, una reciente investigaci\u00f3n advierte que en menos de tres a\u00f1os el mayor bosque tropical del mundo \u2014847 millones de hect\u00e1reas\u2014 llegar\u00e1 a un punto irreversible que dar\u00eda paso a su muerte progresiva: el aumento de las emisiones de carbono que podr\u00edan desestabilizar el clima del planeta y los esfuerzos para mitigar el calentamiento global.<\/p>\n<p>26% de la superficie de la Amazonia ha sido deforestada o degradada, seg\u00fan un nuevo informe de la Red Amaz\u00f3nica de Informaci\u00f3n Socioambiental Georreferenciada (RAISG)<\/p>\n<p>A inicios de septiembre, la Red Amaz\u00f3nica de Informaci\u00f3n Socioambiental Georreferenciada (RAISG) public\u00f3 el informe\u00a0La Amazon\u00eda a contrarreloj: d\u00f3nde y c\u00f3mo proteger el 80% al 2025\u00a0en medio de las actividades de la V Cumbre Amaz\u00f3nica de Pueblos Ind\u00edgenas realizada en Lima. Y los resultados son preocupantes, hasta poco optimistas. Seg\u00fan datos analizados desde 1985 hasta 2020, la deforestaci\u00f3n y la degradaci\u00f3n afectan el 26% de toda la regi\u00f3n amaz\u00f3nica. De ese porcentaje, el 20% (un \u00e1rea tres veces el tama\u00f1o de Francia) ha sido transformado principalmente en cultivos o pastizales para ganado.<\/p>\n","protected":false},"author":327,"featured_media":35641,"comment_status":"open","ping_status":"open","sticky":false,"template":"","format":"standard","meta":{"_acf_changed":false,"footnotes":""},"categories":[1],"tags":[],"class_list":["post-35644","post","type-post","status-publish","format-standard","has-post-thumbnail","hentry","category-radar","category-1","description-off"],"acf":[],"_links":{"self":[{"href":"https:\/\/www.raisg.org\/pt-br\/wp-json\/wp\/v2\/posts\/35644","targetHints":{"allow":["GET"]}}],"collection":[{"href":"https:\/\/www.raisg.org\/pt-br\/wp-json\/wp\/v2\/posts"}],"about":[{"href":"https:\/\/www.raisg.org\/pt-br\/wp-json\/wp\/v2\/types\/post"}],"author":[{"embeddable":true,"href":"https:\/\/www.raisg.org\/pt-br\/wp-json\/wp\/v2\/users\/327"}],"replies":[{"embeddable":true,"href":"https:\/\/www.raisg.org\/pt-br\/wp-json\/wp\/v2\/comments?post=35644"}],"version-history":[{"count":1,"href":"https:\/\/www.raisg.org\/pt-br\/wp-json\/wp\/v2\/posts\/35644\/revisions"}],"predecessor-version":[{"id":35647,"href":"https:\/\/www.raisg.org\/pt-br\/wp-json\/wp\/v2\/posts\/35644\/revisions\/35647"}],"wp:featuredmedia":[{"embeddable":true,"href":"https:\/\/www.raisg.org\/pt-br\/wp-json\/wp\/v2\/media\/35641"}],"wp:attachment":[{"href":"https:\/\/www.raisg.org\/pt-br\/wp-json\/wp\/v2\/media?parent=35644"}],"wp:term":[{"taxonomy":"category","embeddable":true,"href":"https:\/\/www.raisg.org\/pt-br\/wp-json\/wp\/v2\/categories?post=35644"},{"taxonomy":"post_tag","embeddable":true,"href":"https:\/\/www.raisg.org\/pt-br\/wp-json\/wp\/v2\/tags?post=35644"}],"curies":[{"name":"wp","href":"https:\/\/api.w.org\/{rel}","templated":true}]}}