{"id":35963,"date":"2022-11-02T17:33:18","date_gmt":"2022-11-02T20:33:18","guid":{"rendered":"https:\/\/www.raisg.org\/radar\/la-amazonia-ecuatoriana-ha-perdido-mas-de-623-mil-hectareas-en-dos-decadas-informe\/"},"modified":"2022-11-02T17:33:18","modified_gmt":"2022-11-02T20:33:18","slug":"la-amazonia-ecuatoriana-ha-perdido-mas-de-623-mil-hectareas-en-dos-decadas-informe","status":"publish","type":"post","link":"https:\/\/www.raisg.org\/pt-br\/radar\/la-amazonia-ecuatoriana-ha-perdido-mas-de-623-mil-hectareas-en-dos-decadas-informe\/","title":{"rendered":"La Amazon\u00eda ecuatoriana ha perdido m\u00e1s de 623 mil hect\u00e1reas en dos d\u00e9cadas | INFORME"},"content":{"rendered":"<p>Mongabay,<br \/>\n<a href=\"https:\/\/es.mongabay.com\/by\/antonio-jose-paz-cardona\/\" rel=\"tag\" data-wpel-link=\"internal\">Antonio Jos\u00e9 Paz Cardona<\/a><br \/>\n2 de\u00a0noviembre 2022<\/p>\n<p>&nbsp;<\/p>\n<div class=\"bulletpoints\">\n<ul>\n<li><em>Entre el 2001 y el 2020 la regi\u00f3n amaz\u00f3nica de Ecuador ha perdido, por hora, el equivalente a cinco canchas de f\u00fatbol.<\/em><\/li>\n<li><em>El 77 % de la deforestaci\u00f3n de la Amazon\u00eda se ha concentrado en cuatro provincias. La m\u00e1s afectada es Morona Santiago y le siguen Sucumb\u00edos, Orellana y Zamora Chinchipe.<\/em><\/li>\n<\/ul>\n<\/div>\n<p>La Amazon\u00eda ecuatoriana representa el 1.6 % de todo el bioma amaz\u00f3nico, pero casi la mitad de la superficie total del pa\u00eds. Entre 2001 y 2020, el pa\u00eds tuvo una tasa de deforestaci\u00f3n de 623 510 hect\u00e1reas, de acuerdo con\u00a0<a href=\"http:\/\/ecociencia.org\/wp-content\/uploads\/2022\/06\/FactSheetEC.pdf\" target=\"_blank\" rel=\"noopener external noreferrer\" data-wpel-link=\"external\">datos analizados<\/a>\u00a0por\u00a0<a href=\"https:\/\/plataforma.panamazonia.mapbiomas.org\/\" target=\"_blank\" rel=\"noopener external noreferrer\" data-wpel-link=\"external\">Mapbiomas Amazon\u00eda<\/a>, que en Ecuador es representado por la\u00a0<a href=\"https:\/\/ecociencia.org\/\" target=\"_blank\" rel=\"noopener external noreferrer\" data-wpel-link=\"external\">Fundaci\u00f3n EcoCiencia<\/a>. Esta p\u00e9rdida se dio a un ritmo de cinco canchas de f\u00fatbol por hora, lo que representa aproximadamente 31 000 hect\u00e1reas en promedio por a\u00f1o.<\/p>\n<p>EcoCiencia destaca que, a nivel regional, estas cifras ubican a Ecuador en el quinto puesto en t\u00e9rminos de extensi\u00f3n total deforestada, despu\u00e9s de Brasil, Bolivia, Per\u00fa y Colombia. Adem\u00e1s, el pa\u00eds se qued\u00f3 sin una extensi\u00f3n de bosques mayor a la que perdieron Venezuela y Surinam, pa\u00edses con una mayor proporci\u00f3n de Amazon\u00eda.<\/p>\n<p>\u201cEcuador no siempre destaca como un pa\u00eds deforestador porque de por s\u00ed es un pa\u00eds peque\u00f1o, por lo que normalmente sus cifras no llaman la atenci\u00f3n si se comparan con naciones mucho m\u00e1s extensas como Brasil y Bolivia. Pero a nosotros en Ecuador s\u00ed nos llama la atenci\u00f3n porque, en t\u00e9rminos proporcionales, somos uno de los pa\u00edses que pierden sus bosques a mayor velocidad\u201d, asegura Mar\u00eda Olga Borja, coordinadora t\u00e9cnica de Mapbiomas para Ecuador en Fundaci\u00f3n EcoCiencia.<\/p>\n<p>Las principales causas que impulsan la deforestaci\u00f3n en esta naci\u00f3n sudamericana son la expansi\u00f3n de la frontera agr\u00edcola y ganadera, el desarrollo de infraestructura, la explotaci\u00f3n minera y de hidrocarburos y la extracci\u00f3n de recursos madereros.<\/p>\n<p>Solo diez cantones concentran el 50 % del total de la deforestaci\u00f3n de la regi\u00f3n amaz\u00f3nica del pa\u00eds entre 2001 y 2020: Orellana (8.17 %), Lago Agrio (7.35 %), Pastaza (5.90 %), Shushufindi (5.06 %), Loreto (4.38 %), Taisha (4.05 %), Morona (3.81 %), Tena (3.74 %), La Joya de los Sacha (3.54 %) y Gualaquiza (3.54 %).<\/p>\n<figure id=\"attachment_218785\" class=\"wp-caption alignnone\"><img fetchpriority=\"high\" decoding=\"async\" class=\"size-medium wp-image-218785\" src=\"https:\/\/imgs.mongabay.com\/wp-content\/uploads\/sites\/25\/2020\/09\/06180937\/10_Balsa-decomisada-en-la-Reserva-Limoncocha-el-17-de-julio-768x512.jpg\" sizes=\"(max-width: 768px) 100vw, 768px\" srcset=\"https:\/\/imgs.mongabay.com\/wp-content\/uploads\/sites\/25\/2020\/09\/06180937\/10_Balsa-decomisada-en-la-Reserva-Limoncocha-el-17-de-julio-768x512.jpg 768w, https:\/\/imgs.mongabay.com\/wp-content\/uploads\/sites\/25\/2020\/09\/06180937\/10_Balsa-decomisada-en-la-Reserva-Limoncocha-el-17-de-julio-1200x800.jpg 1200w\" alt=\"Tala ilegal en Ecuador. Troncos de balsa extra\u00eddos ilegalmente fueron retenidos por la Direcci\u00f3n zonal de Sucumb\u00edos del Ministerio de Ambiente y las Fuerzas Armadas en en el interior de la Reserva Biol\u00f3gica Limoncocha a mediados de julio 2020. Foto: MAE Sucumb\u00edos.\" width=\"768\" height=\"512\" \/><figcaption class=\"wp-caption-text\">Troncos de balsa extra\u00eddos ilegalmente fueron retenidos por la Direcci\u00f3n zonal de Sucumb\u00edos del Ministerio de Ambiente y las Fuerzas Armadas en el interior de la Reserva Biol\u00f3gica Limoncocha a mediados de julio 2020. Foto: MAE Sucumb\u00edos.<\/figcaption><\/figure>\n<p>Lee m\u00e1s |\u00a0<a href=\"https:\/\/es.mongabay.com\/2022\/10\/alertas-de-deforestacion-en-la-via-ilegal-calamar-miraflores-en-colombia\/\" data-wpel-link=\"internal\">Colombia: m\u00e1s de 140 mil alertas de deforestaci\u00f3n en la v\u00eda ilegal Calamar-Miraflores en el Guaviare<\/a><\/p>\n<h3><strong>Fuertes presiones durante d\u00e9cadas<\/strong><\/h3>\n<p>Uno de los datos m\u00e1s preocupantes es que solo dos de las seis provincias amaz\u00f3nicas ecuatorianas concentraron el 46 % (287 000 hect\u00e1reas) de toda la deforestaci\u00f3n detectada entre 2001 y 2020. En Morona Santiago se perdieron m\u00e1s de 158 000 hect\u00e1reas de bosque (25 %) y en Sucumb\u00edos cerca de 129 000 hect\u00e1reas (21 %). En ambas provincias hay una amplia presencia de actividades extractivas como la miner\u00eda y los hidrocarburos.<\/p>\n<p>El informe destaca que, por ejemplo, la miner\u00eda multiplic\u00f3 24 veces su superficie en la Amazon\u00eda en solo dos d\u00e9cadas, alcanzando 4068 hect\u00e1reas. Para Mar\u00eda Olga Borja, hay actividades que muchas veces no figuran entre las grandes deforestadoras, pero que s\u00ed generan impactos muy grandes y considerables, \u201cuna de las que hemos mapeado es la miner\u00eda. En nuestro estudio hemos visto en los \u00faltimos a\u00f1os un despegue de las actividades mineras en la regi\u00f3n, las cuales est\u00e1n alcanzando unos valores que nunca hab\u00edamos visto en a\u00f1os pasados\u201d.<\/p>\n<figure id=\"attachment_238232\" class=\"wp-caption alignnone\"><img decoding=\"async\" class=\"wp-image-238232 size-full\" src=\"https:\/\/imgs.mongabay.com\/wp-content\/uploads\/sites\/25\/2022\/11\/01033049\/Screen-Shot-2022-10-31-at-10.11.32-PM.png\" sizes=\"(max-width: 733px) 100vw, 733px\" srcset=\"https:\/\/imgs.mongabay.com\/wp-content\/uploads\/sites\/25\/2022\/11\/01033049\/Screen-Shot-2022-10-31-at-10.11.32-PM.png 733w, https:\/\/imgs.mongabay.com\/wp-content\/uploads\/sites\/25\/2022\/11\/01033049\/Screen-Shot-2022-10-31-at-10.11.32-PM-610x626.png 610w\" alt=\"Gr\u00e1ficos Mapbiomas y EcoCiencia.\" width=\"733\" height=\"752\" \/><figcaption class=\"wp-caption-text\">Gr\u00e1ficos Mapbiomas y EcoCiencia.<\/figcaption><\/figure>\n<p>Borja asegura que la miner\u00eda no se concentra en una sola zona sino que \u201cest\u00e1 bastante distribuida\u201d. Seg\u00fan dice, ya es muy conocido que en el sur, cerca a la frontera con Per\u00fa, hay proyectos a gran escala promovidos desde el gobierno, porque ah\u00ed se encuentran algunos de los yacimientos m\u00e1s grandes del Ecuador. Sin embargo, est\u00e1n viendo c\u00f3mo crece la miner\u00eda de oro de aluvi\u00f3n a peque\u00f1a escala que est\u00e1 afectando los r\u00edos y los bosques ribere\u00f1os.<\/p>\n<p>\u201cHemos visto un aumento sobre todo en el norte, en la provincia de Sucumb\u00edos, en frontera con Colombia. Es quiz\u00e1s una de las zonas donde m\u00e1s ha habido un despegue de la miner\u00eda. En este momento no me atrevo a decir si es legal o ilegal porque no contamos con suficiente informaci\u00f3n para corroborar el estado de la actividad, pero lo que s\u00ed puedo decir es que se nota, a trav\u00e9s de las im\u00e1genes satelitales, que es una actividad extremadamente depredadora que va devastando zonas de r\u00edos muy amplias\u201d, dice Borja y a\u00f1ade que han observado, con el monitoreo constante durante a\u00f1os, que los lugares donde se realiz\u00f3 miner\u00eda no vuelven a recuperar su estado natural previo.<\/p>\n<figure id=\"attachment_237675\" class=\"wp-caption alignnone\"><img decoding=\"async\" class=\"size-medium wp-image-237675\" src=\"https:\/\/imgs.mongabay.com\/wp-content\/uploads\/sites\/25\/2022\/10\/12164202\/Screen-Shot-2022-10-12-at-11.41.32-AM-768x512.png\" alt=\"Miner\u00eda ilegal en el r\u00edo Bermejo, Reserva Ecol\u00f3gica Cof\u00e1n Bermejo, Ecuador. Foto: Archivo particular.\" width=\"768\" height=\"512\" \/><figcaption class=\"wp-caption-text\">Miner\u00eda ilegal en el r\u00edo Bermejo, Reserva Ecol\u00f3gica Cof\u00e1n Bermejo, Ecuador. Foto: Archivo particular.<\/figcaption><\/figure>\n<p>El an\u00e1lisis hecho por Mapbiomas y Fundaci\u00f3n EcoCiencia no solo se limit\u00f3 al per\u00edodo 2001-2020, tambi\u00e9n hizo una revisi\u00f3n de la situaci\u00f3n de los bosques amaz\u00f3nicos ecuatorianos que se remonta a 1985.<\/p>\n<p>De acuerdo con los datos analizados, los cambios acelerados de transformaci\u00f3n de la Amazon\u00eda ecuatoriana se deben principalmente al factor humano, en el que se evidencia un aumento del uso agropecuario en 38.57 % (496 000 hect\u00e1reas) respecto a su extensi\u00f3n en 1985. Por otro lado, la infraestructura petrolera, hidroel\u00e9ctrica y vial aument\u00f3 en 155 % respecto a su extensi\u00f3n en 1985 (25 700 hect\u00e1reas).<\/p>\n<p>\u201cEn el periodo comprendido entre 1985 y 2020 se perdieron 379 000 hect\u00e1reas de bosque, que equivale aproximadamente al tama\u00f1o de la provincia de Bol\u00edvar\u201d, se lee en el reporte, donde tambi\u00e9n se resalta que, en este caso, la cifra corresponde a deforestaci\u00f3n neta, es decir, se excluyen las \u00e1reas deforestadas en donde se aprecia una posterior reforestaci\u00f3n o regeneraci\u00f3n del bosque natural en ese periodo.<\/p>\n<p>\u201cA mediados de la d\u00e9cada de los noventa se pudo evidenciar mayor deforestaci\u00f3n y cambios de uso de suelo. En los a\u00f1os 2000 fue bastante constante en el Ecuador y en los \u00faltimos a\u00f1os hemos visto una ligera estabilidad\u201d, comenta Rodrigo Torres, coordinador del Sistema de Informaci\u00f3n Geogr\u00e1fica (SIG) de la Fundaci\u00f3n EcoCiencia. Sin embargo, destaca que pr\u00f3ximamente publicar\u00e1n datos para 2021 y lo m\u00e1s probable es que se aprecie un aumento en la deforestaci\u00f3n. \u201cQueremos ver c\u00f3mo la pandemia afect\u00f3 a las \u00e1reas amaz\u00f3nicas. En el caso de Ecuador, por ejemplo, muchos empleos en ciudades se perdieron y la gente regres\u00f3 a campo, y si la gente regresa a campo lo m\u00e1s probable es que haya cambios de uso de suelo\u201d, a\u00f1ade.<\/p>\n<figure id=\"attachment_238231\" class=\"wp-caption alignnone\"><img loading=\"lazy\" decoding=\"async\" class=\"wp-image-238231 size-full\" src=\"https:\/\/imgs.mongabay.com\/wp-content\/uploads\/sites\/25\/2022\/11\/01033046\/Screen-Shot-2022-10-31-at-10.12.04-PM.png\" sizes=\"(max-width: 733px) 100vw, 733px\" srcset=\"https:\/\/imgs.mongabay.com\/wp-content\/uploads\/sites\/25\/2022\/11\/01033046\/Screen-Shot-2022-10-31-at-10.12.04-PM.png 733w, https:\/\/imgs.mongabay.com\/wp-content\/uploads\/sites\/25\/2022\/11\/01033046\/Screen-Shot-2022-10-31-at-10.12.04-PM-610x637.png 610w\" alt=\"Gr\u00e1ficos Mapbiomas y EcoCiencia.\" width=\"733\" height=\"766\" \/><figcaption class=\"wp-caption-text\">Gr\u00e1ficos Mapbiomas y EcoCiencia.<\/figcaption><\/figure>\n<p>Lee m\u00e1s |\u00a0<a href=\"https:\/\/es.mongabay.com\/2022\/10\/ministerio-emite-alertas-por-pesca-ilegal-reserva-marina-cantagallo-machalilla-ecuador\/\" data-wpel-link=\"internal\">Ecuador: Ministerio de la Producci\u00f3n emite 44 alertas por pesca ilegal en reserva marina Cantagallo- Machalilla<\/a><\/p>\n<h3><strong>\u00c1reas protegidas y territorios ind\u00edgenas como escudos<\/strong><\/h3>\n<p>El an\u00e1lisis de Mapbiomas y EcoCiencia revela que, al 2020, en los territorios ind\u00edgenas \u2014que representan el 62 % de la cuenca amaz\u00f3nica ecuatoriana y conservan el 71.5 % de los bosques en esta regi\u00f3n\u2014 se perdieron 124 000 hect\u00e1reas de cobertura vegetal natural (1.66 %) en 36 a\u00f1os.<\/p>\n<p>Por su parte, en las \u00e1reas naturales protegidas \u2014que representan el 35 % de la cuenca amaz\u00f3nica ecuatoriana y conservan el 38.4 % de los bosques de esta regi\u00f3n\u2014 se perdieron 13 800 hect\u00e1reas de cobertura vegetal natural, lo que representa una p\u00e9rdida neta de 0.31 % en ese mismo periodo.<\/p>\n<p>El cambio en la cobertura de las \u00e1reas protegidas se dio por la expansi\u00f3n agropecuaria que creci\u00f3 en 28 000 hect\u00e1reas; la expansi\u00f3n de la infraestructura que se multiplic\u00f3 5.4 veces, llegando a las casi 1000 hect\u00e1reas al 2020, y la miner\u00eda que alcanz\u00f3 las 305 hect\u00e1reas para ese mismo a\u00f1o. En el caso de los territorios ind\u00edgenas, la actividad agropecuaria rond\u00f3 las 130 000 hect\u00e1reas, la infraestructura report\u00f3 m\u00e1s de 5000 hect\u00e1reas y la miner\u00eda afect\u00f3 1736 hect\u00e1reas.<\/p>\n<figure id=\"attachment_238233\" class=\"wp-caption alignnone\"><img loading=\"lazy\" decoding=\"async\" class=\"wp-image-238233 size-full\" src=\"https:\/\/imgs.mongabay.com\/wp-content\/uploads\/sites\/25\/2022\/11\/01033051\/Screen-Shot-2022-10-31-at-10.10.30-PM.png\" sizes=\"(max-width: 733px) 100vw, 733px\" srcset=\"https:\/\/imgs.mongabay.com\/wp-content\/uploads\/sites\/25\/2022\/11\/01033051\/Screen-Shot-2022-10-31-at-10.10.30-PM.png 733w, https:\/\/imgs.mongabay.com\/wp-content\/uploads\/sites\/25\/2022\/11\/01033051\/Screen-Shot-2022-10-31-at-10.10.30-PM-610x662.png 610w\" alt=\"Gr\u00e1ficos Mapbiomas y EcoCiencia.\" width=\"733\" height=\"795\" \/><figcaption class=\"wp-caption-text\">Gr\u00e1ficos Mapbiomas y EcoCiencia.<\/figcaption><\/figure>\n<p>A pesar de las amenazas, las \u00e1reas protegidas y los territorios ind\u00edgenas mostraron una menor afectaci\u00f3n por deforestaci\u00f3n que otras zonas. Por ejemplo, los bosques amaz\u00f3nicos ecuatorianos que no cuentan con ning\u00fan tipo de protecci\u00f3n, o que no pertenecen a pueblos ind\u00edgenas, representan apenas el 21 % de la cuenca amaz\u00f3nica del pa\u00eds, pero en ellos se concentr\u00f3 el 54 % (339 000 hect\u00e1reas) de la deforestaci\u00f3n de las \u00faltimas dos d\u00e9cadas.<\/p>\n<p>En medio de esta situaci\u00f3n, Mar\u00eda Olga Borja destaca el caso de la provincia de Pastaza que es principalmente forestal y, aunque tiene cierto grado de transformaci\u00f3n, \u201chemos visto una alta proporci\u00f3n de recuperaci\u00f3n del bosque, incluso en las zonas transformadas. Entonces el saldo, en muchos casos y dependiendo de la \u00e9poca que uno analice en Pastaza, puede ser positivo, es decir, podemos hablar de una ganancia de cobertura forestal. Muchas de esas ganancias han sido en territorios ind\u00edgenas\u201d.<\/p>\n<figure id=\"attachment_237363\" class=\"wp-caption alignnone\"><img loading=\"lazy\" decoding=\"async\" class=\"size-medium wp-image-237363\" src=\"https:\/\/imgs.mongabay.com\/wp-content\/uploads\/sites\/25\/2022\/10\/04203257\/I1A3203-768x512.jpg\" sizes=\"(max-width: 768px) 100vw, 768px\" srcset=\"https:\/\/imgs.mongabay.com\/wp-content\/uploads\/sites\/25\/2022\/10\/04203257\/I1A3203-768x512.jpg 768w, https:\/\/imgs.mongabay.com\/wp-content\/uploads\/sites\/25\/2022\/10\/04203257\/I1A3203-1200x800.jpg 1200w, https:\/\/imgs.mongabay.com\/wp-content\/uploads\/sites\/25\/2022\/10\/04203257\/I1A3203-1536x1024.jpg 1536w, https:\/\/imgs.mongabay.com\/wp-content\/uploads\/sites\/25\/2022\/10\/04203257\/I1A3203-2048x1365.jpg 2048w, https:\/\/imgs.mongabay.com\/wp-content\/uploads\/sites\/25\/2022\/10\/04203257\/I1A3203-610x407.jpg 610w\" alt=\"Mujer waorani con el chaleco de la guardia Me\u00f1abai, iniciativa de las comunidades de Pastaza para cuidar los territorios de amenazas como la tala de \u00e1rboles o miner\u00eda. Foto: Jer\u00f3nimo Z\u00fa\u00f1iga \/ Amazon Frontlines.\" width=\"768\" height=\"512\" \/><figcaption class=\"wp-caption-text\">Mujer waorani con el chaleco de la guardia Me\u00f1abai, iniciativa de las comunidades de Pastaza para cuidar los territorios de amenazas como la tala de \u00e1rboles o miner\u00eda. Foto: Jer\u00f3nimo Z\u00fa\u00f1iga \/ Amazon Frontlines.<\/figcaption><\/figure>\n<p><iframe class=\"iframe-class\" title=\"YouTube video player\" src=\"https:\/\/www.youtube.com\/embed\/PHOca3ntFWE\" width=\"680\" height=\"515\" frameborder=\"0\" scrolling=\"yes\" data-mce-fragment=\"1\"><\/iframe><\/p>\n<p>Aunque existen casos de esperanza, como el de la provincia de Pastaza, la situaci\u00f3n de toda la Amazon\u00eda ecuatoriana es preocupante. Borja se\u00f1ala que en los primeros a\u00f1os de las \u00faltimas dos d\u00e9cadas se registraron unas tasas mayores de deforestaci\u00f3n y luego vino una \u00e9poca de oscilaci\u00f3n: en algunos a\u00f1os se ve\u00edan cifras m\u00e1s altas y en otros a\u00f1os se observaban cifras m\u00e1s bajas. No hab\u00eda una tendencia muy clara y marcada.<\/p>\n<p>\u201cSin embargo, en los \u00faltimos a\u00f1os, y esto me preocupa, estamos empezando a ver un despunte de la deforestaci\u00f3n en las zonas amaz\u00f3nicas de Ecuador. Viene a ser un cambio en el patr\u00f3n de lo que hab\u00edamos visto en los \u00faltimos a\u00f1os que era esta tendencia como oscilatoria. Esto es algo que ya se dio en Colombia y Per\u00fa\u201d, dice y a\u00f1ade que \u201ces triste porque Ecuador es un pa\u00eds que tiene much\u00edsima inversi\u00f3n para la lucha contra la deforestaci\u00f3n\u201d.<\/p>\n<p><em><strong>* Imagen principal:<\/strong>\u00a0En el r\u00edo Jatunyacu se observa tambi\u00e9n el uso de grandes maquinarias para procesar el material aur\u00edfero. El uso de estas herramientas ha afectado y contaminado gravemente el r\u00edo. 11 de febrero del 2022.\u00a0<strong>Foto:<\/strong>\u00a0Iv\u00e1n Castaneira.<\/em><\/p>\n<p>Tomado de: <a href=\"https:\/\/es.mongabay.com\/2022\/11\/amazonia-ecuatoriana-ha-perdido-mas-de-623-mil-hectareas-en-dos-decadas\/\">https:\/\/es.mongabay.com\/2022\/11\/amazonia-ecuatoriana-ha-perdido-mas-de-623-mil-hectareas-en-dos-decadas\/<\/a><\/p>\n","protected":false},"excerpt":{"rendered":"<p>Entre el 2001 y el 2020 la regi\u00f3n amaz\u00f3nica de Ecuador ha perdido, por hora, el equivalente a cinco canchas de f\u00fatbol.<br \/>\nEl 77 % de la deforestaci\u00f3n de la Amazon\u00eda se ha concentrado en cuatro provincias. La m\u00e1s afectada es Morona Santiago y le siguen Sucumb\u00edos, Orellana y Zamora Chinchipe.<\/p>\n<p>La Amazon\u00eda ecuatoriana representa el 1.6 % de todo el bioma amaz\u00f3nico, pero casi la mitad de la superficie total del pa\u00eds. Entre 2001 y 2020, el pa\u00eds tuvo una tasa de deforestaci\u00f3n de 623 510 hect\u00e1reas, de acuerdo con\u00a0datos analizados\u00a0por\u00a0Mapbiomas Amazon\u00eda, que en Ecuador es representado por la\u00a0Fundaci\u00f3n EcoCiencia. Esta p\u00e9rdida se dio a un ritmo de cinco canchas de f\u00fatbol por hora, lo que representa aproximadamente 31 000 hect\u00e1reas en promedio por a\u00f1o.<\/p>\n","protected":false},"author":327,"featured_media":35960,"comment_status":"open","ping_status":"open","sticky":false,"template":"","format":"standard","meta":{"_acf_changed":false,"footnotes":""},"categories":[1],"tags":[],"class_list":["post-35963","post","type-post","status-publish","format-standard","has-post-thumbnail","hentry","category-radar","category-1","description-off"],"acf":[],"_links":{"self":[{"href":"https:\/\/www.raisg.org\/pt-br\/wp-json\/wp\/v2\/posts\/35963","targetHints":{"allow":["GET"]}}],"collection":[{"href":"https:\/\/www.raisg.org\/pt-br\/wp-json\/wp\/v2\/posts"}],"about":[{"href":"https:\/\/www.raisg.org\/pt-br\/wp-json\/wp\/v2\/types\/post"}],"author":[{"embeddable":true,"href":"https:\/\/www.raisg.org\/pt-br\/wp-json\/wp\/v2\/users\/327"}],"replies":[{"embeddable":true,"href":"https:\/\/www.raisg.org\/pt-br\/wp-json\/wp\/v2\/comments?post=35963"}],"version-history":[{"count":0,"href":"https:\/\/www.raisg.org\/pt-br\/wp-json\/wp\/v2\/posts\/35963\/revisions"}],"wp:featuredmedia":[{"embeddable":true,"href":"https:\/\/www.raisg.org\/pt-br\/wp-json\/wp\/v2\/media\/35960"}],"wp:attachment":[{"href":"https:\/\/www.raisg.org\/pt-br\/wp-json\/wp\/v2\/media?parent=35963"}],"wp:term":[{"taxonomy":"category","embeddable":true,"href":"https:\/\/www.raisg.org\/pt-br\/wp-json\/wp\/v2\/categories?post=35963"},{"taxonomy":"post_tag","embeddable":true,"href":"https:\/\/www.raisg.org\/pt-br\/wp-json\/wp\/v2\/tags?post=35963"}],"curies":[{"name":"wp","href":"https:\/\/api.w.org\/{rel}","templated":true}]}}