{"id":3605,"date":"2015-12-01T18:20:35","date_gmt":"2015-12-01T20:20:35","guid":{"rendered":"https:\/\/www.amazoniasocioambiental.org\/radar\/alerta-de-deforestacion-y-presiones-en-la-amazonia-tv-peru\/"},"modified":"2018-01-26T17:22:34","modified_gmt":"2018-01-26T19:22:34","slug":"alerta-de-deforestacion-y-presiones-en-la-amazonia-tv-peru","status":"publish","type":"post","link":"https:\/\/www.raisg.org\/pt-br\/radar\/alerta-de-deforestacion-y-presiones-en-la-amazonia-tv-peru\/","title":{"rendered":"Alerta de deforestaci\u00f3n y presiones en la Amazon\u00eda &#8211; TV Per\u00fa"},"content":{"rendered":"<div class=\"wpb-content-wrapper\"><p>[vc_row][vc_column][vc_video link=&#8221;https:\/\/www.youtube.com\/watch?v=MeBYvaRMrF8&#8243;][\/vc_column][\/vc_row]<\/p>\n<\/div>","protected":false},"excerpt":{"rendered":"<p>[vc_row][vc_column][vc_video link=&#8221;https:\/\/www.youtube.com\/watch?v=MeBYvaRMrF8&#8243;][\/vc_column][\/vc_row]<\/p>\n","protected":false},"author":11,"featured_media":0,"comment_status":"open","ping_status":"open","sticky":false,"template":"","format":"standard","meta":{"_acf_changed":false,"footnotes":""},"categories":[1],"tags":[],"class_list":["post-3605","post","type-post","status-publish","format-standard","hentry","category-radar","category-1","description-off"],"acf":[],"_links":{"self":[{"href":"https:\/\/www.raisg.org\/pt-br\/wp-json\/wp\/v2\/posts\/3605","targetHints":{"allow":["GET"]}}],"collection":[{"href":"https:\/\/www.raisg.org\/pt-br\/wp-json\/wp\/v2\/posts"}],"about":[{"href":"https:\/\/www.raisg.org\/pt-br\/wp-json\/wp\/v2\/types\/post"}],"author":[{"embeddable":true,"href":"https:\/\/www.raisg.org\/pt-br\/wp-json\/wp\/v2\/users\/11"}],"replies":[{"embeddable":true,"href":"https:\/\/www.raisg.org\/pt-br\/wp-json\/wp\/v2\/comments?post=3605"}],"version-history":[{"count":0,"href":"https:\/\/www.raisg.org\/pt-br\/wp-json\/wp\/v2\/posts\/3605\/revisions"}],"wp:attachment":[{"href":"https:\/\/www.raisg.org\/pt-br\/wp-json\/wp\/v2\/media?parent=3605"}],"wp:term":[{"taxonomy":"category","embeddable":true,"href":"https:\/\/www.raisg.org\/pt-br\/wp-json\/wp\/v2\/categories?post=3605"},{"taxonomy":"post_tag","embeddable":true,"href":"https:\/\/www.raisg.org\/pt-br\/wp-json\/wp\/v2\/tags?post=3605"}],"curies":[{"name":"wp","href":"https:\/\/api.w.org\/{rel}","templated":true}]}}