{"id":48351,"date":"2025-05-22T15:31:59","date_gmt":"2025-05-22T18:31:59","guid":{"rendered":"https:\/\/www.raisg.org\/?p=48351"},"modified":"2025-07-07T08:56:42","modified_gmt":"2025-07-07T11:56:42","slug":"tenemos-un-modelo-economico-donde-el-bosque-parece-un-obstaculo-para-el-desarrollo-pero-son-esos-bosques-los-que-garantizan-la-vida","status":"publish","type":"post","link":"https:\/\/www.raisg.org\/pt-br\/radar\/tenemos-un-modelo-economico-donde-el-bosque-parece-un-obstaculo-para-el-desarrollo-pero-son-esos-bosques-los-que-garantizan-la-vida\/","title":{"rendered":"\u201cTenemos un modelo econ\u00f3mico donde el bosque parece un obst\u00e1culo para el desarrollo, pero son esos bosques los que garantizan la vida\u201d"},"content":{"rendered":"<p><span style=\"font-weight: 400;\">Una entrevista con Ang\u00e9lica Garc\u00eda, secretaria ejecutiva de la Red Amaz\u00f3nica de Informaci\u00f3n Socioambiental Georreferenciada (RAISG), a puertas de la V Cumbre de Presidentes Amaz\u00f3nicos y de\u00a0 la COP 30, que se realizar\u00e1n este a\u00f1o en Colombia y Brasil, respectivamente.<\/span><\/p>\n<p>&nbsp;<\/p>\n<div id=\"attachment_48363\" style=\"width: 690px\" class=\"wp-caption aligncenter\"><img fetchpriority=\"high\" decoding=\"async\" aria-describedby=\"caption-attachment-48363\" class=\"wp-image-48363 \" src=\"https:\/\/www.raisg.org\/wp-content\/uploads\/2025\/05\/angelica.jpeg\" alt=\"\" width=\"680\" height=\"440\" srcset=\"https:\/\/www.raisg.org\/wp-content\/uploads\/2025\/05\/angelica.jpeg 1331w, https:\/\/www.raisg.org\/wp-content\/uploads\/2025\/05\/angelica-300x194.jpeg 300w, https:\/\/www.raisg.org\/wp-content\/uploads\/2025\/05\/angelica-1024x663.jpeg 1024w, https:\/\/www.raisg.org\/wp-content\/uploads\/2025\/05\/angelica-768x497.jpeg 768w\" sizes=\"(max-width: 680px) 100vw, 680px\" \/><p id=\"caption-attachment-48363\" class=\"wp-caption-text\">Angelica Garcia, Secretaria Exjecutiva de RAISG<br \/>En encuentro con actores claves amaz\u00f3nicos (Rio Negro, Manaus, Brasil)<\/p><\/div>\n<p>&nbsp;<\/p>\n<p><em>Karen Espejo<\/em><br \/>\n<em>Periodista<\/em><\/p>\n<p>&nbsp;<\/p>\n<p><b>\u00bfQu\u00e9 oportunidades en el contexto de cambio clim\u00e1tico tendr\u00e1 la Amazon\u00eda en esta COP30, tomando en cuenta que este a\u00f1o se realiza en Brasil? <\/b><\/p>\n<p><span style=\"font-weight: 400;\">Este a\u00f1o, tenemos la gran oportunidad de defender la Amazon\u00eda y de posicionarla en el centro del debate del cambio clim\u00e1tico; no solo en la COP30 de noviembre en Brasil, sino en eventos preparatorios, como la V Cumbre de Presidentes Amaz\u00f3nicos de agosto, en Colombia.\u00a0<\/span><span style=\"font-weight: 400;\"><br \/>\n<\/span><\/p>\n<p><span style=\"font-weight: 400;\">La Amazon\u00eda cumple un rol fundamental que permite regular el clima mundial, evitando que aumente a\u00fan m\u00e1s la temperatura de la Tierra; adem\u00e1s de contribuir al ciclo de lluvias para toda la Am\u00e9rica del Sur. Entonces tenemos la gran oportunidad de dar visibilidad a esa importancia, de lograr que los acuerdos lleguen al fin a acciones concretas y se destinen financiamientos suficientes para evitar que la Amazon\u00eda llegue a un \u201cpunto de no retorno\u201d, donde su existencia se vea comprometida. Y, sobre todo, necesitamos mecanismos que garanticen que esos financiamientos lleguen directamente a las comunidades ind\u00edgenas y locales, quienes han asumido por generaciones la principal responsabilidad de conservar la Amazon\u00eda.\u00a0<\/span><\/p>\n<p>&nbsp;<\/p>\n<p><b>Es la oportunidad de decirle al mundo que las soluciones est\u00e1n en la Amazon\u00eda, pero que urge actuar m\u00e1s r\u00e1pido\u2026<\/b><b><br \/>\n<\/b><\/p>\n<p><span style=\"font-weight: 400;\">S\u00ed, exactamente. Hoy tenemos la l\u00f3gica de derribar el bosque para establecer actividades econ\u00f3micas en su lugar, sin tomar consciencia de la importancia que la Amazon\u00eda tiene en nuestras vidas. Es cierto que poco a poco se gana mayor consciencia, pero los intereses econ\u00f3micos parecen dominar por sobre la garant\u00eda de la vida y los derechos humanos. Y entonces s\u00ed, venimos dialogando y discutiendo, pero a pasos muy lento,\u00a0 y mientras tanto, el tiempo va pasando, la situaci\u00f3n se va agravando y las temperaturas subiendo. Entonces, este a\u00f1o se debe pasar definitivamente del discurso a la acci\u00f3n.<\/span><\/p>\n<p>&nbsp;<\/p>\n<p><b>La ministra del Ambiente de Brasil, Marina Silva, dijo recientemente que la COP \u201cno es una celebraci\u00f3n\u201d, sino \u201cuna lucha para tener un mundo m\u00e1s justo y sostenible\u201d, \u00bfqu\u00e9 aportes llevar\u00e1 RAISG a la COP30 como parte de esta lucha colectiva?\u00a0<\/b><\/p>\n<p><span style=\"font-weight: 400;\">Todo lo que elaboramos en RAISG busca contribuir a la lucha colectiva contra el cambio clim\u00e1tico, y es de acceso libre y gratuito. En ese sentido, pondremos informaci\u00f3n importante en manos de los l\u00edderes globales y amaz\u00f3nicos:<\/span><\/p>\n<ul>\n<li><span style=\"font-weight: 400;\">Llevaremos mapeos sobre la contaminaci\u00f3n del agua en la Amazon\u00eda, causada por actividades como la miner\u00eda y la agricultura; as\u00ed como an\u00e1lisis sobre las presiones que sufren los bosques y humedales, a fin de alertar sobre la inseguridad h\u00eddrica y alimentaria frente a los eventos clim\u00e1ticos extremos.<\/span><\/li>\n<li><span style=\"font-weight: 400;\">Brindaremos una serie de datos que prueban c\u00f3mo la protecci\u00f3n de los territorios ind\u00edgenas es una estrategia efectiva para la conservaci\u00f3n de los bosques y del agua.\u00a0<\/span><\/li>\n<li><span style=\"font-weight: 400;\">Lanzaremos la segunda fase del estudio de conectividad ecol\u00f3gica, que muestra la importancia de conservar ecosistemas conectados en la Amazon\u00eda.<\/span><\/li>\n<li><span style=\"font-weight: 400;\">Y presentaremos una nueva versi\u00f3n de la plataforma AMA, un sistema de monitoreo, con alerta temprana en focos de incendios forestales y deforestaci\u00f3n en la regi\u00f3n.<\/span><\/li>\n<\/ul>\n<p>&nbsp;<\/p>\n<p><img decoding=\"async\" class=\"wp-image-48352 aligncenter\" src=\"https:\/\/www.raisg.org\/wp-content\/uploads\/2025\/05\/cop30-angelica-1024x682.jpeg\" alt=\"\" width=\"680\" height=\"453\" srcset=\"https:\/\/www.raisg.org\/wp-content\/uploads\/2025\/05\/cop30-angelica-1024x682.jpeg 1024w, https:\/\/www.raisg.org\/wp-content\/uploads\/2025\/05\/cop30-angelica-300x200.jpeg 300w, https:\/\/www.raisg.org\/wp-content\/uploads\/2025\/05\/cop30-angelica-768x512.jpeg 768w, https:\/\/www.raisg.org\/wp-content\/uploads\/2025\/05\/cop30-angelica-1536x1023.jpeg 1536w, https:\/\/www.raisg.org\/wp-content\/uploads\/2025\/05\/cop30-angelica.jpeg 1600w\" sizes=\"(max-width: 680px) 100vw, 680px\" \/><\/p>\n<p>&nbsp;<\/p>\n<p><b>La marcha del Acampamento Terra Livre (ATL), que reuni\u00f3 a m\u00e1s de 7 mil ind\u00edgenas en Brasil, se realiz\u00f3 este a\u00f1o bajo el lema \u201cLa respuesta somos nosotros\u201d, \u00bfc\u00f3mo se demuestra esta afirmaci\u00f3n tan poderosa en los an\u00e1lisis cient\u00edficos de RAISG?<\/b><b><\/b><\/p>\n<p><span style=\"font-weight: 400;\">Los datos de RAISG demuestran que los 2 millones de ind\u00edgenas <\/span><span style=\"font-weight: 400;\">que viven en los pa\u00edses amaz\u00f3nicos son la respuesta para conservar la Amazon\u00eda, deb<\/span><span style=\"font-weight: 400;\">ido a sus formas de vida, relacionamiento y gobernanza con los bosques. Comparto aqu\u00ed dos aportes, pero hay muchos m\u00e1s:<\/span><\/p>\n<p><span style=\"font-weight: 400;\">La Amazon\u00eda tiene 6 millones de km2 de bosques muy bien conservados, llamados bosques estables, que guardan grandes cantidades de carbono y evitan que sea liberado hacia la atm\u00f3sfera, lo que agravar\u00eda el calentamiento global. De ese total, el 41% se ubica en territorio ind\u00edgena.\u00a0<\/span><\/p>\n<p><span style=\"font-weight: 400;\">Por otra parte, entre los a\u00f1os 1985 y 2023, perdimos m\u00e1s de 88 millones de hect\u00e1reas de bosques en los 9 pa\u00edses amaz\u00f3nicos. De ese universo, s\u00f3lo 1.5% de las p\u00e9rdidas ocurrieron en territorios ind\u00edgenas.\u00a0 <\/span><\/p>\n<p><span style=\"font-weight: 400;\">Estos datos confirman que los pueblos originarios y sus formas de vida frenaron el avance de actividades que destruyen los bosques, pero lamentablemente, al asumir su defensa, tambi\u00e9n pusieron en peligro sus vidas. Por ello, es importante garantizar su seguridad, pero no solo con su reconocimiento y titulaci\u00f3n, sino creando pol\u00edticas efectivas para frenar las actividades ilegales en sus tierras. Porque los ind\u00edgenas son la respuesta, pero necesitan las condiciones necesarias para permanecer y seguir resguardando el bosque.\u00a0<\/span><\/p>\n<p>&nbsp;<\/p>\n<p><b>Una de las causas del cambio clim\u00e1tico recae en nuestra mentalidad consumista, donde la naturaleza es una fuente de recursos al servicio del desarrollo econ\u00f3mico, \u00bfde qu\u00e9 manera se visibiliza esa realidad en los an\u00e1lisis geoespaciales de RAISG, y qu\u00e9 se espera en ese aspecto por parte de los l\u00edderes globales en esta COP30?<\/b><b><\/b><\/p>\n<p><span style=\"font-weight: 400;\">RAISG analiza los cambios que han sucedido en la Amazon\u00eda desde el a\u00f1o 1985. A\u00f1o a a\u00f1o, vemos que se pierden millones y millones de hect\u00e1reas de bosques y vegetaci\u00f3n, y en su lugar entran actividades econ\u00f3micas como la miner\u00eda, por ejemplo, para extraer metales que luego se convertir\u00e1n en celulares, autos, relojes. Entonces, tenemos un modelo que ve al bosque como un obst\u00e1culo para el desarrollo de los pa\u00edses. Sin embargo, estos bosques son los que garantizan la vida humana y no humana en el planeta.<\/span><\/p>\n<p><span style=\"font-weight: 400;\">En ese sentido, es un llamado a los l\u00edderes globales para repensar modelos de desarrollo sostenible, donde los bosques sean valiosos tambi\u00e9n cuando est\u00e1n en pie, y no solo cuando son derribados. Es importante que busquemos esos caminos, para reemplazar el modelo de extraer y extraer recursos, por uno donde la naturaleza sea lo que realmente vale de por s\u00ed. Un modelo donde el metal que se extrajo del bosque no sea valioso porque se transform\u00f3 en un celular, sino porque se qued\u00f3 en la naturaleza para preservar la vida. <\/span><\/p>\n<p>&nbsp;<\/p>\n<p><b>La vida de todos finalmente\u2026<\/b><\/p>\n<p><span style=\"font-weight: 400;\">S\u00ed, pero no todos lo entendemos igual. Existen pueblos que se ven conectados con la naturaleza, pero tambi\u00e9n vivimos en un modelo donde los recursos solo est\u00e1n ah\u00ed para ser extra\u00eddos, crear productos y consumir. Y ese pensamiento pasa por una falta de comprensi\u00f3n de que todos somos parte de un todo. Tenemos que tomar conciencia de que estamos interconectados con la naturaleza, y dependemos de ella, y por ende, debemos protegerla y preservarla.\u00a0<\/span><b><\/b><\/p>\n","protected":false},"excerpt":{"rendered":"<p>Una entrevista con Ang\u00e9lica Garc\u00eda, secretaria ejecutiva de la Red Amaz\u00f3nica de Informaci\u00f3n Socioambiental Georreferenciada (RAISG), a puertas de la V Cumbre de Presidentes Amaz\u00f3nicos y de\u00a0 la COP 30, que se realizar\u00e1n este a\u00f1o en Colombia y Brasil, respectivamente. &nbsp; &nbsp; Karen Espejo Periodista &nbsp; \u00bfQu\u00e9 oportunidades en el contexto de cambio clim\u00e1tico tendr\u00e1&hellip;<\/p>\n","protected":false},"author":296,"featured_media":48363,"comment_status":"closed","ping_status":"closed","sticky":false,"template":"","format":"standard","meta":{"_acf_changed":false,"footnotes":""},"categories":[625,2],"tags":[624],"class_list":["post-48351","post","type-post","status-publish","format-standard","has-post-thumbnail","hentry","category-noticias","category-radar","tag-cop30","category-625","category-2","description-off"],"acf":[],"_links":{"self":[{"href":"https:\/\/www.raisg.org\/pt-br\/wp-json\/wp\/v2\/posts\/48351","targetHints":{"allow":["GET"]}}],"collection":[{"href":"https:\/\/www.raisg.org\/pt-br\/wp-json\/wp\/v2\/posts"}],"about":[{"href":"https:\/\/www.raisg.org\/pt-br\/wp-json\/wp\/v2\/types\/post"}],"author":[{"embeddable":true,"href":"https:\/\/www.raisg.org\/pt-br\/wp-json\/wp\/v2\/users\/296"}],"replies":[{"embeddable":true,"href":"https:\/\/www.raisg.org\/pt-br\/wp-json\/wp\/v2\/comments?post=48351"}],"version-history":[{"count":5,"href":"https:\/\/www.raisg.org\/pt-br\/wp-json\/wp\/v2\/posts\/48351\/revisions"}],"predecessor-version":[{"id":48424,"href":"https:\/\/www.raisg.org\/pt-br\/wp-json\/wp\/v2\/posts\/48351\/revisions\/48424"}],"wp:featuredmedia":[{"embeddable":true,"href":"https:\/\/www.raisg.org\/pt-br\/wp-json\/wp\/v2\/media\/48363"}],"wp:attachment":[{"href":"https:\/\/www.raisg.org\/pt-br\/wp-json\/wp\/v2\/media?parent=48351"}],"wp:term":[{"taxonomy":"category","embeddable":true,"href":"https:\/\/www.raisg.org\/pt-br\/wp-json\/wp\/v2\/categories?post=48351"},{"taxonomy":"post_tag","embeddable":true,"href":"https:\/\/www.raisg.org\/pt-br\/wp-json\/wp\/v2\/tags?post=48351"}],"curies":[{"name":"wp","href":"https:\/\/api.w.org\/{rel}","templated":true}]}}